{"id":92564,"date":"2022-05-17T01:05:11","date_gmt":"2022-05-17T04:05:11","guid":{"rendered":"https:\/\/www.jornalja.com.br\/geral\/?p=92564"},"modified":"2022-05-17T13:17:18","modified_gmt":"2022-05-17T16:17:18","slug":"programa-de-recuperacao-fiscal-um-acordo-forcado","status":"publish","type":"post","link":"https:\/\/www.jornalja.com.br\/geral\/programa-de-recuperacao-fiscal-um-acordo-forcado\/","title":{"rendered":"Programa de Recupera\u00e7\u00e3o Fiscal: um beco sem sa\u00edda"},"content":{"rendered":"<p>O acordo do governo do Rio Grande do Sul com a Uni\u00e3o, intitulado\u00a0 Programa de Recupera\u00e7\u00e3o Fiscal, vai jogar para a frente, por 30 anos, uma d\u00edvida que o Estado n\u00e3o tem como pagar hoje e nada indica que ter\u00e1, l\u00e1 adiante.<\/p>\n<p>O Estado devia 9 bilh\u00f5es de reais quando renegociou sua d\u00edvida com a Uni\u00e3o, pela \u00faltima vez h\u00e1 25 anos. Pagou mais de 30 bilh\u00f5es e ainda deve mais de 60 bilh\u00f5es.<\/p>\n<p>Nas condi\u00e7\u00f5es em que est\u00e1 renegociando, estima-se que essa bola de neve vai chegar aos 90 bilh\u00f5es, apesar do imenso sacrif\u00edcio exigido, al\u00e9m do que j\u00e1 vem exigindo h\u00e1 mais de duas d\u00e9cadas.<\/p>\n<p>Para\u00a0 obter mais prazo do credor &#8211; o Governo Federal &#8211; o Estado ter\u00e1 que se submeter a um arrocho. sem precedentes no or\u00e7amento p\u00fablico.<\/p>\n<p>O teto de gastos, uma das exig\u00eancia do acordo, estrangula os servi\u00e7os p\u00fablicos por dez anos. O comprometimento da receita, para abater a d\u00edvida, jugula os investimentos.<\/p>\n<p>O dinheiro das privatiza\u00e7\u00f5es cai no sorvedouro do custeio. Ao vender empresas lucrativas como a Corsan e a Sulg\u00e1s, o governo abre m\u00e3o de receitas a longo pazo.<\/p>\n<p>Nesse futuro de pen\u00faria, a \u00fanica coisa que pode alterar a situa\u00e7\u00e3o \u00e9 um crescimento forte e continuado da receita, que depende de crescimento sustentado da economia regional.<\/p>\n<p>Os ide\u00f3logos do neoliberalismo acreditam que os investimentos privados vir\u00e3o e v\u00e3o fazer girar a roda, estagnada h\u00e1 quase uma d\u00e9cada.<\/p>\n<p>N\u00e3o h\u00e1 antecedente que d\u00ea cr\u00e9dito a essa hip\u00f3tese.<\/p>\n<p>O hist\u00f3rico mostra que h\u00e1 crescimento quando h\u00e1 um projeto e h\u00e1 investimento p\u00fablico. \u00a0E isso n\u00e3o h\u00e1 no horizonte. O que cresce no Estado \u00e9 o agroneg\u00f3cio, que n\u00e3o paga impostos e d\u00e1 pouco emprego.<\/p>\n<p>Ter desenvolvimento com \u201cEstado M\u00ednimo\u201d \u00e9 uma hip\u00f3tese, ou uma utopia, por enquanto, confinada aos manuais neoliberais.<\/p>\n<p>O governo e seus aliados dizem que n\u00e3o h\u00e1 outro caminho.<\/p>\n<p>Sim, esse foi o caminho constru\u00eddo ao longo de mais de duas d\u00e9cadas,\u00a0 Eduardo Leite apenas est\u00e1 dando o arremate.<\/p>\n<p>Desde a primeira renegocia\u00e7\u00e3o da d\u00edvida com a Uni\u00e3o, h\u00e1 25 anos, apenas dois governadores, Ol\u00edvio Dutra e Tarso Genro, contrariaram a l\u00f3gica de tratar o problema com \u00eanfase quase exclusiva no corte dos gastos p\u00fablicos.<\/p>\n<p>Entenderam que o d\u00e9ficit , fonte da calamidade financeira, decorre tamb\u00e9m da perda estrutural de receitas, com as desonera\u00e7\u00f5es, as mudan\u00e7as na matriz econ\u00f4mica do Estado e na perda de poder pol\u00edtico frente \u00e0 Uni\u00e3o.<\/p>\n<p>Ol\u00edvio Dutra\u00a0 enfrentou a quest\u00e3o da Lei Kandir, de interesse da Uni\u00e3o, que isentou a soja e outros produtos de exporta\u00e7\u00e3o. Obteve ressarcimento de pelo menos R$ 400 milh\u00f5es, em valores da \u00e9poca.<\/p>\n<p>Tarso questionou o indice que\u00a0 corrigia a d\u00edvida, o mais alto do mercado, e os\u00a0 juros banc\u00e1rios, num contrato entre dois entes federados.\u00a0 Provocou mudan\u00e7a no indexador e redu\u00e7\u00e3o do juro. Conseguiu redu\u00e7\u00e3o consider\u00e1vel do saldo.<\/p>\n<p>Os demais governadores, desde Antonio Britto,\u00a0 atacaram o desequil\u00edbrio estrutural das finan\u00e7as p\u00fablicas do Estado basicamente cortando custos e investimentos e vendendo empresas p\u00fablicas.<\/p>\n<p>Esse caminho se aprofundou quando o governador\u00a0 dvo Sartori, em 2017, n\u00e3o conseguiu mais pagar as parcelas mensais da d\u00edvida com a Uni\u00e3o.<\/p>\n<p>E se tornou um beco sem sa\u00edda em maio de 2022, quando a d\u00edvida vencida bate nos 16 bilh\u00f5es de reais.<\/p>\n<p>&nbsp;<\/p>\n<p>&nbsp;<\/p>\n<p>&nbsp;<\/p>\n<p>&nbsp;<\/p>\n<p>&nbsp;<\/p>\n<p>&nbsp;<\/p>\n","protected":false},"excerpt":{"rendered":"<p>O acordo do governo do Rio Grande do Sul com a Uni\u00e3o, intitulado\u00a0 Programa de Recupera\u00e7\u00e3o Fiscal, vai jogar para a frente, por 30 anos, uma d\u00edvida que o Estado n\u00e3o tem como pagar hoje e nada indica que ter\u00e1, l\u00e1 adiante. O Estado devia 9 bilh\u00f5es de reais quando renegociou sua d\u00edvida com a [&hellip;]<\/p>\n","protected":false},"author":4,"featured_media":92024,"comment_status":"open","ping_status":"open","sticky":false,"template":"","format":"standard","meta":{"jetpack_post_was_ever_published":false,"_jetpack_newsletter_access":"","_jetpack_dont_email_post_to_subs":false,"_jetpack_newsletter_tier_id":0,"_jetpack_memberships_contains_paywalled_content":false,"_jetpack_memberships_contains_paid_content":false,"footnotes":"","jetpack_publicize_message":"","jetpack_publicize_feature_enabled":true,"jetpack_social_post_already_shared":true,"jetpack_social_options":{"image_generator_settings":{"template":"highway","default_image_id":0,"font":"","enabled":false},"version":2}},"categories":[2],"tags":[87,372,256,138,7,32,257,10,236,33,488,479,14,15,16,149,95,20,509],"class_list":["post-92564","post","type-post","status-publish","format-standard","has-post-thumbnail","hentry","category-geral","tag-ari","tag-corsan","tag-desenvolvimento","tag-divida","tag-economia","tag-eduardo-leite","tag-emprego","tag-financas-publicas","tag-governo","tag-lei-kandir","tag-projeto","tag-red","tag-rio-grande-do-sul","tag-rs","tag-sartori","tag-sc","tag-sp","tag-sus","tag-uniao"],"aioseo_notices":[],"jetpack_publicize_connections":[],"jetpack_featured_media_url":"https:\/\/www.jornalja.com.br\/geral\/wp-content\/uploads\/sites\/4\/2022\/03\/eduardo-leite-diz-que-fica-no-psdb.jpg","jetpack_shortlink":"https:\/\/wp.me\/pbKhrD-o4Y","jetpack-related-posts":[{"id":91469,"url":"https:\/\/www.jornalja.com.br\/geral\/como-serao-os-nove-anos-sob-o-regime-de-recuperacao-fiscal-no-rio-grande-do-sul\/","url_meta":{"origin":92564,"position":0},"title":"Como ser\u00e3o os nove anos sob o Regime de Recupera\u00e7\u00e3o Fiscal no Rio Grande do Sul","author":"da Reda\u00e7\u00e3o","date":"29 de dezembro de 2021","format":false,"excerpt":"O Rio Grande do Sul encaminhou ao Tesouro Nacional seu pedido de ades\u00e3o ao Regime de Recupera\u00e7\u00e3o Fiscal (RRF). Se o pedido for aceito, o \u00faltimo ano de Eduardo Leite e os dois governos seguintes estar\u00e3o\u00a0 \"engessados\" por regras r\u00edgidas de corte de gastos e controle estreito das contas estaduais\u2026","rel":"","context":"Em &quot;Geral-MAT\u00c9RIA&quot;","block_context":{"text":"Geral-MAT\u00c9RIA","link":"https:\/\/www.jornalja.com.br\/geral\/category\/geral\/"},"img":{"alt_text":"","src":"https:\/\/i0.wp.com\/www.jornalja.com.br\/geral\/wp-content\/uploads\/sites\/4\/2021\/12\/regme-de-recuperacao.jpeg?resize=350%2C200&ssl=1","width":350,"height":200,"srcset":"https:\/\/i0.wp.com\/www.jornalja.com.br\/geral\/wp-content\/uploads\/sites\/4\/2021\/12\/regme-de-recuperacao.jpeg?resize=350%2C200&ssl=1 1x, https:\/\/i0.wp.com\/www.jornalja.com.br\/geral\/wp-content\/uploads\/sites\/4\/2021\/12\/regme-de-recuperacao.jpeg?resize=525%2C300&ssl=1 1.5x, https:\/\/i0.wp.com\/www.jornalja.com.br\/geral\/wp-content\/uploads\/sites\/4\/2021\/12\/regme-de-recuperacao.jpeg?resize=700%2C400&ssl=1 2x"},"classes":[]},{"id":75194,"url":"https:\/\/www.jornalja.com.br\/geral\/eduardo-leite-esta-autorizado-a-privatizar-estatais-de-energia\/","url_meta":{"origin":92564,"position":1},"title":"Eduardo Leite est\u00e1 autorizado a privatizar estatais de energia","author":"Elmar Bones","date":"3 de julho de 2019","format":false,"excerpt":"Sete horas bastaram para que o parlamento quebrasse um tabu, aprovando por esmagadora maioria os tr\u00eas projetos que autorizam a privatiza\u00e7\u00e3o da CEEE, da CRM e Sulg\u00e1s, tres empresas do setor de energia de propriedade do Estado do Rio Grande do Sul. A venda das empresas \u00e9 uma das exig\u00eancias\u2026","rel":"","context":"Em &quot;Geral-MAT\u00c9RIA&quot;","block_context":{"text":"Geral-MAT\u00c9RIA","link":"https:\/\/www.jornalja.com.br\/geral\/category\/geral\/"},"img":{"alt_text":"","src":"","width":0,"height":0},"classes":[]},{"id":72305,"url":"https:\/\/www.jornalja.com.br\/geral\/regime-de-recuperacao-fiscal-empurra-com-a-barriga-a-crise-financeira-dos-estados\/","url_meta":{"origin":92564,"position":2},"title":"Regime de Recupera\u00e7\u00e3o Fiscal &quot;empurra com a barriga&quot; a crise financeira dos Estados","author":"Elmar Bones","date":"19 de janeiro de 2019","format":false,"excerpt":"J\u00e1 s\u00e3o seis os Estados que decretaram \"calamidade financeira\", assumindo oficialmente que n\u00e3o tem condi\u00e7\u00f5es de pagar suas contas. Podem chegar a 16 ainda este ano. O pior \u00e9 que o rem\u00e9dio \u00e0 vista, o Regime de Recupera\u00e7\u00e3o Fiscal, pelo qual a Uni\u00e3o renegocia a d\u00edvida dos Estados, representa apenas\u2026","rel":"","context":"Em &quot;Geral-MAT\u00c9RIA&quot;","block_context":{"text":"Geral-MAT\u00c9RIA","link":"https:\/\/www.jornalja.com.br\/geral\/category\/geral\/"},"img":{"alt_text":"","src":"","width":0,"height":0},"classes":[]},{"id":97373,"url":"https:\/\/www.jornalja.com.br\/geral\/o-rio-grande-nao-se-recupera-se-tiver-que-pagar-a-divida\/","url_meta":{"origin":92564,"position":3},"title":"Rio Grande do Sul: a reconstru\u00e7\u00e3o e a d\u00edvida &#8220;que j\u00e1 foi paga\u201d","author":"Elmar Bones","date":"30 de maio de 2024","format":false,"excerpt":"O projeto de lei que, desde 15 de maio, suspendeu por tr\u00eas anos o pagamento da d\u00edvida do Rio Grande do Sul com a Uni\u00e3o\u00a0 \"\u00e9 um crime contra os ga\u00fachos\", segundo o advogado Hermes Zaneti. \"Em tr\u00eas anos o problema estar\u00e1 de volta, agravado porque as receitas tendem a\u2026","rel":"","context":"Em &quot;Geral-MAT\u00c9RIA&quot;","block_context":{"text":"Geral-MAT\u00c9RIA","link":"https:\/\/www.jornalja.com.br\/geral\/category\/geral\/"},"img":{"alt_text":"","src":"https:\/\/i0.wp.com\/www.jornalja.com.br\/geral\/wp-content\/uploads\/sites\/4\/2024\/05\/hermes-zaneti.jpg?resize=350%2C200&ssl=1","width":350,"height":200,"srcset":"https:\/\/i0.wp.com\/www.jornalja.com.br\/geral\/wp-content\/uploads\/sites\/4\/2024\/05\/hermes-zaneti.jpg?resize=350%2C200&ssl=1 1x, https:\/\/i0.wp.com\/www.jornalja.com.br\/geral\/wp-content\/uploads\/sites\/4\/2024\/05\/hermes-zaneti.jpg?resize=525%2C300&ssl=1 1.5x"},"classes":[]},{"id":92620,"url":"https:\/\/www.jornalja.com.br\/geral\/orcamento-congelado-por-dez-anos-aprovacao-antecipa-debate-eleitoral-no-rio-grande-do-sul\/","url_meta":{"origin":92564,"position":4},"title":"Or\u00e7amento congelado por dez anos: aprova\u00e7\u00e3o antecipa campanha eleitoral no Rio Grande do Sul","author":"Elmar Bones","date":"18 de maio de 2022","format":false,"excerpt":"Por 32 votos a 13 votos, a Assembleia do Rio Grande do Sul aprovou nesta ter\u00e7a, 17, o Projeto de Lei Complementar 48,\u00a0 que o governo ga\u00facho apresentou em regime de urg\u00eancia para atender \u00e0 \u00faltima exig\u00eancia do Programa de Recupera\u00e7\u00e3o Fiscal e renegociar a d\u00edvida do Estado com a\u2026","rel":"","context":"Em &quot;Geral-MAT\u00c9RIA&quot;","block_context":{"text":"Geral-MAT\u00c9RIA","link":"https:\/\/www.jornalja.com.br\/geral\/category\/geral\/"},"img":{"alt_text":"","src":"https:\/\/i0.wp.com\/www.jornalja.com.br\/geral\/wp-content\/uploads\/sites\/4\/2022\/05\/assembeia-aprova-teto-para-investimentos-scaled.jpg?resize=350%2C200&ssl=1","width":350,"height":200,"srcset":"https:\/\/i0.wp.com\/www.jornalja.com.br\/geral\/wp-content\/uploads\/sites\/4\/2022\/05\/assembeia-aprova-teto-para-investimentos-scaled.jpg?resize=350%2C200&ssl=1 1x, https:\/\/i0.wp.com\/www.jornalja.com.br\/geral\/wp-content\/uploads\/sites\/4\/2022\/05\/assembeia-aprova-teto-para-investimentos-scaled.jpg?resize=525%2C300&ssl=1 1.5x, https:\/\/i0.wp.com\/www.jornalja.com.br\/geral\/wp-content\/uploads\/sites\/4\/2022\/05\/assembeia-aprova-teto-para-investimentos-scaled.jpg?resize=700%2C400&ssl=1 2x, https:\/\/i0.wp.com\/www.jornalja.com.br\/geral\/wp-content\/uploads\/sites\/4\/2022\/05\/assembeia-aprova-teto-para-investimentos-scaled.jpg?resize=1050%2C600&ssl=1 3x, https:\/\/i0.wp.com\/www.jornalja.com.br\/geral\/wp-content\/uploads\/sites\/4\/2022\/05\/assembeia-aprova-teto-para-investimentos-scaled.jpg?resize=1400%2C800&ssl=1 4x"},"classes":[]},{"id":97314,"url":"https:\/\/www.jornalja.com.br\/geral\/acorda-rio-grande-5\/","url_meta":{"origin":92564,"position":5},"title":"Acorda Rio Grande (5)","author":"Elmar Bones","date":"15 de maio de 2024","format":false,"excerpt":"Tratadas como \"boas not\u00edcias\", neste cen\u00e1rio de guerra do Rio Grande Sul p\u00f3s-enchente, duas medidas anunciadas nesta ter\u00e7a-feira, 15 de maio, indicam a vis\u00e3o de curto prazo, de quem toma provid\u00eancias paliativas. A longo prazo, ambas s\u00e3o \"m\u00e1s not\u00edcias\" para o Rio Grande do Sul. A primeira, anunciada pelo governador\u2026","rel":"","context":"Em &quot;Geral-MAT\u00c9RIA&quot;","block_context":{"text":"Geral-MAT\u00c9RIA","link":"https:\/\/www.jornalja.com.br\/geral\/category\/geral\/"},"img":{"alt_text":"","src":"https:\/\/i0.wp.com\/www.jornalja.com.br\/geral\/wp-content\/uploads\/sites\/4\/2024\/05\/enchentes-rs-2024-lira-leite-lula-e-pacheco-foto-secom.png?resize=350%2C200&ssl=1","width":350,"height":200,"srcset":"https:\/\/i0.wp.com\/www.jornalja.com.br\/geral\/wp-content\/uploads\/sites\/4\/2024\/05\/enchentes-rs-2024-lira-leite-lula-e-pacheco-foto-secom.png?resize=350%2C200&ssl=1 1x, https:\/\/i0.wp.com\/www.jornalja.com.br\/geral\/wp-content\/uploads\/sites\/4\/2024\/05\/enchentes-rs-2024-lira-leite-lula-e-pacheco-foto-secom.png?resize=525%2C300&ssl=1 1.5x"},"classes":[]}],"jetpack_sharing_enabled":true,"_links":{"self":[{"href":"https:\/\/www.jornalja.com.br\/geral\/wp-json\/wp\/v2\/posts\/92564","targetHints":{"allow":["GET"]}}],"collection":[{"href":"https:\/\/www.jornalja.com.br\/geral\/wp-json\/wp\/v2\/posts"}],"about":[{"href":"https:\/\/www.jornalja.com.br\/geral\/wp-json\/wp\/v2\/types\/post"}],"author":[{"embeddable":true,"href":"https:\/\/www.jornalja.com.br\/geral\/wp-json\/wp\/v2\/users\/4"}],"replies":[{"embeddable":true,"href":"https:\/\/www.jornalja.com.br\/geral\/wp-json\/wp\/v2\/comments?post=92564"}],"version-history":[{"count":5,"href":"https:\/\/www.jornalja.com.br\/geral\/wp-json\/wp\/v2\/posts\/92564\/revisions"}],"predecessor-version":[{"id":92616,"href":"https:\/\/www.jornalja.com.br\/geral\/wp-json\/wp\/v2\/posts\/92564\/revisions\/92616"}],"wp:featuredmedia":[{"embeddable":true,"href":"https:\/\/www.jornalja.com.br\/geral\/wp-json\/wp\/v2\/media\/92024"}],"wp:attachment":[{"href":"https:\/\/www.jornalja.com.br\/geral\/wp-json\/wp\/v2\/media?parent=92564"}],"wp:term":[{"taxonomy":"category","embeddable":true,"href":"https:\/\/www.jornalja.com.br\/geral\/wp-json\/wp\/v2\/categories?post=92564"},{"taxonomy":"post_tag","embeddable":true,"href":"https:\/\/www.jornalja.com.br\/geral\/wp-json\/wp\/v2\/tags?post=92564"}],"curies":[{"name":"wp","href":"https:\/\/api.w.org\/{rel}","templated":true}]}}