{"id":92629,"date":"2022-05-20T18:20:49","date_gmt":"2022-05-20T21:20:49","guid":{"rendered":"https:\/\/www.jornalja.com.br\/geral\/?p=92629"},"modified":"2022-05-20T18:20:49","modified_gmt":"2022-05-20T21:20:49","slug":"enterro-da-ex-primeira-dama-judite-dutra-sera-as-11h-deste-sabado","status":"publish","type":"post","link":"https:\/\/www.jornalja.com.br\/geral\/enterro-da-ex-primeira-dama-judite-dutra-sera-as-11h-deste-sabado\/","title":{"rendered":"Enterro da ex-primeira dama Judite Dutra ser\u00e1 \u00e0s 11h deste s\u00e1bado"},"content":{"rendered":"<p>Est\u00e1 marcado para as 11 horas deste s\u00e1bado, 21, o enterro de dona Judite Dutra, esposa do ex-governador Ol\u00edvio Dutra.<\/p>\n<p>Ela morreu por volta das 6h de sexta-feira, na UTI do Instituto de Cardiologia, onde estava internada h\u00e1 10 dias, em decorr\u00eancia de complica\u00e7\u00f5es relacionadas a diabetes. Tinha 78 anos<\/p>\n<p>Professora aposentada, Judite nasceu em Rolador, na Regi\u00e3o Noroeste do Rio Grande do Sul, mas morou, desde a inf\u00e2ncia, em S\u00e3o Luiz Gonzaga, nas Miss\u00f5es.<\/p>\n<p>O sindicato dos professores do ensino p\u00fablico, CPERS, ao qual Judite era filiada desde 1971, destacou o papel da professora \u201caguerrida defensora da educa\u00e7\u00e3o\u201d. \u201cTeve importante participa\u00e7\u00e3o nas lutas da categoria. Deixar\u00e1 saudades em todas e todos que, assim como ela, acreditam em um mundo mais justo e igualit\u00e1rio\u201d, diz a postagem no Facebook da entidade.<\/p>\n<p>Primeira dama na prefeitura de Porto Alegre ( 1989 e 1993)\u00a0 e no governo do Estado de 1999 a 2003, estava sempre ao lado de Ol\u00edvio Dutra, sempre discreta e atenciosa.<\/p>\n<p>&nbsp;<\/p>\n","protected":false},"excerpt":{"rendered":"<p>Est\u00e1 marcado para as 11 horas deste s\u00e1bado, 21, o enterro de dona Judite Dutra, esposa do ex-governador Ol\u00edvio Dutra. Ela morreu por volta das 6h de sexta-feira, na UTI do Instituto de Cardiologia, onde estava internada h\u00e1 10 dias, em decorr\u00eancia de complica\u00e7\u00f5es relacionadas a diabetes. Tinha 78 anos Professora aposentada, Judite nasceu em [&hellip;]<\/p>\n","protected":false},"author":4,"featured_media":92630,"comment_status":"open","ping_status":"open","sticky":false,"template":"","format":"standard","meta":{"jetpack_post_was_ever_published":false,"_jetpack_newsletter_access":"","_jetpack_dont_email_post_to_subs":false,"_jetpack_newsletter_tier_id":0,"_jetpack_memberships_contains_paywalled_content":false,"_jetpack_memberships_contains_paid_content":false,"footnotes":"","jetpack_publicize_message":"","jetpack_publicize_feature_enabled":true,"jetpack_social_post_already_shared":true,"jetpack_social_options":{"image_generator_settings":{"template":"highway","default_image_id":0,"font":"","enabled":false},"version":2}},"categories":[2],"tags":[67,45,83,311,191,236,283,252,132,300,267,69,479,14,15,149,95],"class_list":["post-92629","post","type-post","status-publish","format-standard","has-post-thumbnail","hentry","category-geral","tag-cpers","tag-educacao","tag-ensino","tag-ensino-publico","tag-facebook","tag-governo","tag-governo-do-estado","tag-moro","tag-porto-alegre","tag-prefeitura","tag-prefeitura-de-porto-alegre","tag-professores","tag-red","tag-rio-grande-do-sul","tag-rs","tag-sc","tag-sp"],"aioseo_notices":[],"jetpack_publicize_connections":[],"jetpack_featured_media_url":"https:\/\/www.jornalja.com.br\/geral\/wp-content\/uploads\/sites\/4\/2022\/05\/judite-dutra-morre-aos-87-anos-2.jpg","jetpack_shortlink":"https:\/\/wp.me\/pbKhrD-o61","jetpack-related-posts":[{"id":101078,"url":"https:\/\/www.jornalja.com.br\/geral\/como-foi-costurado-o-acordo-que-fez-o-pt-apoiar-juliana-brizola\/","url_meta":{"origin":92629,"position":0},"title":"Como foi costurado o acordo que fez o PT apoiar Juliana Brizola","author":"da Reda\u00e7\u00e3o","date":"17 de abril de 2026","format":false,"excerpt":"O PDT foi o partido que mais perdeu representantes na \u201cjanela partid\u00e1ria\u201d que fechou em 3 de abril. Tinha tr\u00eas senadores, ficou com dois. Tinha 17 deputados federais, caiu para 11. Perdeu tamb\u00e9m 9 dos 43 deputados estaduais que elegeu em 2022. No \u00e2mbito municipal, o PDT tem prefeitos em\u2026","rel":"","context":"Em &quot;Geral-MAT\u00c9RIA&quot;","block_context":{"text":"Geral-MAT\u00c9RIA","link":"https:\/\/www.jornalja.com.br\/geral\/category\/geral\/"},"img":{"alt_text":"","src":"https:\/\/www.jornalja.com.br\/geral\/wp-content\/uploads\/sites\/4\/2026\/04\/pdt-lupi-juliana-e-lula.avif","width":350,"height":200,"srcset":"https:\/\/www.jornalja.com.br\/geral\/wp-content\/uploads\/sites\/4\/2026\/04\/pdt-lupi-juliana-e-lula.avif 1x, https:\/\/www.jornalja.com.br\/geral\/wp-content\/uploads\/sites\/4\/2026\/04\/pdt-lupi-juliana-e-lula.avif 1.5x, https:\/\/www.jornalja.com.br\/geral\/wp-content\/uploads\/sites\/4\/2026\/04\/pdt-lupi-juliana-e-lula.avif 2x"},"classes":[]},{"id":100981,"url":"https:\/\/www.jornalja.com.br\/geral\/carta-de-porto-alegre-propoe-frente-global-em-defesa-da-democracia\/","url_meta":{"origin":92629,"position":1},"title":"&#8220;Carta de Porto Alegre&#8221; prop\u00f5e frente global em defesa da democracia","author":"da Reda\u00e7\u00e3o","date":"31 de mar\u00e7o de 2026","format":false,"excerpt":"Na quinta-feira, Ol\u00edvio Dutra foi o primeiro a falar. Disse que a luta contra o fascismo \u00e9, essencialmente, uma luta contra governos que n\u00e3o colocam a vida humana como prioridade central das pol\u00edticas p\u00fablicas. \u201cA democracia deve ser social e participativa, e n\u00e3o um instrumento controlado por minorias ou pelo\u2026","rel":"","context":"Em &quot;Geral-MAT\u00c9RIA&quot;","block_context":{"text":"Geral-MAT\u00c9RIA","link":"https:\/\/www.jornalja.com.br\/geral\/category\/geral\/"},"img":{"alt_text":"","src":"https:\/\/i0.wp.com\/www.jornalja.com.br\/geral\/wp-content\/uploads\/sites\/4\/2026\/03\/systemuploadsnews36af8a82acdf9331cdd-700x460xfit-0aec1.jpg?resize=350%2C200&ssl=1","width":350,"height":200,"srcset":"https:\/\/i0.wp.com\/www.jornalja.com.br\/geral\/wp-content\/uploads\/sites\/4\/2026\/03\/systemuploadsnews36af8a82acdf9331cdd-700x460xfit-0aec1.jpg?resize=350%2C200&ssl=1 1x, https:\/\/i0.wp.com\/www.jornalja.com.br\/geral\/wp-content\/uploads\/sites\/4\/2026\/03\/systemuploadsnews36af8a82acdf9331cdd-700x460xfit-0aec1.jpg?resize=525%2C300&ssl=1 1.5x, https:\/\/i0.wp.com\/www.jornalja.com.br\/geral\/wp-content\/uploads\/sites\/4\/2026\/03\/systemuploadsnews36af8a82acdf9331cdd-700x460xfit-0aec1.jpg?resize=700%2C400&ssl=1 2x"},"classes":[]},{"id":76801,"url":"https:\/\/www.jornalja.com.br\/geral\/falta-de-funcionarios-de-escola-gera-sobrecarga-de-trabalho-acumulo-de-funcoes-e-adoecimento\/","url_meta":{"origin":92629,"position":2},"title":"Falta de funcion\u00e1rios em escola: sobrecarga de trabalho, ac\u00famulo de fun\u00e7\u00f5es e adoecimento","author":"Carlos Matsubara","date":"28 de agosto de 2019","format":false,"excerpt":"\u201cMe sinto muito cansada, j\u00e1 teve dias em que chorei de dor. Mas n\u00e3o tenho como deixar de ajudar meus colegas a atender as crian\u00e7as\u201d, conta Neila Winck, funcion\u00e1ria da escola Vera Cruz, situada no bairro Gl\u00f3ria, em Porto Alegre. Al\u00e9m do trabalho de limpeza da institui\u00e7\u00e3o, ela auxilia na\u2026","rel":"","context":"Em &quot;Geral-MAT\u00c9RIA&quot;","block_context":{"text":"Geral-MAT\u00c9RIA","link":"https:\/\/www.jornalja.com.br\/geral\/category\/geral\/"},"img":{"alt_text":"","src":"https:\/\/i0.wp.com\/www.jornalja.com.br\/wp-content\/uploads\/2019\/08\/WhatsApp-Image-2019-08-26-at-16.40.57-450x278.jpeg?resize=350%2C200&ssl=1","width":350,"height":200},"classes":[]},{"id":77335,"url":"https:\/\/www.jornalja.com.br\/geral\/brasil-paga-segundo-pior-salario-para-professores-entre-41-paises-pesquisados-pela-ocde\/","url_meta":{"origin":92629,"position":3},"title":"Brasil paga segundo pior sal\u00e1rio para professores entre 41 pa\u00edses pesquisados pela OCDE","author":"Carlos Matsubara","date":"12 de setembro de 2019","format":false,"excerpt":"Na \u00faltima ter\u00e7a-feira (10), a Organiza\u00e7\u00e3o para Coopera\u00e7\u00e3o e Desenvolvimento Econ\u00f4mico (OCDE) divulgou a publica\u00e7\u00e3o Education at a Glance (EaG) 2019, que re\u00fane informa\u00e7\u00f5es estat\u00edsticas educacionais de mais de 40 pa\u00edses, dentre eles o Brasil. O estudo \u00e9 apresentado anualmente e objetiva oferecer uma vis\u00e3o geral dos sistemas educacionais dos\u2026","rel":"","context":"Em &quot;Geral-MAT\u00c9RIA&quot;","block_context":{"text":"Geral-MAT\u00c9RIA","link":"https:\/\/www.jornalja.com.br\/geral\/category\/geral\/"},"img":{"alt_text":"","src":"https:\/\/i0.wp.com\/www.jornalja.com.br\/wp-content\/uploads\/2019\/09\/Gr%C3%A1fico-Sal%C3%A1rio-anual-dos-professores-da-rede-p%C3%BAblica-dos-anos-finais-do-ensino-fundamental-em-diferentes-pontos-da-carreira-2018-450x230.jpg?resize=350%2C200&ssl=1","width":350,"height":200},"classes":[]},{"id":88884,"url":"https:\/\/www.jornalja.com.br\/geral\/professores-fazem-vigilia-em-frente-ao-piratini-por-reposicao-salarial\/","url_meta":{"origin":92629,"position":4},"title":"Professores fazem vig\u00edlia em frente ao Piratini por reposi\u00e7\u00e3o salarial","author":"Felipe Uhr","date":"20 de julho de 2021","format":false,"excerpt":"Representantes do Cpers e professores estaduais\u00a0 de quatro coordenadorias regionais de educa\u00e7\u00e3o, est\u00e3o desde as 9h da manh\u00e3\u00a0 em frente ao Pal\u00e1cio Piratini. Eles pedem reposi\u00e7\u00e3o salarial de 44,18%. \"N\u00e3o temos um aumento de sal\u00e1rio h\u00e1 quase sete anos. Muitos professores est\u00e3o passando dificuldades financeiras\", alegou a presidente da categoria,\u2026","rel":"","context":"Em &quot;Geral-MAT\u00c9RIA&quot;","block_context":{"text":"Geral-MAT\u00c9RIA","link":"https:\/\/www.jornalja.com.br\/geral\/category\/geral\/"},"img":{"alt_text":"","src":"https:\/\/i0.wp.com\/www.jornalja.com.br\/geral\/wp-content\/uploads\/sites\/4\/2021\/07\/whatsapp-image-2021-07-20-at-111555.jpeg?resize=350%2C200&ssl=1","width":350,"height":200,"srcset":"https:\/\/i0.wp.com\/www.jornalja.com.br\/geral\/wp-content\/uploads\/sites\/4\/2021\/07\/whatsapp-image-2021-07-20-at-111555.jpeg?resize=350%2C200&ssl=1 1x, https:\/\/i0.wp.com\/www.jornalja.com.br\/geral\/wp-content\/uploads\/sites\/4\/2021\/07\/whatsapp-image-2021-07-20-at-111555.jpeg?resize=525%2C300&ssl=1 1.5x, https:\/\/i0.wp.com\/www.jornalja.com.br\/geral\/wp-content\/uploads\/sites\/4\/2021\/07\/whatsapp-image-2021-07-20-at-111555.jpeg?resize=700%2C400&ssl=1 2x, https:\/\/i0.wp.com\/www.jornalja.com.br\/geral\/wp-content\/uploads\/sites\/4\/2021\/07\/whatsapp-image-2021-07-20-at-111555.jpeg?resize=1050%2C600&ssl=1 3x, https:\/\/i0.wp.com\/www.jornalja.com.br\/geral\/wp-content\/uploads\/sites\/4\/2021\/07\/whatsapp-image-2021-07-20-at-111555.jpeg?resize=1400%2C800&ssl=1 4x"},"classes":[]},{"id":79435,"url":"https:\/\/www.jornalja.com.br\/geral\/em-audiencia-publica-pais-alunos-e-professores-denunciam-precariedade-nas-escolas\/","url_meta":{"origin":92629,"position":5},"title":"Em audi\u00eancia p\u00fablica, pais, alunos e professores denunciam precariedade nas escolas","author":"Elmar Bones","date":"26 de novembro de 2019","format":false,"excerpt":"Emo\u00e7\u00e3o e indigna\u00e7\u00e3o marcaram os relatos feitos por educadores, pais, m\u00e3es e estudantes que participaram da reuni\u00e3o da Comiss\u00e3o de Educa\u00e7\u00e3o da Assembleia Legislativa, na manh\u00e3 desta ter\u00e7a-feira (26). Foram expostas as dificuldades enfrentadas no cotidiano das escolas como o fechamento de turnos, a extrema precariedade na estrutura f\u00edsica das\u2026","rel":"","context":"Em &quot;Geral-MAT\u00c9RIA&quot;","block_context":{"text":"Geral-MAT\u00c9RIA","link":"https:\/\/www.jornalja.com.br\/geral\/category\/geral\/"},"img":{"alt_text":"","src":"","width":0,"height":0},"classes":[]}],"jetpack_sharing_enabled":true,"_links":{"self":[{"href":"https:\/\/www.jornalja.com.br\/geral\/wp-json\/wp\/v2\/posts\/92629","targetHints":{"allow":["GET"]}}],"collection":[{"href":"https:\/\/www.jornalja.com.br\/geral\/wp-json\/wp\/v2\/posts"}],"about":[{"href":"https:\/\/www.jornalja.com.br\/geral\/wp-json\/wp\/v2\/types\/post"}],"author":[{"embeddable":true,"href":"https:\/\/www.jornalja.com.br\/geral\/wp-json\/wp\/v2\/users\/4"}],"replies":[{"embeddable":true,"href":"https:\/\/www.jornalja.com.br\/geral\/wp-json\/wp\/v2\/comments?post=92629"}],"version-history":[{"count":1,"href":"https:\/\/www.jornalja.com.br\/geral\/wp-json\/wp\/v2\/posts\/92629\/revisions"}],"predecessor-version":[{"id":92631,"href":"https:\/\/www.jornalja.com.br\/geral\/wp-json\/wp\/v2\/posts\/92629\/revisions\/92631"}],"wp:featuredmedia":[{"embeddable":true,"href":"https:\/\/www.jornalja.com.br\/geral\/wp-json\/wp\/v2\/media\/92630"}],"wp:attachment":[{"href":"https:\/\/www.jornalja.com.br\/geral\/wp-json\/wp\/v2\/media?parent=92629"}],"wp:term":[{"taxonomy":"category","embeddable":true,"href":"https:\/\/www.jornalja.com.br\/geral\/wp-json\/wp\/v2\/categories?post=92629"},{"taxonomy":"post_tag","embeddable":true,"href":"https:\/\/www.jornalja.com.br\/geral\/wp-json\/wp\/v2\/tags?post=92629"}],"curies":[{"name":"wp","href":"https:\/\/api.w.org\/{rel}","templated":true}]}}