{"id":92636,"date":"2022-05-22T17:39:18","date_gmt":"2022-05-22T20:39:18","guid":{"rendered":"https:\/\/www.jornalja.com.br\/geral\/?p=92636"},"modified":"2022-05-22T17:39:18","modified_gmt":"2022-05-22T20:39:18","slug":"queda-na-arrecadacao-de-impostos-no-rs-chega-a-6-na-comparacao-de-abril","status":"publish","type":"post","link":"https:\/\/www.jornalja.com.br\/geral\/queda-na-arrecadacao-de-impostos-no-rs-chega-a-6-na-comparacao-de-abril\/","title":{"rendered":"Queda na arrecada\u00e7\u00e3o de impostos no RS chega a 6% na compara\u00e7\u00e3o de abril"},"content":{"rendered":"<p>A arrecada\u00e7\u00e3o de impostos estaduais no Rio Grande do Sul alcan\u00e7ou R$ 4,9 bilh\u00f5es no m\u00eas de abril. Representou uma queda de\u00a0 6,1% em rela\u00e7\u00e3o a abril do ano passado.<\/p>\n<p>A principal raz\u00e3o da queda, segundo a Receita Estadual, \u00e9 a redu\u00e7\u00e3o da al\u00edquota geral do ICMS, de 17,5% para 17%, e das al\u00edquotas sobre combust\u00edveis, energia el\u00e9trica e comunica\u00e7\u00f5es, de 30% para 25% \u2013 mudan\u00e7as em vigor desde o in\u00edcio de 2022.<\/p>\n<p>As estimativas da Fazenda eram de perdas de 8% no ICMS\u00a0 em abril, por conta da redu\u00e7\u00e3o das al\u00edquotas. Foi menos que isso: os R$ 3,99 bilh\u00f5es arrecadados representam uma queda de 7,7% em rela\u00e7\u00e3o ao valor de abril do ano passado.<\/p>\n<p>Foi menor tamb\u00e9m a arrecada\u00e7\u00e3o de IPVA por conta das antecipa\u00e7\u00f5es incentivadas, com parcelamento em at\u00e9 seis meses, para quem antecipasse o pagamento para dezembro de 2021.<\/p>\n<p>Com isso, o IPVA somou R$ 753,48 milh\u00f5es arrecadados no m\u00eas, o que significa uma redu\u00e7\u00e3o real de 9,3% na compara\u00e7\u00e3o com 2021.<\/p>\n<p>A m\u00e9dia de 6,1% na queda geral da arrecada\u00e7\u00e3o foi garantida pelo\u00a0 ITCD, (Imposto sobre Transmiss\u00e3o Causa Mortis e Doa\u00e7\u00e3o de Quaisquer Bens e Direitos). que mais do que duplicou sua arrecada\u00e7\u00e3o em abril.\u00a0 Ao todo, foram R$ 167,70 milh\u00f5es recolhidos, consistindo em uma varia\u00e7\u00e3o positiva na ordem de 118,1% frente ao mesmo per\u00edodo do ano passado, em n\u00fameros atualizados pelo IPCA.<\/p>\n<p><strong>Arrecada\u00e7\u00e3o acumulada em 2022<\/strong><\/p>\n<p>Com o resultado de abril, a arrecada\u00e7\u00e3o acumulada dos impostos estaduais em 2022 registra queda\u00a0 frente a 2021, em n\u00fameros reais, ou seja, descontada a infla\u00e7\u00e3o do per\u00edodo.<\/p>\n<p>Nos quatro primeiros meses deste ano, foram arrecadados R$ 17,70 bilh\u00f5es, indicando uma redu\u00e7\u00e3o de 2,9% (R$ 525 milh\u00f5es) na compara\u00e7\u00e3o com o ano passado.<\/p>\n<p>Sem as antecipa\u00e7\u00f5es de IPVA,\u00a0 a queda real no somat\u00f3rio de todos os impostos estaduais nos primeiros quatro meses, seria de apenas 0,1%.<\/p>\n<p>Considerando que houve redu\u00e7\u00e3o das al\u00edquotas, o resultado \u00e9 considerado positivo pelo fisco ga\u00facho, refletindo a retomada da atividade econ\u00f4mica ap\u00f3s o per\u00edodo de maior impacto da crise da covid-19.<\/p>\n<p>(<strong>Com informa\u00e7\u00f5es da Assessoria de Imprensa)<\/strong><\/p>\n","protected":false},"excerpt":{"rendered":"<p>A arrecada\u00e7\u00e3o de impostos estaduais no Rio Grande do Sul alcan\u00e7ou R$ 4,9 bilh\u00f5es no m\u00eas de abril. Representou uma queda de\u00a0 6,1% em rela\u00e7\u00e3o a abril do ano passado. A principal raz\u00e3o da queda, segundo a Receita Estadual, \u00e9 a redu\u00e7\u00e3o da al\u00edquota geral do ICMS, de 17,5% para 17%, e das al\u00edquotas sobre [&hellip;]<\/p>\n","protected":false},"author":4,"featured_media":92637,"comment_status":"open","ping_status":"open","sticky":false,"template":"","format":"standard","meta":{"jetpack_post_was_ever_published":false,"_jetpack_newsletter_access":"","_jetpack_dont_email_post_to_subs":false,"_jetpack_newsletter_tier_id":0,"_jetpack_memberships_contains_paywalled_content":false,"_jetpack_memberships_contains_paid_content":false,"footnotes":"","jetpack_publicize_message":"","jetpack_publicize_feature_enabled":true,"jetpack_social_post_already_shared":true,"jetpack_social_options":{"image_generator_settings":{"template":"highway","default_image_id":0,"font":"","enabled":false},"version":2}},"categories":[2],"tags":[87,494,462,91,212,51,495,4,460,479,14,15,149],"class_list":["post-92636","post","type-post","status-publish","format-standard","has-post-thumbnail","hentry","category-geral","tag-ari","tag-combustiveis","tag-covid","tag-covid-19","tag-energia","tag-fazenda","tag-icm","tag-imprensa","tag-ovid","tag-red","tag-rio-grande-do-sul","tag-rs","tag-sc"],"aioseo_notices":[],"jetpack_publicize_connections":[],"jetpack_featured_media_url":"https:\/\/www.jornalja.com.br\/geral\/wp-content\/uploads\/sites\/4\/2022\/05\/recuperacao-fiscal-arrecadacao-de-impostos-cai.png","jetpack_shortlink":"https:\/\/wp.me\/pbKhrD-o68","jetpack-related-posts":[{"id":84677,"url":"https:\/\/www.jornalja.com.br\/geral\/reforma-tributaria-eduardo-leite-tenta-tirar-r-3-bilhoes-de-uma-cartola\/","url_meta":{"origin":92636,"position":0},"title":"Reforma Tribut\u00e1ria: Eduardo Leite tenta tirar R$ 3 bilh\u00f5es de uma cartola","author":"Elmar Bones","date":"15 de julho de 2020","format":false,"excerpt":"O governador do Rio Grande do Sul, Eduardo Leite, come\u00e7ou a apresentar o seu projeto de Reforma Tribut\u00e1ria. O governo promete \"reduzir al\u00edquotas\", o que pressup\u00f5e uma m\u00e1gica, porque seu objetivo principal com a reforma \u00e9 cobrir os R$ 3 bilh\u00f5es que deixar\u00e3o de entrar nos cofres do Estado por\u2026","rel":"","context":"Em &quot;Geral-MAT\u00c9RIA&quot;","block_context":{"text":"Geral-MAT\u00c9RIA","link":"https:\/\/www.jornalja.com.br\/geral\/category\/geral\/"},"img":{"alt_text":"","src":"https:\/\/i0.wp.com\/www.jornalja.com.br\/geral\/wp-content\/uploads\/sites\/4\/2020\/07\/reforma-tributaria-de-leite-1.jpg?resize=350%2C200&ssl=1","width":350,"height":200,"srcset":"https:\/\/i0.wp.com\/www.jornalja.com.br\/geral\/wp-content\/uploads\/sites\/4\/2020\/07\/reforma-tributaria-de-leite-1.jpg?resize=350%2C200&ssl=1 1x, https:\/\/i0.wp.com\/www.jornalja.com.br\/geral\/wp-content\/uploads\/sites\/4\/2020\/07\/reforma-tributaria-de-leite-1.jpg?resize=525%2C300&ssl=1 1.5x, https:\/\/i0.wp.com\/www.jornalja.com.br\/geral\/wp-content\/uploads\/sites\/4\/2020\/07\/reforma-tributaria-de-leite-1.jpg?resize=700%2C400&ssl=1 2x"},"classes":[]},{"id":89984,"url":"https:\/\/www.jornalja.com.br\/geral\/eduardo-leite-entrega-orcamento-para-2022-com-reducao-no-icms\/","url_meta":{"origin":92636,"position":1},"title":"Eduardo Leite apresenta or\u00e7amento de 2022 com ICMS reduzido","author":"Felipe Uhr","date":"14 de setembro de 2021","format":false,"excerpt":"O governador Eduardo Leite deu uma resposta indireta ao presidente Bolsonaro e \u00e0 Petrobras que culpam o ICMS dos Estados pelo alto pre\u00e7o da gasolina, No projeto de or\u00e7amento para 2022 que entregou \u00e0\u00a0 Assembleia nesta ter\u00e7a-feira 14\/09,\u00a0 Leite abre m\u00e3o das al\u00edquotas majoradas que teriam vig\u00eancia at\u00e9 o fim\u2026","rel":"","context":"Em &quot;Geral-MAT\u00c9RIA&quot;","block_context":{"text":"Geral-MAT\u00c9RIA","link":"https:\/\/www.jornalja.com.br\/geral\/category\/geral\/"},"img":{"alt_text":"","src":"https:\/\/i0.wp.com\/www.jornalja.com.br\/geral\/wp-content\/uploads\/sites\/4\/2021\/09\/14123019-1997440-gd.jpg?resize=350%2C200&ssl=1","width":350,"height":200,"srcset":"https:\/\/i0.wp.com\/www.jornalja.com.br\/geral\/wp-content\/uploads\/sites\/4\/2021\/09\/14123019-1997440-gd.jpg?resize=350%2C200&ssl=1 1x, https:\/\/i0.wp.com\/www.jornalja.com.br\/geral\/wp-content\/uploads\/sites\/4\/2021\/09\/14123019-1997440-gd.jpg?resize=525%2C300&ssl=1 1.5x, https:\/\/i0.wp.com\/www.jornalja.com.br\/geral\/wp-content\/uploads\/sites\/4\/2021\/09\/14123019-1997440-gd.jpg?resize=700%2C400&ssl=1 2x"},"classes":[]},{"id":85656,"url":"https:\/\/www.jornalja.com.br\/geral\/estudo-inedito-comprova-que-incentivos-fiscais-falharam-e-devem-ser-revistos\/","url_meta":{"origin":92636,"position":2},"title":"Estudo in\u00e9dito comprova que incentivos fiscais &#8220;falharam e devem ser revistos&#8221;","author":"da Reda\u00e7\u00e3o","date":"15 de setembro de 2020","format":false,"excerpt":"Uma equipe de especialistas* coordenada pelo economista S\u00e9rgio Wulff Gobetti, do Instituto de Pesquisa Econ\u00f4mica Aplicada, trabalhou um ano num estudo in\u00e9dito sobre as isen\u00e7\u00f5es de impostos como forma de atrair investimentos - pol\u00edtica largamente utilizada nas \u00faltimas d\u00e9cadas na maioria dos Estados. Os resultados est\u00e3o publicados no relat\u00f3rio \u201cBenef\u00edcios\u2026","rel":"","context":"Em &quot;Geral-MAT\u00c9RIA&quot;","block_context":{"text":"Geral-MAT\u00c9RIA","link":"https:\/\/www.jornalja.com.br\/geral\/category\/geral\/"},"img":{"alt_text":"","src":"https:\/\/i0.wp.com\/www.jornalja.com.br\/geral\/wp-content\/uploads\/sites\/4\/2020\/09\/sefaz.jpeg?resize=350%2C200&ssl=1","width":350,"height":200,"srcset":"https:\/\/i0.wp.com\/www.jornalja.com.br\/geral\/wp-content\/uploads\/sites\/4\/2020\/09\/sefaz.jpeg?resize=350%2C200&ssl=1 1x, https:\/\/i0.wp.com\/www.jornalja.com.br\/geral\/wp-content\/uploads\/sites\/4\/2020\/09\/sefaz.jpeg?resize=525%2C300&ssl=1 1.5x, https:\/\/i0.wp.com\/www.jornalja.com.br\/geral\/wp-content\/uploads\/sites\/4\/2020\/09\/sefaz.jpeg?resize=700%2C400&ssl=1 2x, https:\/\/i0.wp.com\/www.jornalja.com.br\/geral\/wp-content\/uploads\/sites\/4\/2020\/09\/sefaz.jpeg?resize=1050%2C600&ssl=1 3x"},"classes":[]},{"id":86932,"url":"https:\/\/www.jornalja.com.br\/geral\/assembleia-gaucha-aprova-manutencao-do-icms-majorado-por-mais-um-ano\/","url_meta":{"origin":92636,"position":3},"title":"Assembleia ga\u00facha aprova manuten\u00e7\u00e3o do ICMS majorado por mais um ano","author":"da Reda\u00e7\u00e3o","date":"22 de dezembro de 2020","format":false,"excerpt":"Com um acordo entre o governador Eduardo Leite e a bancada do PT, maior partido de oposi\u00e7\u00e3o, o governo ga\u00facho conseguiu aprovar o projeto que trata da reforma tribut\u00e1ria, incluindo a manuten\u00e7\u00e3o do ICMS majorado de 30% sobre combust\u00edveis, energia e comunica\u00e7\u00f5es at\u00e9 2021. O resultado, 29 votos a favor\u2026","rel":"","context":"Em &quot;Geral-MAT\u00c9RIA&quot;","block_context":{"text":"Geral-MAT\u00c9RIA","link":"https:\/\/www.jornalja.com.br\/geral\/category\/geral\/"},"img":{"alt_text":"","src":"https:\/\/i0.wp.com\/www.jornalja.com.br\/geral\/wp-content\/uploads\/sites\/4\/2020\/12\/22181251-1920290-gdo.jpg?resize=350%2C200&ssl=1","width":350,"height":200,"srcset":"https:\/\/i0.wp.com\/www.jornalja.com.br\/geral\/wp-content\/uploads\/sites\/4\/2020\/12\/22181251-1920290-gdo.jpg?resize=350%2C200&ssl=1 1x, https:\/\/i0.wp.com\/www.jornalja.com.br\/geral\/wp-content\/uploads\/sites\/4\/2020\/12\/22181251-1920290-gdo.jpg?resize=525%2C300&ssl=1 1.5x, https:\/\/i0.wp.com\/www.jornalja.com.br\/geral\/wp-content\/uploads\/sites\/4\/2020\/12\/22181251-1920290-gdo.jpg?resize=700%2C400&ssl=1 2x"},"classes":[]},{"id":85762,"url":"https:\/\/www.jornalja.com.br\/geral\/sem-apoio-leite-volta-atras-e-retira-de-tramitacao-projetos-da-reforma-tributaria\/","url_meta":{"origin":92636,"position":4},"title":"Sem apoio, Leite volta atr\u00e1s e retira de tramita\u00e7\u00e3o projetos da Reforma Tribut\u00e1ria","author":"da Reda\u00e7\u00e3o","date":"22 de setembro de 2020","format":false,"excerpt":"O governo do Rio Grande do Sul, nesta ter\u00e7a-feira (22\/9), pediu a retirada da tramita\u00e7\u00e3o na Assembleia Legislativa dos tr\u00eas projetos que fazem parte da Reforma Tribut\u00e1ria ga\u00facha. Ap\u00f3s reuni\u00e3o com a equipe, o governador Eduardo Leite formalizou o pedido em of\u00edcio entregue ao l\u00edder do governo, deputado Frederico Antunes,\u2026","rel":"","context":"Em &quot;Geral-MAT\u00c9RIA&quot;","block_context":{"text":"Geral-MAT\u00c9RIA","link":"https:\/\/www.jornalja.com.br\/geral\/category\/geral\/"},"img":{"alt_text":"","src":"https:\/\/i0.wp.com\/www.jornalja.com.br\/geral\/wp-content\/uploads\/sites\/4\/2020\/09\/c531c4fd0766181bae741ee1b7f1ce66.jpg?resize=350%2C200&ssl=1","width":350,"height":200,"srcset":"https:\/\/i0.wp.com\/www.jornalja.com.br\/geral\/wp-content\/uploads\/sites\/4\/2020\/09\/c531c4fd0766181bae741ee1b7f1ce66.jpg?resize=350%2C200&ssl=1 1x, https:\/\/i0.wp.com\/www.jornalja.com.br\/geral\/wp-content\/uploads\/sites\/4\/2020\/09\/c531c4fd0766181bae741ee1b7f1ce66.jpg?resize=525%2C300&ssl=1 1.5x, https:\/\/i0.wp.com\/www.jornalja.com.br\/geral\/wp-content\/uploads\/sites\/4\/2020\/09\/c531c4fd0766181bae741ee1b7f1ce66.jpg?resize=700%2C400&ssl=1 2x, https:\/\/i0.wp.com\/www.jornalja.com.br\/geral\/wp-content\/uploads\/sites\/4\/2020\/09\/c531c4fd0766181bae741ee1b7f1ce66.jpg?resize=1050%2C600&ssl=1 3x, https:\/\/i0.wp.com\/www.jornalja.com.br\/geral\/wp-content\/uploads\/sites\/4\/2020\/09\/c531c4fd0766181bae741ee1b7f1ce66.jpg?resize=1400%2C800&ssl=1 4x"},"classes":[]},{"id":100343,"url":"https:\/\/www.jornalja.com.br\/geral\/estudo-aponta-perdas-de-r-38-bilhoes-por-ano-com-efeitos-colaterais-das-bets\/","url_meta":{"origin":92636,"position":5},"title":"Estudo aponta perdas de R$ 38 bilh\u00f5es por ano com efeitos colaterais das bets","author":"da Reda\u00e7\u00e3o","date":"2 de dezembro de 2025","format":false,"excerpt":"Jogos de azar e apostas\u00a0online, popularizadas pelas chamadas\u00a0bets, provocam perdas econ\u00f4micas e sociais ao pa\u00eds estimadas em R$ 38,8 bilh\u00f5es anualmente. Esse valor \u00e9 o somat\u00f3rio de danos \u00e0 sociedade, como suic\u00eddios, desemprego, gastos com sa\u00fade e afastamento do trabalho. O c\u00e1lculo \u00e9 do estudo in\u00e9dito\u00a0A sa\u00fade dos brasileiros em\u2026","rel":"","context":"Em &quot;Geral-MAT\u00c9RIA&quot;","block_context":{"text":"Geral-MAT\u00c9RIA","link":"https:\/\/www.jornalja.com.br\/geral\/category\/geral\/"},"img":{"alt_text":"","src":"https:\/\/i0.wp.com\/www.jornalja.com.br\/geral\/wp-content\/uploads\/sites\/4\/2025\/12\/bets-efeitos-colaterais.png?resize=350%2C200&ssl=1","width":350,"height":200,"srcset":"https:\/\/i0.wp.com\/www.jornalja.com.br\/geral\/wp-content\/uploads\/sites\/4\/2025\/12\/bets-efeitos-colaterais.png?resize=350%2C200&ssl=1 1x, https:\/\/i0.wp.com\/www.jornalja.com.br\/geral\/wp-content\/uploads\/sites\/4\/2025\/12\/bets-efeitos-colaterais.png?resize=525%2C300&ssl=1 1.5x"},"classes":[]}],"jetpack_sharing_enabled":true,"_links":{"self":[{"href":"https:\/\/www.jornalja.com.br\/geral\/wp-json\/wp\/v2\/posts\/92636","targetHints":{"allow":["GET"]}}],"collection":[{"href":"https:\/\/www.jornalja.com.br\/geral\/wp-json\/wp\/v2\/posts"}],"about":[{"href":"https:\/\/www.jornalja.com.br\/geral\/wp-json\/wp\/v2\/types\/post"}],"author":[{"embeddable":true,"href":"https:\/\/www.jornalja.com.br\/geral\/wp-json\/wp\/v2\/users\/4"}],"replies":[{"embeddable":true,"href":"https:\/\/www.jornalja.com.br\/geral\/wp-json\/wp\/v2\/comments?post=92636"}],"version-history":[{"count":1,"href":"https:\/\/www.jornalja.com.br\/geral\/wp-json\/wp\/v2\/posts\/92636\/revisions"}],"predecessor-version":[{"id":92638,"href":"https:\/\/www.jornalja.com.br\/geral\/wp-json\/wp\/v2\/posts\/92636\/revisions\/92638"}],"wp:featuredmedia":[{"embeddable":true,"href":"https:\/\/www.jornalja.com.br\/geral\/wp-json\/wp\/v2\/media\/92637"}],"wp:attachment":[{"href":"https:\/\/www.jornalja.com.br\/geral\/wp-json\/wp\/v2\/media?parent=92636"}],"wp:term":[{"taxonomy":"category","embeddable":true,"href":"https:\/\/www.jornalja.com.br\/geral\/wp-json\/wp\/v2\/categories?post=92636"},{"taxonomy":"post_tag","embeddable":true,"href":"https:\/\/www.jornalja.com.br\/geral\/wp-json\/wp\/v2\/tags?post=92636"}],"curies":[{"name":"wp","href":"https:\/\/api.w.org\/{rel}","templated":true}]}}