{"id":92667,"date":"2022-05-25T15:20:38","date_gmt":"2022-05-25T18:20:38","guid":{"rendered":"https:\/\/www.jornalja.com.br\/geral\/?p=92667"},"modified":"2022-05-26T23:44:40","modified_gmt":"2022-05-27T02:44:40","slug":"sesi-vai-investir-de-r-300-milhoes-em-educacao-de-nivel-medio-no-rs","status":"publish","type":"post","link":"https:\/\/www.jornalja.com.br\/geral\/sesi-vai-investir-de-r-300-milhoes-em-educacao-de-nivel-medio-no-rs\/","title":{"rendered":"SESI vai investir de R$ 300 milh\u00f5es em educa\u00e7\u00e3o de n\u00edvel m\u00e9dio no RS"},"content":{"rendered":"<p><em>Programa &#8220;A Ind\u00fastria pela Educa\u00e7\u00e3o&#8221; prev\u00ea constru\u00e7\u00e3o de seis novas escolas de Ensino M\u00e9dio, a amplia\u00e7\u00e3o do contraturno tecnol\u00f3gico e a implanta\u00e7\u00e3o de um Instituto de Forma\u00e7\u00e3o de Professores. <\/em><\/p>\n<p>A Federa\u00e7\u00e3o das Ind\u00fastrias do Estado do Rio Grande do Sul (FIERGS), por meio do Servi\u00e7o Social da Ind\u00fastria (Sesi-RS), anunciou, nesta quarta-feira (25), Dia da Ind\u00fastria, um investimento de R$ 300 milh\u00f5es na educa\u00e7\u00e3o ga\u00facha. Trata-se do Programa &#8220;A Ind\u00fastria Pela Educa\u00e7\u00e3o&#8221;, que<br \/>\ncontempla a maior aplica\u00e7\u00e3o na \u00e1rea educacional feita pelo Sesi-RS em seus 75 anos de hist\u00f3ria no Estado, com recursos origin\u00e1rios das contribui\u00e7\u00f5es das ind\u00fastrias.<br \/>\nO aporte permitir\u00e1 a constru\u00e7\u00e3o de seis escolas de Ensino M\u00e9dio em tempo integral nos munic\u00edpios de Bento Gon\u00e7alves, Canoas, Caxias do Sul, Novo Hamburgo,<br \/>\nLajeado e Santa Cruz do Sul, al\u00e9m da amplia\u00e7\u00e3o da estrutura j\u00e1 existente em Pelotas. Quando em funcionamento, as unidades dever\u00e3o gerar 2,4 mil novas vagas para estudantes e 300 empregos diretos.<\/p>\n<p>O investimento ainda contempla a cria\u00e7\u00e3o de um Instituto de Forma\u00e7\u00e3o de Professores, em Porto Alegre, dedicado \u00e0 capacita\u00e7\u00e3o e \u00e0 qualifica\u00e7\u00e3o de educadores<br \/>\nde escolas p\u00fablicas e privadas, principalmente por meio de parcerias com os munic\u00edpios ga\u00fachos.<\/p>\n<p>Al\u00e9m de qualifica\u00e7\u00e3o docente, o espa\u00e7o (que ser\u00e1 instalado em um pr\u00e9dio da Travessa Leonardo Truda, no Centro da Capital) far\u00e1 pesquisas e estudos de dados educacionais do Estado, produzindo an\u00e1lises qualitativas que permitam construir solu\u00e7\u00f5es personalizadas para os professores.<\/p>\n<p>\u201cAs na\u00e7\u00f5es hoje desenvolvidas j\u00e1 mostraram que a ind\u00fastria e a educa\u00e7\u00e3o formam a base para uma<br \/>\nsociedade pr\u00f3spera\u201d, destaca o presidente da FIERGS, Gilberto Porcello Petry.<br \/>\nTamb\u00e9m est\u00e3o previstas a reformula\u00e7\u00e3o e a amplia\u00e7\u00e3o do contraturno tecnol\u00f3gico com \u00eanfase em pensamento computacional. A iniciativa atende a crian\u00e7as de seis a<br \/>\n15 anos, no turno inverso \u00e0 escola. Com a amplia\u00e7\u00e3o, ser\u00e3o abertas mil novas vagas, beneficiando um total de 5 mil alunos.<\/p>\n<p>A aplica\u00e7\u00e3o dos R$ 300 milh\u00f5es deve come\u00e7ar ainda em 2022, com o lan\u00e7amento do Instituto de Forma\u00e7\u00e3o de Professores, e ser conclu\u00edda no primeiro semestre de 2027. A previs\u00e3o \u00e9 de que as primeiras escolas a serem constru\u00eddas entrem em opera\u00e7\u00e3o em 2025.<\/p>\n<p>O p\u00fablico-alvo s\u00e3o filhos de trabalhadores da ind\u00fastria,<br \/>\nque poder\u00e3o receber bolsas integrais e parciais, e da comunidade em geral.<br \/>\n<strong>Sesi-RS j\u00e1 investe no Ensino M\u00e9dio<\/strong><\/p>\n<p>A primeira escola de Ensino M\u00e9dio do Sesi-RS come\u00e7ou a operar em 2014, em Pelotas. Hoje s\u00e3o mais quatro unidades: Sapucaia do Sul, Gravata\u00ed, Montenegro e<br \/>\nS\u00e3o Leopoldo.<\/p>\n<p>A decis\u00e3o de concentrar investimentos no Ensino M\u00e9dio, por meio de um modelo diferenciado de educa\u00e7\u00e3o, surgiu a partir da constata\u00e7\u00e3o de que era preciso mudar a forma de ensinar, j\u00e1 que a escola tradicional n\u00e3o est\u00e1 conseguindo formar jovens preparados para os desafios da sociedade no s\u00e9culo 21, bem como para as mudan\u00e7as no mundo do trabalho.<\/p>\n<p>Com \u00edndices de evas\u00e3o e de reprova\u00e7\u00e3o perto de zero e com resultados de destaque no Exame Nacional do Ensino M\u00e9dio (Enem), as Escolas do Sesi-RS j\u00e1 receberam mais de cem premia\u00e7\u00f5es em eventos cient\u00edficos no Brasil e no Exterior, al\u00e9m do reconhecimento do Minist\u00e9rio da Educa\u00e7\u00e3o como uma das institui\u00e7\u00f5es mais inovadoras do Pa\u00eds.<\/p>\n<p>As seis novas escolas seguir\u00e3o a proposta pedag\u00f3gica que j\u00e1 tornou o Sesi-RS refer\u00eancia em educa\u00e7\u00e3o, na qual o aprendizado se d\u00e1 por meio da pesquisa, as tecnologias de inova\u00e7\u00e3o estimulam a criatividade e a solu\u00e7\u00e3o de problemas, as turmas s\u00e3o divididas em grupos para incentivar o trabalho colaborativo e os professores atuam como mentores, em apoio aos estudantes na busca de respostas para cada desafio.<\/p>\n<p>Com esse novo investimento, a ind\u00fastria ga\u00facha ainda colabora com a educa\u00e7\u00e3o ao agir em favor da Meta 6 do Plano Estadual e do Plano Nacional de Educa\u00e7\u00e3o, que destacam a import\u00e2ncia da oferta de escolas em tempo integral no n\u00edvel m\u00e9dio. Atualmente, a rede estadual ga\u00facha conta com 17 escolas de Ensino M\u00e9dio com jornada em tempo integral. Com a expans\u00e3o anunciada, o Sesi-RS ter\u00e1 11. \u201cEste investimento consolida o papel do Sesi-RS como refer\u00eancia em Ensino M\u00e9dio. Os estudantes estar\u00e3o preparados n\u00e3o apenas para o mundo do trabalho<br \/>\ncomo, tamb\u00e9m, para uma sociedade cada vez mais digital\u201d, avalia o superintendente do Sesi-RS, Juliano Colombo.<br \/>\n<strong>Forma\u00e7\u00e3o de professores<\/strong><\/p>\n<p>Desde 2018, o Sesi-RS realiza trabalhos de forma\u00e7\u00e3o para professores, por meio de parcerias como as firmadas com prefeituras, Secretaria Estadual de Educa\u00e7\u00e3o (Seduc-RS) e Coordena\u00e7\u00e3o de Aperfei\u00e7oamento de Pessoal de N\u00edvel<br \/>\nSuperior (Capes), ligada ao Minist\u00e9rio da Educa\u00e7\u00e3o, no sentido de compartilhar com os educadores experi\u00eancias inovadoras que estimulam a aprendizagem. Agora, a institui\u00e7\u00e3o investir\u00e1 na cria\u00e7\u00e3o de um espa\u00e7o voltado para essa forma\u00e7\u00e3o. A meta \u00e9 preparar os professores das redes p\u00fablica e privada para desafios da pr\u00e1tica em sala de aula, com respeito \u00e0s culturas juvenis e emprego eficiente de recursos tecnol\u00f3gicos e pedag\u00f3gicos, resultando em aprendizagens significativas e de qualidade. O Instituto de Forma\u00e7\u00e3o de Professores do Sesi-RS trabalhar\u00e1 com uma abordagem que considera maior articula\u00e7\u00e3o entre a teoria e o contexto mais personalizado do trabalho do professor. Tamb\u00e9m ser\u00e3o exploradas abordagens did\u00e1ticas e metodol\u00f3gicas comprovadas e eficazes, que dialoguem com as necessidades cotidianas.<\/p>\n<p><strong>N\u00fameros da educa\u00e7\u00e3o do Sesi-RS<\/strong><\/p>\n<p>O Sesi-RS conta hoje com mais de 14 mil alunos, matriculados em estruturas educacionais oferecidas em 33 munic\u00edpios. As atividades envolvem Ensino M\u00e9dio, Educa\u00e7\u00e3o de Jovens e Adultos (EJA), Contraturno Escolar, Forma\u00e7\u00e3o de Professores, Educa\u00e7\u00e3o Infantil e Educa\u00e7\u00e3o Continuada. Os servi\u00e7os variam de acordo com a necessidade de cada munic\u00edpio ou regi\u00e3o.<\/p>\n","protected":false},"excerpt":{"rendered":"<p>Programa &#8220;A Ind\u00fastria pela Educa\u00e7\u00e3o&#8221; prev\u00ea constru\u00e7\u00e3o de seis novas escolas de Ensino M\u00e9dio, a amplia\u00e7\u00e3o do contraturno tecnol\u00f3gico e a implanta\u00e7\u00e3o de um Instituto de Forma\u00e7\u00e3o de Professores. A Federa\u00e7\u00e3o das Ind\u00fastrias do Estado do Rio Grande do Sul (FIERGS), por meio do Servi\u00e7o Social da Ind\u00fastria (Sesi-RS), anunciou, nesta quarta-feira (25), Dia da [&hellip;]<\/p>\n","protected":false},"author":4,"featured_media":92668,"comment_status":"open","ping_status":"open","sticky":false,"template":"","format":"standard","meta":{"jetpack_post_was_ever_published":false,"_jetpack_newsletter_access":"","_jetpack_dont_email_post_to_subs":false,"_jetpack_newsletter_tier_id":0,"_jetpack_memberships_contains_paywalled_content":false,"_jetpack_memberships_contains_paid_content":false,"footnotes":"","jetpack_publicize_message":"","jetpack_publicize_feature_enabled":true,"jetpack_social_post_already_shared":true,"jetpack_social_options":{"image_generator_settings":{"template":"highway","default_image_id":0,"font":"","enabled":false},"version":2}},"categories":[2],"tags":[87,238,86,45,257,46,83,298,324,263,132,300,69,479,14,15,149,95,530],"class_list":["post-92667","post","type-post","status-publish","format-standard","has-post-thumbnail","hentry","category-geral","tag-ari","tag-brasil","tag-cultura","tag-educacao","tag-emprego","tag-enem","tag-ensino","tag-escolas","tag-estudantes","tag-pelotas","tag-porto-alegre","tag-prefeitura","tag-professores","tag-red","tag-rio-grande-do-sul","tag-rs","tag-sc","tag-sp","tag-stu"],"aioseo_notices":[],"jetpack_publicize_connections":[],"jetpack_featured_media_url":"https:\/\/www.jornalja.com.br\/geral\/wp-content\/uploads\/sites\/4\/2022\/05\/fiergs-sesi.jpg","jetpack_shortlink":"https:\/\/wp.me\/pbKhrD-o6D","jetpack-related-posts":[{"id":100627,"url":"https:\/\/www.jornalja.com.br\/geral\/fiergs-preve-expansao-do-pib-e-do-emprego-com-acordo-mercosul-uniao-europeia\/","url_meta":{"origin":92667,"position":0},"title":"Fiergs prev\u00ea expans\u00e3o do PIB e do emprego com acordo Mercosul-Uni\u00e3o Europeia","author":"da Reda\u00e7\u00e3o","date":"19 de janeiro de 2026","format":false,"excerpt":"Presidente Claudio Bier aposta no aumento no fluxo de com\u00e9rcio entre as duas regi\u00f5es; entidade estima alta de 4,6% do PIB ga\u00facho em 15 anos e gera\u00e7\u00e3o de 31 mil empregos. O acordo entre Mercosul e Uni\u00e3o Europeia, assinado neste s\u00e1bado (17), no Paraguai, \u00e9 \"um avan\u00e7o importante\", segundo a\u2026","rel":"","context":"Em &quot;Geral-MAT\u00c9RIA&quot;","block_context":{"text":"Geral-MAT\u00c9RIA","link":"https:\/\/www.jornalja.com.br\/geral\/category\/geral\/"},"img":{"alt_text":"","src":"https:\/\/i0.wp.com\/www.jornalja.com.br\/geral\/wp-content\/uploads\/sites\/4\/2026\/01\/fiergs.jpg?resize=350%2C200&ssl=1","width":350,"height":200,"srcset":"https:\/\/i0.wp.com\/www.jornalja.com.br\/geral\/wp-content\/uploads\/sites\/4\/2026\/01\/fiergs.jpg?resize=350%2C200&ssl=1 1x, https:\/\/i0.wp.com\/www.jornalja.com.br\/geral\/wp-content\/uploads\/sites\/4\/2026\/01\/fiergs.jpg?resize=525%2C300&ssl=1 1.5x, https:\/\/i0.wp.com\/www.jornalja.com.br\/geral\/wp-content\/uploads\/sites\/4\/2026\/01\/fiergs.jpg?resize=700%2C400&ssl=1 2x"},"classes":[]},{"id":101159,"url":"https:\/\/www.jornalja.com.br\/geral\/governo-federal-libera-recursos-para-construcao-de-28-unidades-de-saude-no-rs\/","url_meta":{"origin":92667,"position":1},"title":"Governo Federal libera recursos para constru\u00e7\u00e3o de 28 unidades de sa\u00fade no RS","author":"da Reda\u00e7\u00e3o","date":"24 de abril de 2026","format":false,"excerpt":"Nesta sexta feira (24), \u00e0s 14h, o Governo Federal realiza a emiss\u00e3o de ordem de servi\u00e7o para in\u00edcio da constru\u00e7\u00e3o de 28 unidades de sa\u00fade no Rio Grande do Sul, sendo quatro Centros de Aten\u00e7\u00e3o Psicossocial (CAPS) e 24 Unidades B\u00e1sicas de Sa\u00fade (UBS). A iniciativa marca a maior libera\u00e7\u00e3o\u2026","rel":"","context":"Em &quot;Geral-NOTAS&quot;","block_context":{"text":"Geral-NOTAS","link":"https:\/\/www.jornalja.com.br\/geral\/category\/geral-notas\/"},"img":{"alt_text":"","src":"","width":0,"height":0},"classes":[]},{"id":93944,"url":"https:\/\/www.jornalja.com.br\/geral\/pesquisa-da-fiergs-revela-que-falta-de-profissionais-qualificados-afeta-644-das-industrias-gauchas\/","url_meta":{"origin":92667,"position":2},"title":"Pesquisa da FIERGS: falta de profissionais qualificados afeta mais de 60% das ind\u00fastrias ga\u00fachas","author":"da Reda\u00e7\u00e3o","date":"2 de outubro de 2022","format":false,"excerpt":"Quase dois ter\u00e7os das ind\u00fastrias ga\u00fachas passam por dificuldades para contratar trabalhadores por falta de profissionais qualificados no mercado. Quem mais sofre \u00e9 \u00e1rea de produ\u00e7\u00e3o, na qual 99% enfrentam problemas na busca por t\u00e9cnicos e, 98,1%, por operadores. As conclus\u00f5es s\u00e3o da Sondagem Industrial Especial do RS de julho\u2026","rel":"","context":"Em &quot;Geral-MAT\u00c9RIA&quot;","block_context":{"text":"Geral-MAT\u00c9RIA","link":"https:\/\/www.jornalja.com.br\/geral\/category\/geral\/"},"img":{"alt_text":"","src":"https:\/\/i0.wp.com\/www.jornalja.com.br\/geral\/wp-content\/uploads\/sites\/4\/2022\/10\/industria.jpg?resize=350%2C200&ssl=1","width":350,"height":200,"srcset":"https:\/\/i0.wp.com\/www.jornalja.com.br\/geral\/wp-content\/uploads\/sites\/4\/2022\/10\/industria.jpg?resize=350%2C200&ssl=1 1x, https:\/\/i0.wp.com\/www.jornalja.com.br\/geral\/wp-content\/uploads\/sites\/4\/2022\/10\/industria.jpg?resize=525%2C300&ssl=1 1.5x"},"classes":[]},{"id":99412,"url":"https:\/\/www.jornalja.com.br\/geral\/fiergs-faz-convenio-com-o-exercito-para-enfrentar-a-falta-de-mao-de-obra-na-industria\/","url_meta":{"origin":92667,"position":3},"title":"Fiergs faz conv\u00eanio com o Ex\u00e9rcito para enfrentar a falta de m\u00e3o de obra na ind\u00fastria","author":"da Reda\u00e7\u00e3o","date":"2 de agosto de 2025","format":false,"excerpt":"Um conv\u00eanio entre o Sistema Fiergs e o Comando Militar do Sul\u00a0 vai proporcionar cursos t\u00e9cnicos e vagas no mercado de trabalho a jovens que cumprem o servi\u00e7o militar obrigat\u00f3rio. O Programa + Soldado Cidad\u00e3o, tem como meta matricular 10 mil jovens at\u00e9 2027 e\u00a0 foi lan\u00e7ado nesta quinta-feira (31),\u2026","rel":"","context":"Em &quot;Geral-MAT\u00c9RIA&quot;","block_context":{"text":"Geral-MAT\u00c9RIA","link":"https:\/\/www.jornalja.com.br\/geral\/category\/geral\/"},"img":{"alt_text":"","src":"https:\/\/i0.wp.com\/www.jornalja.com.br\/geral\/wp-content\/uploads\/sites\/4\/2025\/08\/fiergs-exercito-assinatura-scaled.jpg?resize=350%2C200&ssl=1","width":350,"height":200,"srcset":"https:\/\/i0.wp.com\/www.jornalja.com.br\/geral\/wp-content\/uploads\/sites\/4\/2025\/08\/fiergs-exercito-assinatura-scaled.jpg?resize=350%2C200&ssl=1 1x, https:\/\/i0.wp.com\/www.jornalja.com.br\/geral\/wp-content\/uploads\/sites\/4\/2025\/08\/fiergs-exercito-assinatura-scaled.jpg?resize=525%2C300&ssl=1 1.5x, https:\/\/i0.wp.com\/www.jornalja.com.br\/geral\/wp-content\/uploads\/sites\/4\/2025\/08\/fiergs-exercito-assinatura-scaled.jpg?resize=700%2C400&ssl=1 2x, https:\/\/i0.wp.com\/www.jornalja.com.br\/geral\/wp-content\/uploads\/sites\/4\/2025\/08\/fiergs-exercito-assinatura-scaled.jpg?resize=1050%2C600&ssl=1 3x, https:\/\/i0.wp.com\/www.jornalja.com.br\/geral\/wp-content\/uploads\/sites\/4\/2025\/08\/fiergs-exercito-assinatura-scaled.jpg?resize=1400%2C800&ssl=1 4x"},"classes":[]},{"id":84390,"url":"https:\/\/www.jornalja.com.br\/geral\/ceitec-sera-liquidado-em-120-dias-e-um-completo-descalabro-diz-cientista\/","url_meta":{"origin":92667,"position":4},"title":"Ceitec ser\u00e1 liquidado em 120 dias: &#8220;\u00c9 um completo descalabro&#8221;, diz cientista","author":"da Reda\u00e7\u00e3o","date":"30 de junho de 2020","format":false,"excerpt":"O\u00a0 Centro Nacional de Tecnologia Eletr\u00f4nica Avan\u00e7ada (Ceitec), constru\u00eddo em Porto Alegre em 2008, ser\u00e1 liquidado no m\u00e1ximo em 120 dias. A informa\u00e7\u00e3o \u00e9 do secret\u00e1rio do Programa de Parcerias e Investimentos, o ga\u00facho Wesley Cardia. Segundo Cardia, o estudo do governo para decidir o destino da estatal durou dez\u2026","rel":"","context":"Em &quot;Geral-MAT\u00c9RIA&quot;","block_context":{"text":"Geral-MAT\u00c9RIA","link":"https:\/\/www.jornalja.com.br\/geral\/category\/geral\/"},"img":{"alt_text":"","src":"https:\/\/i0.wp.com\/www.jornalja.com.br\/geral\/wp-content\/uploads\/sites\/4\/2020\/06\/ceitec-ministro-equipejpg-scaled.jpg?resize=350%2C200&ssl=1","width":350,"height":200,"srcset":"https:\/\/i0.wp.com\/www.jornalja.com.br\/geral\/wp-content\/uploads\/sites\/4\/2020\/06\/ceitec-ministro-equipejpg-scaled.jpg?resize=350%2C200&ssl=1 1x, https:\/\/i0.wp.com\/www.jornalja.com.br\/geral\/wp-content\/uploads\/sites\/4\/2020\/06\/ceitec-ministro-equipejpg-scaled.jpg?resize=525%2C300&ssl=1 1.5x, https:\/\/i0.wp.com\/www.jornalja.com.br\/geral\/wp-content\/uploads\/sites\/4\/2020\/06\/ceitec-ministro-equipejpg-scaled.jpg?resize=700%2C400&ssl=1 2x"},"classes":[]},{"id":100660,"url":"https:\/\/www.jornalja.com.br\/geral\/audiencia-publica-sobre-maior-projeto-agro-industrial-do-rs-nao-e-noticia\/","url_meta":{"origin":92667,"position":5},"title":"Audi\u00eancia p\u00fablica sobre maior projeto agro-industrial do RS n\u00e3o \u00e9 not\u00edcia?","author":"Elmar Bones","date":"29 de janeiro de 2026","format":false,"excerpt":"N\u00e3o mereceu manchete nos jornais tradicionais de Porto Alegre a audi\u00eancia p\u00fablica sobre a nova f\u00e1brica de celulose da CMPC em Barra do Ribeiro, que ocorre neste 29 de janeiro de 2026, \u00e0s 16h, no Parque Municipal Nen\u00ea Naibert. A reuni\u00e3o aborda o Projeto Natureza, com investimentos de R$ 24\u2026","rel":"","context":"Em &quot;MANCHETE do Site&quot;","block_context":{"text":"MANCHETE do Site","link":"https:\/\/www.jornalja.com.br\/geral\/category\/manchete-do-site\/"},"img":{"alt_text":"","src":"https:\/\/i0.wp.com\/www.jornalja.com.br\/geral\/wp-content\/uploads\/sites\/4\/2026\/01\/cmpc-protesto-pede-mais-audiencias.jpeg?resize=350%2C200&ssl=1","width":350,"height":200,"srcset":"https:\/\/i0.wp.com\/www.jornalja.com.br\/geral\/wp-content\/uploads\/sites\/4\/2026\/01\/cmpc-protesto-pede-mais-audiencias.jpeg?resize=350%2C200&ssl=1 1x, https:\/\/i0.wp.com\/www.jornalja.com.br\/geral\/wp-content\/uploads\/sites\/4\/2026\/01\/cmpc-protesto-pede-mais-audiencias.jpeg?resize=525%2C300&ssl=1 1.5x, https:\/\/i0.wp.com\/www.jornalja.com.br\/geral\/wp-content\/uploads\/sites\/4\/2026\/01\/cmpc-protesto-pede-mais-audiencias.jpeg?resize=700%2C400&ssl=1 2x"},"classes":[]}],"jetpack_sharing_enabled":true,"_links":{"self":[{"href":"https:\/\/www.jornalja.com.br\/geral\/wp-json\/wp\/v2\/posts\/92667","targetHints":{"allow":["GET"]}}],"collection":[{"href":"https:\/\/www.jornalja.com.br\/geral\/wp-json\/wp\/v2\/posts"}],"about":[{"href":"https:\/\/www.jornalja.com.br\/geral\/wp-json\/wp\/v2\/types\/post"}],"author":[{"embeddable":true,"href":"https:\/\/www.jornalja.com.br\/geral\/wp-json\/wp\/v2\/users\/4"}],"replies":[{"embeddable":true,"href":"https:\/\/www.jornalja.com.br\/geral\/wp-json\/wp\/v2\/comments?post=92667"}],"version-history":[{"count":2,"href":"https:\/\/www.jornalja.com.br\/geral\/wp-json\/wp\/v2\/posts\/92667\/revisions"}],"predecessor-version":[{"id":92671,"href":"https:\/\/www.jornalja.com.br\/geral\/wp-json\/wp\/v2\/posts\/92667\/revisions\/92671"}],"wp:featuredmedia":[{"embeddable":true,"href":"https:\/\/www.jornalja.com.br\/geral\/wp-json\/wp\/v2\/media\/92668"}],"wp:attachment":[{"href":"https:\/\/www.jornalja.com.br\/geral\/wp-json\/wp\/v2\/media?parent=92667"}],"wp:term":[{"taxonomy":"category","embeddable":true,"href":"https:\/\/www.jornalja.com.br\/geral\/wp-json\/wp\/v2\/categories?post=92667"},{"taxonomy":"post_tag","embeddable":true,"href":"https:\/\/www.jornalja.com.br\/geral\/wp-json\/wp\/v2\/tags?post=92667"}],"curies":[{"name":"wp","href":"https:\/\/api.w.org\/{rel}","templated":true}]}}