{"id":92674,"date":"2022-05-26T16:20:18","date_gmt":"2022-05-26T19:20:18","guid":{"rendered":"https:\/\/www.jornalja.com.br\/geral\/?p=92674"},"modified":"2022-05-26T16:22:29","modified_gmt":"2022-05-26T19:22:29","slug":"pista-de-skate-da-orla-recebe-primeiro-grande-evento-nacional","status":"publish","type":"post","link":"https:\/\/www.jornalja.com.br\/geral\/pista-de-skate-da-orla-recebe-primeiro-grande-evento-nacional\/","title":{"rendered":"Pista de skate da orla recebe primeiro grande evento nacional"},"content":{"rendered":"<figure id=\"attachment_92675\" aria-describedby=\"caption-attachment-92675\" style=\"width: 840px\" class=\"wp-caption alignnone\"><img decoding=\"async\" data-attachment-id=\"92675\" data-permalink=\"https:\/\/www.jornalja.com.br\/geral\/pista-de-skate-da-orla-recebe-primeiro-grande-evento-nacional\/a10e686c-b6ea-4c92-b92a-6f6dbc007905\/\" data-orig-file=\"https:\/\/www.jornalja.com.br\/geral\/wp-content\/uploads\/sites\/4\/2022\/05\/a10e686c-b6ea-4c92-b92a-6f6dbc007905.jpeg\" data-orig-size=\"2048,1366\" data-comments-opened=\"1\" data-image-meta=\"{&quot;aperture&quot;:&quot;8&quot;,&quot;credit&quot;:&quot;Setor de Fotografia da Prefeitur&quot;,&quot;camera&quot;:&quot;Canon EOS 5D Mark IV&quot;,&quot;caption&quot;:&quot;Porto Alegre, RS - 23\/10\/2021: Abertura do Trecho 3 da Orla do Gua\\u00edba. Foto: Giulian Serafim\/PMPA&quot;,&quot;created_timestamp&quot;:&quot;1634982687&quot;,&quot;copyright&quot;:&quot;&quot;,&quot;focal_length&quot;:&quot;16&quot;,&quot;iso&quot;:&quot;100&quot;,&quot;shutter_speed&quot;:&quot;0.00125&quot;,&quot;title&quot;:&quot;&quot;,&quot;orientation&quot;:&quot;0&quot;}\" data-image-title=\"A10E686C-B6EA-4C92-B92A-6F6DBC007905\" data-image-description=\"&lt;p&gt;Pista de skate da orla. Orla skatepark. &lt;\/p&gt;\n\" data-image-caption=\"&lt;p&gt;Porto Alegre, RS &amp;#8211; 23\/10\/2021: Abertura do Trecho 3 da Orla do Gua\u00edba. Foto: Giulian Serafim\/PMPA&lt;\/p&gt;\n\" data-large-file=\"https:\/\/www.jornalja.com.br\/geral\/wp-content\/uploads\/sites\/4\/2022\/05\/a10e686c-b6ea-4c92-b92a-6f6dbc007905-900x600.jpeg\" class=\"size-large wp-image-92675\" src=\"https:\/\/www.jornalja.com.br\/geral\/wp-content\/uploads\/sites\/4\/2022\/05\/a10e686c-b6ea-4c92-b92a-6f6dbc007905-900x600.jpeg\" alt=\"\" width=\"840\" height=\"560\" srcset=\"https:\/\/www.jornalja.com.br\/geral\/wp-content\/uploads\/sites\/4\/2022\/05\/a10e686c-b6ea-4c92-b92a-6f6dbc007905-900x600.jpeg 900w, https:\/\/www.jornalja.com.br\/geral\/wp-content\/uploads\/sites\/4\/2022\/05\/a10e686c-b6ea-4c92-b92a-6f6dbc007905-450x300.jpeg 450w, https:\/\/www.jornalja.com.br\/geral\/wp-content\/uploads\/sites\/4\/2022\/05\/a10e686c-b6ea-4c92-b92a-6f6dbc007905-768x512.jpeg 768w, https:\/\/www.jornalja.com.br\/geral\/wp-content\/uploads\/sites\/4\/2022\/05\/a10e686c-b6ea-4c92-b92a-6f6dbc007905-1536x1025.jpeg 1536w, https:\/\/www.jornalja.com.br\/geral\/wp-content\/uploads\/sites\/4\/2022\/05\/a10e686c-b6ea-4c92-b92a-6f6dbc007905-1200x800.jpeg 1200w, https:\/\/www.jornalja.com.br\/geral\/wp-content\/uploads\/sites\/4\/2022\/05\/a10e686c-b6ea-4c92-b92a-6f6dbc007905.jpeg 2048w\" sizes=\"(max-width: 840px) 100vw, 840px\" \/><figcaption id=\"caption-attachment-92675\" class=\"wp-caption-text\">Porto Alegre, RS &#8211; 23\/10\/2021: Abertura do Trecho 3 da Orla do Gua\u00edba. Foto: Giulian Serafim\/PMPA<\/figcaption><\/figure>\n<p>Os principais skatistas de street e park estar\u00e3o na Capital para a segunda etapa do circuito brasileiro de skate, o STU National de Porto Alegre. O evento ocorre na maior pista de skate\u00a0da Am\u00e9rica Latina, na Orla do Gua\u00edba, nesta sexta-feira, 27, s\u00e1bado, 28, e domingo, 29. Na quinta-feira, 26, os atletas j\u00e1 estar\u00e3o na cidade para treinamento (veja programa\u00e7\u00e3o abaixo). O evento integra a programa\u00e7\u00e3o dos 250 anos de Porto Alegre.<br \/>\nEntre os atletas j\u00e1 confirmados est\u00e3o os campe\u00f5es do street masculino, Lucas Rabelo, do park feminino, Raicca Ventura, e do park masculino, Luiz Francisco, o Luizinho. Al\u00e9m de outros nomes que representaram o Brasil na Olimp\u00edada de T\u00f3quio, como Pedro Barros, Isadora Pacheco, Yndiara Asp, Dora Varella e Pedro Quintas.<br \/>\nA secret\u00e1ria municipal de Esporte, Lazer e Juventude, D\u00e9bora Garcia, ressalta que Porto Alegre est\u00e1 em um momento de transforma\u00e7\u00e3o social atrav\u00e9s do esporte, de inclus\u00e3o e interatividade com novas oportunidades aos esportistas. \u201cSediar esta etapa na orla comprova esta transforma\u00e7\u00e3o. O STU \u00e9 um grande evento esportivo que fomenta a cultura urbana, incentivando a pr\u00e1tica do skate, adequado ao contexto social e cultural urbano\u2019\u2019, diz D\u00e9bora.<br \/>\nNa programa\u00e7\u00e3o tamb\u00e9m est\u00e1 um festival de m\u00fasica com artistas nacionais e locais. A identidade visual do evento \u00e9 de Lu\u00eds Fl\u00e1vio Vitola, o Trampo, refer\u00eancia da arte urbana em Porto Alegre e um dos pioneiros do grafite na cidade.<br \/>\nPROGRAMA\u00c7\u00c3O<br \/>\nQuinta-feira, 26\u202810h \u00e0s 12h30 \u2013 Treino livre Street feminino\u202810h \u00e0s 12h30 \u2013 Treino livre Park feminino\u202812h30 \u00e0s 17h30 \u2013 Treino livre Street masculino\u202812h30 \u00e0s 17h30 \u2013 Treino livre Park masculino\u202817h40 \u00e0s 18h40 \u2013 Congresso T\u00e9cnico<br \/>\nSexta-feira, 27\u20289h \u00e0s 10h \u2013 Treino livre Street feminino\u20289h \u00e0s 10h \u2013 Treino livre Park feminino\u202810h \u00e0s 11h \u2013 Coletiva de imprensa\u202811h \u00e0s 12h \u2013 Treino livre Park feminino\u202810h \u00e0s 12h30 \u2013 Treino livre Street masculino\u202810h \u00e0s 12h40 \u2013 Treino livre Park masculino\u202812h40 \u00e0s 13h50 \u2013 Treino livre Park feminino\u202813h \u00e0s 16h20 \u2013 Eliminat\u00f3rias Street masculino\u202815h \u00e0s 18h40 \u2013 Eliminat\u00f3rias Park masculino\u202817h20 \u00e0s 18h20 \u2013 Treino livre Street feminino<br \/>\nS\u00e1bado, 28\u20288h \u00e0s 9h \u2013 Treino livre Park feminino\u20289h \u00e0s 10h30 \u2013 Treino livre Street masculino\u20289h \u00e0s 10h50 \u2013 Semifinais Park feminino\u202810h30 \u00e0s 11h30 \u2013 Treino livre Street feminino\u202811h40 \u00e0s 15h55 \u2013 Semifinais Street masculino\u202814h \u00e0s 15h50 \u2013 Semifinais Park masculino\u202815h50 \u00e0s 16h20 \u2013 BV Tricks Park\u202815h55 \u00e0s 19h \u2013 Semifinais Street feminino\u202819h \u00e0s 19h30 \u2013 BV Tricks Street<br \/>\nDomingo, 29\u20289h \u00e0s 9h35 \u2013 Treino livre Park masculino\u20289h \u00e0s 11h30 \u2013 Treino livre Street feminino\u202813h \u00e0s 14h02 \u2013 Final Park feminino\u202814h15 \u00e0s 15h30 \u2013 Final Street masculino\u202815h30 \u00e0s 15h47 \u2013 Super Final Street masculino\u202816h \u00e0s 17h02 \u2013 Final Park masculino\u202817h10 \u00e0s 18h25 \u2013 Final Street feminino\u202818h25 \u00e0s 18h42\u2013 Super Final Street feminino<\/p>\n<p>&nbsp;<\/p>\n<p>Fonte: Prefeitura Municipal de Porto Alegre<\/p>\n","protected":false},"excerpt":{"rendered":"<p>Os principais skatistas de street e park estar\u00e3o na Capital para a segunda etapa do circuito brasileiro de skate, o STU National de Porto Alegre. O evento ocorre na maior pista de skate\u00a0da Am\u00e9rica Latina, na Orla do Gua\u00edba, nesta sexta-feira, 27, s\u00e1bado, 28, e domingo, 29. Na quinta-feira, 26, os atletas j\u00e1 estar\u00e3o na [&hellip;]<\/p>\n","protected":false},"author":4,"featured_media":92675,"comment_status":"open","ping_status":"open","sticky":false,"template":"","format":"standard","meta":{"jetpack_post_was_ever_published":false,"_jetpack_newsletter_access":"","_jetpack_dont_email_post_to_subs":false,"_jetpack_newsletter_tier_id":0,"_jetpack_memberships_contains_paywalled_content":false,"_jetpack_memberships_contains_paid_content":false,"footnotes":"","jetpack_publicize_message":"","jetpack_publicize_feature_enabled":true,"jetpack_social_post_already_shared":true,"jetpack_social_options":{"image_generator_settings":{"template":"highway","default_image_id":0,"font":"","enabled":false},"version":2}},"categories":[2],"tags":[238,531,86,532,507,4,528,529,170,132,300,161,15,149,95,530,27],"class_list":["post-92674","post","type-post","status-publish","format-standard","has-post-thumbnail","hentry","category-geral","tag-brasil","tag-cbsk","tag-cultura","tag-fgskt","tag-fome","tag-imprensa","tag-orla","tag-orla-skatepark","tag-pmpa","tag-porto-alegre","tag-prefeitura","tag-pt","tag-rs","tag-sc","tag-sp","tag-stu","tag-veja"],"aioseo_notices":[],"jetpack_publicize_connections":[],"jetpack_featured_media_url":"https:\/\/www.jornalja.com.br\/geral\/wp-content\/uploads\/sites\/4\/2022\/05\/a10e686c-b6ea-4c92-b92a-6f6dbc007905.jpeg","jetpack_shortlink":"https:\/\/wp.me\/pbKhrD-o6K","jetpack-related-posts":[{"id":90698,"url":"https:\/\/www.jornalja.com.br\/geral\/trecho-3-da-orla-sera-liberado-mas-quem-quiser-utilizar-as-quadras-tera-que-agendar\/","url_meta":{"origin":92674,"position":0},"title":"Trecho 3 da orla ser\u00e1 liberado, mas quem quiser utilizar as quadras ter\u00e1 que agendar","author":"da Reda\u00e7\u00e3o","date":"22 de outubro de 2021","format":false,"excerpt":"Com um ano de atraso o trecho 3 da Orla do Gua\u00edba ser\u00e1 inaugurado neste s\u00e1bado, dia 23.\u00a0 Depois de meses fazendo testes nas pistas de skates e dos \u00faltimos retoques o espa\u00e7o com cerca de 15 hectares estar\u00e1 liberado para o p\u00fablico. O acesso segundo a Prefeitura ser\u00e1 gratuito\u2026","rel":"","context":"Em &quot;Geral-MAT\u00c9RIA&quot;","block_context":{"text":"Geral-MAT\u00c9RIA","link":"https:\/\/www.jornalja.com.br\/geral\/category\/geral\/"},"img":{"alt_text":"","src":"https:\/\/i0.wp.com\/www.jornalja.com.br\/geral\/wp-content\/uploads\/sites\/4\/2021\/10\/giulian-serafim-1269.jpg?resize=350%2C200&ssl=1","width":350,"height":200,"srcset":"https:\/\/i0.wp.com\/www.jornalja.com.br\/geral\/wp-content\/uploads\/sites\/4\/2021\/10\/giulian-serafim-1269.jpg?resize=350%2C200&ssl=1 1x, https:\/\/i0.wp.com\/www.jornalja.com.br\/geral\/wp-content\/uploads\/sites\/4\/2021\/10\/giulian-serafim-1269.jpg?resize=525%2C300&ssl=1 1.5x, https:\/\/i0.wp.com\/www.jornalja.com.br\/geral\/wp-content\/uploads\/sites\/4\/2021\/10\/giulian-serafim-1269.jpg?resize=700%2C400&ssl=1 2x"},"classes":[]},{"id":90521,"url":"https:\/\/www.jornalja.com.br\/geral\/com-um-ano-de-atraso-trecho-3-da-orla-do-guaiba-esta-pronto-para-a-inauguracao\/","url_meta":{"origin":92674,"position":1},"title":"Com um ano de atraso, trecho 3 da Orla do Gua\u00edba est\u00e1 pronto para a inaugura\u00e7\u00e3o","author":"Felipe Uhr","date":"13 de outubro de 2021","format":false,"excerpt":"Com um ano de atraso o trecho 3 da Orla do Gua\u00edba iniciou a contagem regressiva para ser entregue ao p\u00fablico. Os 15 hectares de obra que se estendem por 1,6km ao longo do Guaiba recebem os retoques finais antes da inaugura\u00e7\u00e3o no dia 23 de outubro. \"Paletes\" de madeira\u2026","rel":"","context":"Em &quot;Geral-MAT\u00c9RIA&quot;","block_context":{"text":"Geral-MAT\u00c9RIA","link":"https:\/\/www.jornalja.com.br\/geral\/category\/geral\/"},"img":{"alt_text":"","src":"https:\/\/i0.wp.com\/www.jornalja.com.br\/geral\/wp-content\/uploads\/sites\/4\/2021\/10\/whatsapp-image-2021-10-12-at-213341-1.jpeg?resize=350%2C200&ssl=1","width":350,"height":200,"srcset":"https:\/\/i0.wp.com\/www.jornalja.com.br\/geral\/wp-content\/uploads\/sites\/4\/2021\/10\/whatsapp-image-2021-10-12-at-213341-1.jpeg?resize=350%2C200&ssl=1 1x, https:\/\/i0.wp.com\/www.jornalja.com.br\/geral\/wp-content\/uploads\/sites\/4\/2021\/10\/whatsapp-image-2021-10-12-at-213341-1.jpeg?resize=525%2C300&ssl=1 1.5x, https:\/\/i0.wp.com\/www.jornalja.com.br\/geral\/wp-content\/uploads\/sites\/4\/2021\/10\/whatsapp-image-2021-10-12-at-213341-1.jpeg?resize=700%2C400&ssl=1 2x, https:\/\/i0.wp.com\/www.jornalja.com.br\/geral\/wp-content\/uploads\/sites\/4\/2021\/10\/whatsapp-image-2021-10-12-at-213341-1.jpeg?resize=1050%2C600&ssl=1 3x, https:\/\/i0.wp.com\/www.jornalja.com.br\/geral\/wp-content\/uploads\/sites\/4\/2021\/10\/whatsapp-image-2021-10-12-at-213341-1.jpeg?resize=1400%2C800&ssl=1 4x"},"classes":[]},{"id":100773,"url":"https:\/\/www.jornalja.com.br\/geral\/cais-maua-dois-anos-depois-da-concessao-e-incerto-futuro-do-projeto\/","url_meta":{"origin":92674,"position":2},"title":"Cais Mau\u00e1: dois anos depois da concess\u00e3o, \u00e9 incerto futuro do projeto","author":"Elmar Bones","date":"18 de fevereiro de 2026","format":false,"excerpt":"Dois anos depois da concess\u00e3o do Cais Mau\u00e1 a um cons\u00f3rcio privado, \u00e9 incerto o futuro do projeto para devolver \u00e0 popula\u00e7\u00e3o aquela \u00e1rea simb\u00f3lica de Porto Alegre, abandonada h\u00e1 mais de 30 anos. Come\u00e7a que o contrato que formaliza a concess\u00e3o ainda n\u00e3o foi assinado. Em entrevista ao Jornal\u2026","rel":"","context":"Em &quot;Geral-MAT\u00c9RIA&quot;","block_context":{"text":"Geral-MAT\u00c9RIA","link":"https:\/\/www.jornalja.com.br\/geral\/category\/geral\/"},"img":{"alt_text":"","src":"https:\/\/i0.wp.com\/www.jornalja.com.br\/geral\/wp-content\/uploads\/sites\/4\/2026\/02\/cais-armazens2-scaled-1.jpeg?resize=350%2C200&ssl=1","width":350,"height":200,"srcset":"https:\/\/i0.wp.com\/www.jornalja.com.br\/geral\/wp-content\/uploads\/sites\/4\/2026\/02\/cais-armazens2-scaled-1.jpeg?resize=350%2C200&ssl=1 1x, https:\/\/i0.wp.com\/www.jornalja.com.br\/geral\/wp-content\/uploads\/sites\/4\/2026\/02\/cais-armazens2-scaled-1.jpeg?resize=525%2C300&ssl=1 1.5x, https:\/\/i0.wp.com\/www.jornalja.com.br\/geral\/wp-content\/uploads\/sites\/4\/2026\/02\/cais-armazens2-scaled-1.jpeg?resize=700%2C400&ssl=1 2x"},"classes":[]},{"id":92011,"url":"https:\/\/www.jornalja.com.br\/geral\/passeio-ciclistico-pelas-mulheres-na-orla-do-guaiba-dilma-nao-participa\/","url_meta":{"origin":92674,"position":3},"title":"Passeio cicl\u00edstico pelas mulheres na Orla do Guaiba: Dilma n\u00e3o participou","author":"da Reda\u00e7\u00e3o","date":"28 de mar\u00e7o de 2022","format":false,"excerpt":"O passeio cicl\u00edstico na orla do Gua\u00edba foi realizado pelo Comit\u00ea Eles por Elas, da ONU Mulheres, neste s\u00e1bado 26.\u00a0 A ex-presidente Dilma Rousseff\u00a0 cuja presen\u00e7a foi anunciada n\u00e3o participou. Os organizadores que confirmaram a participa\u00e7\u00e3o de Dilma n\u00e3o informaram os motivos. O aumento dos casos de viol\u00eancia contra as\u2026","rel":"","context":"Em &quot;Geral-NOTAS&quot;","block_context":{"text":"Geral-NOTAS","link":"https:\/\/www.jornalja.com.br\/geral\/category\/geral-notas\/"},"img":{"alt_text":"","src":"https:\/\/i0.wp.com\/www.jornalja.com.br\/geral\/wp-content\/uploads\/sites\/4\/2022\/03\/dilma-passeio-ciclistico-na-orla.jpg?resize=350%2C200&ssl=1","width":350,"height":200,"srcset":"https:\/\/i0.wp.com\/www.jornalja.com.br\/geral\/wp-content\/uploads\/sites\/4\/2022\/03\/dilma-passeio-ciclistico-na-orla.jpg?resize=350%2C200&ssl=1 1x, https:\/\/i0.wp.com\/www.jornalja.com.br\/geral\/wp-content\/uploads\/sites\/4\/2022\/03\/dilma-passeio-ciclistico-na-orla.jpg?resize=525%2C300&ssl=1 1.5x"},"classes":[]},{"id":75936,"url":"https:\/\/www.jornalja.com.br\/geral\/torres-de-130-metros-na-orla-do-guaiba-a-polemica-anunciada\/","url_meta":{"origin":92674,"position":4},"title":"Torres de 130 metros na orla do Guaiba, a pol\u00eamica anunciada","author":"da Reda\u00e7\u00e3o","date":"2 de agosto de 2019","format":false,"excerpt":"Os diretores do Hype Studio Arquitetura, Fernando Balvedi e Maur\u00edcio Santos, fizeram no Instituto dos Arquitetos\/Rs\u00a0 uma apresenta\u00e7\u00e3o do projeto que\u00a0 Sport Club Internacional encomendou para a a \u00e1rea junto ao est\u00e1dio Beira\u00a0 Rio. A implanta\u00e7\u00e3o do que est\u00e1 planejado depende de mudan\u00e7a no Plano Diretor para alterar o limite\u2026","rel":"","context":"Em &quot;Geral-MAT\u00c9RIA&quot;","block_context":{"text":"Geral-MAT\u00c9RIA","link":"https:\/\/www.jornalja.com.br\/geral\/category\/geral\/"},"img":{"alt_text":"","src":"https:\/\/i0.wp.com\/www.jornalja.com.br\/wp-content\/uploads\/2019\/08\/Orla-torres-beira-rio-arquitetos-apresentam-450x255.jpg?resize=350%2C200&ssl=1","width":350,"height":200},"classes":[]},{"id":91235,"url":"https:\/\/www.jornalja.com.br\/geral\/dilma-posta-foto-pedalando-na-orla-para-desmentir-boatos-de-embolia-pulmonar\/","url_meta":{"origin":92674,"position":5},"title":"Dilma posta foto pedalando na orla para desmentir boatos de embolia pulmonar","author":"da Reda\u00e7\u00e3o","date":"5 de dezembro de 2021","format":false,"excerpt":"A ex-presidente Dilma \/Roussef\u00a0publicou uma foto na manh\u00e3 deste domingo (5) ironizando os boatos de que estaria\u00a0internada em um hospital de Porto Alegre com embolia pulmonar. \u201cEu e a minha embolia pulmonar agora pela manh\u00e3, em Porto Alegre\", escreveu Dilma em uma foto em que aparece andando de bicicleta na\u2026","rel":"","context":"Em &quot;Geral-MAT\u00c9RIA&quot;","block_context":{"text":"Geral-MAT\u00c9RIA","link":"https:\/\/www.jornalja.com.br\/geral\/category\/geral\/"},"img":{"alt_text":"","src":"https:\/\/i0.wp.com\/www.jornalja.com.br\/geral\/wp-content\/uploads\/sites\/4\/2021\/12\/dilma-na-orla.png?resize=350%2C200&ssl=1","width":350,"height":200,"srcset":"https:\/\/i0.wp.com\/www.jornalja.com.br\/geral\/wp-content\/uploads\/sites\/4\/2021\/12\/dilma-na-orla.png?resize=350%2C200&ssl=1 1x, https:\/\/i0.wp.com\/www.jornalja.com.br\/geral\/wp-content\/uploads\/sites\/4\/2021\/12\/dilma-na-orla.png?resize=525%2C300&ssl=1 1.5x"},"classes":[]}],"jetpack_sharing_enabled":true,"_links":{"self":[{"href":"https:\/\/www.jornalja.com.br\/geral\/wp-json\/wp\/v2\/posts\/92674","targetHints":{"allow":["GET"]}}],"collection":[{"href":"https:\/\/www.jornalja.com.br\/geral\/wp-json\/wp\/v2\/posts"}],"about":[{"href":"https:\/\/www.jornalja.com.br\/geral\/wp-json\/wp\/v2\/types\/post"}],"author":[{"embeddable":true,"href":"https:\/\/www.jornalja.com.br\/geral\/wp-json\/wp\/v2\/users\/4"}],"replies":[{"embeddable":true,"href":"https:\/\/www.jornalja.com.br\/geral\/wp-json\/wp\/v2\/comments?post=92674"}],"version-history":[{"count":2,"href":"https:\/\/www.jornalja.com.br\/geral\/wp-json\/wp\/v2\/posts\/92674\/revisions"}],"predecessor-version":[{"id":92678,"href":"https:\/\/www.jornalja.com.br\/geral\/wp-json\/wp\/v2\/posts\/92674\/revisions\/92678"}],"wp:featuredmedia":[{"embeddable":true,"href":"https:\/\/www.jornalja.com.br\/geral\/wp-json\/wp\/v2\/media\/92675"}],"wp:attachment":[{"href":"https:\/\/www.jornalja.com.br\/geral\/wp-json\/wp\/v2\/media?parent=92674"}],"wp:term":[{"taxonomy":"category","embeddable":true,"href":"https:\/\/www.jornalja.com.br\/geral\/wp-json\/wp\/v2\/categories?post=92674"},{"taxonomy":"post_tag","embeddable":true,"href":"https:\/\/www.jornalja.com.br\/geral\/wp-json\/wp\/v2\/tags?post=92674"}],"curies":[{"name":"wp","href":"https:\/\/api.w.org\/{rel}","templated":true}]}}