{"id":92710,"date":"2022-05-30T00:57:22","date_gmt":"2022-05-30T03:57:22","guid":{"rendered":"https:\/\/www.jornalja.com.br\/geral\/?p=92710"},"modified":"2022-05-30T00:57:22","modified_gmt":"2022-05-30T03:57:22","slug":"cacapava-faz-festa-para-o-azeite-de-oliva-nova-riqueza-da-regiao","status":"publish","type":"post","link":"https:\/\/www.jornalja.com.br\/geral\/cacapava-faz-festa-para-o-azeite-de-oliva-nova-riqueza-da-regiao\/","title":{"rendered":"Ca\u00e7apava faz festa para o azeite de oliva, nova riqueza da regi\u00e3o"},"content":{"rendered":"<p><strong>Ivanir Bortot<\/strong><\/p>\n<p>O azeite do Rio Grande do Sul passa \u00a0hoje pela mesma experi\u00eancia vitoriosa que conquistou os\u00a0 paladares de consumidores dos bons vinhos e espumantes da Serra Ga\u00facha.<\/p>\n<p>Como apenas 15 anos de introdu\u00e7\u00e3o de mudas importadas da It\u00e1lia, Espanha, Portugal, Gr\u00e9cia e adapta\u00e7\u00f5es feitas pela Embrapa,\u00a0 as oliveiras se adaptaram na regi\u00e3o de Ca\u00e7apava do Sul, entre outras 108 munic\u00edpios, onde as condi\u00e7\u00f5es de frio e altitude s\u00f3 existem em condi\u00e7\u00f5es semelhantes na Serra da Mantiqueira.<\/p>\n<p>Este ano em cerca de 10 mil hectares de planta de oliveiras o Rio Grande do Sul deve produzir 448,6 mil litros de azeita, um aumento\u00a0 de 122% em rela\u00e7\u00e3o ao ano anterior.<\/p>\n<p>O come\u00e7ou n\u00e3o foi f\u00e1cil. Muitos pequenos produtores perderam tudo, por falta de manejo adequado, seca e recursos para investimento.<\/p>\n<p>O modelo de neg\u00f3cio de maior sucesso \u00e9 de investidores bem estruturados em recursos financeiros e assist\u00eancia de especialistas do Brasil e pa\u00edses vizinhos. Os primeiros resultados de produ\u00e7\u00e3o e \u00a0processamento do azeita come\u00e7a ocorrer entre quatro a cinco anos depois do plantio.<\/p>\n<p>\u201cO investimento na cultura das oliveiras \u00e9 significativo comparado a outras, e ainda necessita de tempo para realiza\u00e7\u00e3o, visto que mais ou menos no s\u00e9timo ou oitavo ano de cultivo \u00e9 que a planta chega ao seu \u00e1pice produtivo. At\u00e9 l\u00e1, \u00e9 necess\u00e1rio investir em manejo, controle de pragas, pessoal e tudo aquilo que \u00e9 importante para a manuten\u00e7\u00e3o de um pomar. Desta forma, pequenos produtores precisam fazer uma grande engenharia econ\u00f4mica para se manter\u201d, disse Rafael Buchabqui produtor do azeite Torrinhas, no Munic\u00edpio de Pinheiro Machado, onde tem 90 hectares de oliveira planadas a partir de 2017.<\/p>\n<p>Por ser um produto de alto valor agregado e qualidade muito superior ao importado, os pre\u00e7os ainda s\u00e3o o principal obst\u00e1culo para o azeite nacional ampliar ainda mais o consumo dom\u00e9stico.<\/p>\n<p>O Brasil \u00e9 o segundo maior importador de azeite de oliva do mundo, perdendo apenas para os EUA. E o que chega aqui s\u00e3o azeites baratos de qualidade duvidosa, muitas vezes de safras antigas e outras tantas de azeites adulterados ou fraudados.<\/p>\n<p>Hoje o azeite ga\u00facho, em geral extra virgem,\u00a0 e o da serra de Mantiqueira j\u00e1 conquistaram 5% do mercado brasileiro.<\/p>\n<p>O Azeite Torrinha entrou neste \u00a0mercado em\u00a0 2021 \u00a0e desde ent\u00e3o vem conquistando consumidores \u00a0com blends frutados suaves e intensos, constitu\u00eddos a partir das 8 variedades de azeitonas produzidas na propriedade.<\/p>\n<p>Na safra de 2022 aumentou sua produ\u00e7\u00e3o e ainda lan\u00e7ou, al\u00e9m dos dois blends j\u00e1 existentes, um azeite da variedade espanhola Picual, marcada pela pic\u00e2ncia,\u00a0 amargor e sabor sofisticado.<\/p>\n<p>Um dos segredos para o azeite nacional como o Torrinhas estar sendo reconhecido \u00e9 o frescor obtido na colheita precoce da azeitona, bem como a tecnologia e cuidados artesanais que garante complexidade e sabor diferenciados.<\/p>\n<p>E exemplos de qualidade do que esta sendo produzido no \u00a0Rio Grande do Sul n\u00e3o faltam. O \u00faltimo foi do azeite Milonga que recebeu o pr\u00eamio de melhor azeite do hemisf\u00e9rio sul pelo EVO IOOC \u00a0da it\u00e1lia.<\/p>\n<p>O munic\u00edpio de Ca\u00e7apava do Sul, cidade hist\u00f3rica que j\u00e1 hospedou o imperador Dom Pedro II, nasceu Borges de Medeiros e foi a segunda capital farroupilha, promoveu neste fim de semana a primeira \u201cFesta \u00a0do Azeite de Oliva\u201d, com direito a rainhas, como \u00e9 feito em Caxias do Sul com a festa da Uva. A economia de Ca\u00e7apava do Sul, ante ent\u00e3o, vinha da pecu\u00e1ria e calc\u00e1rio, especialmente<\/p>\n<p>&nbsp;<\/p>\n","protected":false},"excerpt":{"rendered":"<p>Ivanir Bortot O azeite do Rio Grande do Sul passa \u00a0hoje pela mesma experi\u00eancia vitoriosa que conquistou os\u00a0 paladares de consumidores dos bons vinhos e espumantes da Serra Ga\u00facha. Como apenas 15 anos de introdu\u00e7\u00e3o de mudas importadas da It\u00e1lia, Espanha, Portugal, Gr\u00e9cia e adapta\u00e7\u00f5es feitas pela Embrapa,\u00a0 as oliveiras se adaptaram na regi\u00e3o de [&hellip;]<\/p>\n","protected":false},"author":4,"featured_media":92712,"comment_status":"open","ping_status":"open","sticky":false,"template":"","format":"standard","meta":{"jetpack_post_was_ever_published":false,"_jetpack_newsletter_access":"","_jetpack_dont_email_post_to_subs":false,"_jetpack_newsletter_tier_id":0,"_jetpack_memberships_contains_paywalled_content":false,"_jetpack_memberships_contains_paid_content":false,"footnotes":"","jetpack_publicize_message":"","jetpack_publicize_feature_enabled":true,"jetpack_social_post_already_shared":true,"jetpack_social_options":{"image_generator_settings":{"template":"highway","default_image_id":0,"font":"","enabled":false},"version":2}},"categories":[2],"tags":[87,269,238,86,7,435,356,296,161,479,14,15,149,95],"class_list":["post-92710","post","type-post","status-publish","format-standard","has-post-thumbnail","hentry","category-geral","tag-ari","tag-artes","tag-brasil","tag-cultura","tag-economia","tag-eua","tag-mel","tag-pecuaria","tag-pt","tag-red","tag-rio-grande-do-sul","tag-rs","tag-sc","tag-sp"],"aioseo_notices":[],"jetpack_publicize_connections":[],"jetpack_featured_media_url":"https:\/\/www.jornalja.com.br\/geral\/wp-content\/uploads\/sites\/4\/2022\/05\/festa-da-oliva-em-cacapava.jpg","jetpack_shortlink":"https:\/\/wp.me\/pbKhrD-o7k","jetpack-related-posts":[{"id":78005,"url":"https:\/\/www.jornalja.com.br\/geral\/veja-as-marcas-de-azeite-de-oliva-retiradas-do-mercado-por-fraude\/","url_meta":{"origin":92710,"position":0},"title":"Confira as marcas de azeite de oliva retiradas do mercado por fraude","author":"da Reda\u00e7\u00e3o","date":"2 de outubro de 2019","format":false,"excerpt":"O Minist\u00e9rio da Agricultura, Pecu\u00e1ria e Abastecimento (Mapa) suspendeu, nesta quarta-feira, a comercializa\u00e7\u00e3o de 33 marcas de azeites de oliva. An\u00e1lises feitas desde 2018, comprovaram que os produtos estavam adulterados com a mistura de \u00f3leo de soja e outros \u00f3leos de origem desconhecida em sua composi\u00e7\u00e3o. S\u00e3o estas as marcas\u2026","rel":"","context":"Em &quot;Geral-MAT\u00c9RIA&quot;","block_context":{"text":"Geral-MAT\u00c9RIA","link":"https:\/\/www.jornalja.com.br\/geral\/category\/geral\/"},"img":{"alt_text":"","src":"","width":0,"height":0},"classes":[]},{"id":100444,"url":"https:\/\/www.jornalja.com.br\/geral\/ano-comeca-com-lula-e-dilma-na-retomada-do-polo-naval-de-rio-gramde\/","url_meta":{"origin":92710,"position":1},"title":"Ano come\u00e7a com Lula e Dilma na retomada do Polo Naval de Rio Grande","author":"da Reda\u00e7\u00e3o","date":"23 de dezembro de 2025","format":false,"excerpt":"Um ano depois da assinatura do primeiro contrato que marca a retomada do Polo Naval, em Rio Grande, o presidente Lula volta \u00e0 cidade neste 7 de janeiro,\u00a0 dando partida \u00e0 constru\u00e7\u00e3o de quatro navios\u00a0 encomendados pela Transpetro. Da primeira vez, em fevereiro de 2025, ele trouxe o vice-presidente Geraldo\u00a0\u2026","rel":"","context":"Em &quot;Geral-MAT\u00c9RIA&quot;","block_context":{"text":"Geral-MAT\u00c9RIA","link":"https:\/\/www.jornalja.com.br\/geral\/category\/geral\/"},"img":{"alt_text":"","src":"https:\/\/i0.wp.com\/www.jornalja.com.br\/geral\/wp-content\/uploads\/sites\/4\/2025\/12\/polo-naval-no-auge-construcao-de-plataformas.png?resize=350%2C200&ssl=1","width":350,"height":200},"classes":[]},{"id":101113,"url":"https:\/\/www.jornalja.com.br\/geral\/chefe-do-mp-rs-plano-diretor-de-porto-alegre-e-mais-voltado-para-construcao-que-para-prevenir-enchentes\/","url_meta":{"origin":92710,"position":2},"title":"Chefe do MP-RS: \u201cPlano Diretor de Porto Alegre \u00e9 mais voltado para constru\u00e7\u00e3o que para prevenir enchentes&#8221;","author":"da Reda\u00e7\u00e3o","date":"21 de abril de 2026","format":false,"excerpt":"O projeto do novo Plano Diretor de Porto Alegre, que tramita h\u00e1 mais de ano e est\u00e1 em fase final de vota\u00e7\u00e3o na C\u00e2mara Municipal, tem indicativos de aprova\u00e7\u00e3o, pela for\u00e7a da maioria que o prefeito Sebasti\u00e3o Melo tem no legislativo. J\u00e1, estudos do Minist\u00e9rio P\u00fablico apontam \"falhas jur\u00eddicas\" no\u2026","rel":"","context":"Em &quot;Geral-MAT\u00c9RIA&quot;","block_context":{"text":"Geral-MAT\u00c9RIA","link":"https:\/\/www.jornalja.com.br\/geral\/category\/geral\/"},"img":{"alt_text":"","src":"https:\/\/i0.wp.com\/www.jornalja.com.br\/geral\/wp-content\/uploads\/sites\/4\/2026\/04\/whatsapp-image-2026-04-01-at-164602-1536x1023-1.jpeg?resize=350%2C200&ssl=1","width":350,"height":200,"srcset":"https:\/\/i0.wp.com\/www.jornalja.com.br\/geral\/wp-content\/uploads\/sites\/4\/2026\/04\/whatsapp-image-2026-04-01-at-164602-1536x1023-1.jpeg?resize=350%2C200&ssl=1 1x, https:\/\/i0.wp.com\/www.jornalja.com.br\/geral\/wp-content\/uploads\/sites\/4\/2026\/04\/whatsapp-image-2026-04-01-at-164602-1536x1023-1.jpeg?resize=525%2C300&ssl=1 1.5x, https:\/\/i0.wp.com\/www.jornalja.com.br\/geral\/wp-content\/uploads\/sites\/4\/2026\/04\/whatsapp-image-2026-04-01-at-164602-1536x1023-1.jpeg?resize=700%2C400&ssl=1 2x, https:\/\/i0.wp.com\/www.jornalja.com.br\/geral\/wp-content\/uploads\/sites\/4\/2026\/04\/whatsapp-image-2026-04-01-at-164602-1536x1023-1.jpeg?resize=1050%2C600&ssl=1 3x, https:\/\/i0.wp.com\/www.jornalja.com.br\/geral\/wp-content\/uploads\/sites\/4\/2026\/04\/whatsapp-image-2026-04-01-at-164602-1536x1023-1.jpeg?resize=1400%2C800&ssl=1 4x"},"classes":[]},{"id":100627,"url":"https:\/\/www.jornalja.com.br\/geral\/fiergs-preve-expansao-do-pib-e-do-emprego-com-acordo-mercosul-uniao-europeia\/","url_meta":{"origin":92710,"position":3},"title":"Fiergs prev\u00ea expans\u00e3o do PIB e do emprego com acordo Mercosul-Uni\u00e3o Europeia","author":"da Reda\u00e7\u00e3o","date":"19 de janeiro de 2026","format":false,"excerpt":"Presidente Claudio Bier aposta no aumento no fluxo de com\u00e9rcio entre as duas regi\u00f5es; entidade estima alta de 4,6% do PIB ga\u00facho em 15 anos e gera\u00e7\u00e3o de 31 mil empregos. O acordo entre Mercosul e Uni\u00e3o Europeia, assinado neste s\u00e1bado (17), no Paraguai, \u00e9 \"um avan\u00e7o importante\", segundo a\u2026","rel":"","context":"Em &quot;Geral-MAT\u00c9RIA&quot;","block_context":{"text":"Geral-MAT\u00c9RIA","link":"https:\/\/www.jornalja.com.br\/geral\/category\/geral\/"},"img":{"alt_text":"","src":"https:\/\/i0.wp.com\/www.jornalja.com.br\/geral\/wp-content\/uploads\/sites\/4\/2026\/01\/fiergs.jpg?resize=350%2C200&ssl=1","width":350,"height":200,"srcset":"https:\/\/i0.wp.com\/www.jornalja.com.br\/geral\/wp-content\/uploads\/sites\/4\/2026\/01\/fiergs.jpg?resize=350%2C200&ssl=1 1x, https:\/\/i0.wp.com\/www.jornalja.com.br\/geral\/wp-content\/uploads\/sites\/4\/2026\/01\/fiergs.jpg?resize=525%2C300&ssl=1 1.5x, https:\/\/i0.wp.com\/www.jornalja.com.br\/geral\/wp-content\/uploads\/sites\/4\/2026\/01\/fiergs.jpg?resize=700%2C400&ssl=1 2x"},"classes":[]},{"id":100519,"url":"https:\/\/www.jornalja.com.br\/geral\/brasil-recebeu-92-milhoes-de-turistas-estrangeiros-em-2025-record-historico-foi-noticia-ate-na-china\/","url_meta":{"origin":92710,"position":4},"title":"Brasil recebeu 9,2 milh\u00f5es de turistas estrangeiros em 2025; record hist\u00f3rico foi not\u00edcia at\u00e9 na China","author":"da Reda\u00e7\u00e3o","date":"7 de janeiro de 2026","format":false,"excerpt":"S\u00e3o Paulo, Rio de Janeiro e Rio Grande do Sul concentraram os principais pontos de entrada de turistas. Argentina, Chile e Estados Unidos foram os maiores pa\u00edses de origem dos visitantes. A ag\u00eancia estatal chinesa Xinhua destacou o fato.\u00a0 O Brasil registrou a entrada 9.287.196 turistas estrangeiros no pais em\u2026","rel":"","context":"Em &quot;Geral-MAT\u00c9RIA&quot;","block_context":{"text":"Geral-MAT\u00c9RIA","link":"https:\/\/www.jornalja.com.br\/geral\/category\/geral\/"},"img":{"alt_text":"","src":"https:\/\/i0.wp.com\/www.jornalja.com.br\/geral\/wp-content\/uploads\/sites\/4\/2026\/01\/turismo.png?resize=350%2C200&ssl=1","width":350,"height":200,"srcset":"https:\/\/i0.wp.com\/www.jornalja.com.br\/geral\/wp-content\/uploads\/sites\/4\/2026\/01\/turismo.png?resize=350%2C200&ssl=1 1x, https:\/\/i0.wp.com\/www.jornalja.com.br\/geral\/wp-content\/uploads\/sites\/4\/2026\/01\/turismo.png?resize=525%2C300&ssl=1 1.5x, https:\/\/i0.wp.com\/www.jornalja.com.br\/geral\/wp-content\/uploads\/sites\/4\/2026\/01\/turismo.png?resize=700%2C400&ssl=1 2x"},"classes":[]},{"id":100198,"url":"https:\/\/www.jornalja.com.br\/geral\/tornado-deixou-seis-mortos-no-parana-32-pessoas-seguem-internadas\/","url_meta":{"origin":92710,"position":5},"title":"Tornado deixou seis mortos no Paran\u00e1; 32 pessoas seguem internadas","author":"Elmar Bones","date":"10 de novembro de 2025","format":false,"excerpt":"Ainda n\u00e3o h\u00e1 um balan\u00e7o dos preju\u00edzos causados em Rio Bonito do Igua\u00e7u (PR), a mais afetada entre as 11 cidades de regi\u00e3o centro-sul paranaense, atingidas por um tornado na madrugada da \u00faltima sexta-feira, 7\/11. De acordo com a Defesa Civil, 90% da \u00e1rea urbana de Rio Bonito do Igua\u00e7u\u2026","rel":"","context":"Em &quot;Geral-MAT\u00c9RIA&quot;","block_context":{"text":"Geral-MAT\u00c9RIA","link":"https:\/\/www.jornalja.com.br\/geral\/category\/geral\/"},"img":{"alt_text":"","src":"https:\/\/i0.wp.com\/www.jornalja.com.br\/geral\/wp-content\/uploads\/sites\/4\/2025\/11\/tornado-1.png?resize=350%2C200&ssl=1","width":350,"height":200,"srcset":"https:\/\/i0.wp.com\/www.jornalja.com.br\/geral\/wp-content\/uploads\/sites\/4\/2025\/11\/tornado-1.png?resize=350%2C200&ssl=1 1x, https:\/\/i0.wp.com\/www.jornalja.com.br\/geral\/wp-content\/uploads\/sites\/4\/2025\/11\/tornado-1.png?resize=525%2C300&ssl=1 1.5x"},"classes":[]}],"jetpack_sharing_enabled":true,"_links":{"self":[{"href":"https:\/\/www.jornalja.com.br\/geral\/wp-json\/wp\/v2\/posts\/92710","targetHints":{"allow":["GET"]}}],"collection":[{"href":"https:\/\/www.jornalja.com.br\/geral\/wp-json\/wp\/v2\/posts"}],"about":[{"href":"https:\/\/www.jornalja.com.br\/geral\/wp-json\/wp\/v2\/types\/post"}],"author":[{"embeddable":true,"href":"https:\/\/www.jornalja.com.br\/geral\/wp-json\/wp\/v2\/users\/4"}],"replies":[{"embeddable":true,"href":"https:\/\/www.jornalja.com.br\/geral\/wp-json\/wp\/v2\/comments?post=92710"}],"version-history":[{"count":2,"href":"https:\/\/www.jornalja.com.br\/geral\/wp-json\/wp\/v2\/posts\/92710\/revisions"}],"predecessor-version":[{"id":92713,"href":"https:\/\/www.jornalja.com.br\/geral\/wp-json\/wp\/v2\/posts\/92710\/revisions\/92713"}],"wp:featuredmedia":[{"embeddable":true,"href":"https:\/\/www.jornalja.com.br\/geral\/wp-json\/wp\/v2\/media\/92712"}],"wp:attachment":[{"href":"https:\/\/www.jornalja.com.br\/geral\/wp-json\/wp\/v2\/media?parent=92710"}],"wp:term":[{"taxonomy":"category","embeddable":true,"href":"https:\/\/www.jornalja.com.br\/geral\/wp-json\/wp\/v2\/categories?post=92710"},{"taxonomy":"post_tag","embeddable":true,"href":"https:\/\/www.jornalja.com.br\/geral\/wp-json\/wp\/v2\/tags?post=92710"}],"curies":[{"name":"wp","href":"https:\/\/api.w.org\/{rel}","templated":true}]}}