{"id":92724,"date":"2022-05-31T22:36:59","date_gmt":"2022-06-01T01:36:59","guid":{"rendered":"https:\/\/www.jornalja.com.br\/geral\/?p=92724"},"modified":"2022-07-04T02:01:22","modified_gmt":"2022-07-04T05:01:22","slug":"lula-tem-reuniao-com-partidos-e-encontro-com-manuela","status":"publish","type":"post","link":"https:\/\/www.jornalja.com.br\/geral\/lula-tem-reuniao-com-partidos-e-encontro-com-manuela\/","title":{"rendered":"Divis\u00e3o da esquerda \u00e9 desafio de Lula em Porto Alegre"},"content":{"rendered":"<p>O primeiro item da agenda de Lula nesta quarta-feira\u00a0 em Porto Alegre \u00e9 uma reuni\u00e3o com representantes dos partidos que poderiam compor a frente ampla de centro esquerda para derrotar o bolsonarismo no Rio Grande do Sul: PT, PCdoB, PV, PSB, Psol, Rede e Solidariedade.<\/p>\n<p>N\u00e3o \u00e9 certo que todos estar\u00e3o presentes. A frente, por enquanto, \u00e9 uma quimera.<\/p>\n<p>Com Edegar Pretto j\u00e1 lan\u00e7ado como pr\u00e9-candidato a governador, o PT oferece vice-governador e senador aos aliados principais para compor a chapa, que daria um palanque \u00fanico e forte para Lula no Estado . Por enquanto, s\u00f3 a candidatura de Edegar Pretto est\u00e1 de p\u00e9.<\/p>\n<p>Beto Albuquerque, que seria o senador da Frente, \u00e9 pr\u00e9-candidato a governador h\u00e1 seis meses. S\u00f3 entra na frente se for na cabe\u00e7a da chapa.<\/p>\n<p>Pedro Ruas, do PSol, bem cotado para vice na composi\u00e7\u00e3o da frente, foi lan\u00e7ado pr\u00e9-candidato a governador.<\/p>\n<p>O PCdoB, fiel aliado, estava certo com Manuela D&#8217;\u00c1vila para o Senado, com bons \u00edndices nas pesquisas, inclusive. Mas, inesperadamente, ela desistiu. Anunciou h\u00e1 poucos dias que n\u00e3o vai mais concorrer.<\/p>\n<p>Nos bastidores da campanha, essa decis\u00e3o de Manuela \u00e9 vista como um movimento brusco para re-arranjar pe\u00e7as de um jogo que est\u00e1 travado.<\/p>\n<p>Ela ter\u00e1 um encontro com Lula na quinta-feira.<\/p>\n<p>O apoio de Lula a Pretto tem la\u00e7os fortes.\u00a0 Por isso, considera-se a hip\u00f3tese de que Lula, no encontro com Manuela, tente convenc\u00ea-la a ser candidata a vice na chapa de Pretto.<\/p>\n<p>Manuela alegou raz\u00f5es pessoais e famiiares ao desistir da candidatura ao Senado, mas nas declara\u00e7\u00f5es a imprensa n\u00e3o escondeu as motiva\u00e7\u00f5es pol\u00edticas:<\/p>\n<p>&#8220;Me esforcei muito para termos um palanque \u00fanico da base de Lula aqui no Estado, com Edegar Pretto, Beto Albuquerque e Pedro Ruas, mas n\u00e3o conseguimos&#8221;.<\/p>\n<p>Se ela aceitar, restar\u00e1 convencer o Psol a desistir da candidatura de Pedro Ruas como vice, para compor a chapa como candidato ao Senado.<\/p>\n<p>Ainda que n\u00e3o fosse a frente dos sonhos de Lula,\u00a0 seria uma chapa competitiva.<\/p>\n<p>&nbsp;<\/p>\n","protected":false},"excerpt":{"rendered":"<p>O primeiro item da agenda de Lula nesta quarta-feira\u00a0 em Porto Alegre \u00e9 uma reuni\u00e3o com representantes dos partidos que poderiam compor a frente ampla de centro esquerda para derrotar o bolsonarismo no Rio Grande do Sul: PT, PCdoB, PV, PSB, Psol, Rede e Solidariedade. N\u00e3o \u00e9 certo que todos estar\u00e3o presentes. A frente, por [&hellip;]<\/p>\n","protected":false},"author":5,"featured_media":92738,"comment_status":"open","ping_status":"open","sticky":false,"template":"","format":"standard","meta":{"jetpack_post_was_ever_published":false,"_jetpack_newsletter_access":"","_jetpack_dont_email_post_to_subs":false,"_jetpack_newsletter_tier_id":0,"_jetpack_memberships_contains_paywalled_content":false,"_jetpack_memberships_contains_paid_content":false,"footnotes":"","jetpack_publicize_message":"","jetpack_publicize_feature_enabled":true,"jetpack_social_post_already_shared":true,"jetpack_social_options":{"image_generator_settings":{"template":"highway","default_image_id":0,"font":"","enabled":false},"version":2}},"categories":[2],"tags":[87,321,4,158,491,247,132,161,479,14,149,95,509],"class_list":["post-92724","post","type-post","status-publish","format-standard","has-post-thumbnail","hentry","category-geral","tag-ari","tag-campanha","tag-imprensa","tag-lula","tag-pedro-ruas","tag-politica","tag-porto-alegre","tag-pt","tag-red","tag-rio-grande-do-sul","tag-sc","tag-sp","tag-uniao"],"aioseo_notices":[],"jetpack_publicize_connections":[],"jetpack_featured_media_url":"https:\/\/www.jornalja.com.br\/geral\/wp-content\/uploads\/sites\/4\/2022\/05\/manuela-e-lula.jpg","jetpack_shortlink":"https:\/\/wp.me\/pbKhrD-o7y","jetpack-related-posts":[{"id":101078,"url":"https:\/\/www.jornalja.com.br\/geral\/como-foi-costurado-o-acordo-que-fez-o-pt-apoiar-juliana-brizola\/","url_meta":{"origin":92724,"position":0},"title":"Como foi costurado o acordo que fez o PT apoiar Juliana Brizola","author":"da Reda\u00e7\u00e3o","date":"17 de abril de 2026","format":false,"excerpt":"O PDT foi o partido que mais perdeu representantes na \u201cjanela partid\u00e1ria\u201d que fechou em 3 de abril. Tinha tr\u00eas senadores, ficou com dois. Tinha 17 deputados federais, caiu para 11. Perdeu tamb\u00e9m 9 dos 43 deputados estaduais que elegeu em 2022. No \u00e2mbito municipal, o PDT tem prefeitos em\u2026","rel":"","context":"Em &quot;Geral-MAT\u00c9RIA&quot;","block_context":{"text":"Geral-MAT\u00c9RIA","link":"https:\/\/www.jornalja.com.br\/geral\/category\/geral\/"},"img":{"alt_text":"","src":"https:\/\/www.jornalja.com.br\/geral\/wp-content\/uploads\/sites\/4\/2026\/04\/pdt-lupi-juliana-e-lula.avif","width":350,"height":200,"srcset":"https:\/\/www.jornalja.com.br\/geral\/wp-content\/uploads\/sites\/4\/2026\/04\/pdt-lupi-juliana-e-lula.avif 1x, https:\/\/www.jornalja.com.br\/geral\/wp-content\/uploads\/sites\/4\/2026\/04\/pdt-lupi-juliana-e-lula.avif 1.5x, https:\/\/www.jornalja.com.br\/geral\/wp-content\/uploads\/sites\/4\/2026\/04\/pdt-lupi-juliana-e-lula.avif 2x"},"classes":[]},{"id":92771,"url":"https:\/\/www.jornalja.com.br\/geral\/palanque-de-lula-no-rio-grande-do-sul-continua-cercado-de-incertezas\/","url_meta":{"origin":92724,"position":1},"title":"Palanque de Lula no Rio Grande do Sul continua cercado de incertezas","author":"Elmar Bones","date":"2 de junho de 2022","format":false,"excerpt":"A visita de Lula ao Rio Grande do Sul nesta quarta\/quinta-feira, foi um sucesso e um fracasso. Sucesso como exerc\u00edcio de mobiliza\u00e7\u00e3o da milit\u00e2ncia e alinhamento das pautas para a campanha que se avizinha. Impressionante a aflu\u00eancia\u00a0 em todos os eventos. Fracasso na tentativa de unificar uma frente que lhe\u2026","rel":"","context":"Em &quot;Geral-MAT\u00c9RIA&quot;","block_context":{"text":"Geral-MAT\u00c9RIA","link":"https:\/\/www.jornalja.com.br\/geral\/category\/geral\/"},"img":{"alt_text":"","src":"https:\/\/i0.wp.com\/www.jornalja.com.br\/geral\/wp-content\/uploads\/sites\/4\/2022\/06\/lula-em-porto-alegre-maio-2022.jpg?resize=350%2C200&ssl=1","width":350,"height":200,"srcset":"https:\/\/i0.wp.com\/www.jornalja.com.br\/geral\/wp-content\/uploads\/sites\/4\/2022\/06\/lula-em-porto-alegre-maio-2022.jpg?resize=350%2C200&ssl=1 1x, https:\/\/i0.wp.com\/www.jornalja.com.br\/geral\/wp-content\/uploads\/sites\/4\/2022\/06\/lula-em-porto-alegre-maio-2022.jpg?resize=525%2C300&ssl=1 1.5x, https:\/\/i0.wp.com\/www.jornalja.com.br\/geral\/wp-content\/uploads\/sites\/4\/2022\/06\/lula-em-porto-alegre-maio-2022.jpg?resize=700%2C400&ssl=1 2x"},"classes":[]},{"id":92502,"url":"https:\/\/www.jornalja.com.br\/geral\/lula-pode-ter-dois-palanques-no-rio-grande-do-sul\/","url_meta":{"origin":92724,"position":2},"title":"Lula pode ter dois palanques no Rio Grande do Sul","author":"da Reda\u00e7\u00e3o","date":"3 de maio de 2022","format":false,"excerpt":"Lula decidiu enfrentar o Rio Grande do Sul mesmo sem uma defini\u00e7\u00e3o da frente ampla que gostaria de ter no Estado em apoio \u00e0 sua candidatura. Num encontro em Brasilia , depois de duas horas com o ex-presidente, o deputado Edegar Pretto, pr\u00e9-candidato do PT ao governo ga\u00facho,\u00a0 saiu com\u2026","rel":"","context":"Em &quot;Geral-MAT\u00c9RIA&quot;","block_context":{"text":"Geral-MAT\u00c9RIA","link":"https:\/\/www.jornalja.com.br\/geral\/category\/geral\/"},"img":{"alt_text":"","src":"https:\/\/i0.wp.com\/www.jornalja.com.br\/geral\/wp-content\/uploads\/sites\/4\/2022\/05\/lula-e-edegar-pretto.jpg?resize=350%2C200&ssl=1","width":350,"height":200,"srcset":"https:\/\/i0.wp.com\/www.jornalja.com.br\/geral\/wp-content\/uploads\/sites\/4\/2022\/05\/lula-e-edegar-pretto.jpg?resize=350%2C200&ssl=1 1x, https:\/\/i0.wp.com\/www.jornalja.com.br\/geral\/wp-content\/uploads\/sites\/4\/2022\/05\/lula-e-edegar-pretto.jpg?resize=525%2C300&ssl=1 1.5x"},"classes":[]},{"id":93806,"url":"https:\/\/www.jornalja.com.br\/geral\/datafolha-reacao-petista-na-bahia-anima-campanha-de-pretto-nas-vesperas-da-visita-de-lula\/","url_meta":{"origin":92724,"position":3},"title":"Datafolha: rea\u00e7\u00e3o petista na Bahia anima campanha de Pretto na v\u00e9spera da visita de Lula ao Rio Grande do Sul","author":"da Reda\u00e7\u00e3o","date":"14 de setembro de 2022","format":false,"excerpt":"A rea\u00e7\u00e3o do petista Jer\u00f4nimo Rodrigues, na Bahia, deu novo \u00e2nimo \u00e0 campanha de Edegar Pretto, candidato do partido ao governo do Rio Grande do Sul. Segundo pesquisa do Datafolha, divulgada nesta quarta, o candidato do PT na Bahia deu um salto de 12 pontos a pouco mais de duas\u2026","rel":"","context":"Em &quot;Geral-MAT\u00c9RIA&quot;","block_context":{"text":"Geral-MAT\u00c9RIA","link":"https:\/\/www.jornalja.com.br\/geral\/category\/geral\/"},"img":{"alt_text":"","src":"https:\/\/i0.wp.com\/www.jornalja.com.br\/geral\/wp-content\/uploads\/sites\/4\/2022\/09\/edegar-pretto-e-lula-foto-ricardo-stuckert.jpg?resize=350%2C200&ssl=1","width":350,"height":200,"srcset":"https:\/\/i0.wp.com\/www.jornalja.com.br\/geral\/wp-content\/uploads\/sites\/4\/2022\/09\/edegar-pretto-e-lula-foto-ricardo-stuckert.jpg?resize=350%2C200&ssl=1 1x, https:\/\/i0.wp.com\/www.jornalja.com.br\/geral\/wp-content\/uploads\/sites\/4\/2022\/09\/edegar-pretto-e-lula-foto-ricardo-stuckert.jpg?resize=525%2C300&ssl=1 1.5x, https:\/\/i0.wp.com\/www.jornalja.com.br\/geral\/wp-content\/uploads\/sites\/4\/2022\/09\/edegar-pretto-e-lula-foto-ricardo-stuckert.jpg?resize=700%2C400&ssl=1 2x, https:\/\/i0.wp.com\/www.jornalja.com.br\/geral\/wp-content\/uploads\/sites\/4\/2022\/09\/edegar-pretto-e-lula-foto-ricardo-stuckert.jpg?resize=1050%2C600&ssl=1 3x"},"classes":[]},{"id":93779,"url":"https:\/\/www.jornalja.com.br\/geral\/na-reta-final-da-campanha-lula-faz-comicio-nos-tres-estados-do-sul\/","url_meta":{"origin":92724,"position":4},"title":"Na reta final da campanha: Lula faz com\u00edcio nos tr\u00eas Estados do Sul","author":"da Reda\u00e7\u00e3o","date":"11 de setembro de 2022","format":false,"excerpt":"Dia 16, em Porto Alegre, dia 17 em Curitiba e 18 em Florian\u00f3polis. Este \u00e9 o roteiro do ex-presidente Lula nesta semana, h\u00e1 15 dias do pleito. Em Porto Alegre, o candidato participa de um ato no Largo Gl\u00eanio Peres, junto ao Mercado P\u00fablico no cora\u00e7\u00e3o do centro hist\u00f3rico de\u2026","rel":"","context":"Em &quot;Geral-MAT\u00c9RIA&quot;","block_context":{"text":"Geral-MAT\u00c9RIA","link":"https:\/\/www.jornalja.com.br\/geral\/category\/geral\/"},"img":{"alt_text":"","src":"https:\/\/i0.wp.com\/www.jornalja.com.br\/geral\/wp-content\/uploads\/sites\/4\/2022\/09\/lula-preto-e-ruas-foto-caco-argemi.jpeg?resize=350%2C200&ssl=1","width":350,"height":200,"srcset":"https:\/\/i0.wp.com\/www.jornalja.com.br\/geral\/wp-content\/uploads\/sites\/4\/2022\/09\/lula-preto-e-ruas-foto-caco-argemi.jpeg?resize=350%2C200&ssl=1 1x, https:\/\/i0.wp.com\/www.jornalja.com.br\/geral\/wp-content\/uploads\/sites\/4\/2022\/09\/lula-preto-e-ruas-foto-caco-argemi.jpeg?resize=525%2C300&ssl=1 1.5x, https:\/\/i0.wp.com\/www.jornalja.com.br\/geral\/wp-content\/uploads\/sites\/4\/2022\/09\/lula-preto-e-ruas-foto-caco-argemi.jpeg?resize=700%2C400&ssl=1 2x, https:\/\/i0.wp.com\/www.jornalja.com.br\/geral\/wp-content\/uploads\/sites\/4\/2022\/09\/lula-preto-e-ruas-foto-caco-argemi.jpeg?resize=1050%2C600&ssl=1 3x"},"classes":[]},{"id":92703,"url":"https:\/\/www.jornalja.com.br\/geral\/pt-reune-mil-em-porto-alegre-para-organizar-a-campanha-de-edegar-pretto-em-todo-o-estado\/","url_meta":{"origin":92724,"position":5},"title":"PT re\u00fane mil pessoas em Porto Alegre para organizar a campanha de Edegar Pretto em todo o Estado","author":"da Reda\u00e7\u00e3o","date":"28 de maio de 2022","format":false,"excerpt":"Cerca de mil\u00a0 pessoas, segundo os organizadores, participaram do evento que o Partido dos Trabalhadores promoveu em Porto Alegre, nesta s\u00e1bado 28. \"O objetivo foi alinhar as estrat\u00e9gias e apresentar as diretrizes da nova fase na disputa\", segundo nota do partido. O ato reuniu militantes que que coordenar\u00e3o, em todas\u2026","rel":"","context":"Em &quot;Geral-MAT\u00c9RIA&quot;","block_context":{"text":"Geral-MAT\u00c9RIA","link":"https:\/\/www.jornalja.com.br\/geral\/category\/geral\/"},"img":{"alt_text":"","src":"https:\/\/i0.wp.com\/www.jornalja.com.br\/geral\/wp-content\/uploads\/sites\/4\/2022\/05\/eleicoes-2022-edegar-pretto-lanca-campanha-foto-rafael-stedile-scaled.jpg?resize=350%2C200&ssl=1","width":350,"height":200,"srcset":"https:\/\/i0.wp.com\/www.jornalja.com.br\/geral\/wp-content\/uploads\/sites\/4\/2022\/05\/eleicoes-2022-edegar-pretto-lanca-campanha-foto-rafael-stedile-scaled.jpg?resize=350%2C200&ssl=1 1x, https:\/\/i0.wp.com\/www.jornalja.com.br\/geral\/wp-content\/uploads\/sites\/4\/2022\/05\/eleicoes-2022-edegar-pretto-lanca-campanha-foto-rafael-stedile-scaled.jpg?resize=525%2C300&ssl=1 1.5x, https:\/\/i0.wp.com\/www.jornalja.com.br\/geral\/wp-content\/uploads\/sites\/4\/2022\/05\/eleicoes-2022-edegar-pretto-lanca-campanha-foto-rafael-stedile-scaled.jpg?resize=700%2C400&ssl=1 2x, https:\/\/i0.wp.com\/www.jornalja.com.br\/geral\/wp-content\/uploads\/sites\/4\/2022\/05\/eleicoes-2022-edegar-pretto-lanca-campanha-foto-rafael-stedile-scaled.jpg?resize=1050%2C600&ssl=1 3x, https:\/\/i0.wp.com\/www.jornalja.com.br\/geral\/wp-content\/uploads\/sites\/4\/2022\/05\/eleicoes-2022-edegar-pretto-lanca-campanha-foto-rafael-stedile-scaled.jpg?resize=1400%2C800&ssl=1 4x"},"classes":[]}],"jetpack_sharing_enabled":true,"_links":{"self":[{"href":"https:\/\/www.jornalja.com.br\/geral\/wp-json\/wp\/v2\/posts\/92724","targetHints":{"allow":["GET"]}}],"collection":[{"href":"https:\/\/www.jornalja.com.br\/geral\/wp-json\/wp\/v2\/posts"}],"about":[{"href":"https:\/\/www.jornalja.com.br\/geral\/wp-json\/wp\/v2\/types\/post"}],"author":[{"embeddable":true,"href":"https:\/\/www.jornalja.com.br\/geral\/wp-json\/wp\/v2\/users\/5"}],"replies":[{"embeddable":true,"href":"https:\/\/www.jornalja.com.br\/geral\/wp-json\/wp\/v2\/comments?post=92724"}],"version-history":[{"count":5,"href":"https:\/\/www.jornalja.com.br\/geral\/wp-json\/wp\/v2\/posts\/92724\/revisions"}],"predecessor-version":[{"id":92747,"href":"https:\/\/www.jornalja.com.br\/geral\/wp-json\/wp\/v2\/posts\/92724\/revisions\/92747"}],"wp:featuredmedia":[{"embeddable":true,"href":"https:\/\/www.jornalja.com.br\/geral\/wp-json\/wp\/v2\/media\/92738"}],"wp:attachment":[{"href":"https:\/\/www.jornalja.com.br\/geral\/wp-json\/wp\/v2\/media?parent=92724"}],"wp:term":[{"taxonomy":"category","embeddable":true,"href":"https:\/\/www.jornalja.com.br\/geral\/wp-json\/wp\/v2\/categories?post=92724"},{"taxonomy":"post_tag","embeddable":true,"href":"https:\/\/www.jornalja.com.br\/geral\/wp-json\/wp\/v2\/tags?post=92724"}],"curies":[{"name":"wp","href":"https:\/\/api.w.org\/{rel}","templated":true}]}}