{"id":92785,"date":"2022-06-03T12:07:10","date_gmt":"2022-06-03T15:07:10","guid":{"rendered":"https:\/\/www.jornalja.com.br\/geral\/?p=92785"},"modified":"2022-06-03T23:08:00","modified_gmt":"2022-06-04T02:08:00","slug":"representantes-de-cooperativas-levam-demandas-a-lula","status":"publish","type":"post","link":"https:\/\/www.jornalja.com.br\/geral\/representantes-de-cooperativas-levam-demandas-a-lula\/","title":{"rendered":"Representantes de cooperativas levam demandas a Lula"},"content":{"rendered":"<p>Na abertura do evento sobre cooperativismo com o ex-presidente Luiz In\u00e1cio Lula da Silva\u00a0 em Porto Alegre (RS), nesta quinta-feira, 2,\u00a0 representantes de diversas entidades do setor falaram das conquistas ao longo dos governos do PT e dos problemas vividos nos \u00faltimos anos.<\/p>\n<p>O ex-ministro do Desenvolvimento Agr\u00e1rio Guilherme Cassel falou da import\u00e2ncia das pol\u00edticas implementadas pelo governo Lula para a agricultura familiar. Foi a primeira vez, segundo ele, que houve um plano de safra espec\u00edfico para o setor, com cr\u00e9dito, assist\u00eancia t\u00e9cnica e seguros, e isso se traduziu rapidamente em resultados, inclusive para as cooperativas de pequenos produtores.<\/p>\n<p>\u201cDurante os 8 anos do seu governo, a renda m\u00e9dia da sociedade brasileira cresceu 13% em termos reais. J\u00e1 a renda da agricultura familiar e dos assentados de reforma agr\u00e1ria cresceu 33%, ou seja, quase tr\u00eas vezes mais. E isso n\u00e3o \u00e9 por acaso, \u00e9 consequ\u00eancia de pol\u00edticas direcionadas, com foco, com or\u00e7amento. Nos seus dois mandatos, 5,4 milh\u00f5es de pessoas no meio rural sa\u00edram da pobreza e isso n\u00e3o \u00e9 pouca coisa\u201d, destacou.<\/p>\n<p>Nelsa Nespolo, diretora-presidente das cooperativas Univens (Costureiras Unidas Venceremos) e Justa Trama, que re\u00fanem trabalhadoras do setor t\u00eaxtil no Rio Grande do Sul, falou sobre a uni\u00e3o das cooperadas e na inspira\u00e7\u00e3o que veio de uma frase dita pelo ex-presidente Lula.<\/p>\n<p>\u201cTodas n\u00f3s poder\u00edamos ter enfrentado nossos problemas de forma individual, mas decidimos encar\u00e1-los de forma coletiva, \u00e9 isso que n\u00f3s representamos. Cada um que est\u00e1 aqui representa muitos. Em n\u00fameros, n\u00f3s significamos muito, em pessoas e no que n\u00f3s conseguimos fazer na economia. Voc\u00ea nos inspirou a nos organizar. N\u00f3s n\u00e3o acumulamos, n\u00f3s distribu\u00edmos o resultado dos nossos ganhos. Na sede das nossas costureiras tem uma frase sua, que \u201ca coopera\u00e7\u00e3o \u00e9 um est\u00e1gio avan\u00e7ado da consci\u00eancia humana\u201d, contou.<\/p>\n<p>Representando a Federa\u00e7\u00e3o das Cooperativas de Energia e Telefonia do estado, Jos\u00e9 Zordan falou sobre a import\u00e2ncia que o Luz Para Todos teve ao levar energia para propriedades rurais (mais de 91 mil foram atendidas no RS), mas revelou que o setor agora enfrenta novos desafios, tanto na disputa com empresas maiores do setor el\u00e9trico quanto para manter a popula\u00e7\u00e3o jovem interessada no campo.<\/p>\n<p>\u201cAs cooperativas de eletrifica\u00e7\u00e3o rural sobrevivem brigando com as empresas porque a densidade dos moradores \u00e9 muito menor. Temos 15 cooperativas que levam eletricidade para cerca de 400 mil propriedades rurais. Depois do Luz Para Todos, agora precisamos ampliar a oferta e transformar as redes de monof\u00e1sica para trif\u00e1sica, criar mais subesta\u00e7\u00f5es para que o povo possa produzir. Al\u00e9m disso, precisamos levar internet de qualidade para o campo, os mais jovens precisam disso, os neg\u00f3cios tamb\u00e9m\u201d, disse ele.<\/p>\n<p>O diretor estadual do Movimento dos Trabalhadores Sem Terra (MST), Adelar Pretto, destacou que a produ\u00e7\u00e3o dos assentamentos vive um momento dif\u00edcil, n\u00e3o apenas pela falta de incentivo por parte do governo, mas tamb\u00e9m porque a seca do ano passado causou imensos preju\u00edzos.<\/p>\n<p>\u201cAinda vivemos um per\u00edodo muito dif\u00edcil, mas com esperan\u00e7a muito grande, para que o povo brasileiro volte a andar de cabe\u00e7a erguida. Queremos dizer que o cooperativismo para n\u00f3s \u00e9 essencial. \u00c9 assim que produzimos comida para alimentar a popula\u00e7\u00e3o brasileira. Nos tempos do PT, o governo comprava mais de 300 produtos do pequeno produtor, hoje o governo compra apenas gr\u00e3os para fazer ra\u00e7\u00e3o, \u00e9 muito pouco. E muita gente que foi prejudicada pela seca n\u00e3o vai receber o aux\u00edlio de R$ 1 mil que anunciaram agora porque estavam com o Cad\u00danico desatualizado, j\u00e1 que n\u00e3o vinha mais nada ali\u201d, denunciou.<\/p>\n<p>H\u00e9lio Marchioro, diretor-executivo da Federa\u00e7\u00e3o das Cooperativas Vin\u00edcolas do Rio Grande do Sul (Fecovinho) tamb\u00e9m trouxe para o evento a realidade enfrentada pelos produtores de vinho e suco de uva do estado. No cen\u00e1rio atual, quem faz a produ\u00e7\u00e3o acaba tendo de pagar caro para obter um financiamento acima do teto de R$ 15 milh\u00f5es por cooperativa dispon\u00edvel atualmente.<\/p>\n<p>\u201cO consumidor brasileiro n\u00e3o sabe que n\u00f3s pagamos para produzir, em outros pa\u00edses voc\u00ea ganha 100% do investimento. N\u00f3s pagamos o investimento, a produ\u00e7\u00e3o a custo de d\u00f3lar e vendemos no mercado interno a pre\u00e7o de real. Nesse processo, perdemos , pagamos o insumo, a carga tribut\u00e1ria, a tributa\u00e7\u00e3o da produ\u00e7\u00e3o, para garrafa, para rolha. Quando vamos vender suco de uva para escolas, precisamos pagar antes o tributo e vendemos a prazo\u201d, relatou.<\/p>\n<p>Representando o Movimento Nacional da Luta Pela Moradia (MNLM), Cristiano Schumacher relatou o cen\u00e1rio de abandono nas periferias e ocupa\u00e7\u00f5es, onde a fome voltou a fazer parte da realidade de milh\u00f5es de brasileiros, e pediu que a moradia popular volte a ser pauta do governo, como aconteceu nas administra\u00e7\u00f5es do PT com o Minha Casa Minha Vida, que entregou 212 mil unidades no Rio Grande do Sul.<\/p>\n<p>\u201cA gente viu nas periferias e nas ocupa\u00e7\u00f5es a mis\u00e9ria cada dia mais forte, onde a fome n\u00e3o \u00e9 s\u00f3 uma palavra, \u00e9 uma realidade. A gente v\u00ea no rosto das pessoas, a gente v\u00ea nas crian\u00e7as, as que n\u00e3o comem ficam irrequietas. Queremos trazer para o debate a experi\u00eancia das cooperativas habitacionais, queremos discutir o cr\u00e9dito e a coopera\u00e7\u00e3o. Precisamos pensar no desenvolvimento econ\u00f4mico e social dessas comunidades\u201d, disse ele.<\/p>\n<p>Maria Tugira Cardoso, da Associa\u00e7\u00e3o de Catadores Amigos da Natureza lembrou dos tempos dif\u00edceis, em que ela e outros cerca de 200 trabalhadores viviam de catar lixo em um aterro sanit\u00e1rio em Uruguaiana (RS), e de como esse cen\u00e1rio mudou com o apoio dos governos petistas, tanto nacional como estadual.<\/p>\n<p>\u201cConseguimos sair daquela mis\u00e9ria do lix\u00e3o e passar para uma associa\u00e7\u00e3o, fundar outras cooperativas. Tivemos apoio do Economia Solid\u00e1ria e o movimento nacional dos catadores nunca parou. N\u00f3s, catadores e catadoras, precisamos de uma pol\u00edtica para o setor da reciclagem, fomos perdendo nossos direitos, queremos viver dignamente do trabalho que conseguimos conquistar com muita luta, muita perseveran\u00e7a. Queremos uma pol\u00edtica s\u00e9ria e competente para n\u00e3o termos que voltar novamente para o lix\u00e3o\u201d, pediu.<\/p>\n<p>Presidente estadual da Uni\u00e3o Nacional das Cooperativas de Agricultura Familiar e Economia Solid\u00e1ria (Unicafes-RS), Gerv\u00e1sio Plucinski, pediu n\u00e3o apenas a retomada das pol\u00edticas de incentivo \u00e0 agricultura familiar e cooperativas, mas uma amplia\u00e7\u00e3o nas medidas que regem o setor.<\/p>\n<p>\u201cEste ano vai fazer 17 anos que fundamos a Unicafes nacional em Luzi\u00e2nia (GO) com mais de 1000 cooperativas presentes em 23 estados. Nesses \u00faltimos anos, perdemos muito, perdemos o minist\u00e9rio do Desenvolvimento Agr\u00e1rio e a maioria das pol\u00edticas acabaram ou foram enfraquecendo. O primeiro passo que precisamos pensar \u00e9 buscar de volta esse conjunto de pol\u00edticas, o PAA (Plano de Aquisi\u00e7\u00e3o de Alimentos) n\u00e3o tem mais recursos, \u00e9 importante para levar alimento para a sociedade\u201d, relembrou Plucinski.<\/p>\n<p>Para ele, \u00e9 necess\u00e1rio ir al\u00e9m. \u201cMas tamb\u00e9m precisamos dar um segundo passo, um programa Brasil Cooperativo, transformar o Brasil no pa\u00eds do cooperativismo. Est\u00e1 provado que as cooperativas criam um pa\u00eds melhor, elas distribuem a renda. Grandes empresas investem na bolsa, as cooperativas investem no pa\u00eds\u201d, concluiu.<\/p>\n<p>(<strong>Com informa\u00e7\u00f5es da Assessoria de Imprensa )<\/strong><\/p>\n","protected":false},"excerpt":{"rendered":"<p>Na abertura do evento sobre cooperativismo com o ex-presidente Luiz In\u00e1cio Lula da Silva\u00a0 em Porto Alegre (RS), nesta quinta-feira, 2,\u00a0 representantes de diversas entidades do setor falaram das conquistas ao longo dos governos do PT e dos problemas vividos nos \u00faltimos anos. O ex-ministro do Desenvolvimento Agr\u00e1rio Guilherme Cassel falou da import\u00e2ncia das pol\u00edticas [&hellip;]<\/p>\n","protected":false},"author":4,"featured_media":92786,"comment_status":"open","ping_status":"open","sticky":false,"template":"","format":"standard","meta":{"jetpack_post_was_ever_published":false,"_jetpack_newsletter_access":"","_jetpack_dont_email_post_to_subs":false,"_jetpack_newsletter_tier_id":0,"_jetpack_memberships_contains_paywalled_content":false,"_jetpack_memberships_contains_paid_content":false,"footnotes":"","jetpack_publicize_message":"","jetpack_publicize_feature_enabled":true,"jetpack_social_post_already_shared":true,"jetpack_social_options":{"image_generator_settings":{"template":"highway","default_image_id":0,"font":"","enabled":false},"version":2}},"categories":[28],"tags":[289,87,238,124,86,256,7,212,298,507,236,4,158,356,306,307,287,247,132,152,161,479,14,15,149,95,530,234,509],"class_list":["post-92785","post","type-post","status-publish","format-standard","has-post-thumbnail","hentry","category-geral-notas","tag-agricultura-familiar","tag-ari","tag-brasil","tag-cooperativismo","tag-cultura","tag-desenvolvimento","tag-economia","tag-energia","tag-escolas","tag-fome","tag-governo","tag-imprensa","tag-lula","tag-mel","tag-minha-casa","tag-minha-vida","tag-moradia","tag-politica","tag-porto-alegre","tag-prejuizo","tag-pt","tag-red","tag-rio-grande-do-sul","tag-rs","tag-sc","tag-sp","tag-stu","tag-tributacao","tag-uniao"],"aioseo_notices":[],"jetpack_publicize_connections":[],"jetpack_featured_media_url":"https:\/\/www.jornalja.com.br\/geral\/wp-content\/uploads\/sites\/4\/2022\/06\/lula-e-alckmin-com-cooperativistas.jpeg","jetpack_shortlink":"https:\/\/wp.me\/pbKhrD-o8x","jetpack-related-posts":[{"id":92703,"url":"https:\/\/www.jornalja.com.br\/geral\/pt-reune-mil-em-porto-alegre-para-organizar-a-campanha-de-edegar-pretto-em-todo-o-estado\/","url_meta":{"origin":92785,"position":0},"title":"PT re\u00fane mil pessoas em Porto Alegre para organizar a campanha de Edegar Pretto em todo o Estado","author":"da Reda\u00e7\u00e3o","date":"28 de maio de 2022","format":false,"excerpt":"Cerca de mil\u00a0 pessoas, segundo os organizadores, participaram do evento que o Partido dos Trabalhadores promoveu em Porto Alegre, nesta s\u00e1bado 28. \"O objetivo foi alinhar as estrat\u00e9gias e apresentar as diretrizes da nova fase na disputa\", segundo nota do partido. O ato reuniu militantes que que coordenar\u00e3o, em todas\u2026","rel":"","context":"Em &quot;Geral-MAT\u00c9RIA&quot;","block_context":{"text":"Geral-MAT\u00c9RIA","link":"https:\/\/www.jornalja.com.br\/geral\/category\/geral\/"},"img":{"alt_text":"","src":"https:\/\/i0.wp.com\/www.jornalja.com.br\/geral\/wp-content\/uploads\/sites\/4\/2022\/05\/eleicoes-2022-edegar-pretto-lanca-campanha-foto-rafael-stedile-scaled.jpg?resize=350%2C200&ssl=1","width":350,"height":200,"srcset":"https:\/\/i0.wp.com\/www.jornalja.com.br\/geral\/wp-content\/uploads\/sites\/4\/2022\/05\/eleicoes-2022-edegar-pretto-lanca-campanha-foto-rafael-stedile-scaled.jpg?resize=350%2C200&ssl=1 1x, https:\/\/i0.wp.com\/www.jornalja.com.br\/geral\/wp-content\/uploads\/sites\/4\/2022\/05\/eleicoes-2022-edegar-pretto-lanca-campanha-foto-rafael-stedile-scaled.jpg?resize=525%2C300&ssl=1 1.5x, https:\/\/i0.wp.com\/www.jornalja.com.br\/geral\/wp-content\/uploads\/sites\/4\/2022\/05\/eleicoes-2022-edegar-pretto-lanca-campanha-foto-rafael-stedile-scaled.jpg?resize=700%2C400&ssl=1 2x, https:\/\/i0.wp.com\/www.jornalja.com.br\/geral\/wp-content\/uploads\/sites\/4\/2022\/05\/eleicoes-2022-edegar-pretto-lanca-campanha-foto-rafael-stedile-scaled.jpg?resize=1050%2C600&ssl=1 3x, https:\/\/i0.wp.com\/www.jornalja.com.br\/geral\/wp-content\/uploads\/sites\/4\/2022\/05\/eleicoes-2022-edegar-pretto-lanca-campanha-foto-rafael-stedile-scaled.jpg?resize=1400%2C800&ssl=1 4x"},"classes":[]},{"id":101078,"url":"https:\/\/www.jornalja.com.br\/geral\/como-foi-costurado-o-acordo-que-fez-o-pt-apoiar-juliana-brizola\/","url_meta":{"origin":92785,"position":1},"title":"Como foi costurado o acordo que fez o PT apoiar Juliana Brizola","author":"da Reda\u00e7\u00e3o","date":"17 de abril de 2026","format":false,"excerpt":"O PDT foi o partido que mais perdeu representantes na \u201cjanela partid\u00e1ria\u201d que fechou em 3 de abril. Tinha tr\u00eas senadores, ficou com dois. Tinha 17 deputados federais, caiu para 11. Perdeu tamb\u00e9m 9 dos 43 deputados estaduais que elegeu em 2022. No \u00e2mbito municipal, o PDT tem prefeitos em\u2026","rel":"","context":"Em &quot;Geral-MAT\u00c9RIA&quot;","block_context":{"text":"Geral-MAT\u00c9RIA","link":"https:\/\/www.jornalja.com.br\/geral\/category\/geral\/"},"img":{"alt_text":"","src":"https:\/\/www.jornalja.com.br\/geral\/wp-content\/uploads\/sites\/4\/2026\/04\/pdt-lupi-juliana-e-lula.avif","width":350,"height":200,"srcset":"https:\/\/www.jornalja.com.br\/geral\/wp-content\/uploads\/sites\/4\/2026\/04\/pdt-lupi-juliana-e-lula.avif 1x, https:\/\/www.jornalja.com.br\/geral\/wp-content\/uploads\/sites\/4\/2026\/04\/pdt-lupi-juliana-e-lula.avif 1.5x, https:\/\/www.jornalja.com.br\/geral\/wp-content\/uploads\/sites\/4\/2026\/04\/pdt-lupi-juliana-e-lula.avif 2x"},"classes":[]},{"id":92681,"url":"https:\/\/www.jornalja.com.br\/geral\/lula-tenta-costurar-alianca-dos-sonhos-para-derrotar-o-bolsonarismo-no-rio-grande-do-sul\/","url_meta":{"origin":92785,"position":2},"title":"Lula tenta costurar &#8220;alian\u00e7a dos sonhos&#8221; para derrotar o bolsonarismo no Rio Grande do Sul","author":"da Reda\u00e7\u00e3o","date":"26 de maio de 2022","format":false,"excerpt":"Pr\u00e9-candidato \u00e0 presid\u00eancia da Rep\u00fablica, com 48% das inten\u00e7\u00f5es de votos e vit\u00f3ria assegurada no primeiro turno, se a elei\u00e7\u00e3o fosse amanh\u00e3. Com essas credenciais o ex-presidente Lula desembarca em Porto Alegre nesta quarta-feira, 1 de junho. O primeiro evento programado em Porto Alegre, por\u00e9m, \u00a0ser\u00e1 em local fechado, uma\u2026","rel":"","context":"Em &quot;Geral-MAT\u00c9RIA&quot;","block_context":{"text":"Geral-MAT\u00c9RIA","link":"https:\/\/www.jornalja.com.br\/geral\/category\/geral\/"},"img":{"alt_text":"","src":"https:\/\/i0.wp.com\/www.jornalja.com.br\/geral\/wp-content\/uploads\/sites\/4\/2022\/05\/eleicoes-2022-lula-com-kalil.jpg?resize=350%2C200&ssl=1","width":350,"height":200},"classes":[]},{"id":92580,"url":"https:\/\/www.jornalja.com.br\/geral\/eleicoes-2022-edegar-pretto-vai-debater-programa-de-governo-em-assembleias-regionais\/","url_meta":{"origin":92785,"position":3},"title":"Elei\u00e7\u00f5es 2022:  Edegar Pretto vai debater programa de governo em assembleias regionais","author":"da Reda\u00e7\u00e3o","date":"13 de maio de 2022","format":false,"excerpt":"Em evento que reuniu cerca de 400 pessoas na noite desta quarta-feira (11), em Porto Alegre, o pr\u00e9-candidato do PT ao Governo do Estado, Edegar Pretto, disse que os pr\u00f3ximos passos da sua jornada rumo \u00e0s elei\u00e7\u00f5es de 2022 s\u00e3o as assembleias populares. O objetivo \u00e9 reunir todas as regi\u00f5es\u2026","rel":"","context":"Em &quot;Geral-MAT\u00c9RIA&quot;","block_context":{"text":"Geral-MAT\u00c9RIA","link":"https:\/\/www.jornalja.com.br\/geral\/category\/geral\/"},"img":{"alt_text":"","src":"https:\/\/i0.wp.com\/www.jornalja.com.br\/geral\/wp-content\/uploads\/sites\/4\/2022\/05\/eleicoes-2022-pt-1105-foto-rafael-stedile-scaled.jpg?resize=350%2C200&ssl=1","width":350,"height":200,"srcset":"https:\/\/i0.wp.com\/www.jornalja.com.br\/geral\/wp-content\/uploads\/sites\/4\/2022\/05\/eleicoes-2022-pt-1105-foto-rafael-stedile-scaled.jpg?resize=350%2C200&ssl=1 1x, https:\/\/i0.wp.com\/www.jornalja.com.br\/geral\/wp-content\/uploads\/sites\/4\/2022\/05\/eleicoes-2022-pt-1105-foto-rafael-stedile-scaled.jpg?resize=525%2C300&ssl=1 1.5x, https:\/\/i0.wp.com\/www.jornalja.com.br\/geral\/wp-content\/uploads\/sites\/4\/2022\/05\/eleicoes-2022-pt-1105-foto-rafael-stedile-scaled.jpg?resize=700%2C400&ssl=1 2x, https:\/\/i0.wp.com\/www.jornalja.com.br\/geral\/wp-content\/uploads\/sites\/4\/2022\/05\/eleicoes-2022-pt-1105-foto-rafael-stedile-scaled.jpg?resize=1050%2C600&ssl=1 3x, https:\/\/i0.wp.com\/www.jornalja.com.br\/geral\/wp-content\/uploads\/sites\/4\/2022\/05\/eleicoes-2022-pt-1105-foto-rafael-stedile-scaled.jpg?resize=1400%2C800&ssl=1 4x"},"classes":[]},{"id":93676,"url":"https:\/\/www.jornalja.com.br\/geral\/lula-confirma-ato-com-edegar-preto-em-porto-alegre-dia-15-local-nao-foi-definido-anda\/","url_meta":{"origin":92785,"position":4},"title":"Lula confirma ato com Edegar Pretto em Porto Alegre dia 15: local n\u00e3o foi definido ainda","author":"da Reda\u00e7\u00e3o","date":"5 de setembro de 2022","format":false,"excerpt":"Candidato \u00e0 presid\u00eancia da Rep\u00fablica, Luiz In\u00e1cio Lula da Silva estar\u00e1 em Porto Alegre no dia 15 de setembro, numa quinta-feira, para um grande ato com a participa\u00e7\u00e3o de Edegar Pretto, que concorre a governador do Rio Grande do Sul. A atividade de campanha ter\u00e1 in\u00edcio \u00e0s 17 horas. O\u2026","rel":"","context":"Em &quot;Geral-MAT\u00c9RIA&quot;","block_context":{"text":"Geral-MAT\u00c9RIA","link":"https:\/\/www.jornalja.com.br\/geral\/category\/geral\/"},"img":{"alt_text":"","src":"https:\/\/i0.wp.com\/www.jornalja.com.br\/geral\/wp-content\/uploads\/sites\/4\/2022\/09\/edegar-pretto-e-lula-foto-ricardo-stuckert.jpg?resize=350%2C200&ssl=1","width":350,"height":200,"srcset":"https:\/\/i0.wp.com\/www.jornalja.com.br\/geral\/wp-content\/uploads\/sites\/4\/2022\/09\/edegar-pretto-e-lula-foto-ricardo-stuckert.jpg?resize=350%2C200&ssl=1 1x, https:\/\/i0.wp.com\/www.jornalja.com.br\/geral\/wp-content\/uploads\/sites\/4\/2022\/09\/edegar-pretto-e-lula-foto-ricardo-stuckert.jpg?resize=525%2C300&ssl=1 1.5x, https:\/\/i0.wp.com\/www.jornalja.com.br\/geral\/wp-content\/uploads\/sites\/4\/2022\/09\/edegar-pretto-e-lula-foto-ricardo-stuckert.jpg?resize=700%2C400&ssl=1 2x, https:\/\/i0.wp.com\/www.jornalja.com.br\/geral\/wp-content\/uploads\/sites\/4\/2022\/09\/edegar-pretto-e-lula-foto-ricardo-stuckert.jpg?resize=1050%2C600&ssl=1 3x"},"classes":[]},{"id":100444,"url":"https:\/\/www.jornalja.com.br\/geral\/ano-comeca-com-lula-e-dilma-na-retomada-do-polo-naval-de-rio-gramde\/","url_meta":{"origin":92785,"position":5},"title":"Ano come\u00e7a com Lula e Dilma na retomada do Polo Naval de Rio Grande","author":"da Reda\u00e7\u00e3o","date":"23 de dezembro de 2025","format":false,"excerpt":"Um ano depois da assinatura do primeiro contrato que marca a retomada do Polo Naval, em Rio Grande, o presidente Lula volta \u00e0 cidade neste 7 de janeiro,\u00a0 dando partida \u00e0 constru\u00e7\u00e3o de quatro navios\u00a0 encomendados pela Transpetro. Da primeira vez, em fevereiro de 2025, ele trouxe o vice-presidente Geraldo\u00a0\u2026","rel":"","context":"Em &quot;Geral-MAT\u00c9RIA&quot;","block_context":{"text":"Geral-MAT\u00c9RIA","link":"https:\/\/www.jornalja.com.br\/geral\/category\/geral\/"},"img":{"alt_text":"","src":"https:\/\/i0.wp.com\/www.jornalja.com.br\/geral\/wp-content\/uploads\/sites\/4\/2025\/12\/polo-naval-no-auge-construcao-de-plataformas.png?resize=350%2C200&ssl=1","width":350,"height":200},"classes":[]}],"jetpack_sharing_enabled":true,"_links":{"self":[{"href":"https:\/\/www.jornalja.com.br\/geral\/wp-json\/wp\/v2\/posts\/92785","targetHints":{"allow":["GET"]}}],"collection":[{"href":"https:\/\/www.jornalja.com.br\/geral\/wp-json\/wp\/v2\/posts"}],"about":[{"href":"https:\/\/www.jornalja.com.br\/geral\/wp-json\/wp\/v2\/types\/post"}],"author":[{"embeddable":true,"href":"https:\/\/www.jornalja.com.br\/geral\/wp-json\/wp\/v2\/users\/4"}],"replies":[{"embeddable":true,"href":"https:\/\/www.jornalja.com.br\/geral\/wp-json\/wp\/v2\/comments?post=92785"}],"version-history":[{"count":3,"href":"https:\/\/www.jornalja.com.br\/geral\/wp-json\/wp\/v2\/posts\/92785\/revisions"}],"predecessor-version":[{"id":92790,"href":"https:\/\/www.jornalja.com.br\/geral\/wp-json\/wp\/v2\/posts\/92785\/revisions\/92790"}],"wp:featuredmedia":[{"embeddable":true,"href":"https:\/\/www.jornalja.com.br\/geral\/wp-json\/wp\/v2\/media\/92786"}],"wp:attachment":[{"href":"https:\/\/www.jornalja.com.br\/geral\/wp-json\/wp\/v2\/media?parent=92785"}],"wp:term":[{"taxonomy":"category","embeddable":true,"href":"https:\/\/www.jornalja.com.br\/geral\/wp-json\/wp\/v2\/categories?post=92785"},{"taxonomy":"post_tag","embeddable":true,"href":"https:\/\/www.jornalja.com.br\/geral\/wp-json\/wp\/v2\/tags?post=92785"}],"curies":[{"name":"wp","href":"https:\/\/api.w.org\/{rel}","templated":true}]}}