{"id":92792,"date":"2022-06-06T06:49:37","date_gmt":"2022-06-06T09:49:37","guid":{"rendered":"https:\/\/www.jornalja.com.br\/geral\/?p=92792"},"modified":"2022-07-04T01:54:25","modified_gmt":"2022-07-04T04:54:25","slug":"eleicoes-2022-pstu-lanca-pre-candidatas-com-criticas-ao-pt-e-a-politica-da-conciliacao","status":"publish","type":"post","link":"https:\/\/www.jornalja.com.br\/geral\/eleicoes-2022-pstu-lanca-pre-candidatas-com-criticas-ao-pt-e-a-politica-da-conciliacao\/","title":{"rendered":"Elei\u00e7\u00f5es 2022: PSTU lan\u00e7a pr\u00e9-candidatas com cr\u00edticas ao PT e \u00e0 &#8220;politica da concilia\u00e7\u00e3o&#8221; \u00a0"},"content":{"rendered":"<p>O PSTU e o Polo Socialista Revolucion\u00e1rio lan\u00e7aram no s\u00e1bado, 04, como pr\u00e9-candidata ao governo do Rio Grande do Sul nas elei\u00e7\u00f5es de outubro, a educadora Rejane de Oliveira. Ativista sindical, negra, socialista e duas vezes presidente do CPERS, ela \u00e9 a \u00fanica candidata feminina ao cargo no Rio Grande do Sul.<\/p>\n<p>No evento, com a presen\u00e7a de Vera L\u00facia, pr\u00e9-candidata \u00e0 Presid\u00eancia da Rep\u00fablica pelo partido, \u00a0foram lan\u00e7adas tamb\u00e9m as candidaturas de Ana Rita \u00e0 deputada estadual e Nikaia Vitor \u00e0 deputada federal.<\/p>\n<p>&#8220;S\u00f3 um partido como o PSTU,\u00a0 profundamente enra\u00edzado com suas origens e pr\u00e1ticas populares tem a coragem de lan\u00e7ar duas mulheres, negras e socialistas, a cargos de tal envergadura nas elei\u00e7\u00f5es de 2022 \u201c, discursou Rejane de Oliveira.<\/p>\n<p>As pr\u00e9- candidatas fizeram cr\u00edticas\u00a0 ao governo federal e ao estadual. \u201cOs governos de direita e liberais no Brasil, praticam cada vez mais uma pol\u00edtica de exterm\u00ednio contra negros, pobres, popula\u00e7\u00f5es ind\u00edgenas, trabalhadores do campo e da cidade, al\u00e9m de de grupos minorit\u00e1rios. Eles decidiram que n\u00f3s vamos morrer. Pois essas nossas pr\u00e9-candidaturas atrav\u00e9s do PSTU e do Polo Socialista Revolucion\u00e1rio, \u00e9 justamente para dizer isso; N\u00f3s decidimos que n\u00e3o vamos morrer. Vamos lutar por uma sociedade mais justa e na cren\u00e7a que um outro mundo \u00e9 poss\u00edvel\u201d, falou a pr\u00e9- candidata ao governo ga\u00facho.<\/p>\n<p><strong>Cr\u00edticas ao PT e ao PSOL<\/strong><\/p>\n<p>Rejane de Oliveira tamb\u00e9m criticou a pol\u00edtica de concilia\u00e7\u00e3o do PT com partidos e nomes que contribu\u00edram para a derrubada da ex-presidente Dilma Roussef da presid\u00eancia da Rep\u00fablica em 2016, afirmando que o PT, \u201cem nome da escolha do menos pior, se alia a golpistas\u201d, referindo-se \u00e0 presen\u00e7a do ex-governador Geraldo Alkmin, do PSDB, como vice na chapa de Lula.<\/p>\n<p>No \u00e2mbito estadual a pr\u00e9-candidata do PSTU criticou igualmente o PSOL,\u201d em aceitar acordo com quem sempre divergiu. N\u00f3s do PSTU temos coer\u00eancia e princ\u00edpios que n\u00e3o mudam\u201d.<\/p>\n<p>A pr\u00e9 candidata \u00e0 presid\u00eancia da Rep\u00fablica, Vera L\u00facia, destacou em sua fala que a primeira medida a ser tomada em governo do PSTU, \u00e9 a taxa\u00e7\u00e3o das grandes fortunas brasileiras. \u201cPara resolver o problema da fome, da falta de moradia, da sa\u00fade, de saneamento e outros que afligem a popula\u00e7\u00e3o pobre do Pa\u00eds, n\u00f3s vamos tirar dos mais ricos. Come\u00e7ando pelos 315 bilion\u00e1rios brasileiros e das maiores empresas. N\u00e3o vamos pagar a d\u00edvida p\u00fablica. S\u00f3 agora em 2022 est\u00e1 reservado para pagamento dessa d\u00edvida a grupos privados, a bagatela de um trilh\u00e3o e 880 bilh\u00f5es de reais. Com esse dinheiro daria para pagar um melhor sal\u00e1rio m\u00ednimo aos trabalhadores, resolver problema das Educa\u00e7\u00e3o e Sa\u00fade p\u00fablica\u201d, explicou Vera.<\/p>\n<p>J\u00falio Flores, nome hist\u00f3rico do PSTU ga\u00facho compareceu ao evento e foi saudado pelos oradores. Cerca de 300 pessoas estiveram no local. Entre eles representa\u00e7\u00f5es dos diret\u00f3rios municipais do partido, que mandaram caravanas do interior e representantes de entidades e organiza\u00e7\u00f5es dos trabalhadores.<\/p>\n<p>Pelo Polo Socialista Revolucion\u00e1rio compareceram a CST (Corrente Socialista dos Trabalhadores), o MRT (Movimento Revolucion\u00e1rio dos Trabalhadores) e trabalhadores rurais vinculado ao Assentamento Madre Terra. Assim como o CEDS (Centro de Estudos e Debates Socialistas) e dirigentes da Tribuna Classista. Ind\u00edgenas Mby\u00e1- Guarani igualmente se fizeram representar.<\/p>\n<p><em>Texto: Higino Barros<\/em><\/p>\n<p><em>Fotos: Ramiro Furquim<\/em><\/p>\n<p>&nbsp;<\/p>\n","protected":false},"excerpt":{"rendered":"<p>O PSTU e o Polo Socialista Revolucion\u00e1rio lan\u00e7aram no s\u00e1bado, 04, como pr\u00e9-candidata ao governo do Rio Grande do Sul nas elei\u00e7\u00f5es de outubro, a educadora Rejane de Oliveira. Ativista sindical, negra, socialista e duas vezes presidente do CPERS, ela \u00e9 a \u00fanica candidata feminina ao cargo no Rio Grande do Sul. No evento, com [&hellip;]<\/p>\n","protected":false},"author":4,"featured_media":92793,"comment_status":"open","ping_status":"open","sticky":false,"template":"","format":"standard","meta":{"jetpack_post_was_ever_published":false,"_jetpack_newsletter_access":"","_jetpack_dont_email_post_to_subs":false,"_jetpack_newsletter_tier_id":0,"_jetpack_memberships_contains_paywalled_content":false,"_jetpack_memberships_contains_paid_content":false,"footnotes":"","jetpack_publicize_message":"","jetpack_publicize_feature_enabled":true,"jetpack_social_post_already_shared":true,"jetpack_social_options":{"image_generator_settings":{"template":"highway","default_image_id":0,"font":"","enabled":false},"version":2}},"categories":[2],"tags":[87,238,225,67,430,138,29,45,261,507,236,158,356,287,247,161,14,15,374,38,149,95,530],"class_list":["post-92792","post","type-post","status-publish","format-standard","has-post-thumbnail","hentry","category-geral","tag-ari","tag-brasil","tag-caravana","tag-cpers","tag-dilma","tag-divida","tag-divida-publica","tag-educacao","tag-eleicoes","tag-fome","tag-governo","tag-lula","tag-mel","tag-moradia","tag-politica","tag-pt","tag-rio-grande-do-sul","tag-rs","tag-saneamento","tag-saude","tag-sc","tag-sp","tag-stu"],"aioseo_notices":[],"jetpack_publicize_connections":[],"jetpack_featured_media_url":"https:\/\/www.jornalja.com.br\/geral\/wp-content\/uploads\/sites\/4\/2022\/06\/eleicoes-2022-pstu-lanca-foto-principal-scaled.jpg","jetpack_shortlink":"https:\/\/wp.me\/pbKhrD-o8E","jetpack-related-posts":[{"id":92753,"url":"https:\/\/www.jornalja.com.br\/geral\/ex-presidente-do-cpers-rejane-de-oliveira-sera-candidata-do-pstu-ao-governo-gaucho\/","url_meta":{"origin":92792,"position":0},"title":"Ex-presidente do CPERS, Rejane de Oliveira ser\u00e1 candidata do PSTU ao governo ga\u00facho","author":"da Reda\u00e7\u00e3o","date":"1 de junho de 2022","format":false,"excerpt":"Negra, educadora, socialista e \u00fanica pr\u00e9-candidata feminina ao governo do Rio Grande do Sul, nas elei\u00e7\u00f5es de 2022. Assim o PSTU apresenta Rejane de Oliveira, conhecida l\u00edder sindical, duas vezes presidente do CPERS, pr\u00e9-candidata do partido ao governo do Rio Grande do Sul. O lan\u00e7amento ser\u00e1 no pr\u00f3ximo s\u00e1bado, dia\u2026","rel":"","context":"Em &quot;Geral-MAT\u00c9RIA&quot;","block_context":{"text":"Geral-MAT\u00c9RIA","link":"https:\/\/www.jornalja.com.br\/geral\/category\/geral\/"},"img":{"alt_text":"","src":"https:\/\/i0.wp.com\/www.jornalja.com.br\/geral\/wp-content\/uploads\/sites\/4\/2022\/06\/rejane-foto-pstu.png?resize=350%2C200&ssl=1","width":350,"height":200,"srcset":"https:\/\/i0.wp.com\/www.jornalja.com.br\/geral\/wp-content\/uploads\/sites\/4\/2022\/06\/rejane-foto-pstu.png?resize=350%2C200&ssl=1 1x, https:\/\/i0.wp.com\/www.jornalja.com.br\/geral\/wp-content\/uploads\/sites\/4\/2022\/06\/rejane-foto-pstu.png?resize=525%2C300&ssl=1 1.5x, https:\/\/i0.wp.com\/www.jornalja.com.br\/geral\/wp-content\/uploads\/sites\/4\/2022\/06\/rejane-foto-pstu.png?resize=700%2C400&ssl=1 2x"},"classes":[]},{"id":101078,"url":"https:\/\/www.jornalja.com.br\/geral\/como-foi-costurado-o-acordo-que-fez-o-pt-apoiar-juliana-brizola\/","url_meta":{"origin":92792,"position":1},"title":"Como foi costurado o acordo que fez o PT apoiar Juliana Brizola","author":"da Reda\u00e7\u00e3o","date":"17 de abril de 2026","format":false,"excerpt":"O PDT foi o partido que mais perdeu representantes na \u201cjanela partid\u00e1ria\u201d que fechou em 3 de abril. Tinha tr\u00eas senadores, ficou com dois. Tinha 17 deputados federais, caiu para 11. Perdeu tamb\u00e9m 9 dos 43 deputados estaduais que elegeu em 2022. No \u00e2mbito municipal, o PDT tem prefeitos em\u2026","rel":"","context":"Em &quot;Geral-MAT\u00c9RIA&quot;","block_context":{"text":"Geral-MAT\u00c9RIA","link":"https:\/\/www.jornalja.com.br\/geral\/category\/geral\/"},"img":{"alt_text":"","src":"https:\/\/www.jornalja.com.br\/geral\/wp-content\/uploads\/sites\/4\/2026\/04\/pdt-lupi-juliana-e-lula.avif","width":350,"height":200,"srcset":"https:\/\/www.jornalja.com.br\/geral\/wp-content\/uploads\/sites\/4\/2026\/04\/pdt-lupi-juliana-e-lula.avif 1x, https:\/\/www.jornalja.com.br\/geral\/wp-content\/uploads\/sites\/4\/2026\/04\/pdt-lupi-juliana-e-lula.avif 1.5x, https:\/\/www.jornalja.com.br\/geral\/wp-content\/uploads\/sites\/4\/2026\/04\/pdt-lupi-juliana-e-lula.avif 2x"},"classes":[]},{"id":93614,"url":"https:\/\/www.jornalja.com.br\/geral\/eleicoes-2022-candidata-a-presidencia-pelo-pstu-faz-campanha-no-rs\/","url_meta":{"origin":92792,"position":2},"title":"Elei\u00e7\u00f5es 2022: candidata \u00e0 presid\u00eancia pelo PSTU faz campanha no RS","author":"da Reda\u00e7\u00e3o","date":"29 de agosto de 2022","format":false,"excerpt":"A candidata \u00e0 presid\u00eancia da Rep\u00fablica pelo PSTU, Vera L\u00facia, ficar\u00e1 quatro dias no Rio Grande do Sul, a partir desta segunda-feira, dia 29. Vera L\u00facia concorre ao cargo, tendo a ind\u00edgena Kun\u00e3 Ypor\u00e3 (Raquel Trememb\u00e9), da etnia Trememb\u00e9, do Maranh\u00e3o, como candidata a vice-presidente. No seu percurso pelo interior\u2026","rel":"","context":"Em &quot;Geral-MAT\u00c9RIA&quot;","block_context":{"text":"Geral-MAT\u00c9RIA","link":"https:\/\/www.jornalja.com.br\/geral\/category\/geral\/"},"img":{"alt_text":"","src":"https:\/\/i0.wp.com\/www.jornalja.com.br\/geral\/wp-content\/uploads\/sites\/4\/2022\/08\/eleicoes-2022-candidata-do-pstu-a-presidencia-vera-lucia-1.jpg?resize=350%2C200&ssl=1","width":350,"height":200,"srcset":"https:\/\/i0.wp.com\/www.jornalja.com.br\/geral\/wp-content\/uploads\/sites\/4\/2022\/08\/eleicoes-2022-candidata-do-pstu-a-presidencia-vera-lucia-1.jpg?resize=350%2C200&ssl=1 1x, https:\/\/i0.wp.com\/www.jornalja.com.br\/geral\/wp-content\/uploads\/sites\/4\/2022\/08\/eleicoes-2022-candidata-do-pstu-a-presidencia-vera-lucia-1.jpg?resize=525%2C300&ssl=1 1.5x"},"classes":[]},{"id":93013,"url":"https:\/\/www.jornalja.com.br\/geral\/eleicao-2022-candidata-do-pstu-comemora-indice-igual-ao-de-simone-tebet-do-mdb\/","url_meta":{"origin":92792,"position":3},"title":"Elei\u00e7\u00e3o 2022: Candidata do PSTU comemora \u00edndice &#8220;igual ao de Simone Tebet, do MDB&#8221;","author":"da Reda\u00e7\u00e3o","date":"7 de julho de 2022","format":false,"excerpt":"Resultado da pesquisa do Instituto DataFolha, sobre a disputa eleitoral para a presid\u00eancia da Rep\u00fablica, do dia 24 de junho trouxe uma novidade e surpresa nos n\u00fameros: Vera L\u00facia, a pr\u00e9-candidata \u00e0 presid\u00eancia da Rep\u00fablica pelo PSTU e do Polo Socialista Revolucion\u00e1rio marcou 1% na inten\u00e7\u00e3o de votos do eleitor\u2026","rel":"","context":"Em &quot;Geral-MAT\u00c9RIA&quot;","block_context":{"text":"Geral-MAT\u00c9RIA","link":"https:\/\/www.jornalja.com.br\/geral\/category\/geral\/"},"img":{"alt_text":"","src":"https:\/\/i0.wp.com\/www.jornalja.com.br\/geral\/wp-content\/uploads\/sites\/4\/2022\/07\/eleicoes-2022-candndata-do-pstu-scaled.jpg?resize=350%2C200&ssl=1","width":350,"height":200,"srcset":"https:\/\/i0.wp.com\/www.jornalja.com.br\/geral\/wp-content\/uploads\/sites\/4\/2022\/07\/eleicoes-2022-candndata-do-pstu-scaled.jpg?resize=350%2C200&ssl=1 1x, https:\/\/i0.wp.com\/www.jornalja.com.br\/geral\/wp-content\/uploads\/sites\/4\/2022\/07\/eleicoes-2022-candndata-do-pstu-scaled.jpg?resize=525%2C300&ssl=1 1.5x, https:\/\/i0.wp.com\/www.jornalja.com.br\/geral\/wp-content\/uploads\/sites\/4\/2022\/07\/eleicoes-2022-candndata-do-pstu-scaled.jpg?resize=700%2C400&ssl=1 2x, https:\/\/i0.wp.com\/www.jornalja.com.br\/geral\/wp-content\/uploads\/sites\/4\/2022\/07\/eleicoes-2022-candndata-do-pstu-scaled.jpg?resize=1050%2C600&ssl=1 3x, https:\/\/i0.wp.com\/www.jornalja.com.br\/geral\/wp-content\/uploads\/sites\/4\/2022\/07\/eleicoes-2022-candndata-do-pstu-scaled.jpg?resize=1400%2C800&ssl=1 4x"},"classes":[]},{"id":90081,"url":"https:\/\/www.jornalja.com.br\/geral\/eleicoes-2022-pt-lanca-edgar-pretto-ao-governo-gaucho-pmdb-decide-em-dezembro\/","url_meta":{"origin":92792,"position":4},"title":"Elei\u00e7\u00f5es 2022: PT lan\u00e7a Edgar Pretto ao governo ga\u00facho; PMDB decide em dezembro","author":"Felipe Uhr","date":"17 de setembro de 2021","format":false,"excerpt":"Os\u00a0 dois partidos com as maiores bancadas na Assembleia Legislativa, PT e MDB confirmaram esta semana que ter\u00e3o candidatos pr\u00f3prio ao governo do Estado em 2022. Ao lado dos ex-governadores Ol\u00edvio Dutra e Tarso Genro, o deputado estadual\u00a0 Edegar Pretto foi anunciado como pr\u00e9-candidato do Partido dos Trabalhadores. Em sua\u2026","rel":"","context":"Em &quot;Geral-MAT\u00c9RIA&quot;","block_context":{"text":"Geral-MAT\u00c9RIA","link":"https:\/\/www.jornalja.com.br\/geral\/category\/geral\/"},"img":{"alt_text":"","src":"https:\/\/i0.wp.com\/www.jornalja.com.br\/geral\/wp-content\/uploads\/sites\/4\/2021\/09\/17161816-1634856-gd.jpg?resize=350%2C200&ssl=1","width":350,"height":200,"srcset":"https:\/\/i0.wp.com\/www.jornalja.com.br\/geral\/wp-content\/uploads\/sites\/4\/2021\/09\/17161816-1634856-gd.jpg?resize=350%2C200&ssl=1 1x, https:\/\/i0.wp.com\/www.jornalja.com.br\/geral\/wp-content\/uploads\/sites\/4\/2021\/09\/17161816-1634856-gd.jpg?resize=525%2C300&ssl=1 1.5x, https:\/\/i0.wp.com\/www.jornalja.com.br\/geral\/wp-content\/uploads\/sites\/4\/2021\/09\/17161816-1634856-gd.jpg?resize=700%2C400&ssl=1 2x"},"classes":[]},{"id":92681,"url":"https:\/\/www.jornalja.com.br\/geral\/lula-tenta-costurar-alianca-dos-sonhos-para-derrotar-o-bolsonarismo-no-rio-grande-do-sul\/","url_meta":{"origin":92792,"position":5},"title":"Lula tenta costurar &#8220;alian\u00e7a dos sonhos&#8221; para derrotar o bolsonarismo no Rio Grande do Sul","author":"da Reda\u00e7\u00e3o","date":"26 de maio de 2022","format":false,"excerpt":"Pr\u00e9-candidato \u00e0 presid\u00eancia da Rep\u00fablica, com 48% das inten\u00e7\u00f5es de votos e vit\u00f3ria assegurada no primeiro turno, se a elei\u00e7\u00e3o fosse amanh\u00e3. Com essas credenciais o ex-presidente Lula desembarca em Porto Alegre nesta quarta-feira, 1 de junho. O primeiro evento programado em Porto Alegre, por\u00e9m, \u00a0ser\u00e1 em local fechado, uma\u2026","rel":"","context":"Em &quot;Geral-MAT\u00c9RIA&quot;","block_context":{"text":"Geral-MAT\u00c9RIA","link":"https:\/\/www.jornalja.com.br\/geral\/category\/geral\/"},"img":{"alt_text":"","src":"https:\/\/i0.wp.com\/www.jornalja.com.br\/geral\/wp-content\/uploads\/sites\/4\/2022\/05\/eleicoes-2022-lula-com-kalil.jpg?resize=350%2C200&ssl=1","width":350,"height":200},"classes":[]}],"jetpack_sharing_enabled":true,"_links":{"self":[{"href":"https:\/\/www.jornalja.com.br\/geral\/wp-json\/wp\/v2\/posts\/92792","targetHints":{"allow":["GET"]}}],"collection":[{"href":"https:\/\/www.jornalja.com.br\/geral\/wp-json\/wp\/v2\/posts"}],"about":[{"href":"https:\/\/www.jornalja.com.br\/geral\/wp-json\/wp\/v2\/types\/post"}],"author":[{"embeddable":true,"href":"https:\/\/www.jornalja.com.br\/geral\/wp-json\/wp\/v2\/users\/4"}],"replies":[{"embeddable":true,"href":"https:\/\/www.jornalja.com.br\/geral\/wp-json\/wp\/v2\/comments?post=92792"}],"version-history":[{"count":1,"href":"https:\/\/www.jornalja.com.br\/geral\/wp-json\/wp\/v2\/posts\/92792\/revisions"}],"predecessor-version":[{"id":92794,"href":"https:\/\/www.jornalja.com.br\/geral\/wp-json\/wp\/v2\/posts\/92792\/revisions\/92794"}],"wp:featuredmedia":[{"embeddable":true,"href":"https:\/\/www.jornalja.com.br\/geral\/wp-json\/wp\/v2\/media\/92793"}],"wp:attachment":[{"href":"https:\/\/www.jornalja.com.br\/geral\/wp-json\/wp\/v2\/media?parent=92792"}],"wp:term":[{"taxonomy":"category","embeddable":true,"href":"https:\/\/www.jornalja.com.br\/geral\/wp-json\/wp\/v2\/categories?post=92792"},{"taxonomy":"post_tag","embeddable":true,"href":"https:\/\/www.jornalja.com.br\/geral\/wp-json\/wp\/v2\/tags?post=92792"}],"curies":[{"name":"wp","href":"https:\/\/api.w.org\/{rel}","templated":true}]}}