{"id":92875,"date":"2022-06-21T00:28:13","date_gmt":"2022-06-21T03:28:13","guid":{"rendered":"https:\/\/www.jornalja.com.br\/geral\/?p=92875"},"modified":"2022-06-25T14:54:27","modified_gmt":"2022-06-25T17:54:27","slug":"a-rbs-foi-vendida-comunicado-da-empresa-nao-esclarece","status":"publish","type":"post","link":"https:\/\/www.jornalja.com.br\/geral\/a-rbs-foi-vendida-comunicado-da-empresa-nao-esclarece\/","title":{"rendered":"A RBS foi vendida? Comunicado da empresa n\u00e3o esclarece"},"content":{"rendered":"<p>A manchete desta segunda-feira, 20, foi a &#8220;reorganiza\u00e7\u00e3o societ\u00e1ria&#8221; anunciada pela RBS, o maior grupo de comunica\u00e7\u00e3o do Sul do Brasil, que &#8220;se abre para novos investidores&#8221;.<\/p>\n<p>A nota que a empresa distribuiu\u00a0 n\u00e3o \u00e9 esclarecedora quanto a n\u00fameros ou percentuais societ\u00e1rios negociados.<\/p>\n<p>O que transparece do comunicado amb\u00edguo \u00e9 que a familia Sirotsky fica num plano secund\u00e1rio, atuando em conselhos como curadores dos &#8220;valores da empresa&#8221;.<\/p>\n<p>O principal ativo dos Sirotsky no neg\u00f3cio s\u00e3o as concess\u00f5es de canais de r\u00e1dio e televis\u00e3o.<\/p>\n<p>A parceira \u00e9 a TKPar, holding de investimentos, controlada por Fernando Tornaim, &#8220;empreendedor que atua nos segmentos imobili\u00e1rio, comunica\u00e7\u00e3o e entretenimento&#8221;.<\/p>\n<p>Vale a pena ler a integra do comunicado:<\/p>\n<p><strong>RBS apresenta reorganiza\u00e7\u00e3o societ\u00e1ria<\/strong><\/p>\n<p>&#8220;Por meio da holding TKPar, inicia-se um processo que possibilitar\u00e1 o ingresso de novos investidores na companhia&#8221;<\/p>\n<p>20\/06\/2022 &#8211; 11h33min.<\/p>\n<p>&#8220;Com uma vis\u00e3o de crescimento a partir da cren\u00e7a na comunica\u00e7\u00e3o, do desenvolvimento de novos neg\u00f3cios, do lan\u00e7amento de plataformas de conte\u00fado e do fortalecimento de suas marcas l\u00edderes de mercado, a RBS encaminha iniciativa estrat\u00e9gica que possibilitar\u00e1 o ingresso de holding de investidores na companhia, assim como o in\u00edcio de uma reorganiza\u00e7\u00e3o societ\u00e1ria, prevista para ser implementada nos pr\u00f3ximos anos. A opera\u00e7\u00e3o est\u00e1 sujeita \u00e0 aprova\u00e7\u00e3o pr\u00e9via do Conselho Administrativo de Defesa Econ\u00f4mica (Cade) e demais \u00f3rg\u00e3os p\u00fablicos.<br \/>\nA TKPar holding de participa\u00e7\u00f5es, ve\u00edculo criado para investimento na RBS, \u00e9 liderada pelo empres\u00e1rio Fernando Tornaim, empreendedor que atua nos segmentos imobili\u00e1rio, comunica\u00e7\u00e3o e entretenimento. Fernando, que nos \u00faltimos anos desenvolveu uma s\u00e9rie de empreendimentos com a RBS, agora, por meio da TKPar, associa-se \u00e0 empresa. Al\u00e9m da Maromar Investimentos, empresa de participa\u00e7\u00f5es liderada por Maur\u00edcio Sirotsky Neto, outros empres\u00e1rios ga\u00fachos dos setores imobili\u00e1rio, agroneg\u00f3cio e \u00e1reas financeira e de inova\u00e7\u00e3o participar\u00e3o da holding TKPar&#8221;.<\/p>\n<p>NELSON SIROTSKY<br \/>\nTodo este movimento \u00e9 um sinal claro de cren\u00e7a dos acionistas e tamb\u00e9m do mercado no neg\u00f3cio de comunica\u00e7\u00e3o e do nosso compromisso, na RBS, de assegurar ao Rio Grande do Sul um jornalismo respons\u00e1vel, independente e plural, que atenda \u00e0s necessidades e aos desejos dos nossos p\u00fablicos.<br \/>\nFERNANDO TORNAIM<br \/>\nCom muito orgulho, vamos participar deste novo ciclo da hist\u00f3ria da RBS, ampliando o foco em inova\u00e7\u00e3o, nas novas tecnologias e em conte\u00fados interativos, buscando sempre aprofundar a conex\u00e3o com os diferentes p\u00fablicos e marcas, por meio das plataformas atuais e dos novos neg\u00f3cios que ser\u00e3o implementados.<br \/>\nJAYME SIROTSKY<br \/>\nEste ingresso de investidores na RBS preserva os prop\u00f3sitos claros de trabalhar pelo desenvolvimento do Rio Grande do Sul, consolidados na pr\u00e1tica de uma comunica\u00e7\u00e3o respons\u00e1vel e no exerc\u00edcio da liberdade de imprensa e de express\u00e3o que tanto defendemos.<br \/>\n<strong>Governan\u00e7a<\/strong><br \/>\nA governan\u00e7a da RBS ser\u00e1 aprimorada a partir de um Conselho de Representantes, que substituir\u00e1 o atual Conselho de Acionistas.<\/p>\n<p>O novo Conselho ter\u00e1 como presidente Gilberto Meiches, atual presidente do Conselho de Acionistas da RBS e, como vice-presidente, Fernando Tornaim.<\/p>\n<p>Al\u00e9m da perman\u00eancia dos conselheiros Nelson Sirotsky, Carlos Melzer, Marcelo Damasceno Ferreira (representante da JAMAH) e Lu\u00eds Lima (representante de Pedro e S\u00f4nia Sirotsky), ingressar\u00e3o tamb\u00e9m Maur\u00edcio Sirotsky Neto e Juliano Pereira (representante da TKPar). Geraldo Corr\u00eaa participar\u00e1 da governan\u00e7a, a partir de comit\u00eas do Conselho de Representantes.<\/p>\n<p>Claudio Toigo permanecer\u00e1 como presidente-executivo da RBS, liderando o atual comit\u00ea executivo da empresa, com a miss\u00e3o de continuidade, aperfei\u00e7oamento e perpetua\u00e7\u00e3o do neg\u00f3cio de m\u00eddia.<br \/>\nNelson Sirotsky assumir\u00e1, ainda, a posi\u00e7\u00e3o n\u00e3o executiva de publisher da RBS, com a responsabilidade de ser o guardi\u00e3o da linha editorial da empresa. Ao longo do segundo semestre, Nelson criar\u00e1 o Conselho Editorial da RBS, que ser\u00e1 integrado por profissionais da empresa e convidados externos.<br \/>\n\u2013 Todo este movimento \u00e9 um sinal claro de cren\u00e7a dos acionistas e tamb\u00e9m do mercado no neg\u00f3cio de comunica\u00e7\u00e3o e do nosso compromisso, na RBS, de assegurar ao Rio Grande do Sul um jornalismo respons\u00e1vel, cada dia mais contempor\u00e2neo, independente e plural, que atenda \u00e0s necessidades e aos desejos dos nossos p\u00fablicos \u2013 destaca Nelson Sirotsky. Ao longo de mais de seis d\u00e9cadas, a RBS vem sendo protagonista de grandes marcos da transforma\u00e7\u00e3o da comunica\u00e7\u00e3o no Brasil. Por isso, a continuidade da fam\u00edlia Sirotsky, somada ao futuro ingresso da holding de investidores, representar\u00e1 um movimento de evolu\u00e7\u00e3o, ao mesmo tempo em que preservar\u00e1 a ess\u00eancia, os valores e os compromissos hist\u00f3ricos da RBS.<br \/>\n\u2013 Com muito orgulho, vamos participar deste novo ciclo da hist\u00f3ria da RBS, ampliando o foco em inova\u00e7\u00e3o, nas novas tecnologias e em conte\u00fados interativos, buscando sempre aprofundar a conex\u00e3o com os diferentes p\u00fablicos e marcas, por meio das plataformas atuais e dos novos neg\u00f3cios que ser\u00e3o implementados. Tenho convic\u00e7\u00e3o de que a RBS seguir\u00e1 protagonista nesse importante papel da comunica\u00e7\u00e3o, apoiando o desenvolvimento do nosso Estado e do nosso pa\u00eds \u2013 afirma Fernando Tornaim.<\/p>\n<p>\u2013 Este ingresso de investidores na RBS preserva os prop\u00f3sitos claros, definidos ao longo de seus 65 anos de exist\u00eancia, de trabalhar pelo desenvolvimento do Rio Grande do Sul, consolidados na pr\u00e1tica de uma comunica\u00e7\u00e3o respons\u00e1vel e no exerc\u00edcio da liberdade de imprensa e de express\u00e3o que tanto defendemos. Com este passo vamos al\u00e9m, buscando contribui\u00e7\u00f5es efetivas para inovar, evoluir e crescer, gerando ainda mais benef\u00edcios para toda a comunidade \u2013 ressalta Jayme Sirotsky, presidente em\u00e9rito da RBS.<\/p>\n","protected":false},"excerpt":{"rendered":"<p>A manchete desta segunda-feira, 20, foi a &#8220;reorganiza\u00e7\u00e3o societ\u00e1ria&#8221; anunciada pela RBS, o maior grupo de comunica\u00e7\u00e3o do Sul do Brasil, que &#8220;se abre para novos investidores&#8221;. A nota que a empresa distribuiu\u00a0 n\u00e3o \u00e9 esclarecedora quanto a n\u00fameros ou percentuais societ\u00e1rios negociados. O que transparece do comunicado amb\u00edguo \u00e9 que a familia Sirotsky fica [&hellip;]<\/p>\n","protected":false},"author":4,"featured_media":92876,"comment_status":"open","ping_status":"open","sticky":false,"template":"","format":"standard","meta":{"jetpack_post_was_ever_published":false,"_jetpack_newsletter_access":"","_jetpack_dont_email_post_to_subs":false,"_jetpack_newsletter_tier_id":0,"_jetpack_memberships_contains_paywalled_content":false,"_jetpack_memberships_contains_paid_content":false,"footnotes":"","jetpack_publicize_message":"","jetpack_publicize_feature_enabled":true,"jetpack_social_post_already_shared":true,"jetpack_social_options":{"image_generator_settings":{"template":"highway","default_image_id":0,"font":"","enabled":false},"version":2}},"categories":[2],"tags":[238,256,4,524,356,94,14,149,95],"class_list":["post-92875","post","type-post","status-publish","format-standard","has-post-thumbnail","hentry","category-geral","tag-brasil","tag-desenvolvimento","tag-imprensa","tag-jornalismo","tag-mel","tag-rbs","tag-rio-grande-do-sul","tag-sc","tag-sp"],"aioseo_notices":[],"jetpack_publicize_connections":[],"jetpack_featured_media_url":"https:\/\/www.jornalja.com.br\/geral\/wp-content\/uploads\/sites\/4\/2022\/06\/rbs-nelson-mauricio-neto-e-jaime.jpg","jetpack_shortlink":"https:\/\/wp.me\/pbKhrD-o9Z","jetpack-related-posts":[{"id":76894,"url":"https:\/\/www.jornalja.com.br\/geral\/rbs-teria-pago-propina-por-perdao-de-multa-com-a-receita\/","url_meta":{"origin":92875,"position":0},"title":"RBS teria pago propina por perd\u00e3o de multa com a Receita","author":"Carlos Matsubara","date":"30 de agosto de 2019","format":false,"excerpt":"Em mais um trecho vazado da sua dela\u00e7\u00e3o premiada, o ex-ministro de governos petistas Antonio Palocci afirma que atuou para que o Conselho Administrativo de Recursos Fiscais (Carf) beneficiasse a RBS, afiliada da Rede Globo no Rio Grande do Sul. Segundo Palocci, teriam sido pagas propinas a conselheiros do Carf\u2026","rel":"","context":"Em &quot;Geral-MAT\u00c9RIA&quot;","block_context":{"text":"Geral-MAT\u00c9RIA","link":"https:\/\/www.jornalja.com.br\/geral\/category\/geral\/"},"img":{"alt_text":"","src":"","width":0,"height":0},"classes":[]},{"id":83064,"url":"https:\/\/www.jornalja.com.br\/geral\/rbs-deve-ampliar-medidas-de-contencao-de-custos-alem-das-demissoes-anunciadas\/","url_meta":{"origin":92875,"position":1},"title":"RBS deve ampliar medidas de conten\u00e7\u00e3o de custos, al\u00e9m das demiss\u00f5es anunciadas","author":"da Reda\u00e7\u00e3o","date":"26 de abril de 2020","format":false,"excerpt":"As demiss\u00f5es que o grupo RBS anunciou na sexta-feira, 24, ser\u00e3o complementadas por outras medidas, como a suspens\u00e3o tempor\u00e1ria dos contratos ou redu\u00e7\u00e3o de jornada e de sal\u00e1rios. Os cortes j\u00e1 anunciados atingem em cheio a \"reda\u00e7\u00e3o integrada\", formada por 230 profissionais que produzem conte\u00fado para os jornais, r\u00e1dios, tv\u2026","rel":"","context":"Em &quot;Geral-MAT\u00c9RIA&quot;","block_context":{"text":"Geral-MAT\u00c9RIA","link":"https:\/\/www.jornalja.com.br\/geral\/category\/geral\/"},"img":{"alt_text":"","src":"https:\/\/i0.wp.com\/www.jornalja.com.br\/geral\/wp-content\/uploads\/sites\/4\/2020\/04\/RBS-toda-a-equipe-da-reda%C3%A7%C3%A3o-integrada-scaled.jpg?resize=350%2C200&ssl=1","width":350,"height":200,"srcset":"https:\/\/i0.wp.com\/www.jornalja.com.br\/geral\/wp-content\/uploads\/sites\/4\/2020\/04\/RBS-toda-a-equipe-da-reda%C3%A7%C3%A3o-integrada-scaled.jpg?resize=350%2C200&ssl=1 1x, https:\/\/i0.wp.com\/www.jornalja.com.br\/geral\/wp-content\/uploads\/sites\/4\/2020\/04\/RBS-toda-a-equipe-da-reda%C3%A7%C3%A3o-integrada-scaled.jpg?resize=525%2C300&ssl=1 1.5x, https:\/\/i0.wp.com\/www.jornalja.com.br\/geral\/wp-content\/uploads\/sites\/4\/2020\/04\/RBS-toda-a-equipe-da-reda%C3%A7%C3%A3o-integrada-scaled.jpg?resize=700%2C400&ssl=1 2x"},"classes":[]},{"id":83006,"url":"https:\/\/www.jornalja.com.br\/geral\/grupo-rbs-demite-31-jornalistas-da-teve-radio-e-jornais\/","url_meta":{"origin":92875,"position":2},"title":"Grupo RBS demite 31 jornalistas da tev\u00ea, r\u00e1dio e jornais","author":"da Reda\u00e7\u00e3o","date":"24 de abril de 2020","format":false,"excerpt":"Esta sexta-feira, 24, foi marcada por uma s\u00e9rie de movimenta\u00e7\u00f5es no Grupo RBS.\u00a0Coletiva.net apurou que 20 colaboradores do grupo midi\u00e1tico foram demitidos, entre profissionais com v\u00e1rios anos de casa e de destaque em suas \u00e1reas da RBS TV, da r\u00e1dio Ga\u00facha e de Zero Hora e do Pioneiro. Mas a\u2026","rel":"","context":"Em &quot;Geral-MAT\u00c9RIA&quot;","block_context":{"text":"Geral-MAT\u00c9RIA","link":"https:\/\/www.jornalja.com.br\/geral\/category\/geral\/"},"img":{"alt_text":"","src":"https:\/\/i0.wp.com\/www.jornalja.com.br\/geral\/wp-content\/uploads\/sites\/4\/2020\/04\/Captura-de-Tela-2020-04-24-a%CC%80s-14.02.24-scaled.jpg?resize=350%2C200&ssl=1","width":350,"height":200,"srcset":"https:\/\/i0.wp.com\/www.jornalja.com.br\/geral\/wp-content\/uploads\/sites\/4\/2020\/04\/Captura-de-Tela-2020-04-24-a%CC%80s-14.02.24-scaled.jpg?resize=350%2C200&ssl=1 1x, https:\/\/i0.wp.com\/www.jornalja.com.br\/geral\/wp-content\/uploads\/sites\/4\/2020\/04\/Captura-de-Tela-2020-04-24-a%CC%80s-14.02.24-scaled.jpg?resize=525%2C300&ssl=1 1.5x, https:\/\/i0.wp.com\/www.jornalja.com.br\/geral\/wp-content\/uploads\/sites\/4\/2020\/04\/Captura-de-Tela-2020-04-24-a%CC%80s-14.02.24-scaled.jpg?resize=700%2C400&ssl=1 2x"},"classes":[]},{"id":74264,"url":"https:\/\/www.jornalja.com.br\/geral\/comercial-da-rbs-foca-no-digital-para-atrair-clientes-nacionais\/","url_meta":{"origin":92875,"position":3},"title":"Comercial da RBS foca no digital para atrair &quot;clientes nacionais&quot;","author":"da Reda\u00e7\u00e3o","date":"25 de abril de 2019","format":false,"excerpt":"O Grupo RBS est\u00e1 reformulando sua estrat\u00e9gia de marketing, para \" dar ainda mais foco no digital\"\u00a0 e ampliar suas opera\u00e7\u00f5es comerciais para fora das fronteiras do Rio Grande do Sul. \"Nossa frente no mercado nacional tem o objetivo de gerar mais oportunidades a grandes anunciantes que desejam se conectar\u2026","rel":"","context":"Em &quot;Geral-MAT\u00c9RIA&quot;","block_context":{"text":"Geral-MAT\u00c9RIA","link":"https:\/\/www.jornalja.com.br\/geral\/category\/geral\/"},"img":{"alt_text":"","src":"","width":0,"height":0},"classes":[]},{"id":100198,"url":"https:\/\/www.jornalja.com.br\/geral\/tornado-deixou-seis-mortos-no-parana-32-pessoas-seguem-internadas\/","url_meta":{"origin":92875,"position":4},"title":"Tornado deixou seis mortos no Paran\u00e1; 32 pessoas seguem internadas","author":"Elmar Bones","date":"10 de novembro de 2025","format":false,"excerpt":"Ainda n\u00e3o h\u00e1 um balan\u00e7o dos preju\u00edzos causados em Rio Bonito do Igua\u00e7u (PR), a mais afetada entre as 11 cidades de regi\u00e3o centro-sul paranaense, atingidas por um tornado na madrugada da \u00faltima sexta-feira, 7\/11. De acordo com a Defesa Civil, 90% da \u00e1rea urbana de Rio Bonito do Igua\u00e7u\u2026","rel":"","context":"Em &quot;Geral-MAT\u00c9RIA&quot;","block_context":{"text":"Geral-MAT\u00c9RIA","link":"https:\/\/www.jornalja.com.br\/geral\/category\/geral\/"},"img":{"alt_text":"","src":"https:\/\/i0.wp.com\/www.jornalja.com.br\/geral\/wp-content\/uploads\/sites\/4\/2025\/11\/tornado-1.png?resize=350%2C200&ssl=1","width":350,"height":200,"srcset":"https:\/\/i0.wp.com\/www.jornalja.com.br\/geral\/wp-content\/uploads\/sites\/4\/2025\/11\/tornado-1.png?resize=350%2C200&ssl=1 1x, https:\/\/i0.wp.com\/www.jornalja.com.br\/geral\/wp-content\/uploads\/sites\/4\/2025\/11\/tornado-1.png?resize=525%2C300&ssl=1 1.5x"},"classes":[]},{"id":84259,"url":"https:\/\/www.jornalja.com.br\/geral\/marchezan-troca-secretario-de-comunicacao-pela-terceira-vez\/","url_meta":{"origin":92875,"position":5},"title":"Marchezan troca secret\u00e1rio de comunica\u00e7\u00e3o pela terceira vez","author":"da Reda\u00e7\u00e3o","date":"24 de junho de 2020","format":false,"excerpt":"N\u00e3o durou um m\u00eas o novo secret\u00e1rio de Comunica\u00e7\u00e3o de Porto Alegre, Empossado em 27 de maio, Denian Couto entregou o cargo na \u00faltima quinta-feira, 18. O motivo oficial \u00e9 que o jornalista \"deixou o Pa\u00e7o Municipal para aceitar o convite do Podemos, partido o qual \u00e9 filiado, para concorrer\u2026","rel":"","context":"Em &quot;Geral-NOTAS&quot;","block_context":{"text":"Geral-NOTAS","link":"https:\/\/www.jornalja.com.br\/geral\/category\/geral-notas\/"},"img":{"alt_text":"","src":"https:\/\/i0.wp.com\/www.jornalja.com.br\/geral\/wp-content\/uploads\/sites\/4\/2020\/06\/denian-couto.jpg?resize=350%2C200&ssl=1","width":350,"height":200},"classes":[]}],"jetpack_sharing_enabled":true,"_links":{"self":[{"href":"https:\/\/www.jornalja.com.br\/geral\/wp-json\/wp\/v2\/posts\/92875","targetHints":{"allow":["GET"]}}],"collection":[{"href":"https:\/\/www.jornalja.com.br\/geral\/wp-json\/wp\/v2\/posts"}],"about":[{"href":"https:\/\/www.jornalja.com.br\/geral\/wp-json\/wp\/v2\/types\/post"}],"author":[{"embeddable":true,"href":"https:\/\/www.jornalja.com.br\/geral\/wp-json\/wp\/v2\/users\/4"}],"replies":[{"embeddable":true,"href":"https:\/\/www.jornalja.com.br\/geral\/wp-json\/wp\/v2\/comments?post=92875"}],"version-history":[{"count":2,"href":"https:\/\/www.jornalja.com.br\/geral\/wp-json\/wp\/v2\/posts\/92875\/revisions"}],"predecessor-version":[{"id":92879,"href":"https:\/\/www.jornalja.com.br\/geral\/wp-json\/wp\/v2\/posts\/92875\/revisions\/92879"}],"wp:featuredmedia":[{"embeddable":true,"href":"https:\/\/www.jornalja.com.br\/geral\/wp-json\/wp\/v2\/media\/92876"}],"wp:attachment":[{"href":"https:\/\/www.jornalja.com.br\/geral\/wp-json\/wp\/v2\/media?parent=92875"}],"wp:term":[{"taxonomy":"category","embeddable":true,"href":"https:\/\/www.jornalja.com.br\/geral\/wp-json\/wp\/v2\/categories?post=92875"},{"taxonomy":"post_tag","embeddable":true,"href":"https:\/\/www.jornalja.com.br\/geral\/wp-json\/wp\/v2\/tags?post=92875"}],"curies":[{"name":"wp","href":"https:\/\/api.w.org\/{rel}","templated":true}]}}