{"id":92883,"date":"2022-06-21T23:58:50","date_gmt":"2022-06-22T02:58:50","guid":{"rendered":"https:\/\/www.jornalja.com.br\/geral\/?p=92883"},"modified":"2022-06-25T14:53:31","modified_gmt":"2022-06-25T17:53:31","slug":"eleicoes-2022-edegar-pretto-ganha-forca-no-pt-historicos-do-mdb-resistem-a-gabriel-souza","status":"publish","type":"post","link":"https:\/\/www.jornalja.com.br\/geral\/eleicoes-2022-edegar-pretto-ganha-forca-no-pt-historicos-do-mdb-resistem-a-gabriel-souza\/","title":{"rendered":"Elei\u00e7\u00f5es 2022: Edegar Pretto ganha for\u00e7a na chapa da esquerda; hist\u00f3ricos do MDB resistem a Gabriel Souza"},"content":{"rendered":"<p>&#8220;A hora de mexer na cabe\u00e7a da chapa j\u00e1 passou&#8221;.<\/p>\n<p>A frase de um assessor que acompanha a cena indica que o debate em torno de uma chapa de esquerda se encaminha para voltar ao in\u00edcio: Edegar Pretto, do PT, na cabe\u00e7a, vice e senador em aberto.<\/p>\n<p>Houve um momento, segundo essa fonte, em que uma chapa com Manuela D\u00e1vila, do PCdoB, na cabe\u00e7a parecia vi\u00e1vel, com um nome do PT na vice e Beto Albuquerque, do PSB, ao Senado. Esse momento teria passado, firmando-se a tend\u00eancia de Manuela ficar mesmo fora da elei\u00e7\u00e3o.<\/p>\n<p>Outra chapa encruada \u00e9 a do MDB. Not\u00edcias apressadas d\u00e3o como certa a candidatura do ex-presidente da Assembleia, Gabriel Souza.<\/p>\n<p>A verdade \u00e9 que ele ainda n\u00e3o venceu a resist\u00eancia entre os nomes hist\u00f3ricos do partido, a come\u00e7ar pelo nonagen\u00e1rio ex-senador Pedro Simon, seguindo pelo ex-governador Ivo Sartori.<\/p>\n<p>O vereador Cezar Schirmer, do bloco hist\u00f3rico, quer e pode ser uma alternativa, se n\u00e3o o pr\u00f3prio Sartori.<\/p>\n","protected":false},"excerpt":{"rendered":"<p>&#8220;A hora de mexer na cabe\u00e7a da chapa j\u00e1 passou&#8221;. A frase de um assessor que acompanha a cena indica que o debate em torno de uma chapa de esquerda se encaminha para voltar ao in\u00edcio: Edegar Pretto, do PT, na cabe\u00e7a, vice e senador em aberto. Houve um momento, segundo essa fonte, em que [&hellip;]<\/p>\n","protected":false},"author":4,"featured_media":92704,"comment_status":"open","ping_status":"open","sticky":false,"template":"","format":"standard","meta":{"jetpack_post_was_ever_published":false,"_jetpack_newsletter_access":"","_jetpack_dont_email_post_to_subs":false,"_jetpack_newsletter_tier_id":0,"_jetpack_memberships_contains_paywalled_content":false,"_jetpack_memberships_contains_paid_content":false,"footnotes":"","jetpack_publicize_message":"","jetpack_publicize_feature_enabled":true,"jetpack_social_post_already_shared":true,"jetpack_social_options":{"image_generator_settings":{"template":"highway","default_image_id":0,"font":"","enabled":false},"version":2}},"categories":[2],"tags":[261,275,13,161,16,149],"class_list":["post-92883","post","type-post","status-publish","format-standard","has-post-thumbnail","hentry","category-geral","tag-eleicoes","tag-mdb","tag-pedro-simon","tag-pt","tag-sartori","tag-sc"],"aioseo_notices":[],"jetpack_publicize_connections":[],"jetpack_featured_media_url":"https:\/\/www.jornalja.com.br\/geral\/wp-content\/uploads\/sites\/4\/2022\/05\/eleicoes-2022-edegar-pretto-lanca-campanha-foto-rafael-stedile-scaled.jpg","jetpack_shortlink":"https:\/\/wp.me\/pbKhrD-oa7","jetpack-related-posts":[{"id":92724,"url":"https:\/\/www.jornalja.com.br\/geral\/lula-tem-reuniao-com-partidos-e-encontro-com-manuela\/","url_meta":{"origin":92883,"position":0},"title":"Divis\u00e3o da esquerda \u00e9 desafio de Lula em Porto Alegre","author":"Elmar Bones","date":"31 de maio de 2022","format":false,"excerpt":"O primeiro item da agenda de Lula nesta quarta-feira\u00a0 em Porto Alegre \u00e9 uma reuni\u00e3o com representantes dos partidos que poderiam compor a frente ampla de centro esquerda para derrotar o bolsonarismo no Rio Grande do Sul: PT, PCdoB, PV, PSB, Psol, Rede e Solidariedade. N\u00e3o \u00e9 certo que todos\u2026","rel":"","context":"Em &quot;Geral-MAT\u00c9RIA&quot;","block_context":{"text":"Geral-MAT\u00c9RIA","link":"https:\/\/www.jornalja.com.br\/geral\/category\/geral\/"},"img":{"alt_text":"","src":"https:\/\/i0.wp.com\/www.jornalja.com.br\/geral\/wp-content\/uploads\/sites\/4\/2022\/05\/manuela-e-lula.jpg?resize=350%2C200&ssl=1","width":350,"height":200},"classes":[]},{"id":92502,"url":"https:\/\/www.jornalja.com.br\/geral\/lula-pode-ter-dois-palanques-no-rio-grande-do-sul\/","url_meta":{"origin":92883,"position":1},"title":"Lula pode ter dois palanques no Rio Grande do Sul","author":"da Reda\u00e7\u00e3o","date":"3 de maio de 2022","format":false,"excerpt":"Lula decidiu enfrentar o Rio Grande do Sul mesmo sem uma defini\u00e7\u00e3o da frente ampla que gostaria de ter no Estado em apoio \u00e0 sua candidatura. Num encontro em Brasilia , depois de duas horas com o ex-presidente, o deputado Edegar Pretto, pr\u00e9-candidato do PT ao governo ga\u00facho,\u00a0 saiu com\u2026","rel":"","context":"Em &quot;Geral-MAT\u00c9RIA&quot;","block_context":{"text":"Geral-MAT\u00c9RIA","link":"https:\/\/www.jornalja.com.br\/geral\/category\/geral\/"},"img":{"alt_text":"","src":"https:\/\/i0.wp.com\/www.jornalja.com.br\/geral\/wp-content\/uploads\/sites\/4\/2022\/05\/lula-e-edegar-pretto.jpg?resize=350%2C200&ssl=1","width":350,"height":200,"srcset":"https:\/\/i0.wp.com\/www.jornalja.com.br\/geral\/wp-content\/uploads\/sites\/4\/2022\/05\/lula-e-edegar-pretto.jpg?resize=350%2C200&ssl=1 1x, https:\/\/i0.wp.com\/www.jornalja.com.br\/geral\/wp-content\/uploads\/sites\/4\/2022\/05\/lula-e-edegar-pretto.jpg?resize=525%2C300&ssl=1 1.5x"},"classes":[]},{"id":85585,"url":"https:\/\/www.jornalja.com.br\/geral\/ultima-semana-de-convencoes-define-13-candidatos-a-prefeitura-de-porto-alegre\/","url_meta":{"origin":92883,"position":2},"title":"\u00daltima semana de conven\u00e7\u00f5es define 13 candidatos \u00e0 prefeitura de Porto Alegre","author":"Tiago Baltz","date":"9 de setembro de 2020","format":false,"excerpt":"Os nomes e a posi\u00e7\u00e3o de cada um no tabuleiro eleitoral em Porto Alegre para as elei\u00e7\u00f5es 2020 ficam definidos nos cinco pr\u00f3ximos dias. A partir desta quinta-feira, 10\/09, onze conven\u00e7\u00f5es decidir\u00e3o os candidatos que efetivamente concorrem a prefeitura da Capital ga\u00facha: PSOL, nesta quinta-feira; no s\u00e1bado, PSD, PCdoB, PDT,\u2026","rel":"","context":"Em &quot;Geral-MAT\u00c9RIA&quot;","block_context":{"text":"Geral-MAT\u00c9RIA","link":"https:\/\/www.jornalja.com.br\/geral\/category\/geral\/"},"img":{"alt_text":"","src":"https:\/\/i0.wp.com\/www.jornalja.com.br\/geral\/wp-content\/uploads\/sites\/4\/2020\/08\/ede-4339.jpg?resize=350%2C200&ssl=1","width":350,"height":200,"srcset":"https:\/\/i0.wp.com\/www.jornalja.com.br\/geral\/wp-content\/uploads\/sites\/4\/2020\/08\/ede-4339.jpg?resize=350%2C200&ssl=1 1x, https:\/\/i0.wp.com\/www.jornalja.com.br\/geral\/wp-content\/uploads\/sites\/4\/2020\/08\/ede-4339.jpg?resize=525%2C300&ssl=1 1.5x, https:\/\/i0.wp.com\/www.jornalja.com.br\/geral\/wp-content\/uploads\/sites\/4\/2020\/08\/ede-4339.jpg?resize=700%2C400&ssl=1 2x, https:\/\/i0.wp.com\/www.jornalja.com.br\/geral\/wp-content\/uploads\/sites\/4\/2020\/08\/ede-4339.jpg?resize=1050%2C600&ssl=1 3x, https:\/\/i0.wp.com\/www.jornalja.com.br\/geral\/wp-content\/uploads\/sites\/4\/2020\/08\/ede-4339.jpg?resize=1400%2C800&ssl=1 4x"},"classes":[]},{"id":91722,"url":"https:\/\/www.jornalja.com.br\/geral\/divisao-do-centro-direita-garante-pt-no-segundo-turno-no-rs\/","url_meta":{"origin":92883,"position":3},"title":"Elei\u00e7\u00f5es 2022: Divis\u00e3o do centro direita garante PT no segundo turno no RS","author":"Elmar Bones","date":"5 de fevereiro de 2022","format":false,"excerpt":"Turbinado pela candidatura de Lula, o deputado Edegar Pretto, candidato do PT ao governo do Rio Grande do Sul contar\u00e1 ainda com a divis\u00e3o das for\u00e7as advers\u00e1rias para garantir uma vaga no segundo turno da elei\u00e7\u00e3o. O MDB suspendeu a pr\u00e9via para contornar o embate que divide o partido, entre\u2026","rel":"","context":"Em &quot;Geral-MAT\u00c9RIA&quot;","block_context":{"text":"Geral-MAT\u00c9RIA","link":"https:\/\/www.jornalja.com.br\/geral\/category\/geral\/"},"img":{"alt_text":"","src":"https:\/\/i0.wp.com\/www.jornalja.com.br\/geral\/wp-content\/uploads\/sites\/4\/2021\/11\/20211117-0012-entrevista-edegar-pretto-pt-ramiro-furquim-oaf1662.jpg?resize=350%2C200&ssl=1","width":350,"height":200,"srcset":"https:\/\/i0.wp.com\/www.jornalja.com.br\/geral\/wp-content\/uploads\/sites\/4\/2021\/11\/20211117-0012-entrevista-edegar-pretto-pt-ramiro-furquim-oaf1662.jpg?resize=350%2C200&ssl=1 1x, https:\/\/i0.wp.com\/www.jornalja.com.br\/geral\/wp-content\/uploads\/sites\/4\/2021\/11\/20211117-0012-entrevista-edegar-pretto-pt-ramiro-furquim-oaf1662.jpg?resize=525%2C300&ssl=1 1.5x, https:\/\/i0.wp.com\/www.jornalja.com.br\/geral\/wp-content\/uploads\/sites\/4\/2021\/11\/20211117-0012-entrevista-edegar-pretto-pt-ramiro-furquim-oaf1662.jpg?resize=700%2C400&ssl=1 2x, https:\/\/i0.wp.com\/www.jornalja.com.br\/geral\/wp-content\/uploads\/sites\/4\/2021\/11\/20211117-0012-entrevista-edegar-pretto-pt-ramiro-furquim-oaf1662.jpg?resize=1050%2C600&ssl=1 3x, https:\/\/i0.wp.com\/www.jornalja.com.br\/geral\/wp-content\/uploads\/sites\/4\/2021\/11\/20211117-0012-entrevista-edegar-pretto-pt-ramiro-furquim-oaf1662.jpg?resize=1400%2C800&ssl=1 4x"},"classes":[]},{"id":92771,"url":"https:\/\/www.jornalja.com.br\/geral\/palanque-de-lula-no-rio-grande-do-sul-continua-cercado-de-incertezas\/","url_meta":{"origin":92883,"position":4},"title":"Palanque de Lula no Rio Grande do Sul continua cercado de incertezas","author":"Elmar Bones","date":"2 de junho de 2022","format":false,"excerpt":"A visita de Lula ao Rio Grande do Sul nesta quarta\/quinta-feira, foi um sucesso e um fracasso. Sucesso como exerc\u00edcio de mobiliza\u00e7\u00e3o da milit\u00e2ncia e alinhamento das pautas para a campanha que se avizinha. Impressionante a aflu\u00eancia\u00a0 em todos os eventos. Fracasso na tentativa de unificar uma frente que lhe\u2026","rel":"","context":"Em &quot;Geral-MAT\u00c9RIA&quot;","block_context":{"text":"Geral-MAT\u00c9RIA","link":"https:\/\/www.jornalja.com.br\/geral\/category\/geral\/"},"img":{"alt_text":"","src":"https:\/\/i0.wp.com\/www.jornalja.com.br\/geral\/wp-content\/uploads\/sites\/4\/2022\/06\/lula-em-porto-alegre-maio-2022.jpg?resize=350%2C200&ssl=1","width":350,"height":200,"srcset":"https:\/\/i0.wp.com\/www.jornalja.com.br\/geral\/wp-content\/uploads\/sites\/4\/2022\/06\/lula-em-porto-alegre-maio-2022.jpg?resize=350%2C200&ssl=1 1x, https:\/\/i0.wp.com\/www.jornalja.com.br\/geral\/wp-content\/uploads\/sites\/4\/2022\/06\/lula-em-porto-alegre-maio-2022.jpg?resize=525%2C300&ssl=1 1.5x, https:\/\/i0.wp.com\/www.jornalja.com.br\/geral\/wp-content\/uploads\/sites\/4\/2022\/06\/lula-em-porto-alegre-maio-2022.jpg?resize=700%2C400&ssl=1 2x"},"classes":[]},{"id":101078,"url":"https:\/\/www.jornalja.com.br\/geral\/como-foi-costurado-o-acordo-que-fez-o-pt-apoiar-juliana-brizola\/","url_meta":{"origin":92883,"position":5},"title":"Como foi costurado o acordo que fez o PT apoiar Juliana Brizola","author":"da Reda\u00e7\u00e3o","date":"17 de abril de 2026","format":false,"excerpt":"O PDT foi o partido que mais perdeu representantes na \u201cjanela partid\u00e1ria\u201d que fechou em 3 de abril. Tinha tr\u00eas senadores, ficou com dois. Tinha 17 deputados federais, caiu para 11. Perdeu tamb\u00e9m 9 dos 43 deputados estaduais que elegeu em 2022. No \u00e2mbito municipal, o PDT tem prefeitos em\u2026","rel":"","context":"Em &quot;Geral-MAT\u00c9RIA&quot;","block_context":{"text":"Geral-MAT\u00c9RIA","link":"https:\/\/www.jornalja.com.br\/geral\/category\/geral\/"},"img":{"alt_text":"","src":"https:\/\/www.jornalja.com.br\/geral\/wp-content\/uploads\/sites\/4\/2026\/04\/pdt-lupi-juliana-e-lula.avif","width":350,"height":200,"srcset":"https:\/\/www.jornalja.com.br\/geral\/wp-content\/uploads\/sites\/4\/2026\/04\/pdt-lupi-juliana-e-lula.avif 1x, https:\/\/www.jornalja.com.br\/geral\/wp-content\/uploads\/sites\/4\/2026\/04\/pdt-lupi-juliana-e-lula.avif 1.5x, https:\/\/www.jornalja.com.br\/geral\/wp-content\/uploads\/sites\/4\/2026\/04\/pdt-lupi-juliana-e-lula.avif 2x"},"classes":[]}],"jetpack_sharing_enabled":true,"_links":{"self":[{"href":"https:\/\/www.jornalja.com.br\/geral\/wp-json\/wp\/v2\/posts\/92883","targetHints":{"allow":["GET"]}}],"collection":[{"href":"https:\/\/www.jornalja.com.br\/geral\/wp-json\/wp\/v2\/posts"}],"about":[{"href":"https:\/\/www.jornalja.com.br\/geral\/wp-json\/wp\/v2\/types\/post"}],"author":[{"embeddable":true,"href":"https:\/\/www.jornalja.com.br\/geral\/wp-json\/wp\/v2\/users\/4"}],"replies":[{"embeddable":true,"href":"https:\/\/www.jornalja.com.br\/geral\/wp-json\/wp\/v2\/comments?post=92883"}],"version-history":[{"count":4,"href":"https:\/\/www.jornalja.com.br\/geral\/wp-json\/wp\/v2\/posts\/92883\/revisions"}],"predecessor-version":[{"id":92895,"href":"https:\/\/www.jornalja.com.br\/geral\/wp-json\/wp\/v2\/posts\/92883\/revisions\/92895"}],"wp:featuredmedia":[{"embeddable":true,"href":"https:\/\/www.jornalja.com.br\/geral\/wp-json\/wp\/v2\/media\/92704"}],"wp:attachment":[{"href":"https:\/\/www.jornalja.com.br\/geral\/wp-json\/wp\/v2\/media?parent=92883"}],"wp:term":[{"taxonomy":"category","embeddable":true,"href":"https:\/\/www.jornalja.com.br\/geral\/wp-json\/wp\/v2\/categories?post=92883"},{"taxonomy":"post_tag","embeddable":true,"href":"https:\/\/www.jornalja.com.br\/geral\/wp-json\/wp\/v2\/tags?post=92883"}],"curies":[{"name":"wp","href":"https:\/\/api.w.org\/{rel}","templated":true}]}}