{"id":92925,"date":"2022-06-26T22:47:32","date_gmt":"2022-06-27T01:47:32","guid":{"rendered":"https:\/\/www.jornalja.com.br\/geral\/?p=92925"},"modified":"2022-06-26T22:59:34","modified_gmt":"2022-06-27T01:59:34","slug":"mal-subito-em-prova-de-natacao-vereador-mauro-zacher-morre-aos-46-anos","status":"publish","type":"post","link":"https:\/\/www.jornalja.com.br\/geral\/mal-subito-em-prova-de-natacao-vereador-mauro-zacher-morre-aos-46-anos\/","title":{"rendered":"Mal s\u00fabito em prova de nata\u00e7\u00e3o: vereador Mauro Zacher morre aos 46 anos"},"content":{"rendered":"<p>O vereador de\u00a0 Mauro\u00a0 Zacher morreu aos 46 anos, na manh\u00e3 deste domingo (26), em Fortaleza.<\/p>\n<p>Ele participava de uma prova de nata\u00e7\u00e3o quando teve um mal s\u00fabito.<\/p>\n<p>Levado para a Unidade de Pronto Atendimento (UPA) da Praia do Futuro, as tentativas de reanima\u00e7\u00e3o n\u00e3o surtiram efeito.<\/p>\n<div class=\"mc-column content-text active-extra-styles \" data-block-type=\"unstyled\" data-block-weight=\"39\" data-block-id=\"3\">\n<p class=\"content-text__container \" data-track-category=\"Link no Texto\" data-track-links=\"\">Segundo nota da Federa\u00e7\u00e3o Cearense de Desportos Aqu\u00e1ticos, Zacher sofreu o mal s\u00fabito enquanto finalizava travessia durante a prova dos 1.500 metros da etapa em Fortaleza do Campeonato Brasileiro e Copa Brasil de \u00c1guas Abertas.<\/p>\n<\/div>\n<div class=\"mc-column content-text active-extra-styles \" data-block-type=\"unstyled\" data-block-weight=\"35\" data-block-id=\"4\">\n<p class=\"content-text__container \" data-track-category=\"Link no Texto\" data-track-links=\"\">Ainda segundo o comunicado, os salva-vidas observaram Mauro Zacher parando de nadar e o resgataram de imediato, levando-o ao p\u00eder de chegada. L\u00e1, ele foi atendido pela equipe da ambul\u00e2ncia e recebeu os primeiros socorros.<\/p>\n<\/div>\n<p>O vereador estava em seu quinto mandato na C\u00e2mara Municipal de Porto Alegre. Mauro Zacher deixa a esposa, dois filhos, m\u00e3e e dois irm\u00e3os.<\/p>\n<p>De acordo com a assessoria da C\u00e2mara de Vereadores, o vel\u00f3rio deve ocorrer nesta segunda-feira, na sede do legislativo municipal, em hor\u00e1rio ainda n\u00e3o definido.<\/p>\n<p>O prefeito Sebasti\u00e3o Melo decretou luto oficial de tr\u00eas dias.<\/p>\n<p><strong>Perfil<\/strong><\/p>\n<p>Mauro Zacher era economista formado pela Pontif\u00edcia Universidade Cat\u00f3lica do Rio Grande do Sul (PUCRS), onde foi presidente do diret\u00f3rio estudantil. Eleito vereador pela primeira vez em 2004, foi reeleito em 2008, 2012, 2016 e 2020 &#8212; sempre pelo\u00a0<a href=\"https:\/\/g1.globo.com\/politica\/partido\/pdt\/\">PDT<\/a>.<\/p>\n<p>Em 2012, o vereador presidiu a C\u00e2mara Municipal. Foi foi secret\u00e1rio da Juventude e secret\u00e1rio de Obras e Via\u00e7\u00e3o em Porto Alegre.<\/p>\n<p>&nbsp;<\/p>\n","protected":false},"excerpt":{"rendered":"<p>O vereador de\u00a0 Mauro\u00a0 Zacher morreu aos 46 anos, na manh\u00e3 deste domingo (26), em Fortaleza. Ele participava de uma prova de nata\u00e7\u00e3o quando teve um mal s\u00fabito. Levado para a Unidade de Pronto Atendimento (UPA) da Praia do Futuro, as tentativas de reanima\u00e7\u00e3o n\u00e3o surtiram efeito. Segundo nota da Federa\u00e7\u00e3o Cearense de Desportos Aqu\u00e1ticos, [&hellip;]<\/p>\n","protected":false},"author":4,"featured_media":92926,"comment_status":"open","ping_status":"open","sticky":false,"template":"","format":"standard","meta":{"jetpack_post_was_ever_published":false,"_jetpack_newsletter_access":"","_jetpack_dont_email_post_to_subs":false,"_jetpack_newsletter_tier_id":0,"_jetpack_memberships_contains_paywalled_content":false,"_jetpack_memberships_contains_paid_content":false,"footnotes":"","jetpack_publicize_message":"","jetpack_publicize_feature_enabled":true,"jetpack_social_post_already_shared":true,"jetpack_social_options":{"image_generator_settings":{"template":"highway","default_image_id":0,"font":"","enabled":false},"version":2}},"categories":[2],"tags":[238,240,347,356,489,120,132,37,14,15,95,530,243],"class_list":["post-92925","post","type-post","status-publish","format-standard","has-post-thumbnail","hentry","category-geral","tag-brasil","tag-camara","tag-camara-municipal-de-porto-alegre","tag-mel","tag-melo","tag-obras","tag-porto-alegre","tag-portos","tag-rio-grande-do-sul","tag-rs","tag-sp","tag-stu","tag-vereadores"],"aioseo_notices":[],"jetpack_publicize_connections":[],"jetpack_featured_media_url":"https:\/\/www.jornalja.com.br\/geral\/wp-content\/uploads\/sites\/4\/2022\/06\/mauro-zacher-estava-em-seu-quinto-mandato-como-vereador-em-porto-alegre.jpg","jetpack_shortlink":"https:\/\/wp.me\/pbKhrD-oaN","jetpack-related-posts":[{"id":89862,"url":"https:\/\/www.jornalja.com.br\/geral\/projeto-que-autoriza-privatizacao-da-carris-e-aprovado-na-camara-de-vereadores\/","url_meta":{"origin":92925,"position":0},"title":"Projeto que autoriza privatiza\u00e7\u00e3o da Carris \u00e9 aprovado","author":"Felipe Uhr","date":"8 de setembro de 2021","format":false,"excerpt":"Foi aprovado na noite desta quarta-feira, por 23 votos a favor e 13 contra, o projeto que autoriza a desestatiza\u00e7\u00e3o da estatal do transporte p\u00fablico, a centen\u00e1ria Carris Porto Alegrense. O PLE 13\/21 \u00e9 o segundo projeto de um pacote de medidas enviadas pelo prefeito Sebasti\u00e3o Melo\u00a0 \u00e0 C\u00e2mara Municipal\u2026","rel":"","context":"Em &quot;Geral-MAT\u00c9RIA&quot;","block_context":{"text":"Geral-MAT\u00c9RIA","link":"https:\/\/www.jornalja.com.br\/geral\/category\/geral\/"},"img":{"alt_text":"","src":"https:\/\/i0.wp.com\/www.jornalja.com.br\/geral\/wp-content\/uploads\/sites\/4\/2021\/09\/1e683ccc-d321-408f-8d1f-f26b8bfb1847.jpg?resize=350%2C200&ssl=1","width":350,"height":200,"srcset":"https:\/\/i0.wp.com\/www.jornalja.com.br\/geral\/wp-content\/uploads\/sites\/4\/2021\/09\/1e683ccc-d321-408f-8d1f-f26b8bfb1847.jpg?resize=350%2C200&ssl=1 1x, https:\/\/i0.wp.com\/www.jornalja.com.br\/geral\/wp-content\/uploads\/sites\/4\/2021\/09\/1e683ccc-d321-408f-8d1f-f26b8bfb1847.jpg?resize=525%2C300&ssl=1 1.5x, https:\/\/i0.wp.com\/www.jornalja.com.br\/geral\/wp-content\/uploads\/sites\/4\/2021\/09\/1e683ccc-d321-408f-8d1f-f26b8bfb1847.jpg?resize=700%2C400&ssl=1 2x, https:\/\/i0.wp.com\/www.jornalja.com.br\/geral\/wp-content\/uploads\/sites\/4\/2021\/09\/1e683ccc-d321-408f-8d1f-f26b8bfb1847.jpg?resize=1050%2C600&ssl=1 3x, https:\/\/i0.wp.com\/www.jornalja.com.br\/geral\/wp-content\/uploads\/sites\/4\/2021\/09\/1e683ccc-d321-408f-8d1f-f26b8bfb1847.jpg?resize=1400%2C800&ssl=1 4x"},"classes":[]},{"id":100843,"url":"https:\/\/www.jornalja.com.br\/geral\/policia-civil-indicia-34-pessoas-por-suspeitas-de-fraudes-milionarias-na-educacao-em-porto-alegre\/","url_meta":{"origin":92925,"position":1},"title":"Pol\u00edcia Civil indicia 34 pessoas por suspeitas de fraudes milion\u00e1rias na Educa\u00e7\u00e3o em Porto Alegre","author":"da Reda\u00e7\u00e3o","date":"19 de fevereiro de 2026","format":false,"excerpt":"Nesta quinta-feira, 19 de fevereiro de 2026, a Pol\u00edcia Civil ga\u00facha finalizou o conjunto de inqu\u00e9ritos da Opera\u00e7\u00e3o Capa Dura, no total foram 34 pessoas indiciadas. O esquema pode ter movimentado mais de R$ 58 milh\u00f5es e funcionou dentro da Secretaria Municipal de Educa\u00e7\u00e3o de Porto Alegre (Smed) entre 2021\u2026","rel":"","context":"Em &quot;Geral-MAT\u00c9RIA&quot;","block_context":{"text":"Geral-MAT\u00c9RIA","link":"https:\/\/www.jornalja.com.br\/geral\/category\/geral\/"},"img":{"alt_text":"","src":"https:\/\/i0.wp.com\/www.jornalja.com.br\/geral\/wp-content\/uploads\/sites\/4\/2026\/02\/12100524-515394-gdo.jpeg?resize=350%2C200&ssl=1","width":350,"height":200,"srcset":"https:\/\/i0.wp.com\/www.jornalja.com.br\/geral\/wp-content\/uploads\/sites\/4\/2026\/02\/12100524-515394-gdo.jpeg?resize=350%2C200&ssl=1 1x, https:\/\/i0.wp.com\/www.jornalja.com.br\/geral\/wp-content\/uploads\/sites\/4\/2026\/02\/12100524-515394-gdo.jpeg?resize=525%2C300&ssl=1 1.5x, https:\/\/i0.wp.com\/www.jornalja.com.br\/geral\/wp-content\/uploads\/sites\/4\/2026\/02\/12100524-515394-gdo.jpeg?resize=700%2C400&ssl=1 2x"},"classes":[]},{"id":100965,"url":"https:\/\/www.jornalja.com.br\/geral\/debate-o-novo-plano-diretor-respeita-o-direito-a-cidade\/","url_meta":{"origin":92925,"position":2},"title":"Debate: &#8220;O Novo Plano Diretor Respeita o Direito \u00e0 Cidade?&#8221;","author":"da Reda\u00e7\u00e3o","date":"30 de mar\u00e7o de 2026","format":false,"excerpt":"Sul21, Brasil de Fato e IAB-RS promovem um debate sobre o Plano Diretor de Porto Alegre, no dia 30 de mar\u00e7o. O evento \u201cO Novo Plano Diretor Respeita o Direito \u00e0 Cidade?\u201d ser\u00e1 realizado a partir das 19h30, no solar do IAB, que fica na Rua General Canabarro, n\u00ba 363,\u2026","rel":"","context":"Em &quot;Geral-MAT\u00c9RIA&quot;","block_context":{"text":"Geral-MAT\u00c9RIA","link":"https:\/\/www.jornalja.com.br\/geral\/category\/geral\/"},"img":{"alt_text":"","src":"https:\/\/i0.wp.com\/www.jornalja.com.br\/geral\/wp-content\/uploads\/sites\/4\/2026\/03\/ede-8942.jpg?resize=350%2C200&ssl=1","width":350,"height":200,"srcset":"https:\/\/i0.wp.com\/www.jornalja.com.br\/geral\/wp-content\/uploads\/sites\/4\/2026\/03\/ede-8942.jpg?resize=350%2C200&ssl=1 1x, https:\/\/i0.wp.com\/www.jornalja.com.br\/geral\/wp-content\/uploads\/sites\/4\/2026\/03\/ede-8942.jpg?resize=525%2C300&ssl=1 1.5x, https:\/\/i0.wp.com\/www.jornalja.com.br\/geral\/wp-content\/uploads\/sites\/4\/2026\/03\/ede-8942.jpg?resize=700%2C400&ssl=1 2x, https:\/\/i0.wp.com\/www.jornalja.com.br\/geral\/wp-content\/uploads\/sites\/4\/2026\/03\/ede-8942.jpg?resize=1050%2C600&ssl=1 3x, https:\/\/i0.wp.com\/www.jornalja.com.br\/geral\/wp-content\/uploads\/sites\/4\/2026\/03\/ede-8942.jpg?resize=1400%2C800&ssl=1 4x"},"classes":[]},{"id":100041,"url":"https:\/\/www.jornalja.com.br\/geral\/frente-convoca-nova-manifestacao-contra-a-privatizacao-do-dmae\/","url_meta":{"origin":92925,"position":3},"title":"Frente convoca nova manifesta\u00e7\u00e3o contra a privatiza\u00e7\u00e3o do DMAE","author":"da Reda\u00e7\u00e3o","date":"19 de outubro de 2025","format":false,"excerpt":"A concentra\u00e7\u00e3o come\u00e7a a partir das 11h de quarta-feira, na C\u00e2mara de Vereadores de Porto Alegre. A \"Frente em Defesa da \u00c1gua e do DMAE P\u00fablico e Estatal\" decidiu intensificar a mobiliza\u00e7\u00e3o contra o Projeto de Lei 028\/2025, que deve ser votado na C\u00e2mara de Vereadores na pr\u00f3xima quarta-feira (22\/10).\u2026","rel":"","context":"Em &quot;Geral-MAT\u00c9RIA&quot;","block_context":{"text":"Geral-MAT\u00c9RIA","link":"https:\/\/www.jornalja.com.br\/geral\/category\/geral\/"},"img":{"alt_text":"","src":"https:\/\/i0.wp.com\/www.jornalja.com.br\/geral\/wp-content\/uploads\/sites\/4\/2025\/10\/dmae-guarda-municipal-reprimiu-protesto.jpeg?resize=350%2C200&ssl=1","width":350,"height":200,"srcset":"https:\/\/i0.wp.com\/www.jornalja.com.br\/geral\/wp-content\/uploads\/sites\/4\/2025\/10\/dmae-guarda-municipal-reprimiu-protesto.jpeg?resize=350%2C200&ssl=1 1x, https:\/\/i0.wp.com\/www.jornalja.com.br\/geral\/wp-content\/uploads\/sites\/4\/2025\/10\/dmae-guarda-municipal-reprimiu-protesto.jpeg?resize=525%2C300&ssl=1 1.5x, https:\/\/i0.wp.com\/www.jornalja.com.br\/geral\/wp-content\/uploads\/sites\/4\/2025\/10\/dmae-guarda-municipal-reprimiu-protesto.jpeg?resize=700%2C400&ssl=1 2x"},"classes":[]},{"id":100366,"url":"https:\/\/www.jornalja.com.br\/geral\/camara-comeca-a-votar-o-novo-plano-diretor-de-porto-alegre-vai-destruir-os-nossos-bairros\/","url_meta":{"origin":92925,"position":4},"title":"C\u00e2mara come\u00e7a  a votar o novo Plano Diretor de Porto Alegre: &#8220;Vai destruir os nossos bairros&#8221;","author":"Elmar Bones","date":"9 de dezembro de 2025","format":false,"excerpt":"A C\u00e2mara de Vereadores vota nesta quarta-feira, 10\/12 o relat\u00f3rio da Comiss\u00e3o Especial que analisou o projeto de revis\u00e3o do Plano Diretor de Porto Alegre. \u00c9 o primeiro passo para a valida\u00e7\u00e3o do plano, que o prefeito Sebasti\u00e3o Melo quer ver aprovado\u00a0 ainda este ano. Na verdade, n\u00e3o \u00e9 uma\u2026","rel":"","context":"Em &quot;Geral-MAT\u00c9RIA&quot;","block_context":{"text":"Geral-MAT\u00c9RIA","link":"https:\/\/www.jornalja.com.br\/geral\/category\/geral\/"},"img":{"alt_text":"","src":"","width":0,"height":0},"classes":[]},{"id":90659,"url":"https:\/\/www.jornalja.com.br\/geral\/sessao-que-teve-bate-boca-suastica-e-troca-de-socos-mantem-veto-do-prefeito-ao-passaporte-vacinal\/","url_meta":{"origin":92925,"position":5},"title":"Sess\u00e3o que teve bate-boca, su\u00e1stica e troca de socos mant\u00e9m veto do prefeito ao passaporte vacinal","author":"Felipe Uhr","date":"21 de outubro de 2021","format":false,"excerpt":"Foi mantido o veto do prefeito Sebasti\u00e3o Melo. Assim acabou a tumultuada sess\u00e3o plen\u00e1ria que discutiu a obrigatoriedade da apresenta\u00e7\u00e3o do passaporte vacinal para entrar em eventos esportivos. Foram 18 votos a favor a derrubada do veto (eram necess\u00e1rios 19) contra 14 votos favor\u00e1veis a manuten\u00e7\u00e3o do veto. A sess\u00e3o\u2026","rel":"","context":"Em &quot;Geral-MAT\u00c9RIA&quot;","block_context":{"text":"Geral-MAT\u00c9RIA","link":"https:\/\/www.jornalja.com.br\/geral\/category\/geral\/"},"img":{"alt_text":"","src":"https:\/\/i0.wp.com\/www.jornalja.com.br\/geral\/wp-content\/uploads\/sites\/4\/2021\/10\/esp6324.jpg?resize=350%2C200&ssl=1","width":350,"height":200,"srcset":"https:\/\/i0.wp.com\/www.jornalja.com.br\/geral\/wp-content\/uploads\/sites\/4\/2021\/10\/esp6324.jpg?resize=350%2C200&ssl=1 1x, https:\/\/i0.wp.com\/www.jornalja.com.br\/geral\/wp-content\/uploads\/sites\/4\/2021\/10\/esp6324.jpg?resize=525%2C300&ssl=1 1.5x"},"classes":[]}],"jetpack_sharing_enabled":true,"_links":{"self":[{"href":"https:\/\/www.jornalja.com.br\/geral\/wp-json\/wp\/v2\/posts\/92925","targetHints":{"allow":["GET"]}}],"collection":[{"href":"https:\/\/www.jornalja.com.br\/geral\/wp-json\/wp\/v2\/posts"}],"about":[{"href":"https:\/\/www.jornalja.com.br\/geral\/wp-json\/wp\/v2\/types\/post"}],"author":[{"embeddable":true,"href":"https:\/\/www.jornalja.com.br\/geral\/wp-json\/wp\/v2\/users\/4"}],"replies":[{"embeddable":true,"href":"https:\/\/www.jornalja.com.br\/geral\/wp-json\/wp\/v2\/comments?post=92925"}],"version-history":[{"count":3,"href":"https:\/\/www.jornalja.com.br\/geral\/wp-json\/wp\/v2\/posts\/92925\/revisions"}],"predecessor-version":[{"id":92930,"href":"https:\/\/www.jornalja.com.br\/geral\/wp-json\/wp\/v2\/posts\/92925\/revisions\/92930"}],"wp:featuredmedia":[{"embeddable":true,"href":"https:\/\/www.jornalja.com.br\/geral\/wp-json\/wp\/v2\/media\/92926"}],"wp:attachment":[{"href":"https:\/\/www.jornalja.com.br\/geral\/wp-json\/wp\/v2\/media?parent=92925"}],"wp:term":[{"taxonomy":"category","embeddable":true,"href":"https:\/\/www.jornalja.com.br\/geral\/wp-json\/wp\/v2\/categories?post=92925"},{"taxonomy":"post_tag","embeddable":true,"href":"https:\/\/www.jornalja.com.br\/geral\/wp-json\/wp\/v2\/tags?post=92925"}],"curies":[{"name":"wp","href":"https:\/\/api.w.org\/{rel}","templated":true}]}}