{"id":92940,"date":"2022-06-28T00:03:23","date_gmt":"2022-06-28T03:03:23","guid":{"rendered":"https:\/\/www.jornalja.com.br\/geral\/?p=92940"},"modified":"2022-06-28T00:16:22","modified_gmt":"2022-06-28T03:16:22","slug":"panela-vazia-em-cada-4-brasileiros-um-nao-tem-comida-suficiente-em-casa","status":"publish","type":"post","link":"https:\/\/www.jornalja.com.br\/geral\/panela-vazia-em-cada-4-brasileiros-um-nao-tem-comida-suficiente-em-casa\/","title":{"rendered":"Panela vazia: em cada 4 brasileiros, um n\u00e3o tem comida suficiente em casa"},"content":{"rendered":"<p>\u00c9 o que diz a pesquisa divulgada pelo jornal &#8220;Folha de S.Paulo&#8221; nesta segunda-feira (27): \u00a0um em cada 4 brasileiros (26%) afirma n\u00e3o ter comida suficiente\u00a0em casa para alimentar a fam\u00edlia.<\/p>\n<p>A maioria,\u00a062%, afirmou que tem alimento suficiente. E 12% disseram que t\u00eam mais do que o suficiente.<\/p>\n<p>Os n\u00fameros oscilaram dentro da margem de erro em rela\u00e7\u00e3o \u00e0 \u00faltima pesquisa, feita em 22 e 23 de mar\u00e7o.<\/p>\n<p>Nos \u00faltimos meses, a quantidade de comida para voc\u00ea e sua fam\u00edlia foi:<\/p>\n<p>O suficiente: 62% (63% na pesquisa anterior, em mar\u00e7o)<br \/>\nMenos do que o suficiente: 26% (24% na pesquisa anterior)<br \/>\nMais do que o suficiente: 12% (13% na pesquisa anterior)<\/p>\n<p>A inseguran\u00e7a alimentar \u00e9 mais sentida entre no Nordeste e no Norte.<\/p>\n<p>Os percentuais s\u00e3o menores, mas ainda significativos no Centro-Oeste (24%), Sul (24%) e Sudeste (22%).<\/p>\n<p>Os desempregados s\u00e3o os mais afetados: 42% disseram n\u00e3o ter o suficiente para se alimentar. Tamb\u00e9m t\u00eam percentuais acima da m\u00e9dia os que desistiram de buscar trabalho (39%), as donas de casa (38%) e os aut\u00f4nomos (27%).<\/p>\n<p>&nbsp;<\/p>\n<p>&nbsp;<\/p>\n<p>&nbsp;<\/p>\n","protected":false},"excerpt":{"rendered":"<p>\u00c9 o que diz a pesquisa divulgada pelo jornal &#8220;Folha de S.Paulo&#8221; nesta segunda-feira (27): \u00a0um em cada 4 brasileiros (26%) afirma n\u00e3o ter comida suficiente\u00a0em casa para alimentar a fam\u00edlia. A maioria,\u00a062%, afirmou que tem alimento suficiente. E 12% disseram que t\u00eam mais do que o suficiente. Os n\u00fameros oscilaram dentro da margem de [&hellip;]<\/p>\n","protected":false},"author":4,"featured_media":92941,"comment_status":"open","ping_status":"open","sticky":false,"template":"","format":"standard","meta":{"jetpack_post_was_ever_published":false,"_jetpack_newsletter_access":"","_jetpack_dont_email_post_to_subs":false,"_jetpack_newsletter_tier_id":0,"_jetpack_memberships_contains_paywalled_content":false,"_jetpack_memberships_contains_paid_content":false,"footnotes":"","jetpack_publicize_message":"","jetpack_publicize_feature_enabled":true,"jetpack_social_post_already_shared":true,"jetpack_social_options":{"image_generator_settings":{"template":"highway","default_image_id":0,"font":"","enabled":false},"version":2}},"categories":[2],"tags":[238,149,361,95],"class_list":["post-92940","post","type-post","status-publish","format-standard","has-post-thumbnail","hentry","category-geral","tag-brasil","tag-sc","tag-seguranca","tag-sp"],"aioseo_notices":[],"jetpack_publicize_connections":[],"jetpack_featured_media_url":"https:\/\/www.jornalja.com.br\/geral\/wp-content\/uploads\/sites\/4\/2022\/06\/fome-fila-no-tribunal-de-justica.jpg","jetpack_shortlink":"https:\/\/wp.me\/pbKhrD-ob2","jetpack-related-posts":[{"id":93370,"url":"https:\/\/www.jornalja.com.br\/geral\/brasileiro-corta-gastos-mas-nao-consegue-fechar-as-contas-no-fim-do-mes\/","url_meta":{"origin":92940,"position":0},"title":"Brasileiro corta gastos mas n\u00e3o consegue fechar as contas no fim do m\u00eas","author":"da Reda\u00e7\u00e3o","date":"8 de agosto de 2022","format":false,"excerpt":"Com o or\u00e7amento apertado, um em cada quatro habitantes no pa\u00eds n\u00e3o consegue pagar todas as contas no fim do m\u00eas. A constata\u00e7\u00e3o \u00e9 de pesquisa da Confedera\u00e7\u00e3o Nacional da Ind\u00fastria (CNI), em parceria com o Instituto FSB Pesquisa, que aponta redu\u00e7\u00e3o nos gastos com lazer, roupas e viagens. De\u2026","rel":"","context":"Em &quot;Geral-MAT\u00c9RIA&quot;","block_context":{"text":"Geral-MAT\u00c9RIA","link":"https:\/\/www.jornalja.com.br\/geral\/category\/geral\/"},"img":{"alt_text":"","src":"https:\/\/i0.wp.com\/www.jornalja.com.br\/geral\/wp-content\/uploads\/sites\/4\/2022\/03\/ivanir-guedes.jpg?resize=350%2C200&ssl=1","width":350,"height":200,"srcset":"https:\/\/i0.wp.com\/www.jornalja.com.br\/geral\/wp-content\/uploads\/sites\/4\/2022\/03\/ivanir-guedes.jpg?resize=350%2C200&ssl=1 1x, https:\/\/i0.wp.com\/www.jornalja.com.br\/geral\/wp-content\/uploads\/sites\/4\/2022\/03\/ivanir-guedes.jpg?resize=525%2C300&ssl=1 1.5x, https:\/\/i0.wp.com\/www.jornalja.com.br\/geral\/wp-content\/uploads\/sites\/4\/2022\/03\/ivanir-guedes.jpg?resize=700%2C400&ssl=1 2x"},"classes":[]},{"id":99772,"url":"https:\/\/www.jornalja.com.br\/geral\/pesquisa-registra-queda-no-preco-da-cesta-basica-em-24-capitais-em-agosto\/","url_meta":{"origin":92940,"position":1},"title":"Pesquisa registra queda no pre\u00e7o da cesta b\u00e1sica em 24 capitais em agosto","author":"da Reda\u00e7\u00e3o","date":"6 de setembro de 2025","format":false,"excerpt":"O pre\u00e7o da cesta de alimentos b\u00e1sicos caiu em 24 capitais no m\u00eas de agosto, na compara\u00e7\u00e3o com julho, de acordo com a Pesquisa Nacional, divulgada nesta sexta-feira (5), pelo Dieese. Em rela\u00e7\u00e3o a agosto de 2024, por\u00e9m, os pre\u00e7os ainda est\u00e3o acima em todas\u00a0 17 capitais onde a pesquisa\u2026","rel":"","context":"Em &quot;Geral-MAT\u00c9RIA&quot;","block_context":{"text":"Geral-MAT\u00c9RIA","link":"https:\/\/www.jornalja.com.br\/geral\/category\/geral\/"},"img":{"alt_text":"","src":"https:\/\/i0.wp.com\/www.jornalja.com.br\/geral\/wp-content\/uploads\/sites\/4\/2025\/09\/cesta-basica.jpg?resize=350%2C200&ssl=1","width":350,"height":200,"srcset":"https:\/\/i0.wp.com\/www.jornalja.com.br\/geral\/wp-content\/uploads\/sites\/4\/2025\/09\/cesta-basica.jpg?resize=350%2C200&ssl=1 1x, https:\/\/i0.wp.com\/www.jornalja.com.br\/geral\/wp-content\/uploads\/sites\/4\/2025\/09\/cesta-basica.jpg?resize=525%2C300&ssl=1 1.5x, https:\/\/i0.wp.com\/www.jornalja.com.br\/geral\/wp-content\/uploads\/sites\/4\/2025\/09\/cesta-basica.jpg?resize=700%2C400&ssl=1 2x"},"classes":[]},{"id":87599,"url":"https:\/\/www.jornalja.com.br\/geral\/brasil-2020-de-volta-ao-mapa-da-fome\/","url_meta":{"origin":92940,"position":2},"title":"Brasil 2020: de volta ao mapa da fome","author":"Elmar Bones","date":"6 de abril de 2021","format":false,"excerpt":"O Brasil voltou para o mapa da fome. Nunca saiu, na verdade. Em 2013, quando o pa\u00eds\u00a0 saiu do Mapa da Fome da ONU, o IBGE ainda contava mais de 9 milh\u00f5es de brasileiros passando fome. Agora voltou com tudo. Uma pesquisa divulgada nesta segunda feira, 05, conclui que no\u2026","rel":"","context":"Em &quot;Geral-MAT\u00c9RIA&quot;","block_context":{"text":"Geral-MAT\u00c9RIA","link":"https:\/\/www.jornalja.com.br\/geral\/category\/geral\/"},"img":{"alt_text":"","src":"https:\/\/i0.wp.com\/www.jornalja.com.br\/geral\/wp-content\/uploads\/sites\/4\/2021\/04\/fome-mapa-geografico.jpg?resize=350%2C200&ssl=1","width":350,"height":200,"srcset":"https:\/\/i0.wp.com\/www.jornalja.com.br\/geral\/wp-content\/uploads\/sites\/4\/2021\/04\/fome-mapa-geografico.jpg?resize=350%2C200&ssl=1 1x, https:\/\/i0.wp.com\/www.jornalja.com.br\/geral\/wp-content\/uploads\/sites\/4\/2021\/04\/fome-mapa-geografico.jpg?resize=525%2C300&ssl=1 1.5x, https:\/\/i0.wp.com\/www.jornalja.com.br\/geral\/wp-content\/uploads\/sites\/4\/2021\/04\/fome-mapa-geografico.jpg?resize=700%2C400&ssl=1 2x"},"classes":[]},{"id":100634,"url":"https:\/\/www.jornalja.com.br\/geral\/pesquisa-mostra-queda-no-preco-da-cesta-basica-em-todas-as-capitais-no-segundo-semestre\/","url_meta":{"origin":92940,"position":3},"title":"Pesquisa mostra queda no pre\u00e7o da cesta b\u00e1sica em todas as capitais no segundo semestre","author":"da Reda\u00e7\u00e3o","date":"20 de janeiro de 2026","format":false,"excerpt":"O pre\u00e7o da cesta b\u00e1sica de alimentos caiu em todas as 27 capitais brasileiras no acumulado do \u00faltimo semestre de 2025. As\u00a0 quedas oscilaram entre -9,08%, em Boa Vista (RR,) e -1,56%, em Belo Horizonte (MG). Os dados, divulgados nesta ter\u00e7a-feira (20), s\u00e3o do\u00a0 Departamento Intersindical de Estat\u00edstica e Estudos\u2026","rel":"","context":"Em &quot;MANCHETE do Site&quot;","block_context":{"text":"MANCHETE do Site","link":"https:\/\/www.jornalja.com.br\/geral\/category\/manchete-do-site\/"},"img":{"alt_text":"","src":"https:\/\/i0.wp.com\/www.jornalja.com.br\/geral\/wp-content\/uploads\/sites\/4\/2026\/01\/cesta-basica.jpg?resize=350%2C200&ssl=1","width":350,"height":200,"srcset":"https:\/\/i0.wp.com\/www.jornalja.com.br\/geral\/wp-content\/uploads\/sites\/4\/2026\/01\/cesta-basica.jpg?resize=350%2C200&ssl=1 1x, https:\/\/i0.wp.com\/www.jornalja.com.br\/geral\/wp-content\/uploads\/sites\/4\/2026\/01\/cesta-basica.jpg?resize=525%2C300&ssl=1 1.5x, https:\/\/i0.wp.com\/www.jornalja.com.br\/geral\/wp-content\/uploads\/sites\/4\/2026\/01\/cesta-basica.jpg?resize=700%2C400&ssl=1 2x"},"classes":[]},{"id":100343,"url":"https:\/\/www.jornalja.com.br\/geral\/estudo-aponta-perdas-de-r-38-bilhoes-por-ano-com-efeitos-colaterais-das-bets\/","url_meta":{"origin":92940,"position":4},"title":"Estudo aponta perdas de R$ 38 bilh\u00f5es por ano com efeitos colaterais das bets","author":"da Reda\u00e7\u00e3o","date":"2 de dezembro de 2025","format":false,"excerpt":"Jogos de azar e apostas\u00a0online, popularizadas pelas chamadas\u00a0bets, provocam perdas econ\u00f4micas e sociais ao pa\u00eds estimadas em R$ 38,8 bilh\u00f5es anualmente. Esse valor \u00e9 o somat\u00f3rio de danos \u00e0 sociedade, como suic\u00eddios, desemprego, gastos com sa\u00fade e afastamento do trabalho. O c\u00e1lculo \u00e9 do estudo in\u00e9dito\u00a0A sa\u00fade dos brasileiros em\u2026","rel":"","context":"Em &quot;Geral-MAT\u00c9RIA&quot;","block_context":{"text":"Geral-MAT\u00c9RIA","link":"https:\/\/www.jornalja.com.br\/geral\/category\/geral\/"},"img":{"alt_text":"","src":"https:\/\/i0.wp.com\/www.jornalja.com.br\/geral\/wp-content\/uploads\/sites\/4\/2025\/12\/bets-efeitos-colaterais.png?resize=350%2C200&ssl=1","width":350,"height":200,"srcset":"https:\/\/i0.wp.com\/www.jornalja.com.br\/geral\/wp-content\/uploads\/sites\/4\/2025\/12\/bets-efeitos-colaterais.png?resize=350%2C200&ssl=1 1x, https:\/\/i0.wp.com\/www.jornalja.com.br\/geral\/wp-content\/uploads\/sites\/4\/2025\/12\/bets-efeitos-colaterais.png?resize=525%2C300&ssl=1 1.5x"},"classes":[]},{"id":86048,"url":"https:\/\/www.jornalja.com.br\/geral\/programa-contra-a-fome-no-munda-ganha-nobel-da-paz\/","url_meta":{"origin":92940,"position":5},"title":"Programa contra a fome no mundo ganha Nobel da Paz","author":"da Reda\u00e7\u00e3o","date":"9 de outubro de 2020","format":false,"excerpt":"Programa Mundial de Alimentos (PMA) da Organiza\u00e7\u00e3o das Na\u00e7\u00f5es Unidas (ONU) conquistou o Pr\u00eamio Nobel da Paz nesta sexta-feira (9) por seus esfor\u00e7os para combater a fome e melhorar as condi\u00e7\u00f5es para a paz em \u00e1reas atingidas por conflitos. A entidade, sediada em Roma, afirma que ajuda 97 milh\u00f5es de\u2026","rel":"","context":"Em &quot;Geral-NOTAS&quot;","block_context":{"text":"Geral-NOTAS","link":"https:\/\/www.jornalja.com.br\/geral\/category\/geral-notas\/"},"img":{"alt_text":"","src":"","width":0,"height":0},"classes":[]}],"jetpack_sharing_enabled":true,"_links":{"self":[{"href":"https:\/\/www.jornalja.com.br\/geral\/wp-json\/wp\/v2\/posts\/92940","targetHints":{"allow":["GET"]}}],"collection":[{"href":"https:\/\/www.jornalja.com.br\/geral\/wp-json\/wp\/v2\/posts"}],"about":[{"href":"https:\/\/www.jornalja.com.br\/geral\/wp-json\/wp\/v2\/types\/post"}],"author":[{"embeddable":true,"href":"https:\/\/www.jornalja.com.br\/geral\/wp-json\/wp\/v2\/users\/4"}],"replies":[{"embeddable":true,"href":"https:\/\/www.jornalja.com.br\/geral\/wp-json\/wp\/v2\/comments?post=92940"}],"version-history":[{"count":1,"href":"https:\/\/www.jornalja.com.br\/geral\/wp-json\/wp\/v2\/posts\/92940\/revisions"}],"predecessor-version":[{"id":92942,"href":"https:\/\/www.jornalja.com.br\/geral\/wp-json\/wp\/v2\/posts\/92940\/revisions\/92942"}],"wp:featuredmedia":[{"embeddable":true,"href":"https:\/\/www.jornalja.com.br\/geral\/wp-json\/wp\/v2\/media\/92941"}],"wp:attachment":[{"href":"https:\/\/www.jornalja.com.br\/geral\/wp-json\/wp\/v2\/media?parent=92940"}],"wp:term":[{"taxonomy":"category","embeddable":true,"href":"https:\/\/www.jornalja.com.br\/geral\/wp-json\/wp\/v2\/categories?post=92940"},{"taxonomy":"post_tag","embeddable":true,"href":"https:\/\/www.jornalja.com.br\/geral\/wp-json\/wp\/v2\/tags?post=92940"}],"curies":[{"name":"wp","href":"https:\/\/api.w.org\/{rel}","templated":true}]}}