{"id":92945,"date":"2022-06-29T15:23:19","date_gmt":"2022-06-29T18:23:19","guid":{"rendered":"https:\/\/www.jornalja.com.br\/colunas\/?p=83588"},"modified":"2022-06-29T15:23:19","modified_gmt":"2022-06-29T18:23:19","slug":"conselho-federal-de-veterinaria-regulamenta-a-telemedicina-para-tratamento-de-animais","status":"publish","type":"post","link":"https:\/\/www.jornalja.com.br\/geral\/conselho-federal-de-veterinaria-regulamenta-a-telemedicina-para-tratamento-de-animais\/","title":{"rendered":"Conselho Federal de Veterin\u00e1ria regulamenta a telemedicina para tratamento de animais"},"content":{"rendered":"<p>Resolu\u00e7\u00e3o do Conselho Federal de Medicina Veterin\u00e1ria (CFMV) que regulamenta o uso de telemedicina para a presta\u00e7\u00e3o de servi\u00e7os veterin\u00e1rios foi\u00a0publicada no Di\u00e1rio Oficial da Uni\u00e3o de\u00a0hoje\u00a0(29).<\/p>\n<p>Al\u00e9m de apresentar defini\u00e7\u00f5es t\u00e9cnicas sobre o exerc\u00edcio profissional da telemedicina veterin\u00e1ria, a Resolu\u00e7\u00e3o n\u00ba 1.465 detalha padr\u00f5es t\u00e9cnicos e tecnol\u00f3gicos que ser\u00e3o adotados para este fim. Apresenta tamb\u00e9m requisitos para o uso das modalidades previstas para atendimentos a\u00a0dist\u00e2ncia.<\/p>\n<p>Segundo o CFMV, \u201co profissional pode desenvolver aplicativo espec\u00edfico para a telemedicina ou fazer o uso integrado de plataformas existentes, desde que respeitados os crit\u00e9rios e as garantias estabelecidos na resolu\u00e7\u00e3o, registrando em prontu\u00e1rio a tecnologia empregada no atendimento\u201d.<\/p>\n<p>De acordo com a resolu\u00e7\u00e3o, o atendimento presencial \u00e9 o \u201cpadr\u00e3o ouro para a pr\u00e1tica dos atos m\u00e9dicos veterin\u00e1rios\u201d, de forma a assegurar, ao profissional, autonomia de decis\u00e3o quanto ao uso da telemedicina veterin\u00e1ria, inclusive sobre a sua impossibilidade.<\/p>\n<p>O m\u00e9dico veterin\u00e1rio dever\u00e1 \u201cdecidir com livre arb\u00edtrio e responsabilidade se as informa\u00e7\u00f5es recebidas s\u00e3o qualificadas dentro de condi\u00e7\u00f5es \u00e9ticas e de protocolos de seguran\u00e7a digital suficientes para a realiza\u00e7\u00e3o do ato m\u00e9dico veterin\u00e1rio\u201d, diz a resolu\u00e7\u00e3o.<\/p>\n<p>Entre as modalidades previstas para esse tipo de telemedicina est\u00e3o as de teleconsulta, telemonitoramento, teletriagem, teleorienta\u00e7\u00e3o, teleinterconsulta (entre veterin\u00e1rios, para troca de informa\u00e7\u00f5es e opini\u00f5es) e telediagn\u00f3stico. Cada uma delas teve suas especificidades detalhadas pela resolu\u00e7\u00e3o.<\/p>\n<p>Com rela\u00e7\u00e3o \u00e0s prescri\u00e7\u00f5es, a resolu\u00e7\u00e3o prev\u00ea que os receitu\u00e1rios de medicamentos sujeitos a controle especial somente ser\u00e3o v\u00e1lidos quando subscritos com assinatura eletr\u00f4nica qualificada, por meio de certificado digital. Devem tamb\u00e9m seguir as normas editadas pelos \u00f3rg\u00e3os e entidades reguladores espec\u00edficos, como \u00e9 o caso dos minist\u00e9rios da Sa\u00fade; da Agricultura, Pecu\u00e1ria e Abastecimento; e da Ag\u00eancia Nacional de Vigil\u00e2ncia Sanit\u00e1ria (Anvisa).<\/p>\n<p>(Com informa\u00e7\u00f5es da Ag\u00eancia Brasil )<\/p>\n","protected":false},"excerpt":{"rendered":"<p>Resolu\u00e7\u00e3o do Conselho Federal de Medicina Veterin\u00e1ria (CFMV) que regulamenta o uso de telemedicina para a presta\u00e7\u00e3o de servi\u00e7os veterin\u00e1rios foi\u00a0publicada no Di\u00e1rio Oficial da Uni\u00e3o de\u00a0hoje\u00a0(29). Al\u00e9m de apresentar defini\u00e7\u00f5es t\u00e9cnicas sobre o exerc\u00edcio profissional da telemedicina veterin\u00e1ria, a Resolu\u00e7\u00e3o n\u00ba 1.465 detalha padr\u00f5es t\u00e9cnicos e tecnol\u00f3gicos que ser\u00e3o adotados para este fim. Apresenta [&hellip;]<\/p>\n","protected":false},"author":4,"featured_media":92948,"comment_status":"open","ping_status":"open","sticky":false,"template":"","format":"standard","meta":{"jetpack_post_was_ever_published":false,"_jetpack_newsletter_access":"","_jetpack_dont_email_post_to_subs":false,"_jetpack_newsletter_tier_id":0,"_jetpack_memberships_contains_paywalled_content":false,"_jetpack_memberships_contains_paid_content":false,"footnotes":"","jetpack_publicize_message":"","jetpack_publicize_feature_enabled":true,"jetpack_social_post_already_shared":true,"jetpack_social_options":{"image_generator_settings":{"template":"highway","default_image_id":0,"font":"","enabled":false},"version":2}},"categories":[2],"tags":[295,35,238,86,424,500,501,270,296,38,149,361,95,509],"class_list":["post-92945","post","type-post","status-publish","format-standard","has-post-thumbnail","hentry","category-geral","tag-animais","tag-anvisa","tag-brasil","tag-cultura","tag-diario-oficial","tag-etica","tag-medicina","tag-moda","tag-pecuaria","tag-saude","tag-sc","tag-seguranca","tag-sp","tag-uniao"],"aioseo_notices":[],"jetpack_publicize_connections":[],"jetpack_featured_media_url":"https:\/\/www.jornalja.com.br\/geral\/wp-content\/uploads\/sites\/4\/2022\/06\/televeterinaria.jpg","jetpack_shortlink":"https:\/\/wp.me\/pbKhrD-ob7","jetpack-related-posts":[{"id":91707,"url":"https:\/\/www.jornalja.com.br\/geral\/agora-ate-comprovante-de-consignado-serve-como-prova-de-vida-para-o-inss\/","url_meta":{"origin":92945,"position":0},"title":"Novas regras: comprovante de consignado j\u00e1 serve como prova de vida para o INSS","author":"da Reda\u00e7\u00e3o","date":"3 de fevereiro de 2022","format":false,"excerpt":"O Minist\u00e9rio do Trabalho e Previd\u00eancia publicou, no\u00a0Di\u00e1rio Oficial da Uni\u00e3o\u00a0de\u00a0hoje\u00a0(3), portaria que disciplina os procedimentos a serem adotados para a comprova\u00e7\u00e3o de vida anual dos benefici\u00e1rios do Instituto Nacional do Seguro Social (INSS). A\u00a0Portaria n\u00ba 1.408\u00a0apresenta algumas situa\u00e7\u00f5es (atos, meios, informa\u00e7\u00f5es ou bases de dados) que passar\u00e3o a ser\u2026","rel":"","context":"Em &quot;Geral-MAT\u00c9RIA&quot;","block_context":{"text":"Geral-MAT\u00c9RIA","link":"https:\/\/www.jornalja.com.br\/geral\/category\/geral\/"},"img":{"alt_text":"","src":"https:\/\/i0.wp.com\/www.jornalja.com.br\/geral\/wp-content\/uploads\/sites\/4\/2022\/02\/inss-foto-tomaz-silva-agencia-brasil.jpg?resize=350%2C200&ssl=1","width":350,"height":200,"srcset":"https:\/\/i0.wp.com\/www.jornalja.com.br\/geral\/wp-content\/uploads\/sites\/4\/2022\/02\/inss-foto-tomaz-silva-agencia-brasil.jpg?resize=350%2C200&ssl=1 1x, https:\/\/i0.wp.com\/www.jornalja.com.br\/geral\/wp-content\/uploads\/sites\/4\/2022\/02\/inss-foto-tomaz-silva-agencia-brasil.jpg?resize=525%2C300&ssl=1 1.5x, https:\/\/i0.wp.com\/www.jornalja.com.br\/geral\/wp-content\/uploads\/sites\/4\/2022\/02\/inss-foto-tomaz-silva-agencia-brasil.jpg?resize=700%2C400&ssl=1 2x, https:\/\/i0.wp.com\/www.jornalja.com.br\/geral\/wp-content\/uploads\/sites\/4\/2022\/02\/inss-foto-tomaz-silva-agencia-brasil.jpg?resize=1050%2C600&ssl=1 3x"},"classes":[]},{"id":92957,"url":"https:\/\/www.jornalja.com.br\/geral\/tres-hospitais-em-porto-alegre-ja-usam-robos-para-descontaminar-ambientes\/","url_meta":{"origin":92945,"position":1},"title":"Tr\u00eas hospitais em Porto Alegre j\u00e1 usam rob\u00f4s para descontaminar ambientes","author":"da Reda\u00e7\u00e3o","date":"29 de junho de 2022","format":false,"excerpt":"Tr\u00eas hospitais em Porto Alegre j\u00e1 est\u00e3o usando rob\u00f4s para descontaminar seus ambientes: Unimed, Grupo Hospitalar Concei\u00e7\u00e3o e Hospital S\u00e3o Lucas da PUCRS. Em S\u00e3o Paulo, essa tecnologia est\u00e1 dispon\u00edvel no Hospital Premier. O trabalho pioneiro \u00e9 realizado pelo Grupo Phi Robotics Research Lab, sediado na Universidade Federal do Rio\u2026","rel":"","context":"Em &quot;Geral-MAT\u00c9RIA&quot;","block_context":{"text":"Geral-MAT\u00c9RIA","link":"https:\/\/www.jornalja.com.br\/geral\/category\/geral\/"},"img":{"alt_text":"","src":"https:\/\/i0.wp.com\/www.jornalja.com.br\/geral\/wp-content\/uploads\/sites\/4\/2022\/06\/robo-que-descontamina-hospitais.jpeg?resize=350%2C200&ssl=1","width":350,"height":200,"srcset":"https:\/\/i0.wp.com\/www.jornalja.com.br\/geral\/wp-content\/uploads\/sites\/4\/2022\/06\/robo-que-descontamina-hospitais.jpeg?resize=350%2C200&ssl=1 1x, https:\/\/i0.wp.com\/www.jornalja.com.br\/geral\/wp-content\/uploads\/sites\/4\/2022\/06\/robo-que-descontamina-hospitais.jpeg?resize=525%2C300&ssl=1 1.5x, https:\/\/i0.wp.com\/www.jornalja.com.br\/geral\/wp-content\/uploads\/sites\/4\/2022\/06\/robo-que-descontamina-hospitais.jpeg?resize=700%2C400&ssl=1 2x, https:\/\/i0.wp.com\/www.jornalja.com.br\/geral\/wp-content\/uploads\/sites\/4\/2022\/06\/robo-que-descontamina-hospitais.jpeg?resize=1050%2C600&ssl=1 3x"},"classes":[]},{"id":76962,"url":"https:\/\/www.jornalja.com.br\/geral\/aposentados-e-pensionistas-do-inss-terao-que-apresentar-prova-de-vida-anual\/","url_meta":{"origin":92945,"position":2},"title":"Aposentados e pensionistas do INSS ter\u00e3o que apresentar prova de vida anual","author":"da Reda\u00e7\u00e3o","date":"3 de setembro de 2019","format":false,"excerpt":"Da Ag\u00eancia Brasil Foi publicada no Di\u00e1rio Oficial da Uni\u00e3o desta ter\u00e7a-feira, 3, a resolu\u00e7\u00e3o que regulamenta a comprova\u00e7\u00e3o de vida e renova\u00e7\u00e3o de senha para os benefici\u00e1rios do Instituto Nacional de Seguro Social (INSS), bem como a presta\u00e7\u00e3o de informa\u00e7\u00f5es por meio das institui\u00e7\u00f5es financeiras pagadoras. A comprova\u00e7\u00e3o de\u2026","rel":"","context":"Em &quot;Geral-MAT\u00c9RIA&quot;","block_context":{"text":"Geral-MAT\u00c9RIA","link":"https:\/\/www.jornalja.com.br\/geral\/category\/geral\/"},"img":{"alt_text":"","src":"","width":0,"height":0},"classes":[]},{"id":84417,"url":"https:\/\/www.jornalja.com.br\/geral\/camara-aprova-texto-base-de-mp-que-suspende-quantidade-minima-de-dias-letivos-em-escolas\/","url_meta":{"origin":92945,"position":3},"title":"C\u00e2mara aprova texto-base de MP que suspende quantidade m\u00ednima de dias letivos em escolas","author":"da Reda\u00e7\u00e3o","date":"1 de julho de 2020","format":false,"excerpt":"O Plen\u00e1rio da C\u00e2mara dos Deputados aprovou nesta ter\u00e7a-feira (30) o texto-base da Medida Provis\u00f3ria 934\/20, que suspende a obrigatoriedade de escolas e universidades cumprirem a quantidade m\u00ednima de dias letivos neste ano em raz\u00e3o da pandemia de Covid-19. Os deputados devem analisar, em outra sess\u00e3o a ser convocada para\u2026","rel":"","context":"Em &quot;Geral-NOTAS&quot;","block_context":{"text":"Geral-NOTAS","link":"https:\/\/www.jornalja.com.br\/geral\/category\/geral-notas\/"},"img":{"alt_text":"","src":"","width":0,"height":0},"classes":[]},{"id":80647,"url":"https:\/\/www.jornalja.com.br\/geral\/pesquisa-mostra-futuro-das-profissoes\/","url_meta":{"origin":92945,"position":4},"title":"Pesquisa mostra futuro das profiss\u00f5es","author":"da Reda\u00e7\u00e3o","date":"22 de janeiro de 2020","format":false,"excerpt":"Medicina, direito, engenharia, pedagogia e licenciaturas est\u00e3o entre as carreiras mais procuradas por estudantes de 15 anos em 41 pa\u00edses. No Brasil, quase dois a cada tr\u00eas estudantes pretendem seguir as dez profiss\u00f5es mais citadas no question\u00e1rio do Programa Internacional de Avalia\u00e7\u00e3o de Estudantes (Pisa) 2018 por aqueles que fizeram\u2026","rel":"","context":"Em &quot;Geral-NOTAS&quot;","block_context":{"text":"Geral-NOTAS","link":"https:\/\/www.jornalja.com.br\/geral\/category\/geral-notas\/"},"img":{"alt_text":"","src":"","width":0,"height":0},"classes":[]},{"id":86105,"url":"https:\/\/www.jornalja.com.br\/geral\/eleicoes-2020-uma-analise-das-propostas-para-a-saude-em-porto-alegre\/","url_meta":{"origin":92945,"position":5},"title":"Elei\u00e7\u00f5es 2020: Uma an\u00e1lise das propostas para a sa\u00fade em Porto Alegre","author":"da Reda\u00e7\u00e3o","date":"14 de outubro de 2020","format":false,"excerpt":"Em plena pandemia, cuja evolu\u00e7\u00e3o \u00e9 incerta,\u00a0 os desafios na \u00e1rea de sa\u00fade tendem ser ainda mais complexos para qualquer que seja o candidato eleito. Temas como uma futura vacina\u00e7\u00e3o da popula\u00e7\u00e3o contra o Covid-19 e como gerir o atendimento b\u00e1sico \u00e0 popula\u00e7\u00e3o s\u00e3o contemplados nos planos de governos. E\u2026","rel":"","context":"Em &quot;Geral-ELEI\u00c7\u00d5ES2020&quot;","block_context":{"text":"Geral-ELEI\u00c7\u00d5ES2020","link":"https:\/\/www.jornalja.com.br\/geral\/category\/eleicoes2020\/"},"img":{"alt_text":"","src":"https:\/\/i0.wp.com\/www.jornalja.com.br\/geral\/wp-content\/uploads\/sites\/4\/2020\/10\/ede-9442.jpg?resize=350%2C200&ssl=1","width":350,"height":200,"srcset":"https:\/\/i0.wp.com\/www.jornalja.com.br\/geral\/wp-content\/uploads\/sites\/4\/2020\/10\/ede-9442.jpg?resize=350%2C200&ssl=1 1x, https:\/\/i0.wp.com\/www.jornalja.com.br\/geral\/wp-content\/uploads\/sites\/4\/2020\/10\/ede-9442.jpg?resize=525%2C300&ssl=1 1.5x, https:\/\/i0.wp.com\/www.jornalja.com.br\/geral\/wp-content\/uploads\/sites\/4\/2020\/10\/ede-9442.jpg?resize=700%2C400&ssl=1 2x, https:\/\/i0.wp.com\/www.jornalja.com.br\/geral\/wp-content\/uploads\/sites\/4\/2020\/10\/ede-9442.jpg?resize=1050%2C600&ssl=1 3x, https:\/\/i0.wp.com\/www.jornalja.com.br\/geral\/wp-content\/uploads\/sites\/4\/2020\/10\/ede-9442.jpg?resize=1400%2C800&ssl=1 4x"},"classes":[]}],"jetpack_sharing_enabled":true,"_links":{"self":[{"href":"https:\/\/www.jornalja.com.br\/geral\/wp-json\/wp\/v2\/posts\/92945","targetHints":{"allow":["GET"]}}],"collection":[{"href":"https:\/\/www.jornalja.com.br\/geral\/wp-json\/wp\/v2\/posts"}],"about":[{"href":"https:\/\/www.jornalja.com.br\/geral\/wp-json\/wp\/v2\/types\/post"}],"author":[{"embeddable":true,"href":"https:\/\/www.jornalja.com.br\/geral\/wp-json\/wp\/v2\/users\/4"}],"replies":[{"embeddable":true,"href":"https:\/\/www.jornalja.com.br\/geral\/wp-json\/wp\/v2\/comments?post=92945"}],"version-history":[{"count":2,"href":"https:\/\/www.jornalja.com.br\/geral\/wp-json\/wp\/v2\/posts\/92945\/revisions"}],"predecessor-version":[{"id":92950,"href":"https:\/\/www.jornalja.com.br\/geral\/wp-json\/wp\/v2\/posts\/92945\/revisions\/92950"}],"wp:featuredmedia":[{"embeddable":true,"href":"https:\/\/www.jornalja.com.br\/geral\/wp-json\/wp\/v2\/media\/92948"}],"wp:attachment":[{"href":"https:\/\/www.jornalja.com.br\/geral\/wp-json\/wp\/v2\/media?parent=92945"}],"wp:term":[{"taxonomy":"category","embeddable":true,"href":"https:\/\/www.jornalja.com.br\/geral\/wp-json\/wp\/v2\/categories?post=92945"},{"taxonomy":"post_tag","embeddable":true,"href":"https:\/\/www.jornalja.com.br\/geral\/wp-json\/wp\/v2\/tags?post=92945"}],"curies":[{"name":"wp","href":"https:\/\/api.w.org\/{rel}","templated":true}]}}