{"id":93019,"date":"2022-07-07T06:59:37","date_gmt":"2022-07-07T09:59:37","guid":{"rendered":"https:\/\/www.jornalja.com.br\/geral\/?p=93019"},"modified":"2022-07-07T06:59:37","modified_gmt":"2022-07-07T09:59:37","slug":"variola-dos-macacos-levantamento-registra-106-casos-confirmados-no-pais","status":"publish","type":"post","link":"https:\/\/www.jornalja.com.br\/geral\/variola-dos-macacos-levantamento-registra-106-casos-confirmados-no-pais\/","title":{"rendered":"Var\u00edola dos macacos: levantamento registra 106 casos confirmados no pa\u00eds"},"content":{"rendered":"<p>O Brasil tem 106 casos confirmados de var\u00edola dos macacos (Monkeypox), segundo levantamento do Minist\u00e9rio da Sa\u00fade.<\/p>\n<p>A maioria (75) foi registrada em S\u00e3o Paulo. Em seguida, est\u00e1 o Rio de Janeiro, com 20 casos.<\/p>\n<p>Em Minas Gerais, foram tr\u00eas casos da doen\u00e7a. No Cear\u00e1, no Paran\u00e1 e no Rio de Grande do Sul foram dois registros em cada estado.<\/p>\n<p>H\u00e1 tamb\u00e9m confirma\u00e7\u00e3o de infec\u00e7\u00e3o pelo v\u00edrus no Distrito Federal e no Rio Grande do Norte, com um caso cada.<\/p>\n<p>O \u00f3rg\u00e3o destacou que segue em articula\u00e7\u00e3o direta com os estados para monitoramento dos casos e rastreamento dos contatos dos pacientes. Isso \u00e9 feito por meio da Sala de Situa\u00e7\u00e3o e Centro de Informa\u00e7\u00f5es Estrat\u00e9gicas em Vigil\u00e2ncia em Sa\u00fade (CIEVS Nacional).<\/p>\n<p><strong>O v\u00edrus<\/strong><br \/>\nA var\u00edola causada pelo v\u00edrus hMPXV (Human Monkeypox Virus, na sigla em ingl\u00eas) causa uma doen\u00e7a mais branda do que a var\u00edola smallpox, que foi erradicada na d\u00e9cada de 1980.<\/p>\n<p>Trata-se de uma doen\u00e7a viral rara transmitida pelo contato pr\u00f3ximo com uma pessoa infectada e com les\u00f5es de pele. O contato pode ser por abra\u00e7o, beijo, massagens ou rela\u00e7\u00f5es sexuais.<\/p>\n<p>A doen\u00e7a tamb\u00e9m \u00e9 transmitida por secre\u00e7\u00f5es respirat\u00f3rias e pelo contato com objetos, tecidos (roupas, roupas de cama ou toalhas) e superf\u00edcies utilizadas pelo doente.<\/p>\n<p>N\u00e3o h\u00e1 tratamento espec\u00edfico, mas os quadros cl\u00ednicos costumam ser leves, sendo necess\u00e1rios o cuidado e a observa\u00e7\u00e3o das les\u00f5es.<\/p>\n<p>O maior risco de agravamento acontece, em geral, para pessoas imunossuprimidas com HIV\/AIDS, leucemia, linfoma, met\u00e1stase, transplantados, pessoas com doen\u00e7as autoimunes, gestantes, lactantes e crian\u00e7as com menos de 8 anos.<\/p>\n<p>Os primeiros sintomas podem ser febre, dor de cabe\u00e7a, dores musculares e nas costas, linfonodos inchados, calafrios ou cansa\u00e7o. De um a tr\u00eas dias ap\u00f3s o in\u00edcio dos sintomas, as pessoas desenvolvem les\u00f5es de pele, geralmente na boca, p\u00e9s, peito, rosto e ou regi\u00f5es genitais.<\/p>\n<p>Para a preven\u00e7\u00e3o, deve-se evitar o contato pr\u00f3ximo com a pessoa doente at\u00e9 que todas as feridas tenham cicatrizado, assim como com qualquer material que tenha sido usado pelo infectado. Tamb\u00e9m \u00e9 importante a higieniza\u00e7\u00e3o das m\u00e3os, lavando-as com \u00e1gua e sab\u00e3o ou utilizando \u00e1lcool gel.<\/p>\n<p>(<strong>Com informa\u00e7\u00f5es da Ag\u00eancia Brasil)<\/strong><\/p>\n","protected":false},"excerpt":{"rendered":"<p>O Brasil tem 106 casos confirmados de var\u00edola dos macacos (Monkeypox), segundo levantamento do Minist\u00e9rio da Sa\u00fade. A maioria (75) foi registrada em S\u00e3o Paulo. Em seguida, est\u00e1 o Rio de Janeiro, com 20 casos. Em Minas Gerais, foram tr\u00eas casos da doen\u00e7a. No Cear\u00e1, no Paran\u00e1 e no Rio de Grande do Sul foram [&hellip;]<\/p>\n","protected":false},"author":5,"featured_media":93022,"comment_status":"open","ping_status":"open","sticky":false,"template":"","format":"standard","meta":{"jetpack_post_was_ever_published":false,"_jetpack_newsletter_access":"","_jetpack_dont_email_post_to_subs":false,"_jetpack_newsletter_tier_id":0,"_jetpack_memberships_contains_paywalled_content":false,"_jetpack_memberships_contains_paid_content":false,"footnotes":"","jetpack_publicize_message":"","jetpack_publicize_feature_enabled":true,"jetpack_social_post_already_shared":true,"jetpack_social_options":{"image_generator_settings":{"template":"highway","default_image_id":0,"font":"","enabled":false},"version":2}},"categories":[2],"tags":[375,238,376,308,186,38,149,95,530],"class_list":["post-93019","post","type-post","status-publish","format-standard","has-post-thumbnail","hentry","category-geral","tag-aids","tag-brasil","tag-hiv","tag-rio-de-janeiro","tag-sao-paulo","tag-saude","tag-sc","tag-sp","tag-stu"],"aioseo_notices":[],"jetpack_publicize_connections":[],"jetpack_featured_media_url":"https:\/\/www.jornalja.com.br\/geral\/wp-content\/uploads\/sites\/4\/2022\/07\/variola-dos-macacos-frascos-para-analise.jpg","jetpack_shortlink":"https:\/\/wp.me\/pbKhrD-ocj","jetpack-related-posts":[{"id":92817,"url":"https:\/\/www.jornalja.com.br\/geral\/ministerio-confirma-primeiro-caso-brasileiro-de-variola-dos-macacos-em-sao-paulo\/","url_meta":{"origin":93019,"position":0},"title":"Minist\u00e9rio confirma primeiro caso brasileiro de variola dos macacos em S\u00e3o Paulo","author":"Elmar Bones","date":"9 de junho de 2022","format":false,"excerpt":"As secretarias Estadual e Municipal da Sa\u00fade de S\u00e3o Paulo confirmaram\u00a0hoje\u00a0(9) o primeiro caso de var\u00edola dos macacos (Monkeypox) no\u00a0Brasil. O caso se refere a um homem de 41 anos, residente na cidade de S\u00e3o Paulo, com hist\u00f3rico de viagem para Portugal e Espanha. Ele est\u00e1 internado no Instituto de\u2026","rel":"","context":"Em &quot;Geral-MAT\u00c9RIA&quot;","block_context":{"text":"Geral-MAT\u00c9RIA","link":"https:\/\/www.jornalja.com.br\/geral\/category\/geral\/"},"img":{"alt_text":"","src":"https:\/\/i0.wp.com\/www.jornalja.com.br\/geral\/wp-content\/uploads\/sites\/4\/2022\/06\/variola-dos-macacos-foto-divulgacao.jpg?resize=350%2C200&ssl=1","width":350,"height":200,"srcset":"https:\/\/i0.wp.com\/www.jornalja.com.br\/geral\/wp-content\/uploads\/sites\/4\/2022\/06\/variola-dos-macacos-foto-divulgacao.jpg?resize=350%2C200&ssl=1 1x, https:\/\/i0.wp.com\/www.jornalja.com.br\/geral\/wp-content\/uploads\/sites\/4\/2022\/06\/variola-dos-macacos-foto-divulgacao.jpg?resize=525%2C300&ssl=1 1.5x"},"classes":[]},{"id":92823,"url":"https:\/\/www.jornalja.com.br\/geral\/variola-dos-macacos-mais-um-caso-em-sao-paulo-e-oito-suspeitos-pelo-brasil-onu-diz-que-risco-e-moderado\/","url_meta":{"origin":93019,"position":1},"title":"Var\u00edola dos macacos: mais um caso em S\u00e3o Paulo e oito suspeitos pelo Brasil; ONU diz que &#8220;risco \u00e9 moderado&#8221;","author":"da Reda\u00e7\u00e3o","date":"11 de junho de 2022","format":false,"excerpt":"O segundo caso de var\u00edola dos macacos no Brasil foi confirmado em S\u00e3o Paulo, neste s\u00e1bado,11. Um homem de 29 anos que retornou da Europa \u00e9 o paciente. Ele est\u00e1 isolado em sua casa em Vinhedo, interior do Estado. O caso \u00e9 considerado importado, j\u00e1 que o paciente tem hist\u00f3rico\u2026","rel":"","context":"Em &quot;Geral-MAT\u00c9RIA&quot;","block_context":{"text":"Geral-MAT\u00c9RIA","link":"https:\/\/www.jornalja.com.br\/geral\/category\/geral\/"},"img":{"alt_text":"","src":"https:\/\/i0.wp.com\/www.jornalja.com.br\/geral\/wp-content\/uploads\/sites\/4\/2022\/06\/variola-dos-macacos-frascos-para-analise.jpg?resize=350%2C200&ssl=1","width":350,"height":200},"classes":[]},{"id":92640,"url":"https:\/\/www.jornalja.com.br\/geral\/variola-dos-macacos-92-casos-em-12-paises-segundo-levantamento-da-oms\/","url_meta":{"origin":93019,"position":2},"title":"Var\u00edola dos macacos: 92 casos em 12 pa\u00edses, segundo levantamento da OMS","author":"da Reda\u00e7\u00e3o","date":"22 de maio de 2022","format":false,"excerpt":"Organiza\u00e7\u00e3o Mundial da Sa\u00fade (OMS) confirmou, neste s\u00e1bado, 21,, 92 casos da \"variola dos macacos\", em 12 paises-membros que n\u00e3o s\u00e3o end\u00eamicos para o v\u00edrus. \"As informa\u00e7\u00f5es dispon\u00edveis sugerem que a transmiss\u00e3o de humano para humano est\u00e1 ocorrendo entre pessoas em contato f\u00edsico pr\u00f3ximo com casos sintom\u00e1ticos\", acrescentou a ag\u00eancia.\u2026","rel":"","context":"Em &quot;Geral-NOTAS&quot;","block_context":{"text":"Geral-NOTAS","link":"https:\/\/www.jornalja.com.br\/geral\/category\/geral-notas\/"},"img":{"alt_text":"","src":"","width":0,"height":0},"classes":[]},{"id":100519,"url":"https:\/\/www.jornalja.com.br\/geral\/brasil-recebeu-92-milhoes-de-turistas-estrangeiros-em-2025-record-historico-foi-noticia-ate-na-china\/","url_meta":{"origin":93019,"position":3},"title":"Brasil recebeu 9,2 milh\u00f5es de turistas estrangeiros em 2025; record hist\u00f3rico foi not\u00edcia at\u00e9 na China","author":"da Reda\u00e7\u00e3o","date":"7 de janeiro de 2026","format":false,"excerpt":"S\u00e3o Paulo, Rio de Janeiro e Rio Grande do Sul concentraram os principais pontos de entrada de turistas. Argentina, Chile e Estados Unidos foram os maiores pa\u00edses de origem dos visitantes. A ag\u00eancia estatal chinesa Xinhua destacou o fato.\u00a0 O Brasil registrou a entrada 9.287.196 turistas estrangeiros no pais em\u2026","rel":"","context":"Em &quot;Geral-MAT\u00c9RIA&quot;","block_context":{"text":"Geral-MAT\u00c9RIA","link":"https:\/\/www.jornalja.com.br\/geral\/category\/geral\/"},"img":{"alt_text":"","src":"https:\/\/i0.wp.com\/www.jornalja.com.br\/geral\/wp-content\/uploads\/sites\/4\/2026\/01\/turismo.png?resize=350%2C200&ssl=1","width":350,"height":200,"srcset":"https:\/\/i0.wp.com\/www.jornalja.com.br\/geral\/wp-content\/uploads\/sites\/4\/2026\/01\/turismo.png?resize=350%2C200&ssl=1 1x, https:\/\/i0.wp.com\/www.jornalja.com.br\/geral\/wp-content\/uploads\/sites\/4\/2026\/01\/turismo.png?resize=525%2C300&ssl=1 1.5x, https:\/\/i0.wp.com\/www.jornalja.com.br\/geral\/wp-content\/uploads\/sites\/4\/2026\/01\/turismo.png?resize=700%2C400&ssl=1 2x"},"classes":[]},{"id":81993,"url":"https:\/\/www.jornalja.com.br\/geral\/ministerio-da-saude-amplia-os-testes-para-detectar-novos-casos-de-coronavirus\/","url_meta":{"origin":93019,"position":4},"title":"Minist\u00e9rio da Sa\u00fade amplia os testes para detectar novos casos de coronavirus","author":"da Reda\u00e7\u00e3o","date":"10 de mar\u00e7o de 2020","format":false,"excerpt":"Em cidades que j\u00e1 t\u00eam casos de coronav\u00edrus confirmados, todo o paciente que apresentar sintoma de gripe, febre e problema respirat\u00f3rio, e que der negativo para outros v\u00edrus, vai entrar na lista de suspeito e realizar teste para detectar se tem a doen\u00e7a. At\u00e9 agora, eram considerados suspeitos os casos\u2026","rel":"","context":"Em &quot;Geral-MAT\u00c9RIA&quot;","block_context":{"text":"Geral-MAT\u00c9RIA","link":"https:\/\/www.jornalja.com.br\/geral\/category\/geral\/"},"img":{"alt_text":"","src":"https:\/\/i0.wp.com\/www.jornalja.com.br\/geral\/wp-content\/uploads\/sites\/4\/2020\/03\/Coronavirus-ministro.jpg?resize=350%2C200&ssl=1","width":350,"height":200,"srcset":"https:\/\/i0.wp.com\/www.jornalja.com.br\/geral\/wp-content\/uploads\/sites\/4\/2020\/03\/Coronavirus-ministro.jpg?resize=350%2C200&ssl=1 1x, https:\/\/i0.wp.com\/www.jornalja.com.br\/geral\/wp-content\/uploads\/sites\/4\/2020\/03\/Coronavirus-ministro.jpg?resize=525%2C300&ssl=1 1.5x, https:\/\/i0.wp.com\/www.jornalja.com.br\/geral\/wp-content\/uploads\/sites\/4\/2020\/03\/Coronavirus-ministro.jpg?resize=700%2C400&ssl=1 2x"},"classes":[]},{"id":86077,"url":"https:\/\/www.jornalja.com.br\/geral\/covid-19-brasil-passa-de-150-mil-mortes-no-rs-sao-mais-de-5-mil\/","url_meta":{"origin":93019,"position":5},"title":"Covid 19 \u2013 Brasil passa de 150 mil mortes, no RS s\u00e3o mais de 5 mil","author":"da Reda\u00e7\u00e3o","date":"10 de outubro de 2020","format":false,"excerpt":"O Minist\u00e9rio da Sa\u00fade divulgou neste s\u00e1bado, 10\/10, novos n\u00fameros sobre a pandemia do Covid-19 no pa\u00eds. De acordo com levantamento di\u00e1rio feito pela pasta, o Brasil tem 5.082.637 casos confirmados da doen\u00e7a e 150.198 mortes registradas. Os casos recuperados somam 4.453.722. Nas \u00faltimas 24 horas, o minist\u00e9rio registrou 26.749\u2026","rel":"","context":"Em &quot;Geral-MAT\u00c9RIA&quot;","block_context":{"text":"Geral-MAT\u00c9RIA","link":"https:\/\/www.jornalja.com.br\/geral\/category\/geral\/"},"img":{"alt_text":"","src":"https:\/\/i0.wp.com\/www.jornalja.com.br\/geral\/wp-content\/uploads\/sites\/4\/2020\/10\/17-07-2020-covid-testes-5.jpg?resize=350%2C200&ssl=1","width":350,"height":200,"srcset":"https:\/\/i0.wp.com\/www.jornalja.com.br\/geral\/wp-content\/uploads\/sites\/4\/2020\/10\/17-07-2020-covid-testes-5.jpg?resize=350%2C200&ssl=1 1x, https:\/\/i0.wp.com\/www.jornalja.com.br\/geral\/wp-content\/uploads\/sites\/4\/2020\/10\/17-07-2020-covid-testes-5.jpg?resize=525%2C300&ssl=1 1.5x, https:\/\/i0.wp.com\/www.jornalja.com.br\/geral\/wp-content\/uploads\/sites\/4\/2020\/10\/17-07-2020-covid-testes-5.jpg?resize=700%2C400&ssl=1 2x, https:\/\/i0.wp.com\/www.jornalja.com.br\/geral\/wp-content\/uploads\/sites\/4\/2020\/10\/17-07-2020-covid-testes-5.jpg?resize=1050%2C600&ssl=1 3x"},"classes":[]}],"jetpack_sharing_enabled":true,"_links":{"self":[{"href":"https:\/\/www.jornalja.com.br\/geral\/wp-json\/wp\/v2\/posts\/93019","targetHints":{"allow":["GET"]}}],"collection":[{"href":"https:\/\/www.jornalja.com.br\/geral\/wp-json\/wp\/v2\/posts"}],"about":[{"href":"https:\/\/www.jornalja.com.br\/geral\/wp-json\/wp\/v2\/types\/post"}],"author":[{"embeddable":true,"href":"https:\/\/www.jornalja.com.br\/geral\/wp-json\/wp\/v2\/users\/5"}],"replies":[{"embeddable":true,"href":"https:\/\/www.jornalja.com.br\/geral\/wp-json\/wp\/v2\/comments?post=93019"}],"version-history":[{"count":1,"href":"https:\/\/www.jornalja.com.br\/geral\/wp-json\/wp\/v2\/posts\/93019\/revisions"}],"predecessor-version":[{"id":93023,"href":"https:\/\/www.jornalja.com.br\/geral\/wp-json\/wp\/v2\/posts\/93019\/revisions\/93023"}],"wp:featuredmedia":[{"embeddable":true,"href":"https:\/\/www.jornalja.com.br\/geral\/wp-json\/wp\/v2\/media\/93022"}],"wp:attachment":[{"href":"https:\/\/www.jornalja.com.br\/geral\/wp-json\/wp\/v2\/media?parent=93019"}],"wp:term":[{"taxonomy":"category","embeddable":true,"href":"https:\/\/www.jornalja.com.br\/geral\/wp-json\/wp\/v2\/categories?post=93019"},{"taxonomy":"post_tag","embeddable":true,"href":"https:\/\/www.jornalja.com.br\/geral\/wp-json\/wp\/v2\/tags?post=93019"}],"curies":[{"name":"wp","href":"https:\/\/api.w.org\/{rel}","templated":true}]}}