{"id":93064,"date":"2022-07-08T14:05:04","date_gmt":"2022-07-08T17:05:04","guid":{"rendered":"https:\/\/www.jornalja.com.br\/geral\/?p=93064"},"modified":"2022-07-08T15:19:45","modified_gmt":"2022-07-08T18:19:45","slug":"ansiedade-transtorno-que-aflige-18-milhoes-de-brasileiros-sera-tema-da-unimed-porto-alegre","status":"publish","type":"post","link":"https:\/\/www.jornalja.com.br\/geral\/ansiedade-transtorno-que-aflige-18-milhoes-de-brasileiros-sera-tema-da-unimed-porto-alegre\/","title":{"rendered":"Ansiedade, transtorno que aflige 18 milh\u00f5es de brasileiros, ser\u00e1 tema da Unimed Porto Alegre"},"content":{"rendered":"<p>Mais de 18 milh\u00f5es de pessoas sofrem algum tipo de transtorno de ansiedade no Brasil.<\/p>\n<p>Para falar sobre o tema, no Programa Viver Bem, da Unimed Porto Alegre, a psic\u00f3loga Juliana Moura ir\u00e1 ministrar a atividade online &#8220;Ansiedade: da normalidade ao transtorno&#8221;, que ser\u00e1 realizada em 15 de julho, \u00e0s 17h.<\/p>\n<p>Psic\u00f3loga abordar\u00e1 sobre os diferentes tipos de ansiedade e estrat\u00e9gias para uma vida mais equilibrada<\/p>\n<p>Gratuita e aberta \u00e0 comunidade, a atividade acontecer\u00e1 via plataforma virtual.<\/p>\n<p>O momento abordar\u00e1 as diferen\u00e7as entre o sentimento de ansiedade normal e a ansiedade que gera sofrimento e impactos negativos, al\u00e9m de\u00a0 esclarecer sobre quais estrat\u00e9gias s\u00e3o mais assertivas em cada caso, buscando uma vida mais equilibrada.<\/p>\n<p>Interessados podem se inscrever pelo link https:\/\/www.unimedpoa.com.br\/viverbem\/agenda-de-atividades, onde \u00e9 poss\u00edvel acessar a programa\u00e7\u00e3o completa do m\u00eas de julho.<\/p>\n","protected":false},"excerpt":{"rendered":"<p>Mais de 18 milh\u00f5es de pessoas sofrem algum tipo de transtorno de ansiedade no Brasil. Para falar sobre o tema, no Programa Viver Bem, da Unimed Porto Alegre, a psic\u00f3loga Juliana Moura ir\u00e1 ministrar a atividade online &#8220;Ansiedade: da normalidade ao transtorno&#8221;, que ser\u00e1 realizada em 15 de julho, \u00e0s 17h. Psic\u00f3loga abordar\u00e1 sobre os [&hellip;]<\/p>\n","protected":false},"author":4,"featured_media":93066,"comment_status":"open","ping_status":"open","sticky":false,"template":"","format":"standard","meta":{"jetpack_post_was_ever_published":false,"_jetpack_newsletter_access":"","_jetpack_dont_email_post_to_subs":false,"_jetpack_newsletter_tier_id":0,"_jetpack_memberships_contains_paywalled_content":false,"_jetpack_memberships_contains_paid_content":false,"footnotes":"","jetpack_publicize_message":"","jetpack_publicize_feature_enabled":true,"jetpack_social_post_already_shared":true,"jetpack_social_options":{"image_generator_settings":{"template":"highway","default_image_id":0,"font":"","enabled":false},"version":2}},"categories":[2],"tags":[238,460,132,149],"class_list":["post-93064","post","type-post","status-publish","format-standard","has-post-thumbnail","hentry","category-geral","tag-brasil","tag-ovid","tag-porto-alegre","tag-sc"],"aioseo_notices":[],"jetpack_publicize_connections":[],"jetpack_featured_media_url":"https:\/\/www.jornalja.com.br\/geral\/wp-content\/uploads\/sites\/4\/2022\/07\/ansiedade.jpg","jetpack_shortlink":"https:\/\/wp.me\/pbKhrD-od2","jetpack-related-posts":[{"id":86323,"url":"https:\/\/www.jornalja.com.br\/geral\/ansiedade-o-principal-efeito-colateral-da-covid\/","url_meta":{"origin":93064,"position":0},"title":"Ansiedade \u00e9 o principal efeito colateral da covid, revela pesquisa","author":"da Reda\u00e7\u00e3o","date":"1 de novembro de 2020","format":false,"excerpt":"Pesquisa feita pela Universidade Federal do Rio Grande do Sul (UFRGS)\u00a0 revela que 80% da popula\u00e7\u00e3o brasileira tornou-se mais ansiosa na pandemia do novo coronav\u00edrus. A pesquisa, que ouviu entre maio e julho 1.996 pessoas maiores de 18 anos de idade, foi divulgada nas redes sociais. \u201cA principal conclus\u00e3o da\u2026","rel":"","context":"Em &quot;Geral-MAT\u00c9RIA&quot;","block_context":{"text":"Geral-MAT\u00c9RIA","link":"https:\/\/www.jornalja.com.br\/geral\/category\/geral\/"},"img":{"alt_text":"","src":"https:\/\/i0.wp.com\/www.jornalja.com.br\/geral\/wp-content\/uploads\/sites\/4\/2020\/11\/covid-a-doenca-da-ansiedade.jpg?resize=350%2C200&ssl=1","width":350,"height":200,"srcset":"https:\/\/i0.wp.com\/www.jornalja.com.br\/geral\/wp-content\/uploads\/sites\/4\/2020\/11\/covid-a-doenca-da-ansiedade.jpg?resize=350%2C200&ssl=1 1x, https:\/\/i0.wp.com\/www.jornalja.com.br\/geral\/wp-content\/uploads\/sites\/4\/2020\/11\/covid-a-doenca-da-ansiedade.jpg?resize=525%2C300&ssl=1 1.5x, https:\/\/i0.wp.com\/www.jornalja.com.br\/geral\/wp-content\/uploads\/sites\/4\/2020\/11\/covid-a-doenca-da-ansiedade.jpg?resize=700%2C400&ssl=1 2x, https:\/\/i0.wp.com\/www.jornalja.com.br\/geral\/wp-content\/uploads\/sites\/4\/2020\/11\/covid-a-doenca-da-ansiedade.jpg?resize=1050%2C600&ssl=1 3x"},"classes":[]},{"id":76710,"url":"https:\/\/www.jornalja.com.br\/geral\/associacao-de-oficiais-fala-sobre-aumento-de-suicido-e-depressao-entre-brigadianos\/","url_meta":{"origin":93064,"position":1},"title":"Associa\u00e7\u00e3o de Oficiais fala sobre aumento de suic\u00eddos e depress\u00e3o entre brigadianos","author":"da Reda\u00e7\u00e3o","date":"26 de agosto de 2019","format":false,"excerpt":"O Rio Grande do Sul est\u00e1 na lideran\u00e7a do n\u00famero de suic\u00eddio de PMs no Pa\u00eds, segundo nota da Associa\u00e7\u00e3o dos Oficiais da Brigada Militar. A associa\u00e7\u00e3o convoca uma coletiva de imprensa na quarta-feira, quando ser\u00e3o divulgados os n\u00fameros relativos a suic\u00eddios, depress\u00e3o e outros transtornos que atingem os PMs,\u2026","rel":"","context":"Em &quot;Geral-MAT\u00c9RIA&quot;","block_context":{"text":"Geral-MAT\u00c9RIA","link":"https:\/\/www.jornalja.com.br\/geral\/category\/geral\/"},"img":{"alt_text":"","src":"","width":0,"height":0},"classes":[]},{"id":87465,"url":"https:\/\/www.jornalja.com.br\/geral\/telepsi-e-prorrogado-ate-junho-teleconsultas-gratuitas-com-psicologos-e-psiquiatras\/","url_meta":{"origin":93064,"position":2},"title":"TelePSI \u00e9 prorrogado at\u00e9 junho: teleconsultas gratuitas com psic\u00f3logos e psiquiatras","author":"da Reda\u00e7\u00e3o","date":"17 de mar\u00e7o de 2021","format":false,"excerpt":"O projeto TelePSI foi prorrogado at\u00e9 Junho de 2021. O TelePSI \u00e9 um projeto do Hospital de Cl\u00ednicas de Porto Alegre e Minist\u00e9rio da Sa\u00fade que oferece teleconsultas psicol\u00f3gicas e psiqui\u00e1tricas gratuitas com protocolos embasados em evid\u00eancias cient\u00edficas para profissionais da sa\u00fade do SUS. Os resultados do projeto t\u00eam sido\u2026","rel":"","context":"Em &quot;Geral-NOTAS&quot;","block_context":{"text":"Geral-NOTAS","link":"https:\/\/www.jornalja.com.br\/geral\/category\/geral-notas\/"},"img":{"alt_text":"","src":"","width":0,"height":0},"classes":[]},{"id":76791,"url":"https:\/\/www.jornalja.com.br\/geral\/rs-e-um-dos-estados-onde-mais-policiais-se-matam\/","url_meta":{"origin":93064,"position":3},"title":"RS \u00e9 um dos Estados onde mais policiais se matam","author":"Carlos Matsubara","date":"28 de agosto de 2019","format":false,"excerpt":"\u00a0 Por Carlos Matsubara No Rio Grande do Sul, ocorreram 50 suic\u00eddios de brigadianos, entre 2008 e 2018. Os dados s\u00e3o da Associa\u00e7\u00e3o dos Oficiais da Brigada Militar e do Corpo de Bombeiros (ASOFBM), e foram apresentados na manh\u00e3 desta quarta-feira (28), em Porto Alegre. Na popula\u00e7\u00e3o ga\u00facha, a incid\u00eancia\u2026","rel":"","context":"Em &quot;Geral-MAT\u00c9RIA&quot;","block_context":{"text":"Geral-MAT\u00c9RIA","link":"https:\/\/www.jornalja.com.br\/geral\/category\/geral\/"},"img":{"alt_text":"","src":"","width":0,"height":0},"classes":[]},{"id":83168,"url":"https:\/\/www.jornalja.com.br\/geral\/pesquisador-da-ufrgs-propoe-psicologia-positiva-em-prol-da-saude-mental-na-quarentena\/","url_meta":{"origin":93064,"position":4},"title":"Pesquisador da UFRGS prop\u00f5e psicologia positiva em prol da sa\u00fade mental na quarentena","author":"da Reda\u00e7\u00e3o","date":"29 de abril de 2020","format":false,"excerpt":"Aspectos como estresse, ansiedade e depress\u00e3o s\u00e3o sintomas psicopatol\u00f3gicos muito tematizados no contexto de medo de uma pandemia e de mudan\u00e7a de rotina com o isolamento social. A proposta do professor do Instituto de Psicologia da UFRGS Cristian Zanon \u00e9 destacar a promo\u00e7\u00e3o da sa\u00fade mental e do bem-estar durante\u2026","rel":"","context":"Em &quot;Geral-NOTAS&quot;","block_context":{"text":"Geral-NOTAS","link":"https:\/\/www.jornalja.com.br\/geral\/category\/geral-notas\/"},"img":{"alt_text":"","src":"https:\/\/i0.wp.com\/www.jornalja.com.br\/geral\/wp-content\/uploads\/sites\/4\/2020\/04\/Sem-t%C3%ADtulo.jpg?resize=350%2C200&ssl=1","width":350,"height":200,"srcset":"https:\/\/i0.wp.com\/www.jornalja.com.br\/geral\/wp-content\/uploads\/sites\/4\/2020\/04\/Sem-t%C3%ADtulo.jpg?resize=350%2C200&ssl=1 1x, https:\/\/i0.wp.com\/www.jornalja.com.br\/geral\/wp-content\/uploads\/sites\/4\/2020\/04\/Sem-t%C3%ADtulo.jpg?resize=525%2C300&ssl=1 1.5x"},"classes":[]},{"id":100343,"url":"https:\/\/www.jornalja.com.br\/geral\/estudo-aponta-perdas-de-r-38-bilhoes-por-ano-com-efeitos-colaterais-das-bets\/","url_meta":{"origin":93064,"position":5},"title":"Estudo aponta perdas de R$ 38 bilh\u00f5es por ano com efeitos colaterais das bets","author":"da Reda\u00e7\u00e3o","date":"2 de dezembro de 2025","format":false,"excerpt":"Jogos de azar e apostas\u00a0online, popularizadas pelas chamadas\u00a0bets, provocam perdas econ\u00f4micas e sociais ao pa\u00eds estimadas em R$ 38,8 bilh\u00f5es anualmente. Esse valor \u00e9 o somat\u00f3rio de danos \u00e0 sociedade, como suic\u00eddios, desemprego, gastos com sa\u00fade e afastamento do trabalho. O c\u00e1lculo \u00e9 do estudo in\u00e9dito\u00a0A sa\u00fade dos brasileiros em\u2026","rel":"","context":"Em &quot;Geral-MAT\u00c9RIA&quot;","block_context":{"text":"Geral-MAT\u00c9RIA","link":"https:\/\/www.jornalja.com.br\/geral\/category\/geral\/"},"img":{"alt_text":"","src":"https:\/\/i0.wp.com\/www.jornalja.com.br\/geral\/wp-content\/uploads\/sites\/4\/2025\/12\/bets-efeitos-colaterais.png?resize=350%2C200&ssl=1","width":350,"height":200,"srcset":"https:\/\/i0.wp.com\/www.jornalja.com.br\/geral\/wp-content\/uploads\/sites\/4\/2025\/12\/bets-efeitos-colaterais.png?resize=350%2C200&ssl=1 1x, https:\/\/i0.wp.com\/www.jornalja.com.br\/geral\/wp-content\/uploads\/sites\/4\/2025\/12\/bets-efeitos-colaterais.png?resize=525%2C300&ssl=1 1.5x"},"classes":[]}],"jetpack_sharing_enabled":true,"_links":{"self":[{"href":"https:\/\/www.jornalja.com.br\/geral\/wp-json\/wp\/v2\/posts\/93064","targetHints":{"allow":["GET"]}}],"collection":[{"href":"https:\/\/www.jornalja.com.br\/geral\/wp-json\/wp\/v2\/posts"}],"about":[{"href":"https:\/\/www.jornalja.com.br\/geral\/wp-json\/wp\/v2\/types\/post"}],"author":[{"embeddable":true,"href":"https:\/\/www.jornalja.com.br\/geral\/wp-json\/wp\/v2\/users\/4"}],"replies":[{"embeddable":true,"href":"https:\/\/www.jornalja.com.br\/geral\/wp-json\/wp\/v2\/comments?post=93064"}],"version-history":[{"count":4,"href":"https:\/\/www.jornalja.com.br\/geral\/wp-json\/wp\/v2\/posts\/93064\/revisions"}],"predecessor-version":[{"id":93073,"href":"https:\/\/www.jornalja.com.br\/geral\/wp-json\/wp\/v2\/posts\/93064\/revisions\/93073"}],"wp:featuredmedia":[{"embeddable":true,"href":"https:\/\/www.jornalja.com.br\/geral\/wp-json\/wp\/v2\/media\/93066"}],"wp:attachment":[{"href":"https:\/\/www.jornalja.com.br\/geral\/wp-json\/wp\/v2\/media?parent=93064"}],"wp:term":[{"taxonomy":"category","embeddable":true,"href":"https:\/\/www.jornalja.com.br\/geral\/wp-json\/wp\/v2\/categories?post=93064"},{"taxonomy":"post_tag","embeddable":true,"href":"https:\/\/www.jornalja.com.br\/geral\/wp-json\/wp\/v2\/tags?post=93064"}],"curies":[{"name":"wp","href":"https:\/\/api.w.org\/{rel}","templated":true}]}}