{"id":93144,"date":"2022-07-12T23:18:18","date_gmt":"2022-07-13T02:18:18","guid":{"rendered":"https:\/\/www.jornalja.com.br\/colunas\/?p=83607"},"modified":"2022-07-13T15:41:02","modified_gmt":"2022-07-13T18:41:02","slug":"eleicoes-2022-pstu-apresenta-fabiana-sanguine-ao-senado","status":"publish","type":"post","link":"https:\/\/www.jornalja.com.br\/geral\/eleicoes-2022-pstu-apresenta-fabiana-sanguine-ao-senado\/","title":{"rendered":"Elei\u00e7\u00f5es 2022: PSTU apresenta Fabiana Sanguin\u00e9 ao Senado"},"content":{"rendered":"<p>O PSTU-RS anunciou nesta segunda-feira, 12,\u00a0 sua pr\u00e9-candidata ao Senado: Fabiana Sanguin\u00e9,\u00a0 funcion\u00e1ria municipal da \u00e1rea de sa\u00fade.<\/p>\n<p>A pr\u00e9-candidatura \u00e9 apresentada como &#8220;alternativa para enfrentar os ataques, as privatiza\u00e7\u00f5es, a opress\u00e3o, a mis\u00e9ria e o desemprego promovido pelos patr\u00f5es que controlam o Congresso Nacional&#8221;.<\/p>\n<p>&#8220;Uma candidatura comprometida com a independ\u00eancia da nossa classe e com a luta pelo socialismo&#8221;, segundo a nota do partido.<\/p>\n<p>Fabiana tem uma reconhecida trajet\u00f3ria nas lutas da sa\u00fade. Foi dirigente do Sindicato dos Municip\u00e1rios de Porto Alegre (SIMPA) e da Associa\u00e7\u00e3o dos Servidores da Sa\u00fade (ASSMS), conselheira do CORES\/SA\u00daDE (Conselho de Representantes Sindicais), esteve a frente de in\u00fameras greves e mobiliza\u00e7\u00f5es dos trabalhadores. &#8220;Suas convic\u00e7\u00f5es socialistas apontam para a necessidade de que a classe trabalhadora organizada lute sempre de forma independente da burguesia, pois n\u00e3o existe a possibilidade de \u201chumaniza\u00e7\u00e3o\u201d do capitalismo&#8221;.<\/p>\n<p>\u201cMais do que nunca, em tempos de destrui\u00e7\u00e3o do meio ambiente, de aumento da explora\u00e7\u00e3o e opress\u00e3o, aprofundamento do racismo, machismo, xenofobia, LGBTIfobia, genoc\u00eddio dos povos origin\u00e1rios e quilombolas, quando a maior crise sanit\u00e1ria que j\u00e1 vivemos colocou os trabalhadores e o povo pobre, em especial as mulheres negras, em situa\u00e7\u00e3o de calamidade, s\u00f3 h\u00e1 um caminho poss\u00edvel: a constru\u00e7\u00e3o de uma alternativa socialista e revolucion\u00e1ria!\u201d<\/p>\n<p>O ato de lan\u00e7amento ser\u00e1 no dia 15, na sede da Atempa (Borges de Medeiros, 1224, \u00e1s 18 horas.<\/p>\n<p>Junto com as pr\u00e9-candidaturas de Vera L\u00facia, a presidenta da Rep\u00fablica, e Rejane de Oliveira a governadora do Estado.<\/p>\n<p>(Com informa\u00e7\u00f5es da Assessoria de Imprensa)<\/p>\n","protected":false},"excerpt":{"rendered":"<p>O PSTU-RS anunciou nesta segunda-feira, 12,\u00a0 sua pr\u00e9-candidata ao Senado: Fabiana Sanguin\u00e9,\u00a0 funcion\u00e1ria municipal da \u00e1rea de sa\u00fade. A pr\u00e9-candidatura \u00e9 apresentada como &#8220;alternativa para enfrentar os ataques, as privatiza\u00e7\u00f5es, a opress\u00e3o, a mis\u00e9ria e o desemprego promovido pelos patr\u00f5es que controlam o Congresso Nacional&#8221;. &#8220;Uma candidatura comprometida com a independ\u00eancia da nossa classe e [&hellip;]<\/p>\n","protected":false},"author":4,"featured_media":93161,"comment_status":"open","ping_status":"open","sticky":false,"template":"","format":"standard","meta":{"jetpack_post_was_ever_published":false,"_jetpack_newsletter_access":"","_jetpack_dont_email_post_to_subs":false,"_jetpack_newsletter_tier_id":0,"_jetpack_memberships_contains_paywalled_content":false,"_jetpack_memberships_contains_paid_content":false,"footnotes":"","jetpack_publicize_message":"","jetpack_publicize_feature_enabled":true,"jetpack_social_post_already_shared":true,"jetpack_social_options":{"image_generator_settings":{"template":"highway","default_image_id":0,"font":"","enabled":false},"version":2}},"categories":[2],"tags":[420,261,257,313,4,355,460,132,15,38,95,530],"class_list":["post-93144","post","type-post","status-publish","format-standard","has-post-thumbnail","hentry","category-geral","tag-desemprego","tag-eleicoes","tag-emprego","tag-greve","tag-imprensa","tag-meio-ambiente","tag-ovid","tag-porto-alegre","tag-rs","tag-saude","tag-sp","tag-stu"],"aioseo_notices":[],"jetpack_publicize_connections":[],"jetpack_featured_media_url":"https:\/\/www.jornalja.com.br\/geral\/wp-content\/uploads\/sites\/4\/2022\/07\/eleicoes-2022-pstu-lanca-candidata-ao-senado.jpg","jetpack_shortlink":"https:\/\/wp.me\/pbKhrD-oek","jetpack-related-posts":[{"id":93614,"url":"https:\/\/www.jornalja.com.br\/geral\/eleicoes-2022-candidata-a-presidencia-pelo-pstu-faz-campanha-no-rs\/","url_meta":{"origin":93144,"position":0},"title":"Elei\u00e7\u00f5es 2022: candidata \u00e0 presid\u00eancia pelo PSTU faz campanha no RS","author":"da Reda\u00e7\u00e3o","date":"29 de agosto de 2022","format":false,"excerpt":"A candidata \u00e0 presid\u00eancia da Rep\u00fablica pelo PSTU, Vera L\u00facia, ficar\u00e1 quatro dias no Rio Grande do Sul, a partir desta segunda-feira, dia 29. Vera L\u00facia concorre ao cargo, tendo a ind\u00edgena Kun\u00e3 Ypor\u00e3 (Raquel Trememb\u00e9), da etnia Trememb\u00e9, do Maranh\u00e3o, como candidata a vice-presidente. No seu percurso pelo interior\u2026","rel":"","context":"Em &quot;Geral-MAT\u00c9RIA&quot;","block_context":{"text":"Geral-MAT\u00c9RIA","link":"https:\/\/www.jornalja.com.br\/geral\/category\/geral\/"},"img":{"alt_text":"","src":"https:\/\/i0.wp.com\/www.jornalja.com.br\/geral\/wp-content\/uploads\/sites\/4\/2022\/08\/eleicoes-2022-candidata-do-pstu-a-presidencia-vera-lucia-1.jpg?resize=350%2C200&ssl=1","width":350,"height":200,"srcset":"https:\/\/i0.wp.com\/www.jornalja.com.br\/geral\/wp-content\/uploads\/sites\/4\/2022\/08\/eleicoes-2022-candidata-do-pstu-a-presidencia-vera-lucia-1.jpg?resize=350%2C200&ssl=1 1x, https:\/\/i0.wp.com\/www.jornalja.com.br\/geral\/wp-content\/uploads\/sites\/4\/2022\/08\/eleicoes-2022-candidata-do-pstu-a-presidencia-vera-lucia-1.jpg?resize=525%2C300&ssl=1 1.5x"},"classes":[]},{"id":97607,"url":"https:\/\/www.jornalja.com.br\/geral\/eleicoes-2024-em-semana-de-convencoes-22-partidos-definem-seus-candidatos-e-seus-aliados\/","url_meta":{"origin":93144,"position":1},"title":"Elei\u00e7\u00f5es 2024: em semana de conven\u00e7\u00f5es, 22 partidos definem seus candidatos e seus aliados","author":"Patr\u00edcia Marini","date":"22 de julho de 2024","format":false,"excerpt":"Com a defini\u00e7\u00e3o do Podemos, no s\u00e1bado, foi aberta a temporada de conven\u00e7\u00f5es partid\u00e1rias para formalizar as candidaturas a prefeito e vereadores para a elei\u00e7\u00e3o de\u00a0 6 de outubro em Porto Alegre. S\u00e3o 22 partidos com conven\u00e7\u00f5es marcadas para esta semana e os primeiros dias de agosto. Outros oito partidos\u2026","rel":"","context":"Em &quot;Geral-MAT\u00c9RIA&quot;","block_context":{"text":"Geral-MAT\u00c9RIA","link":"https:\/\/www.jornalja.com.br\/geral\/category\/geral\/"},"img":{"alt_text":"","src":"https:\/\/i0.wp.com\/www.jornalja.com.br\/geral\/wp-content\/uploads\/sites\/4\/2024\/07\/eleicoes-2024-convenccao-do-podemos-apoia-melo.png?resize=350%2C200&ssl=1","width":350,"height":200,"srcset":"https:\/\/i0.wp.com\/www.jornalja.com.br\/geral\/wp-content\/uploads\/sites\/4\/2024\/07\/eleicoes-2024-convenccao-do-podemos-apoia-melo.png?resize=350%2C200&ssl=1 1x, https:\/\/i0.wp.com\/www.jornalja.com.br\/geral\/wp-content\/uploads\/sites\/4\/2024\/07\/eleicoes-2024-convenccao-do-podemos-apoia-melo.png?resize=525%2C300&ssl=1 1.5x"},"classes":[]},{"id":97640,"url":"https:\/\/www.jornalja.com.br\/geral\/eleicoes-2024-duas-mulheres-lideram-frente-da-esquerda-para-retomar-porto-alegre\/","url_meta":{"origin":93144,"position":2},"title":"Elei\u00e7\u00f5es 2024: Duas mulheres lideram frente da esquerda para retomar Porto Alegre","author":"da Reda\u00e7\u00e3o","date":"29 de julho de 2024","format":false,"excerpt":"Pela primeira vez na hist\u00f3ria da cidade,\u00a0 duas mulheres formam uma chapa para disputar a prefeitura de Porto Alegre: a deputada Maria do Ros\u00e1rio (PT) e a funcion\u00e1ria p\u00fablica Tamyres Filgueiras (PSOL), v\u00e3o liderar uma frente de seis partidos para retomar a capital ga\u00facha. PCdoB, PV, Rede e Avante, completam\u2026","rel":"","context":"Em &quot;Geral-MAT\u00c9RIA&quot;","block_context":{"text":"Geral-MAT\u00c9RIA","link":"https:\/\/www.jornalja.com.br\/geral\/category\/geral\/"},"img":{"alt_text":"","src":"https:\/\/i0.wp.com\/www.jornalja.com.br\/geral\/wp-content\/uploads\/sites\/4\/2024\/07\/eleicoes-2024-convencao-pt-scaled.jpg?resize=350%2C200&ssl=1","width":350,"height":200,"srcset":"https:\/\/i0.wp.com\/www.jornalja.com.br\/geral\/wp-content\/uploads\/sites\/4\/2024\/07\/eleicoes-2024-convencao-pt-scaled.jpg?resize=350%2C200&ssl=1 1x, https:\/\/i0.wp.com\/www.jornalja.com.br\/geral\/wp-content\/uploads\/sites\/4\/2024\/07\/eleicoes-2024-convencao-pt-scaled.jpg?resize=525%2C300&ssl=1 1.5x, https:\/\/i0.wp.com\/www.jornalja.com.br\/geral\/wp-content\/uploads\/sites\/4\/2024\/07\/eleicoes-2024-convencao-pt-scaled.jpg?resize=700%2C400&ssl=1 2x, https:\/\/i0.wp.com\/www.jornalja.com.br\/geral\/wp-content\/uploads\/sites\/4\/2024\/07\/eleicoes-2024-convencao-pt-scaled.jpg?resize=1050%2C600&ssl=1 3x, https:\/\/i0.wp.com\/www.jornalja.com.br\/geral\/wp-content\/uploads\/sites\/4\/2024\/07\/eleicoes-2024-convencao-pt-scaled.jpg?resize=1400%2C800&ssl=1 4x"},"classes":[]},{"id":92792,"url":"https:\/\/www.jornalja.com.br\/geral\/eleicoes-2022-pstu-lanca-pre-candidatas-com-criticas-ao-pt-e-a-politica-da-conciliacao\/","url_meta":{"origin":93144,"position":3},"title":"Elei\u00e7\u00f5es 2022: PSTU lan\u00e7a pr\u00e9-candidatas com cr\u00edticas ao PT e \u00e0 &#8220;politica da concilia\u00e7\u00e3o&#8221; \u00a0","author":"da Reda\u00e7\u00e3o","date":"6 de junho de 2022","format":false,"excerpt":"O PSTU e o Polo Socialista Revolucion\u00e1rio lan\u00e7aram no s\u00e1bado, 04, como pr\u00e9-candidata ao governo do Rio Grande do Sul nas elei\u00e7\u00f5es de outubro, a educadora Rejane de Oliveira. Ativista sindical, negra, socialista e duas vezes presidente do CPERS, ela \u00e9 a \u00fanica candidata feminina ao cargo no Rio Grande\u2026","rel":"","context":"Em &quot;Geral-MAT\u00c9RIA&quot;","block_context":{"text":"Geral-MAT\u00c9RIA","link":"https:\/\/www.jornalja.com.br\/geral\/category\/geral\/"},"img":{"alt_text":"","src":"https:\/\/i0.wp.com\/www.jornalja.com.br\/geral\/wp-content\/uploads\/sites\/4\/2022\/06\/eleicoes-2022-pstu-lanca-foto-principal-scaled.jpg?resize=350%2C200&ssl=1","width":350,"height":200,"srcset":"https:\/\/i0.wp.com\/www.jornalja.com.br\/geral\/wp-content\/uploads\/sites\/4\/2022\/06\/eleicoes-2022-pstu-lanca-foto-principal-scaled.jpg?resize=350%2C200&ssl=1 1x, https:\/\/i0.wp.com\/www.jornalja.com.br\/geral\/wp-content\/uploads\/sites\/4\/2022\/06\/eleicoes-2022-pstu-lanca-foto-principal-scaled.jpg?resize=525%2C300&ssl=1 1.5x, https:\/\/i0.wp.com\/www.jornalja.com.br\/geral\/wp-content\/uploads\/sites\/4\/2022\/06\/eleicoes-2022-pstu-lanca-foto-principal-scaled.jpg?resize=700%2C400&ssl=1 2x, https:\/\/i0.wp.com\/www.jornalja.com.br\/geral\/wp-content\/uploads\/sites\/4\/2022\/06\/eleicoes-2022-pstu-lanca-foto-principal-scaled.jpg?resize=1050%2C600&ssl=1 3x, https:\/\/i0.wp.com\/www.jornalja.com.br\/geral\/wp-content\/uploads\/sites\/4\/2022\/06\/eleicoes-2022-pstu-lanca-foto-principal-scaled.jpg?resize=1400%2C800&ssl=1 4x"},"classes":[]},{"id":92753,"url":"https:\/\/www.jornalja.com.br\/geral\/ex-presidente-do-cpers-rejane-de-oliveira-sera-candidata-do-pstu-ao-governo-gaucho\/","url_meta":{"origin":93144,"position":4},"title":"Ex-presidente do CPERS, Rejane de Oliveira ser\u00e1 candidata do PSTU ao governo ga\u00facho","author":"da Reda\u00e7\u00e3o","date":"1 de junho de 2022","format":false,"excerpt":"Negra, educadora, socialista e \u00fanica pr\u00e9-candidata feminina ao governo do Rio Grande do Sul, nas elei\u00e7\u00f5es de 2022. Assim o PSTU apresenta Rejane de Oliveira, conhecida l\u00edder sindical, duas vezes presidente do CPERS, pr\u00e9-candidata do partido ao governo do Rio Grande do Sul. O lan\u00e7amento ser\u00e1 no pr\u00f3ximo s\u00e1bado, dia\u2026","rel":"","context":"Em &quot;Geral-MAT\u00c9RIA&quot;","block_context":{"text":"Geral-MAT\u00c9RIA","link":"https:\/\/www.jornalja.com.br\/geral\/category\/geral\/"},"img":{"alt_text":"","src":"https:\/\/i0.wp.com\/www.jornalja.com.br\/geral\/wp-content\/uploads\/sites\/4\/2022\/06\/rejane-foto-pstu.png?resize=350%2C200&ssl=1","width":350,"height":200,"srcset":"https:\/\/i0.wp.com\/www.jornalja.com.br\/geral\/wp-content\/uploads\/sites\/4\/2022\/06\/rejane-foto-pstu.png?resize=350%2C200&ssl=1 1x, https:\/\/i0.wp.com\/www.jornalja.com.br\/geral\/wp-content\/uploads\/sites\/4\/2022\/06\/rejane-foto-pstu.png?resize=525%2C300&ssl=1 1.5x, https:\/\/i0.wp.com\/www.jornalja.com.br\/geral\/wp-content\/uploads\/sites\/4\/2022\/06\/rejane-foto-pstu.png?resize=700%2C400&ssl=1 2x"},"classes":[]},{"id":101078,"url":"https:\/\/www.jornalja.com.br\/geral\/como-foi-costurado-o-acordo-que-fez-o-pt-apoiar-juliana-brizola\/","url_meta":{"origin":93144,"position":5},"title":"Como foi costurado o acordo que fez o PT apoiar Juliana Brizola","author":"da Reda\u00e7\u00e3o","date":"17 de abril de 2026","format":false,"excerpt":"O PDT foi o partido que mais perdeu representantes na \u201cjanela partid\u00e1ria\u201d que fechou em 3 de abril. Tinha tr\u00eas senadores, ficou com dois. Tinha 17 deputados federais, caiu para 11. Perdeu tamb\u00e9m 9 dos 43 deputados estaduais que elegeu em 2022. No \u00e2mbito municipal, o PDT tem prefeitos em\u2026","rel":"","context":"Em &quot;Geral-MAT\u00c9RIA&quot;","block_context":{"text":"Geral-MAT\u00c9RIA","link":"https:\/\/www.jornalja.com.br\/geral\/category\/geral\/"},"img":{"alt_text":"","src":"https:\/\/www.jornalja.com.br\/geral\/wp-content\/uploads\/sites\/4\/2026\/04\/pdt-lupi-juliana-e-lula.avif","width":350,"height":200,"srcset":"https:\/\/www.jornalja.com.br\/geral\/wp-content\/uploads\/sites\/4\/2026\/04\/pdt-lupi-juliana-e-lula.avif 1x, https:\/\/www.jornalja.com.br\/geral\/wp-content\/uploads\/sites\/4\/2026\/04\/pdt-lupi-juliana-e-lula.avif 1.5x, https:\/\/www.jornalja.com.br\/geral\/wp-content\/uploads\/sites\/4\/2026\/04\/pdt-lupi-juliana-e-lula.avif 2x"},"classes":[]}],"jetpack_sharing_enabled":true,"_links":{"self":[{"href":"https:\/\/www.jornalja.com.br\/geral\/wp-json\/wp\/v2\/posts\/93144","targetHints":{"allow":["GET"]}}],"collection":[{"href":"https:\/\/www.jornalja.com.br\/geral\/wp-json\/wp\/v2\/posts"}],"about":[{"href":"https:\/\/www.jornalja.com.br\/geral\/wp-json\/wp\/v2\/types\/post"}],"author":[{"embeddable":true,"href":"https:\/\/www.jornalja.com.br\/geral\/wp-json\/wp\/v2\/users\/4"}],"replies":[{"embeddable":true,"href":"https:\/\/www.jornalja.com.br\/geral\/wp-json\/wp\/v2\/comments?post=93144"}],"version-history":[{"count":2,"href":"https:\/\/www.jornalja.com.br\/geral\/wp-json\/wp\/v2\/posts\/93144\/revisions"}],"predecessor-version":[{"id":93148,"href":"https:\/\/www.jornalja.com.br\/geral\/wp-json\/wp\/v2\/posts\/93144\/revisions\/93148"}],"wp:featuredmedia":[{"embeddable":true,"href":"https:\/\/www.jornalja.com.br\/geral\/wp-json\/wp\/v2\/media\/93161"}],"wp:attachment":[{"href":"https:\/\/www.jornalja.com.br\/geral\/wp-json\/wp\/v2\/media?parent=93144"}],"wp:term":[{"taxonomy":"category","embeddable":true,"href":"https:\/\/www.jornalja.com.br\/geral\/wp-json\/wp\/v2\/categories?post=93144"},{"taxonomy":"post_tag","embeddable":true,"href":"https:\/\/www.jornalja.com.br\/geral\/wp-json\/wp\/v2\/tags?post=93144"}],"curies":[{"name":"wp","href":"https:\/\/api.w.org\/{rel}","templated":true}]}}