{"id":93150,"date":"2022-07-12T23:24:59","date_gmt":"2022-07-13T02:24:59","guid":{"rendered":"https:\/\/www.jornalja.com.br\/geral\/?p=93150"},"modified":"2022-07-12T23:24:59","modified_gmt":"2022-07-13T02:24:59","slug":"fruki-amplia-e-abre-52-vagas-para-motoristas-e-auxiliares-de-entrega","status":"publish","type":"post","link":"https:\/\/www.jornalja.com.br\/geral\/fruki-amplia-e-abre-52-vagas-para-motoristas-e-auxiliares-de-entrega\/","title":{"rendered":"Fruki amplia e abre 52 vagas para motoristas e auxiliares de entrega"},"content":{"rendered":"<p>ebidas Fruki abre 52 vagas para motoristas e auxiliares de entregas no RS<\/p>\n<p>Com a amplia\u00e7\u00e3o da frota, a empresa est\u00e1 contratando em Canoas, Lajeado, Pelotas e Farroupilha<\/p>\n<p>A Bebidas Fruki vai refor\u00e7ar sua log\u00edstica com a aquisi\u00e7\u00e3o de 20 novos caminh\u00f5es para operar nos centros de distribui\u00e7\u00e3o (CDs) no Rio Grande do Sul. Com a amplia\u00e7\u00e3o da frota, est\u00e3o sendo abertos 52 novos postos de trabalho, sendo 20 para motoristas com CNH categoria C definitiva e 32 para auxiliares de entregas. As vagas est\u00e3o dispon\u00edveis nos munic\u00edpios de Canoas, Lajeado e Pelotas e Farroupilha.<\/p>\n<p>Para a vaga de motorista, al\u00e9m da habilita\u00e7\u00e3o para conduzir caminh\u00f5es, \u00e9 necess\u00e1rio Ensino Fundamental completo, e a experi\u00eancia pr\u00e9via na fun\u00e7\u00e3o de motorista de entregas ser\u00e1 um diferencial no processo seletivo. O cargo de auxiliar de entregas requer tamb\u00e9m Ensino Fundamental completo. O expediente ocorre de segunda a sexta-feira, nos turnos da manh\u00e3 e da tarde, com uma hora de intervalo. Os interessados devem se candidatar exclusivamente atrav\u00e9s do link jobs.kenoby.com\/fruki.<\/p>\n<p>(Com informa\u00e7\u00f5es da Assessoria)<\/p>\n","protected":false},"excerpt":{"rendered":"<p>ebidas Fruki abre 52 vagas para motoristas e auxiliares de entregas no RS Com a amplia\u00e7\u00e3o da frota, a empresa est\u00e1 contratando em Canoas, Lajeado, Pelotas e Farroupilha A Bebidas Fruki vai refor\u00e7ar sua log\u00edstica com a aquisi\u00e7\u00e3o de 20 novos caminh\u00f5es para operar nos centros de distribui\u00e7\u00e3o (CDs) no Rio Grande do Sul. Com [&hellip;]<\/p>\n","protected":false},"author":4,"featured_media":0,"comment_status":"open","ping_status":"open","sticky":false,"template":"","format":"standard","meta":{"jetpack_post_was_ever_published":false,"_jetpack_newsletter_access":"","_jetpack_dont_email_post_to_subs":false,"_jetpack_newsletter_tier_id":0,"_jetpack_memberships_contains_paywalled_content":false,"_jetpack_memberships_contains_paid_content":false,"footnotes":"","jetpack_publicize_message":"","jetpack_publicize_feature_enabled":true,"jetpack_social_post_already_shared":true,"jetpack_social_options":{"image_generator_settings":{"template":"highway","default_image_id":0,"font":"","enabled":false},"version":2}},"categories":[28],"tags":[83,263,14,15,95],"class_list":["post-93150","post","type-post","status-publish","format-standard","hentry","category-geral-notas","tag-ensino","tag-pelotas","tag-rio-grande-do-sul","tag-rs","tag-sp"],"aioseo_notices":[],"jetpack_publicize_connections":[],"jetpack_featured_media_url":"","jetpack_shortlink":"https:\/\/wp.me\/pbKhrD-oeq","jetpack-related-posts":[{"id":92667,"url":"https:\/\/www.jornalja.com.br\/geral\/sesi-vai-investir-de-r-300-milhoes-em-educacao-de-nivel-medio-no-rs\/","url_meta":{"origin":93150,"position":0},"title":"SESI vai investir de R$ 300 milh\u00f5es em educa\u00e7\u00e3o de n\u00edvel m\u00e9dio no RS","author":"da Reda\u00e7\u00e3o","date":"25 de maio de 2022","format":false,"excerpt":"Programa \"A Ind\u00fastria pela Educa\u00e7\u00e3o\" prev\u00ea constru\u00e7\u00e3o de seis novas escolas de Ensino M\u00e9dio, a amplia\u00e7\u00e3o do contraturno tecnol\u00f3gico e a implanta\u00e7\u00e3o de um Instituto de Forma\u00e7\u00e3o de Professores. A Federa\u00e7\u00e3o das Ind\u00fastrias do Estado do Rio Grande do Sul (FIERGS), por meio do Servi\u00e7o Social da Ind\u00fastria (Sesi-RS), anunciou,\u2026","rel":"","context":"Em &quot;Geral-MAT\u00c9RIA&quot;","block_context":{"text":"Geral-MAT\u00c9RIA","link":"https:\/\/www.jornalja.com.br\/geral\/category\/geral\/"},"img":{"alt_text":"","src":"https:\/\/i0.wp.com\/www.jornalja.com.br\/geral\/wp-content\/uploads\/sites\/4\/2022\/05\/fiergs-sesi.jpg?resize=350%2C200&ssl=1","width":350,"height":200,"srcset":"https:\/\/i0.wp.com\/www.jornalja.com.br\/geral\/wp-content\/uploads\/sites\/4\/2022\/05\/fiergs-sesi.jpg?resize=350%2C200&ssl=1 1x, https:\/\/i0.wp.com\/www.jornalja.com.br\/geral\/wp-content\/uploads\/sites\/4\/2022\/05\/fiergs-sesi.jpg?resize=525%2C300&ssl=1 1.5x, https:\/\/i0.wp.com\/www.jornalja.com.br\/geral\/wp-content\/uploads\/sites\/4\/2022\/05\/fiergs-sesi.jpg?resize=700%2C400&ssl=1 2x"},"classes":[]},{"id":85540,"url":"https:\/\/www.jornalja.com.br\/geral\/pandemia-rs-comeca-a-semana-com-oito-regioes-com-bandeira-vermelha\/","url_meta":{"origin":93150,"position":1},"title":"Pandemia: RS come\u00e7a a semana com oito regi\u00f5es com bandeira vermelha","author":"da Reda\u00e7\u00e3o","date":"8 de setembro de 2020","format":false,"excerpt":"O aumento de novas interna\u00e7\u00f5es e a propor\u00e7\u00e3o de casos da doen\u00e7a para cada 100 mil habitantes em algumas regi\u00f5es, fez com que o mapa do Rio Grande do Sul se avermelhasse. O mapa da 18\u00aa semana do Distanciamento Controlado ficou consolidado com oito regi\u00f5es em bandeira vermelha. As outras\u2026","rel":"","context":"Em &quot;Geral-MAT\u00c9RIA&quot;","block_context":{"text":"Geral-MAT\u00c9RIA","link":"https:\/\/www.jornalja.com.br\/geral\/category\/geral\/"},"img":{"alt_text":"","src":"https:\/\/i0.wp.com\/www.jornalja.com.br\/geral\/wp-content\/uploads\/sites\/4\/2020\/09\/covid-no-rs.jpg?resize=350%2C200&ssl=1","width":350,"height":200,"srcset":"https:\/\/i0.wp.com\/www.jornalja.com.br\/geral\/wp-content\/uploads\/sites\/4\/2020\/09\/covid-no-rs.jpg?resize=350%2C200&ssl=1 1x, https:\/\/i0.wp.com\/www.jornalja.com.br\/geral\/wp-content\/uploads\/sites\/4\/2020\/09\/covid-no-rs.jpg?resize=525%2C300&ssl=1 1.5x, https:\/\/i0.wp.com\/www.jornalja.com.br\/geral\/wp-content\/uploads\/sites\/4\/2020\/09\/covid-no-rs.jpg?resize=700%2C400&ssl=1 2x"},"classes":[]},{"id":100358,"url":"https:\/\/www.jornalja.com.br\/geral\/concursos-no-rio-grande-do-sul\/","url_meta":{"origin":93150,"position":2},"title":"Mais de 300 vagas em concursos abertos no Rio Grande do Sul","author":"da Reda\u00e7\u00e3o","date":"7 de dezembro de 2025","format":false,"excerpt":"Est\u00e3o abertas as inscri\u00e7\u00f5es para 25 concursos p\u00fablicos, no Rio Grande do Sul. Os concursos visam preencher 339 vagas em prefeituras e outros \u00f3rg\u00e3os p\u00fablicos do Estado. Em diversas \u00e1reas e exigindo n\u00edveis variados de\u00a0 escolaridade, os sal\u00e1rios podem chegar a R$ 20,4 mil. A Caixa Econ\u00f4mica Federal, por exemplo,\u00a0\u2026","rel":"","context":"Em &quot;Geral-MAT\u00c9RIA&quot;","block_context":{"text":"Geral-MAT\u00c9RIA","link":"https:\/\/www.jornalja.com.br\/geral\/category\/geral\/"},"img":{"alt_text":"","src":"https:\/\/i0.wp.com\/www.jornalja.com.br\/geral\/wp-content\/uploads\/sites\/4\/2025\/12\/concursos-no-governo-federal.jpeg?resize=350%2C200&ssl=1","width":350,"height":200,"srcset":"https:\/\/i0.wp.com\/www.jornalja.com.br\/geral\/wp-content\/uploads\/sites\/4\/2025\/12\/concursos-no-governo-federal.jpeg?resize=350%2C200&ssl=1 1x, https:\/\/i0.wp.com\/www.jornalja.com.br\/geral\/wp-content\/uploads\/sites\/4\/2025\/12\/concursos-no-governo-federal.jpeg?resize=525%2C300&ssl=1 1.5x, https:\/\/i0.wp.com\/www.jornalja.com.br\/geral\/wp-content\/uploads\/sites\/4\/2025\/12\/concursos-no-governo-federal.jpeg?resize=700%2C400&ssl=1 2x, https:\/\/i0.wp.com\/www.jornalja.com.br\/geral\/wp-content\/uploads\/sites\/4\/2025\/12\/concursos-no-governo-federal.jpeg?resize=1050%2C600&ssl=1 3x"},"classes":[]},{"id":87557,"url":"https:\/\/www.jornalja.com.br\/geral\/de-vendedor-a-veterinario-sao-240-vagas-de-emprego-no-sinepoa\/","url_meta":{"origin":93150,"position":3},"title":"De vendedor a veterin\u00e1rio, s\u00e3o 240 vagas de emprego no SinePoa","author":"da Reda\u00e7\u00e3o","date":"28 de mar\u00e7o de 2021","format":false,"excerpt":"Unidade do Sine\u00a0 em Porto Alegre (av. Sep\u00falveda esquina com Mau\u00e1, Centro Hist\u00f3rico) inicia a semana com 240 vagas dispon\u00edveis para retirada de cartas para entrevista. A unidade atende das 8h \u00e0s17h. O destaque s\u00e3o 30 vagas para contrata\u00e7\u00e3o imediata de vendedor porta a porta, com entrevistas diretas no Sine.\u2026","rel":"","context":"Em &quot;Geral-NOTAS&quot;","block_context":{"text":"Geral-NOTAS","link":"https:\/\/www.jornalja.com.br\/geral\/category\/geral-notas\/"},"img":{"alt_text":"","src":"","width":0,"height":0},"classes":[]},{"id":88183,"url":"https:\/\/www.jornalja.com.br\/geral\/sine-tem-165-novas-vagas-disponiveis-nesta-semana\/","url_meta":{"origin":93150,"position":4},"title":"Sine tem 165 novas vagas dispon\u00edveis nesta semana","author":"Guilherme Hagel","date":"7 de junho de 2021","format":false,"excerpt":"A unidade do Sine Municipal localizada no Centro Hist\u00f3rico de Porto Alegre come\u00e7a a semana com 165 novas vagas de emprego, sendo uma para PCD e uma para estagi\u00e1rio. Dentre as vagas gerais, ser\u00e3o 12 para vendedor, dez para auxiliar de constru\u00e7\u00e3o, dez vagas para auxiliar de lavanderia e cinco\u2026","rel":"","context":"Em &quot;Geral-NOTAS&quot;","block_context":{"text":"Geral-NOTAS","link":"https:\/\/www.jornalja.com.br\/geral\/category\/geral-notas\/"},"img":{"alt_text":"","src":"","width":0,"height":0},"classes":[]},{"id":101159,"url":"https:\/\/www.jornalja.com.br\/geral\/governo-federal-libera-recursos-para-construcao-de-28-unidades-de-saude-no-rs\/","url_meta":{"origin":93150,"position":5},"title":"Governo Federal libera recursos para constru\u00e7\u00e3o de 28 unidades de sa\u00fade no RS","author":"da Reda\u00e7\u00e3o","date":"24 de abril de 2026","format":false,"excerpt":"Nesta sexta feira (24), \u00e0s 14h, o Governo Federal realiza a emiss\u00e3o de ordem de servi\u00e7o para in\u00edcio da constru\u00e7\u00e3o de 28 unidades de sa\u00fade no Rio Grande do Sul, sendo quatro Centros de Aten\u00e7\u00e3o Psicossocial (CAPS) e 24 Unidades B\u00e1sicas de Sa\u00fade (UBS). A iniciativa marca a maior libera\u00e7\u00e3o\u2026","rel":"","context":"Em &quot;Geral-NOTAS&quot;","block_context":{"text":"Geral-NOTAS","link":"https:\/\/www.jornalja.com.br\/geral\/category\/geral-notas\/"},"img":{"alt_text":"","src":"","width":0,"height":0},"classes":[]}],"jetpack_sharing_enabled":true,"_links":{"self":[{"href":"https:\/\/www.jornalja.com.br\/geral\/wp-json\/wp\/v2\/posts\/93150","targetHints":{"allow":["GET"]}}],"collection":[{"href":"https:\/\/www.jornalja.com.br\/geral\/wp-json\/wp\/v2\/posts"}],"about":[{"href":"https:\/\/www.jornalja.com.br\/geral\/wp-json\/wp\/v2\/types\/post"}],"author":[{"embeddable":true,"href":"https:\/\/www.jornalja.com.br\/geral\/wp-json\/wp\/v2\/users\/4"}],"replies":[{"embeddable":true,"href":"https:\/\/www.jornalja.com.br\/geral\/wp-json\/wp\/v2\/comments?post=93150"}],"version-history":[{"count":1,"href":"https:\/\/www.jornalja.com.br\/geral\/wp-json\/wp\/v2\/posts\/93150\/revisions"}],"predecessor-version":[{"id":93151,"href":"https:\/\/www.jornalja.com.br\/geral\/wp-json\/wp\/v2\/posts\/93150\/revisions\/93151"}],"wp:attachment":[{"href":"https:\/\/www.jornalja.com.br\/geral\/wp-json\/wp\/v2\/media?parent=93150"}],"wp:term":[{"taxonomy":"category","embeddable":true,"href":"https:\/\/www.jornalja.com.br\/geral\/wp-json\/wp\/v2\/categories?post=93150"},{"taxonomy":"post_tag","embeddable":true,"href":"https:\/\/www.jornalja.com.br\/geral\/wp-json\/wp\/v2\/tags?post=93150"}],"curies":[{"name":"wp","href":"https:\/\/api.w.org\/{rel}","templated":true}]}}