{"id":93267,"date":"2022-07-23T21:30:13","date_gmt":"2022-07-24T00:30:13","guid":{"rendered":"https:\/\/www.jornalja.com.br\/colunas\/?p=83618"},"modified":"2022-10-29T18:15:44","modified_gmt":"2022-10-29T21:15:44","slug":"incentivos-fiscais-a-empresas-chegam-a-440-bilhoes-este-ano-mais-de-22-da-arrecadacao-federal-2","status":"publish","type":"post","link":"https:\/\/www.jornalja.com.br\/geral\/incentivos-fiscais-a-empresas-chegam-a-440-bilhoes-este-ano-mais-de-22-da-arrecadacao-federal-2\/","title":{"rendered":"Incentivos fiscais a empresas chegam a 440 bilh\u00f5es este ano, mais de 22% da arrecada\u00e7\u00e3o federal"},"content":{"rendered":"<p>Em 2022, o governo federal deixar\u00e1 de arrecadar R$ 440 bilh\u00f5es em impostos, por conta dos chamados incentivos fiscais, concedidos as empresas a t\u00edtulo de estimular o cresimento e o emprego.<\/p>\n<p>Esse valor representa 22,4% da arrecada\u00e7\u00e3o da Uni\u00e3o e aproximadamente 4,4% do PIB nacional.<\/p>\n<p>Os n\u00fameros foram obtidos numa pesquisa que analisou os programas de ren\u00fancia fiscal nos \u00faltimos cinco anos, para identificar os benefici\u00e1rios dessas pol\u00edticas e os resultados \u00e0 sociedade.<\/p>\n<p>\u201cN\u00e3o \u00e9 poss\u00edvel saber quem s\u00e3o os benefici\u00e1rios e tampouco os resultados que os mesmos devolvem \u00e0 sociedade por conta dos benef\u00edcios fiscais recebidos\u201d, constata a coordenadora da pesquisa, Rosa Chieza, da Universidade do Rio Grande do Sul.<\/p>\n<p>O mais grave \u00e9 que n\u00e3o h\u00e1 uma avalia\u00e7\u00e3o dos resultados dessa pol\u00edtica de ren\u00fancias fiscais.<\/p>\n<p>\u201cA falta de dos dados impede o monitoramento e a avalia\u00e7\u00e3o dos resultados efetivos entregues pelos beneficiados\u201d, enfatiza a docente.<\/p>\n<p>&nbsp;<\/p>\n<p>Segundo a professora, a pol\u00edtica de ren\u00fancia, ao retirar recursos de programas sociais e transferir para grupos econ\u00f4micos, \u00a0tende a ampliar desigualdades sociais no Brasil.<\/p>\n<p>De acordo com a Lei de Responsabilidade Fiscal (LRF) esse tipo de incentivo n\u00e3o pode afetar as metas de resultados fiscais dos governos. Quando isso ocorrer, diz a lei, \u00e9 preciso que haja medidas, como aumento de impostos, que compensem a perda dessas receitas. Na pr\u00e1tica, n\u00e3o \u00e9 o que acontece.<\/p>\n<p>O estudo demonstra dois pesos e duas medidas quanto ao cumprimento LRF.<\/p>\n<p>A pesquisa apontou que a LRF vigente h\u00e1 22 anos \u00e9 rigorosamente cumprida no corte dos gastos sociais; mas \u00e9 negligenciada quando se trata de perda de receita por conta de isen\u00e7\u00f5es a empresas.<\/p>\n<p>Neste caso, a lei determina que, quando a ren\u00fancia de receita afeta essas metas, deve haver compensa\u00e7\u00e3o por eleva\u00e7\u00e3o de al\u00edquotas, amplia\u00e7\u00e3o da base de c\u00e1lculo, de forma que a ren\u00fancia s\u00f3 vigore ap\u00f3s implementadas as compensa\u00e7\u00f5es. Mas isso n\u00e3o ocorre.<\/p>\n<p>Para cumprir a lei, por exemplo, o or\u00e7amento da sa\u00fade perdeu R$ 43 bilh\u00f5es em 2020, ano que a Covid vitimou 195 mil brasileiros.<\/p>\n<p>Al\u00e9m disso, 40% das ren\u00fancias s\u00e3o de tributos que financiam o or\u00e7amento da Seguridade Social (sa\u00fade, assist\u00eancia e previd\u00eancia).<\/p>\n<p>Em 2019, as isen\u00e7\u00f5es \u00a0envolvendo a Cofins, a Contribui\u00e7\u00e3o Previd\u00eancia Social (CPS) e a Contribui\u00e7\u00e3o Social sobre o Lucro L\u00edquido (CSLL) somaram R$ 143,3 bilh\u00f5es, valor superior a estimada economia anual de R$ 100 bilh\u00f5es alegada pelo Governo para perfazer \u201cR$ 1 trilh\u00e3o em 10 anos\u201d com a Reforma da Previd\u00eancia.<\/p>\n<p>A pesquisa \u201cRen\u00fancia de receita e desigualdades: um debate negligenciado\u201d foi feita pela professora Rosa Chieza,diretora do Instituto Justi\u00e7a Fiscal (IJF) \u00a0Universidade do RioGrande do Sul e pela estudante de Economia, Anne Kelly Linck.<\/p>\n<p>Foi uma das vencedoras do I Pr\u00eamio Or\u00e7amento P\u00fablico, Garantia de Direitos e Combate \u00e0s Desigualdades, promovido pela Associa\u00e7\u00e3o Nacional dos Servidores da Carreira de Planejamento e Or\u00e7amento (Assecor) e pela Funda\u00e7\u00e3o Tide Setubal.<\/p>\n<p>&nbsp;<\/p>\n","protected":false},"excerpt":{"rendered":"<p>Em 2022, o governo federal deixar\u00e1 de arrecadar R$ 440 bilh\u00f5es em impostos, por conta dos chamados incentivos fiscais, concedidos as empresas a t\u00edtulo de estimular o cresimento e o emprego. Esse valor representa 22,4% da arrecada\u00e7\u00e3o da Uni\u00e3o e aproximadamente 4,4% do PIB nacional. Os n\u00fameros foram obtidos numa pesquisa que analisou os programas [&hellip;]<\/p>\n","protected":false},"author":4,"featured_media":93270,"comment_status":"open","ping_status":"open","sticky":false,"template":"","format":"standard","meta":{"jetpack_post_was_ever_published":false,"_jetpack_newsletter_access":"","_jetpack_dont_email_post_to_subs":false,"_jetpack_newsletter_tier_id":0,"_jetpack_memberships_contains_paywalled_content":false,"_jetpack_memberships_contains_paid_content":false,"footnotes":"","jetpack_publicize_message":"","jetpack_publicize_feature_enabled":true,"jetpack_social_post_already_shared":true,"jetpack_social_options":{"image_generator_settings":{"template":"highway","default_image_id":0,"font":"","enabled":false},"version":2}},"categories":[2],"tags":[238,462,229,7,257,236,460,419,247,237,208,14,15,38,149,95,530,509],"class_list":["post-93267","post","type-post","status-publish","format-standard","has-post-thumbnail","hentry","category-geral","tag-brasil","tag-covid","tag-desigualdade","tag-economia","tag-emprego","tag-governo","tag-ovid","tag-pib","tag-politica","tag-previdencia","tag-reforma-da-previdencia","tag-rio-grande-do-sul","tag-rs","tag-saude","tag-sc","tag-sp","tag-stu","tag-uniao"],"aioseo_notices":[],"jetpack_publicize_connections":[],"jetpack_featured_media_url":"https:\/\/www.jornalja.com.br\/geral\/wp-content\/uploads\/sites\/4\/2022\/07\/renuncia-fiscal-premio.jpg","jetpack_shortlink":"https:\/\/wp.me\/pbKhrD-ogj","jetpack-related-posts":[{"id":93265,"url":"https:\/\/www.jornalja.com.br\/geral\/incentivos-fiscais-a-empresas-chegam-a-440-bilhoes-este-ano-mais-de-22-da-arrecadacao-federal\/","url_meta":{"origin":93267,"position":0},"title":"Incentivos fiscais a empresas chegam a 440 bilh\u00f5es este ano, 22% da arrecada\u00e7\u00e3o federal","author":"da Reda\u00e7\u00e3o","date":"23 de julho de 2022","format":false,"excerpt":"Em 2022, o governo federal deixar\u00e1 de arrecadar R$ 440 bilh\u00f5es em impostos, por conta dos chamados incentivos fiscais, concedidos as empresas a t\u00edtulo de estimular o cresimento e o emprego. Esse valor representa 22,4% da arrecada\u00e7\u00e3o da Uni\u00e3o e aproximadamente 4,4% do PIB nacional. Os n\u00fameros foram obtidos numa\u2026","rel":"","context":"Em &quot;Geral-MAT\u00c9RIA&quot;","block_context":{"text":"Geral-MAT\u00c9RIA","link":"https:\/\/www.jornalja.com.br\/geral\/category\/geral\/"},"img":{"alt_text":"","src":"https:\/\/i0.wp.com\/www.jornalja.com.br\/geral\/wp-content\/uploads\/sites\/4\/2022\/07\/renuncia-fiscal-premio-1.jpg?resize=350%2C200&ssl=1","width":350,"height":200,"srcset":"https:\/\/i0.wp.com\/www.jornalja.com.br\/geral\/wp-content\/uploads\/sites\/4\/2022\/07\/renuncia-fiscal-premio-1.jpg?resize=350%2C200&ssl=1 1x, https:\/\/i0.wp.com\/www.jornalja.com.br\/geral\/wp-content\/uploads\/sites\/4\/2022\/07\/renuncia-fiscal-premio-1.jpg?resize=525%2C300&ssl=1 1.5x, https:\/\/i0.wp.com\/www.jornalja.com.br\/geral\/wp-content\/uploads\/sites\/4\/2022\/07\/renuncia-fiscal-premio-1.jpg?resize=700%2C400&ssl=1 2x"},"classes":[]},{"id":100057,"url":"https:\/\/www.jornalja.com.br\/geral\/secretaria-faz-defesa-das-estatais-e-diz-que-elas-sao-eficientes-e-dao-lucro\/","url_meta":{"origin":93267,"position":1},"title":"Secret\u00e1ria faz defesa das estatais e diz que elas s\u00e3o eficientes e d\u00e3o lucro","author":"da Reda\u00e7\u00e3o","date":"22 de outubro de 2025","format":false,"excerpt":"A secret\u00e1ria de Coordena\u00e7\u00e3o e Governan\u00e7a das Empresas Estatais , Elisa Leonel, compareceu \u00e0 uma audi\u00eancia na C\u00e2mara Federal e\u00a0apresentou um panorama detalhado da atua\u00e7\u00e3o das estatais, destacando o desempenho financeiro, o impacto social e as diretrizes de governan\u00e7a implementadas pelo governo federal. \"As empresas estatais brasileiras t\u00eam demonstrado for\u00e7a,\u2026","rel":"","context":"Em &quot;Geral-MAT\u00c9RIA&quot;","block_context":{"text":"Geral-MAT\u00c9RIA","link":"https:\/\/www.jornalja.com.br\/geral\/category\/geral\/"},"img":{"alt_text":"","src":"https:\/\/i0.wp.com\/www.jornalja.com.br\/geral\/wp-content\/uploads\/sites\/4\/2025\/10\/estatais-secretaria-elisa-leonel-audiencia-foto-washington-costa.jpeg?resize=350%2C200&ssl=1","width":350,"height":200,"srcset":"https:\/\/i0.wp.com\/www.jornalja.com.br\/geral\/wp-content\/uploads\/sites\/4\/2025\/10\/estatais-secretaria-elisa-leonel-audiencia-foto-washington-costa.jpeg?resize=350%2C200&ssl=1 1x, https:\/\/i0.wp.com\/www.jornalja.com.br\/geral\/wp-content\/uploads\/sites\/4\/2025\/10\/estatais-secretaria-elisa-leonel-audiencia-foto-washington-costa.jpeg?resize=525%2C300&ssl=1 1.5x, https:\/\/i0.wp.com\/www.jornalja.com.br\/geral\/wp-content\/uploads\/sites\/4\/2025\/10\/estatais-secretaria-elisa-leonel-audiencia-foto-washington-costa.jpeg?resize=700%2C400&ssl=1 2x"},"classes":[]},{"id":85656,"url":"https:\/\/www.jornalja.com.br\/geral\/estudo-inedito-comprova-que-incentivos-fiscais-falharam-e-devem-ser-revistos\/","url_meta":{"origin":93267,"position":2},"title":"Estudo in\u00e9dito comprova que incentivos fiscais &#8220;falharam e devem ser revistos&#8221;","author":"da Reda\u00e7\u00e3o","date":"15 de setembro de 2020","format":false,"excerpt":"Uma equipe de especialistas* coordenada pelo economista S\u00e9rgio Wulff Gobetti, do Instituto de Pesquisa Econ\u00f4mica Aplicada, trabalhou um ano num estudo in\u00e9dito sobre as isen\u00e7\u00f5es de impostos como forma de atrair investimentos - pol\u00edtica largamente utilizada nas \u00faltimas d\u00e9cadas na maioria dos Estados. Os resultados est\u00e3o publicados no relat\u00f3rio \u201cBenef\u00edcios\u2026","rel":"","context":"Em &quot;Geral-MAT\u00c9RIA&quot;","block_context":{"text":"Geral-MAT\u00c9RIA","link":"https:\/\/www.jornalja.com.br\/geral\/category\/geral\/"},"img":{"alt_text":"","src":"https:\/\/i0.wp.com\/www.jornalja.com.br\/geral\/wp-content\/uploads\/sites\/4\/2020\/09\/sefaz.jpeg?resize=350%2C200&ssl=1","width":350,"height":200,"srcset":"https:\/\/i0.wp.com\/www.jornalja.com.br\/geral\/wp-content\/uploads\/sites\/4\/2020\/09\/sefaz.jpeg?resize=350%2C200&ssl=1 1x, https:\/\/i0.wp.com\/www.jornalja.com.br\/geral\/wp-content\/uploads\/sites\/4\/2020\/09\/sefaz.jpeg?resize=525%2C300&ssl=1 1.5x, https:\/\/i0.wp.com\/www.jornalja.com.br\/geral\/wp-content\/uploads\/sites\/4\/2020\/09\/sefaz.jpeg?resize=700%2C400&ssl=1 2x, https:\/\/i0.wp.com\/www.jornalja.com.br\/geral\/wp-content\/uploads\/sites\/4\/2020\/09\/sefaz.jpeg?resize=1050%2C600&ssl=1 3x"},"classes":[]},{"id":100343,"url":"https:\/\/www.jornalja.com.br\/geral\/estudo-aponta-perdas-de-r-38-bilhoes-por-ano-com-efeitos-colaterais-das-bets\/","url_meta":{"origin":93267,"position":3},"title":"Estudo aponta perdas de R$ 38 bilh\u00f5es por ano com efeitos colaterais das bets","author":"da Reda\u00e7\u00e3o","date":"2 de dezembro de 2025","format":false,"excerpt":"Jogos de azar e apostas\u00a0online, popularizadas pelas chamadas\u00a0bets, provocam perdas econ\u00f4micas e sociais ao pa\u00eds estimadas em R$ 38,8 bilh\u00f5es anualmente. Esse valor \u00e9 o somat\u00f3rio de danos \u00e0 sociedade, como suic\u00eddios, desemprego, gastos com sa\u00fade e afastamento do trabalho. O c\u00e1lculo \u00e9 do estudo in\u00e9dito\u00a0A sa\u00fade dos brasileiros em\u2026","rel":"","context":"Em &quot;Geral-MAT\u00c9RIA&quot;","block_context":{"text":"Geral-MAT\u00c9RIA","link":"https:\/\/www.jornalja.com.br\/geral\/category\/geral\/"},"img":{"alt_text":"","src":"https:\/\/i0.wp.com\/www.jornalja.com.br\/geral\/wp-content\/uploads\/sites\/4\/2025\/12\/bets-efeitos-colaterais.png?resize=350%2C200&ssl=1","width":350,"height":200,"srcset":"https:\/\/i0.wp.com\/www.jornalja.com.br\/geral\/wp-content\/uploads\/sites\/4\/2025\/12\/bets-efeitos-colaterais.png?resize=350%2C200&ssl=1 1x, https:\/\/i0.wp.com\/www.jornalja.com.br\/geral\/wp-content\/uploads\/sites\/4\/2025\/12\/bets-efeitos-colaterais.png?resize=525%2C300&ssl=1 1.5x"},"classes":[]},{"id":100627,"url":"https:\/\/www.jornalja.com.br\/geral\/fiergs-preve-expansao-do-pib-e-do-emprego-com-acordo-mercosul-uniao-europeia\/","url_meta":{"origin":93267,"position":4},"title":"Fiergs prev\u00ea expans\u00e3o do PIB e do emprego com acordo Mercosul-Uni\u00e3o Europeia","author":"da Reda\u00e7\u00e3o","date":"19 de janeiro de 2026","format":false,"excerpt":"Presidente Claudio Bier aposta no aumento no fluxo de com\u00e9rcio entre as duas regi\u00f5es; entidade estima alta de 4,6% do PIB ga\u00facho em 15 anos e gera\u00e7\u00e3o de 31 mil empregos. O acordo entre Mercosul e Uni\u00e3o Europeia, assinado neste s\u00e1bado (17), no Paraguai, \u00e9 \"um avan\u00e7o importante\", segundo a\u2026","rel":"","context":"Em &quot;Geral-MAT\u00c9RIA&quot;","block_context":{"text":"Geral-MAT\u00c9RIA","link":"https:\/\/www.jornalja.com.br\/geral\/category\/geral\/"},"img":{"alt_text":"","src":"https:\/\/i0.wp.com\/www.jornalja.com.br\/geral\/wp-content\/uploads\/sites\/4\/2026\/01\/fiergs.jpg?resize=350%2C200&ssl=1","width":350,"height":200,"srcset":"https:\/\/i0.wp.com\/www.jornalja.com.br\/geral\/wp-content\/uploads\/sites\/4\/2026\/01\/fiergs.jpg?resize=350%2C200&ssl=1 1x, https:\/\/i0.wp.com\/www.jornalja.com.br\/geral\/wp-content\/uploads\/sites\/4\/2026\/01\/fiergs.jpg?resize=525%2C300&ssl=1 1.5x, https:\/\/i0.wp.com\/www.jornalja.com.br\/geral\/wp-content\/uploads\/sites\/4\/2026\/01\/fiergs.jpg?resize=700%2C400&ssl=1 2x"},"classes":[]},{"id":94315,"url":"https:\/\/www.jornalja.com.br\/geral\/incentivos-a-empresas-chegam-a-r-400-bi-este-ano-tcu-sugere-corte\/","url_meta":{"origin":93267,"position":5},"title":"Incentivos a empresas chegam a R$ 400 bi em 2023; TCU sugere corte","author":"da Reda\u00e7\u00e3o","date":"17 de novembro de 2022","format":false,"excerpt":"A \u00e1rea t\u00e9cnica do Tribunal de Contas da Uni\u00e3o (TCU) est\u00e1 sugerindo \u00e0 equipe de transi\u00e7\u00e3o de governo um corte incentivos tribut\u00e1rios a fim de gerar, no m\u00e9dio prazo, cerca de R$ 200 bilh\u00f5es extras. Nesta quarta (16), o governo eleito apresentou ao Congresso uma proposta que, entre outros pontos,\u2026","rel":"","context":"Em &quot;Geral-MAT\u00c9RIA&quot;","block_context":{"text":"Geral-MAT\u00c9RIA","link":"https:\/\/www.jornalja.com.br\/geral\/category\/geral\/"},"img":{"alt_text":"","src":"https:\/\/i0.wp.com\/www.jornalja.com.br\/geral\/wp-content\/uploads\/sites\/4\/2022\/11\/alkmin-transicao.jpg?resize=350%2C200&ssl=1","width":350,"height":200,"srcset":"https:\/\/i0.wp.com\/www.jornalja.com.br\/geral\/wp-content\/uploads\/sites\/4\/2022\/11\/alkmin-transicao.jpg?resize=350%2C200&ssl=1 1x, https:\/\/i0.wp.com\/www.jornalja.com.br\/geral\/wp-content\/uploads\/sites\/4\/2022\/11\/alkmin-transicao.jpg?resize=525%2C300&ssl=1 1.5x, https:\/\/i0.wp.com\/www.jornalja.com.br\/geral\/wp-content\/uploads\/sites\/4\/2022\/11\/alkmin-transicao.jpg?resize=700%2C400&ssl=1 2x"},"classes":[]}],"jetpack_sharing_enabled":true,"_links":{"self":[{"href":"https:\/\/www.jornalja.com.br\/geral\/wp-json\/wp\/v2\/posts\/93267","targetHints":{"allow":["GET"]}}],"collection":[{"href":"https:\/\/www.jornalja.com.br\/geral\/wp-json\/wp\/v2\/posts"}],"about":[{"href":"https:\/\/www.jornalja.com.br\/geral\/wp-json\/wp\/v2\/types\/post"}],"author":[{"embeddable":true,"href":"https:\/\/www.jornalja.com.br\/geral\/wp-json\/wp\/v2\/users\/4"}],"replies":[{"embeddable":true,"href":"https:\/\/www.jornalja.com.br\/geral\/wp-json\/wp\/v2\/comments?post=93267"}],"version-history":[{"count":1,"href":"https:\/\/www.jornalja.com.br\/geral\/wp-json\/wp\/v2\/posts\/93267\/revisions"}],"predecessor-version":[{"id":94159,"href":"https:\/\/www.jornalja.com.br\/geral\/wp-json\/wp\/v2\/posts\/93267\/revisions\/94159"}],"wp:featuredmedia":[{"embeddable":true,"href":"https:\/\/www.jornalja.com.br\/geral\/wp-json\/wp\/v2\/media\/93270"}],"wp:attachment":[{"href":"https:\/\/www.jornalja.com.br\/geral\/wp-json\/wp\/v2\/media?parent=93267"}],"wp:term":[{"taxonomy":"category","embeddable":true,"href":"https:\/\/www.jornalja.com.br\/geral\/wp-json\/wp\/v2\/categories?post=93267"},{"taxonomy":"post_tag","embeddable":true,"href":"https:\/\/www.jornalja.com.br\/geral\/wp-json\/wp\/v2\/tags?post=93267"}],"curies":[{"name":"wp","href":"https:\/\/api.w.org\/{rel}","templated":true}]}}