{"id":93277,"date":"2022-07-25T14:47:02","date_gmt":"2022-07-25T17:47:02","guid":{"rendered":"https:\/\/www.jornalja.com.br\/geral\/?p=93277"},"modified":"2022-10-29T18:13:20","modified_gmt":"2022-10-29T21:13:20","slug":"mais-de-30-entidades-protestam-contra-fechamento-de-cursos-na-unisinos","status":"publish","type":"post","link":"https:\/\/www.jornalja.com.br\/geral\/mais-de-30-entidades-protestam-contra-fechamento-de-cursos-na-unisinos\/","title":{"rendered":"36 entidades de ensino e pesquisa protestam contra fechamento de cursos na Unisinos"},"content":{"rendered":"<p><strong>Manifesto contra o fechamento\u00a0 \u00a0 \u00a0 \u00a0 \u00a0 \u00a0 \u00a0 \u00a0 \u00a0 \u00a0 \u00a0 \u00a0 \u00a0 \u00a0 \u00a0 \u00a0\u00a0<\/strong><strong> dos cursos de P\u00f3s-Gradua\u00e7\u00e3o:<\/strong><\/p>\n<p>As entidades abaixo assinadas v\u00eam a p\u00fablico se manifestar contra o fechamento pela Universidade do Vale do Rio dos Sinos (UNISINOS) de seus programas de p\u00f3s-gradua\u00e7\u00e3o em diversas \u00e1reas.<\/p>\n<p>Tal atitude tem como fundamento privilegiar resultados financeiros em detrimento das contribui\u00e7\u00f5es da produ\u00e7\u00e3o cient\u00edfica e do impacto social desses Programas.<\/p>\n<p>No caso recente, chama a aten\u00e7\u00e3o a solidez e qualifica\u00e7\u00e3o dos programas de p\u00f3s-gradua\u00e7\u00e3o, alguns com mais de 30 anos de exist\u00eancia, com notas 6 ou 5 junto \u00e0 Coordena\u00e7\u00e3o de Aperfei\u00e7oamento de Pessoal de N\u00edvel Superior (CAPES).<\/p>\n<p>O fechamento dos Programas traz impactos para al\u00e9m da demiss\u00e3o de valorosos\/as pesquisadores\/as, refer\u00eancias em suas \u00e1reas de expertise, e do enxugamento do compromisso com a amplia\u00e7\u00e3o do sistema de P\u00f3s-Gradua\u00e7\u00e3o, at\u00e9 ent\u00e3o meta da CAPES,<br \/>\ndo Plano Nacional de P\u00f3s-Gradua\u00e7\u00e3o e do Plano Nacional de Educa\u00e7\u00e3o 2014-2024.<\/p>\n<p>Com a extin\u00e7\u00e3o dos programas desaparecem Grupos de Pesquisas essenciais e com repercuss\u00e3o nacional e internacional, revistas acad\u00eamicas, al\u00e9m do preju\u00edzo a pesquisadores\/as com bolsas de produtividade cient\u00edfica que comp\u00f5em o quadro de docentes.<br \/>\nEstes programas, por fazerem parte do sistema de p\u00f3s-gradua\u00e7\u00e3o, foram contemplados com fatias importantes do investimento p\u00fablico por meio de bolsas e incentivos \u00e0 pesquisa.<\/p>\n<p>Sua extin\u00e7\u00e3o institucional unilateral \u00e9 um contrassenso do ponto de vista de qualquer inten\u00e7\u00e3o de fortalecimento da pol\u00edtica cient\u00edfica no Brasil e configura tamb\u00e9m um atentado ao investimento p\u00fablico realizado durante estes anos todos de constru\u00e7\u00e3o dos programas.<br \/>\nN\u00e3o \u00e9 admiss\u00edvel que Universidades que recebem financiamento p\u00fablico em pesquisa possam adotar estas a\u00e7\u00f5es de forma unilateral com base apenas em discuss\u00f5es de dividendos e lucros privados, rompendo com compromissos assumidos junto ao Sistema Nacional de P\u00f3s-Gradua\u00e7\u00e3o e \u00e0 Sociedade Brasileira.<br \/>\nNeste sentido, as entidades se solidarizam com colegas demitidos\/as, estudantes prejudicados\/as, funcion\u00e1rios\/as dedicados\/as e, principalmente, demandam por parte do ente p\u00fablico a\u00e7\u00f5es imediatas de cobran\u00e7a da responsabilidade da Universidade.<\/p>\n<p>Desta e de outras que estejam com as mesmas a\u00e7\u00f5es.<br \/>\nNossa solidariedade a pesquisadores\/as, alunos\/as e funcion\u00e1rios\/as que enfrentam decis\u00e3o t\u00e3o daninha para a pesquisa e o Pa\u00eds.<\/p>\n<p><strong>Assinam:<\/strong><\/p>\n<p>-F\u00f3rum das Ci\u00eancias Humanas, Sociais, Sociais Aplicadas, Letras, Lingu\u00edstica e Artes -FCHSSALLA<br \/>\n-Sociedade Brasileira para Progresso da Ci\u00eancia-SBPC<br \/>\n-Associa\u00e7\u00e3o de Lingu\u00edstica Aplicada do Brasil &#8211; ALAB<br \/>\n-Associa\u00e7\u00e3o Brasileira de Pesquisa em Educa\u00e7\u00e3o em Ci\u00eancias \u2013 ABRAPEC<br \/>\n-Associa\u00e7\u00e3o Nacional de P\u00f3s-gradua\u00e7\u00e3o e Pesquisa em Letras e Lingu\u00edstica \u2013 ANPOLL<br \/>\n-Associa\u00e7\u00e3o Nacional de P\u00f3s-gradua\u00e7\u00e3o em Teologia e Ci\u00eancias da Religi\u00e3o \u2013 ANPTECRE<br \/>\n-A Associa\u00e7\u00e3o Brasileira de Pesquisadores\/as Negros\/as (ABPN)<br \/>\n-Associa\u00e7\u00e3o Brasileira de Professores de L\u00edngua Inglesa da Rede Federal de Ensino B\u00e1sico, T\u00e9cnico e Tecnol\u00f3gico \u2013 ABRALITEC<br \/>\n-Associa\u00e7\u00e3o Brasileira de Rela\u00e7\u00f5es Internacionais \u2013 ABRI<br \/>\n-Associa\u00e7\u00e3o Brasileira de Antropologia \u2013 ABA<br \/>\n-Sociedade Brasileira de Estudos Cl\u00e1ssicos \u2013 SBEC<br \/>\n-Associa\u00e7\u00e3o Brasileira de Literatura Comparada \u2013 ABRALIC<br \/>\n-Associa\u00e7\u00e3o Brasileira de Ensino e Pesquisa em Servi\u00e7o Social \u2013 ABEPSS<br \/>\n-Associa\u00e7\u00e3o Nacional de Pesquisa e P\u00f3s-Gradua\u00e7\u00e3o em M\u00fasica \u2013 ANPPOM<br \/>\n-Associa\u00e7\u00e3o Nacional de Pesquisa e P\u00f3s-Gradua\u00e7\u00e3o em Turismo \u2013 ANPTUR<br \/>\n-Associa\u00e7\u00e3o Brasileira de Ensino de Biologia \u2013 SBEnBio<br \/>\n-Associa\u00e7\u00e3o Nacional de Pol\u00edtica e Administra\u00e7\u00e3o da Educa\u00e7\u00e3o \u2013 ANPAE<br \/>\n-Associa\u00e7\u00e3o Brasileira de Educa\u00e7\u00e3o Musical \u2013 ABEM<br \/>\n-Associa\u00e7\u00e3o Brasileira dos Pesquisadores em Publicidade \u2013 ABP2<br \/>\n-Associa\u00e7\u00e3o Nacional de P\u00f3s-gradua\u00e7\u00e3o em Filosofia \u2013 ANPOF<br \/>\n-Associa\u00e7\u00e3o Brasileira de Hispanistas \u2013 ABH<br \/>\n-Associa\u00e7\u00e3o Brasileira de Pesquisadores de Comunica\u00e7\u00e3o Organizacional e de Rela\u00e7\u00f5es<br \/>\nP\u00fablicas \u2013 ABRAPCORP<br \/>\n-Associa\u00e7\u00e3o Brasileira de Pesquisadores em Cibercultura \u2013 ABCIBER<br \/>\n-Associa\u00e7\u00e3o Nacional de Pesquisa e P\u00f3s-gradua\u00e7\u00e3o em Ci\u00eancia da Informa\u00e7\u00e3o- ANCIB<br \/>\n-Associa\u00e7\u00e3o Nacional dos Programas de P\u00f3s-Gradua\u00e7\u00e3o em Comunica\u00e7\u00e3o \u2013 COMPOS<br \/>\n-Associa\u00e7\u00e3o Nacional de P\u00f3s-Gradua\u00e7\u00e3o e Pesquisa em Educa\u00e7\u00e3o &#8211; ANPED<br \/>\n-Associa\u00e7\u00e3o Brasileira de Psicologia Pol\u00edtica \u2013 ABPP<br \/>\n-Associa\u00e7\u00e3o Nacional de P\u00f3s-Gradua\u00e7\u00e3o e Pesquisa em Planejamento Urbano e Regional \u2013 ANPUR<br \/>\n-Associa\u00e7\u00e3o Nacional de Pesquisa e P\u00f3s &#8211; gradua\u00e7\u00e3o em Psicologia &#8211; ANPEPP<br \/>\n-Associa\u00e7\u00e3o Brasileira de Psicologia Social \u2013 ABRAPSO<br \/>\n-Associa\u00e7\u00e3o Brasileira de Pesquisadores de Jornalismo ( SBPJor)<br \/>\n-Associa\u00e7\u00e3o Brasileira de Pesquisadores em Educa\u00e7\u00e3o Especial \u2013 ABPEE<br \/>\n-Federa\u00e7\u00e3o Brasileira de Associa\u00e7\u00f5es Cient\u00edficas e Acad\u00eamicas de Comunica\u00e7\u00e3o \u2013SOCICOM<br \/>\n-Associa\u00e7\u00e3o Brasileira de Pesquisadores de Hist\u00f3ria da M\u00eddia \u2013 ALCAR<br \/>\n-Associa\u00e7\u00e3o Brasileira de Pesquisadores e Comunicadores em Comunica\u00e7\u00e3o Popular \u2013<br \/>\nABPCom<\/p>\n","protected":false},"excerpt":{"rendered":"<p>Manifesto contra o fechamento\u00a0 \u00a0 \u00a0 \u00a0 \u00a0 \u00a0 \u00a0 \u00a0 \u00a0 \u00a0 \u00a0 \u00a0 \u00a0 \u00a0 \u00a0 \u00a0\u00a0 dos cursos de P\u00f3s-Gradua\u00e7\u00e3o: As entidades abaixo assinadas v\u00eam a p\u00fablico se manifestar contra o fechamento pela Universidade do Vale do Rio dos Sinos (UNISINOS) de seus programas de p\u00f3s-gradua\u00e7\u00e3o em diversas \u00e1reas. Tal atitude tem [&hellip;]<\/p>\n","protected":false},"author":4,"featured_media":0,"comment_status":"open","ping_status":"open","sticky":false,"template":"","format":"standard","meta":{"jetpack_post_was_ever_published":false,"_jetpack_newsletter_access":"","_jetpack_dont_email_post_to_subs":false,"_jetpack_newsletter_tier_id":0,"_jetpack_memberships_contains_paywalled_content":false,"_jetpack_memberships_contains_paid_content":false,"footnotes":"","jetpack_publicize_message":"","jetpack_publicize_feature_enabled":true,"jetpack_social_post_already_shared":true,"jetpack_social_options":{"image_generator_settings":{"template":"highway","default_image_id":0,"font":"","enabled":false},"version":2}},"categories":[2],"tags":[87,269,56,238,86,45,83,324,524,247,152,69,161,479,15,149,95,530,278],"class_list":["post-93277","post","type-post","status-publish","format-standard","hentry","category-geral","tag-ari","tag-artes","tag-atentado","tag-brasil","tag-cultura","tag-educacao","tag-ensino","tag-estudantes","tag-jornalismo","tag-politica","tag-prejuizo","tag-professores","tag-pt","tag-red","tag-rs","tag-sc","tag-sp","tag-stu","tag-turismo"],"aioseo_notices":[],"jetpack_publicize_connections":[],"jetpack_featured_media_url":"","jetpack_shortlink":"https:\/\/wp.me\/pbKhrD-ogt","jetpack-related-posts":[{"id":81415,"url":"https:\/\/www.jornalja.com.br\/geral\/novas-regras-para-bolsas-de-pos-graduacao\/","url_meta":{"origin":93277,"position":0},"title":"Novas regras para bolsas de p\u00f3s-gradua\u00e7\u00e3o","author":"da Reda\u00e7\u00e3o","date":"23 de fevereiro de 2020","format":false,"excerpt":"A Coordena\u00e7\u00e3o de Aperfei\u00e7oamento de Pessoal de N\u00edvel Superior (Capes) divulgou as novas regras para bolsas de p\u00f3s-gradua\u00e7ao. O novo modelo leva em considera\u00e7\u00e3o fatores como o desempenho acad\u00eamico e o \u00cdndice de Desenvolvimento Humano Municipal (IDHM) do local onde o curso \u00e9 oferecido. Trata-se de um modelo in\u00e9dito, pois\u2026","rel":"","context":"Em &quot;Geral-NOTAS&quot;","block_context":{"text":"Geral-NOTAS","link":"https:\/\/www.jornalja.com.br\/geral\/category\/geral-notas\/"},"img":{"alt_text":"","src":"","width":0,"height":0},"classes":[]},{"id":73023,"url":"https:\/\/www.jornalja.com.br\/geral\/curso-a-distancia-oferece-pos-graduacao-em-gestao-de-igrejas\/","url_meta":{"origin":93277,"position":1},"title":"Curso \u00e0 dist\u00e2ncia oferece p\u00f3s-gradua\u00e7\u00e3o em gest\u00e3o de igrejas","author":"da Reda\u00e7\u00e3o","date":"25 de fevereiro de 2019","format":false,"excerpt":"Aumento de institui\u00e7\u00f5es religiosas incentiva cria\u00e7\u00e3o de novo curso Conhecido por sua diversidade religiosa, o Brasil est\u00e1 passando por um aumento no n\u00famero de igrejas. De acordo com levantamento do jornal O Globo junto \u00e0 Receita Federal, 67.951 entidades se registraram sob a rubrica \u201corganiza\u00e7\u00f5es religiosas ou filos\u00f3ficas\u201d entre janeiro\u2026","rel":"","context":"Em &quot;Geral-MAT\u00c9RIA&quot;","block_context":{"text":"Geral-MAT\u00c9RIA","link":"https:\/\/www.jornalja.com.br\/geral\/category\/geral\/"},"img":{"alt_text":"","src":"","width":0,"height":0},"classes":[]},{"id":98613,"url":"https:\/\/www.jornalja.com.br\/geral\/ditadura-de-1964-e-tema-de-aula-publica-em-praca-onde-era-quartel\/","url_meta":{"origin":93277,"position":2},"title":"Ditadura de 1964 \u00e9 tema de aula p\u00fablica em pra\u00e7a onde havia quartel","author":"da Reda\u00e7\u00e3o","date":"31 de mar\u00e7o de 2025","format":false,"excerpt":"Uma \"aula p\u00fablica\" ao ar livre vai abordar \"o golpe\u00a0 civil-empresarial-militar ocorrido em 1\u00ba de abril de 1964\",\u00a0 al\u00e9m de debater as viola\u00e7\u00f5es de direitos humanos que marcaram os 21 anos de regime ditatorial no Brasil. A atividade ser\u00e1 realizada na Pra\u00e7a Raul Pilla, localizada no Centro Hist\u00f3rico de Porto\u2026","rel":"","context":"Em &quot;Geral-MAT\u00c9RIA&quot;","block_context":{"text":"Geral-MAT\u00c9RIA","link":"https:\/\/www.jornalja.com.br\/geral\/category\/geral\/"},"img":{"alt_text":"","src":"https:\/\/i0.wp.com\/www.jornalja.com.br\/geral\/wp-content\/uploads\/sites\/4\/2025\/03\/praca-raul-pilla-em-porto-alegre.png?resize=350%2C200&ssl=1","width":350,"height":200},"classes":[]},{"id":93478,"url":"https:\/\/www.jornalja.com.br\/geral\/adufrgs-empossa-nova-diretoria-para-o-trienio-2022-2025\/","url_meta":{"origin":93277,"position":3},"title":"ADUFRGS empossa nova diretoria para o tri\u00eanio 2022\/2025","author":"da Reda\u00e7\u00e3o","date":"22 de agosto de 2022","format":false,"excerpt":"A nova diretoria da ADUFRGS-Sindical, eleita para o tri\u00eanio 2022-2025, toma posse nesta ter\u00e7a-feira (23), na sede do sindicato, em Porto Alegre. A transmiss\u00e3o dos cargos ser\u00e1 feita durante Assembleia Geral, dividida em duas partes, tendo in\u00edcio \u00e0s 18h, com a apresenta\u00e7\u00e3o da presta\u00e7\u00e3o de contas do \u00faltimo per\u00edodo. Em\u2026","rel":"","context":"Em &quot;materiasecundaria&quot;","block_context":{"text":"materiasecundaria","link":"https:\/\/www.jornalja.com.br\/geral\/category\/materiasecundaria\/"},"img":{"alt_text":"","src":"","width":0,"height":0},"classes":[]},{"id":85749,"url":"https:\/\/www.jornalja.com.br\/geral\/na-posse-novo-reitor-da-ufrgs-fala-em-cortes-mas-promete-muito-dialogo\/","url_meta":{"origin":93277,"position":4},"title":"Na posse, novo reitor da UFRGS fala em cortes e promete &#8220;muito di\u00e1logo&#8221;","author":"da Reda\u00e7\u00e3o","date":"21 de setembro de 2020","format":false,"excerpt":"Tomou posse, nesta segunda-feira, 21\/09, o novo reitor da Universidade Federal do Rio Grande do Sul, professor Carlos Andr\u00e9 Bulh\u00f5es, nomeado pelo presidente Jair Bolsonaro na semana passada. Seu mandato vai at\u00e9 2024. No momento da posse, no meio da manh\u00e3, ocorria uma manifesta\u00e7\u00e3o de rua em protesto pela indica\u00e7\u00e3o\u2026","rel":"","context":"Em &quot;Geral-MAT\u00c9RIA&quot;","block_context":{"text":"Geral-MAT\u00c9RIA","link":"https:\/\/www.jornalja.com.br\/geral\/category\/geral\/"},"img":{"alt_text":"","src":"https:\/\/i0.wp.com\/www.jornalja.com.br\/geral\/wp-content\/uploads\/sites\/4\/2020\/09\/image.jpg?resize=350%2C200&ssl=1","width":350,"height":200,"srcset":"https:\/\/i0.wp.com\/www.jornalja.com.br\/geral\/wp-content\/uploads\/sites\/4\/2020\/09\/image.jpg?resize=350%2C200&ssl=1 1x, https:\/\/i0.wp.com\/www.jornalja.com.br\/geral\/wp-content\/uploads\/sites\/4\/2020\/09\/image.jpg?resize=525%2C300&ssl=1 1.5x, https:\/\/i0.wp.com\/www.jornalja.com.br\/geral\/wp-content\/uploads\/sites\/4\/2020\/09\/image.jpg?resize=700%2C400&ssl=1 2x, https:\/\/i0.wp.com\/www.jornalja.com.br\/geral\/wp-content\/uploads\/sites\/4\/2020\/09\/image.jpg?resize=1050%2C600&ssl=1 3x, https:\/\/i0.wp.com\/www.jornalja.com.br\/geral\/wp-content\/uploads\/sites\/4\/2020\/09\/image.jpg?resize=1400%2C800&ssl=1 4x"},"classes":[]},{"id":83165,"url":"https:\/\/www.jornalja.com.br\/geral\/capes-oferece-900-bolsas-de-pesquisa-para-programa-de-combate-a-epidemias\/","url_meta":{"origin":93277,"position":5},"title":"Capes oferece 900 bolsas de pesquisa para Programa de Combate a Epidemias","author":"da Reda\u00e7\u00e3o","date":"29 de abril de 2020","format":false,"excerpt":"S\u00e3o oferecidas 900 bolsas em at\u00e9 30 projetos de pesquisa. As inscri\u00e7\u00f5es terminam nesta quinta, 30. A Coordena\u00e7\u00e3o de Aperfei\u00e7oamento de Pessoal de N\u00edvel Superior (Capes) recebe at\u00e9 quinta-feira (30) propostas de pesquisa para o Programa de Combate a Epidemias. S\u00e3o tr\u00eas editais que oferecem 900 bolsas de doutorado e\u2026","rel":"","context":"Em &quot;Geral-NOTAS&quot;","block_context":{"text":"Geral-NOTAS","link":"https:\/\/www.jornalja.com.br\/geral\/category\/geral-notas\/"},"img":{"alt_text":"","src":"","width":0,"height":0},"classes":[]}],"jetpack_sharing_enabled":true,"_links":{"self":[{"href":"https:\/\/www.jornalja.com.br\/geral\/wp-json\/wp\/v2\/posts\/93277","targetHints":{"allow":["GET"]}}],"collection":[{"href":"https:\/\/www.jornalja.com.br\/geral\/wp-json\/wp\/v2\/posts"}],"about":[{"href":"https:\/\/www.jornalja.com.br\/geral\/wp-json\/wp\/v2\/types\/post"}],"author":[{"embeddable":true,"href":"https:\/\/www.jornalja.com.br\/geral\/wp-json\/wp\/v2\/users\/4"}],"replies":[{"embeddable":true,"href":"https:\/\/www.jornalja.com.br\/geral\/wp-json\/wp\/v2\/comments?post=93277"}],"version-history":[{"count":5,"href":"https:\/\/www.jornalja.com.br\/geral\/wp-json\/wp\/v2\/posts\/93277\/revisions"}],"predecessor-version":[{"id":93285,"href":"https:\/\/www.jornalja.com.br\/geral\/wp-json\/wp\/v2\/posts\/93277\/revisions\/93285"}],"wp:attachment":[{"href":"https:\/\/www.jornalja.com.br\/geral\/wp-json\/wp\/v2\/media?parent=93277"}],"wp:term":[{"taxonomy":"category","embeddable":true,"href":"https:\/\/www.jornalja.com.br\/geral\/wp-json\/wp\/v2\/categories?post=93277"},{"taxonomy":"post_tag","embeddable":true,"href":"https:\/\/www.jornalja.com.br\/geral\/wp-json\/wp\/v2\/tags?post=93277"}],"curies":[{"name":"wp","href":"https:\/\/api.w.org\/{rel}","templated":true}]}}