{"id":93289,"date":"2022-07-25T15:36:41","date_gmt":"2022-07-25T18:36:41","guid":{"rendered":"https:\/\/www.jornalja.com.br\/geral\/?p=93289"},"modified":"2022-07-25T15:36:41","modified_gmt":"2022-07-25T18:36:41","slug":"recuperacao-economica-pequenas-empresas-estao-mais-confiantes","status":"publish","type":"post","link":"https:\/\/www.jornalja.com.br\/geral\/recuperacao-economica-pequenas-empresas-estao-mais-confiantes\/","title":{"rendered":"Recupera\u00e7\u00e3o econ\u00f4mica: pequenas empresas est\u00e3o mais confiantes"},"content":{"rendered":"<p>Dados do Sebrae RS apontam que a maioria dos pequenos empreendedores (56%) est\u00e1 confiante com a melhora no ramo de atividade do neg\u00f3cio at\u00e9 o final do ano: 42% creem na melhoria da situa\u00e7\u00e3o econ\u00f4mica do Estado de uma forma geral para os pr\u00f3ximos 6 meses &#8211; em maio este \u00edndice era de 36%.<br \/>\nOs dados s\u00e3o da 24\u00aa edi\u00e7\u00e3o Pesquisa de Monitoramento dos Pequenos Neg\u00f3cios do Sebrae RS e consideram os empreendedores de Micro e Pequena Empresa (MPE) e Microempreendedores Individuais (MEI).<\/p>\n<p>No que diz respeito ao faturamento, o m\u00eas de junho registrou um aumento de sete pontos percentuais na propor\u00e7\u00e3o de empresas que indicam estabilidade, chegando a 45%.<\/p>\n<p>J\u00e1 quando aferido o comportamento da ocupa\u00e7\u00e3o da atividade nos \u00faltimos 30 dias, a pesquisa aponta que 63% das empresas indicam estabilidade.<\/p>\n<p>O \u00edndice, cinco pontos percentuais a mais que o verificado em maio, \u00e9 o maior desde janeiro de 2021.<\/p>\n<p>A boa perspectiva de futuro \u00e9 amparada em outros indicadores do estudo: em rela\u00e7\u00e3o aos seus neg\u00f3cios particulares, 52% dos empreendedores t\u00eam expectativa de manter e 40% de expandir.<\/p>\n","protected":false},"excerpt":{"rendered":"<p>Dados do Sebrae RS apontam que a maioria dos pequenos empreendedores (56%) est\u00e1 confiante com a melhora no ramo de atividade do neg\u00f3cio at\u00e9 o final do ano: 42% creem na melhoria da situa\u00e7\u00e3o econ\u00f4mica do Estado de uma forma geral para os pr\u00f3ximos 6 meses &#8211; em maio este \u00edndice era de 36%. Os [&hellip;]<\/p>\n","protected":false},"author":4,"featured_media":0,"comment_status":"open","ping_status":"open","sticky":false,"template":"","format":"standard","meta":{"jetpack_post_was_ever_published":false,"_jetpack_newsletter_access":"","_jetpack_dont_email_post_to_subs":false,"_jetpack_newsletter_tier_id":0,"_jetpack_memberships_contains_paywalled_content":false,"_jetpack_memberships_contains_paid_content":false,"footnotes":"","jetpack_publicize_message":"","jetpack_publicize_feature_enabled":true,"jetpack_social_post_already_shared":true,"jetpack_social_options":{"image_generator_settings":{"template":"highway","default_image_id":0,"font":"","enabled":false},"version":2}},"categories":[28],"tags":[356,15,95,530],"class_list":["post-93289","post","type-post","status-publish","format-standard","hentry","category-geral-notas","tag-mel","tag-rs","tag-sp","tag-stu"],"aioseo_notices":[],"jetpack_publicize_connections":[],"jetpack_featured_media_url":"","jetpack_shortlink":"https:\/\/wp.me\/pbKhrD-ogF","jetpack-related-posts":[{"id":94381,"url":"https:\/\/www.jornalja.com.br\/geral\/pequenos-negocios-apostam-em-promocoes-para-aquecer-as-vendas-de-fim-de-ano\/","url_meta":{"origin":93289,"position":0},"title":"Pequenos neg\u00f3cios apostam em promo\u00e7\u00f5es para aquecer as vendas de fim de ano","author":"da Reda\u00e7\u00e3o","date":"22 de novembro de 2022","format":false,"excerpt":"Duas em cada tr\u00eas empresas (65%) preparam a\u00e7\u00f5es especiais para aquecer as vendas neste final de ano. \u00c9 o que indica o levantamento mais recente do Sebrae RS. A mesma pesquisa sobre as expectativas dos pequenos neg\u00f3cios para o fim de ano, mostra que apesar do otimismo, apenas uma em\u2026","rel":"","context":"Em &quot;Geral-NOTAS&quot;","block_context":{"text":"Geral-NOTAS","link":"https:\/\/www.jornalja.com.br\/geral\/category\/geral-notas\/"},"img":{"alt_text":"","src":"","width":0,"height":0},"classes":[]},{"id":95111,"url":"https:\/\/www.jornalja.com.br\/geral\/pesquisa-da-fiergs-indice-de-confianca-dos-empresarios-esta-em-queda-desde-a-eleicao-de-lula\/","url_meta":{"origin":93289,"position":1},"title":"Pesquisa da FIERGS: \u00edndice de confian\u00e7a dos empres\u00e1rios est\u00e1 em queda desde a elei\u00e7\u00e3o de Lula","author":"da Reda\u00e7\u00e3o","date":"17 de fevereiro de 2023","format":false,"excerpt":"O \u00cdndice de Confian\u00e7a do Empres\u00e1rio que a Federa\u00e7\u00e3o das Ind\u00fastrias do Estado do Rio Grande do Sul afere mensalmente est\u00e1 em queda desde outubro do ano passado e \"continua a mostrar pessimismo disseminado entre os empres\u00e1rios\". O \u00faltimo resultado divulgado esta semana mostra queda de um por cento em\u2026","rel":"","context":"Em &quot;Geral-MAT\u00c9RIA&quot;","block_context":{"text":"Geral-MAT\u00c9RIA","link":"https:\/\/www.jornalja.com.br\/geral\/category\/geral\/"},"img":{"alt_text":"","src":"","width":0,"height":0},"classes":[]},{"id":99589,"url":"https:\/\/www.jornalja.com.br\/geral\/pessimismo-dos-empresarios-gauchos-atinge-maior-indice-desde-a-pandemia\/","url_meta":{"origin":93289,"position":2},"title":"Pessimismo dos empres\u00e1rios ga\u00fachos atinge maior \u00edndice desde a pandemia","author":"Elmar Bones","date":"28 de agosto de 2025","format":false,"excerpt":"O \u00cdndice de Confian\u00e7a do Empres\u00e1rio Industrial (Icei-RS) registrou em agosto o menor n\u00edvel desde junho de 2020, na pandemia de coronav\u00edrus. A combina\u00e7\u00e3o de tarifas impostas pelos Estados Unidos com incertezas internas produziu o pessimismo. O indicador atingiu 44,1 pontos, uma queda de 2,6 pontos em rela\u00e7\u00e3o a julho.\u2026","rel":"","context":"Em &quot;Geral-NOTAS&quot;","block_context":{"text":"Geral-NOTAS","link":"https:\/\/www.jornalja.com.br\/geral\/category\/geral-notas\/"},"img":{"alt_text":"","src":"","width":0,"height":0},"classes":[]},{"id":100843,"url":"https:\/\/www.jornalja.com.br\/geral\/policia-civil-indicia-34-pessoas-por-suspeitas-de-fraudes-milionarias-na-educacao-em-porto-alegre\/","url_meta":{"origin":93289,"position":3},"title":"Pol\u00edcia Civil indicia 34 pessoas por suspeitas de fraudes milion\u00e1rias na Educa\u00e7\u00e3o em Porto Alegre","author":"da Reda\u00e7\u00e3o","date":"19 de fevereiro de 2026","format":false,"excerpt":"Nesta quinta-feira, 19 de fevereiro de 2026, a Pol\u00edcia Civil ga\u00facha finalizou o conjunto de inqu\u00e9ritos da Opera\u00e7\u00e3o Capa Dura, no total foram 34 pessoas indiciadas. O esquema pode ter movimentado mais de R$ 58 milh\u00f5es e funcionou dentro da Secretaria Municipal de Educa\u00e7\u00e3o de Porto Alegre (Smed) entre 2021\u2026","rel":"","context":"Em &quot;Geral-MAT\u00c9RIA&quot;","block_context":{"text":"Geral-MAT\u00c9RIA","link":"https:\/\/www.jornalja.com.br\/geral\/category\/geral\/"},"img":{"alt_text":"","src":"https:\/\/i0.wp.com\/www.jornalja.com.br\/geral\/wp-content\/uploads\/sites\/4\/2026\/02\/12100524-515394-gdo.jpeg?resize=350%2C200&ssl=1","width":350,"height":200,"srcset":"https:\/\/i0.wp.com\/www.jornalja.com.br\/geral\/wp-content\/uploads\/sites\/4\/2026\/02\/12100524-515394-gdo.jpeg?resize=350%2C200&ssl=1 1x, https:\/\/i0.wp.com\/www.jornalja.com.br\/geral\/wp-content\/uploads\/sites\/4\/2026\/02\/12100524-515394-gdo.jpeg?resize=525%2C300&ssl=1 1.5x, https:\/\/i0.wp.com\/www.jornalja.com.br\/geral\/wp-content\/uploads\/sites\/4\/2026\/02\/12100524-515394-gdo.jpeg?resize=700%2C400&ssl=1 2x"},"classes":[]},{"id":93944,"url":"https:\/\/www.jornalja.com.br\/geral\/pesquisa-da-fiergs-revela-que-falta-de-profissionais-qualificados-afeta-644-das-industrias-gauchas\/","url_meta":{"origin":93289,"position":4},"title":"Pesquisa da FIERGS: falta de profissionais qualificados afeta mais de 60% das ind\u00fastrias ga\u00fachas","author":"da Reda\u00e7\u00e3o","date":"2 de outubro de 2022","format":false,"excerpt":"Quase dois ter\u00e7os das ind\u00fastrias ga\u00fachas passam por dificuldades para contratar trabalhadores por falta de profissionais qualificados no mercado. Quem mais sofre \u00e9 \u00e1rea de produ\u00e7\u00e3o, na qual 99% enfrentam problemas na busca por t\u00e9cnicos e, 98,1%, por operadores. As conclus\u00f5es s\u00e3o da Sondagem Industrial Especial do RS de julho\u2026","rel":"","context":"Em &quot;Geral-MAT\u00c9RIA&quot;","block_context":{"text":"Geral-MAT\u00c9RIA","link":"https:\/\/www.jornalja.com.br\/geral\/category\/geral\/"},"img":{"alt_text":"","src":"https:\/\/i0.wp.com\/www.jornalja.com.br\/geral\/wp-content\/uploads\/sites\/4\/2022\/10\/industria.jpg?resize=350%2C200&ssl=1","width":350,"height":200,"srcset":"https:\/\/i0.wp.com\/www.jornalja.com.br\/geral\/wp-content\/uploads\/sites\/4\/2022\/10\/industria.jpg?resize=350%2C200&ssl=1 1x, https:\/\/i0.wp.com\/www.jornalja.com.br\/geral\/wp-content\/uploads\/sites\/4\/2022\/10\/industria.jpg?resize=525%2C300&ssl=1 1.5x"},"classes":[]},{"id":96643,"url":"https:\/\/www.jornalja.com.br\/geral\/pesquisa-endividamento-e-causa-da-queda-do-consumo-entre-os-gauchos\/","url_meta":{"origin":93289,"position":5},"title":"Pesquisa: endividamento \u00e9 causa da queda do consumo entre os ga\u00fachos","author":"da Reda\u00e7\u00e3o","date":"7 de dezembro de 2023","format":false,"excerpt":"A Fecom\u00e9rcio-RS divulgou a pesquisa de Inten\u00e7\u00e3o de Consumo das Fam\u00edlias Ga\u00fachas, referente ao m\u00eas de novembro. A pesquisa foi realizada em Porto Alegre nos \u00faltimos dez dias de outubro. O \u00edndice de inten\u00e7\u00f5es de consumo atingiu os 62,1 pontos e foi o menor para um m\u00eas de novembro desde\u2026","rel":"","context":"Em &quot;Geral-MAT\u00c9RIA&quot;","block_context":{"text":"Geral-MAT\u00c9RIA","link":"https:\/\/www.jornalja.com.br\/geral\/category\/geral\/"},"img":{"alt_text":"","src":"","width":0,"height":0},"classes":[]}],"jetpack_sharing_enabled":true,"_links":{"self":[{"href":"https:\/\/www.jornalja.com.br\/geral\/wp-json\/wp\/v2\/posts\/93289","targetHints":{"allow":["GET"]}}],"collection":[{"href":"https:\/\/www.jornalja.com.br\/geral\/wp-json\/wp\/v2\/posts"}],"about":[{"href":"https:\/\/www.jornalja.com.br\/geral\/wp-json\/wp\/v2\/types\/post"}],"author":[{"embeddable":true,"href":"https:\/\/www.jornalja.com.br\/geral\/wp-json\/wp\/v2\/users\/4"}],"replies":[{"embeddable":true,"href":"https:\/\/www.jornalja.com.br\/geral\/wp-json\/wp\/v2\/comments?post=93289"}],"version-history":[{"count":1,"href":"https:\/\/www.jornalja.com.br\/geral\/wp-json\/wp\/v2\/posts\/93289\/revisions"}],"predecessor-version":[{"id":93290,"href":"https:\/\/www.jornalja.com.br\/geral\/wp-json\/wp\/v2\/posts\/93289\/revisions\/93290"}],"wp:attachment":[{"href":"https:\/\/www.jornalja.com.br\/geral\/wp-json\/wp\/v2\/media?parent=93289"}],"wp:term":[{"taxonomy":"category","embeddable":true,"href":"https:\/\/www.jornalja.com.br\/geral\/wp-json\/wp\/v2\/categories?post=93289"},{"taxonomy":"post_tag","embeddable":true,"href":"https:\/\/www.jornalja.com.br\/geral\/wp-json\/wp\/v2\/tags?post=93289"}],"curies":[{"name":"wp","href":"https:\/\/api.w.org\/{rel}","templated":true}]}}