{"id":93292,"date":"2022-07-27T01:11:22","date_gmt":"2022-07-27T04:11:22","guid":{"rendered":"https:\/\/www.jornalja.com.br\/geral\/?p=93292"},"modified":"2022-07-29T09:21:06","modified_gmt":"2022-07-29T12:21:06","slug":"pais-da-carne-uruguai-consome-90-quilos-per-capita-ao-ano-triplo-da-media-mundial","status":"publish","type":"post","link":"https:\/\/www.jornalja.com.br\/geral\/pais-da-carne-uruguai-consome-90-quilos-per-capita-ao-ano-triplo-da-media-mundial\/","title":{"rendered":"Pa\u00eds da carne, Uruguai consome 90 quilos per capita ao ano, triplo da m\u00e9dia mundial"},"content":{"rendered":"<p>Considerado produtor da melhor carne do mundo, o Uruguai tamb\u00e9m \u00e9, proporcionalmente, o maior exportador e o maior consumidor de carne bovina, de acordo com uma pesquisa recente*.<\/p>\n<p>No mundo, a m\u00e9dia de consumo <em>per capita<\/em> de todos os tipos de carnes \u00e9 de 34 quilos por pessoa, por ano. No Uruguai a m\u00e9dia supera os 90 quilos <em>per capita<\/em> por ano.<\/p>\n<p>A pesquisa, financiada pelo Instituto Nacional de Investiga\u00e7\u00e3o Agropecu\u00e1ria, comparou dados de 172 pa\u00edses, considerando tamb\u00e9m o percentual de vegetarianos (que n\u00e3o consomem carne, mas incluem leite e ovos em suas dietas), veganos (que n\u00e3o consomem nenhum tipo de prote\u00edna de origem animal), pescetarianos (vegetarianos que consomem peixe e frutos do mar) e flexitarianos (vegetarianos que de vez em quando comem carne e derivados).<\/p>\n<p>A pesquisa \u00a0considerou a regi\u00e3o, o sexo , a idade e o n\u00edvel educacional dos consumidores, assim como seu n\u00edvel de renda.<\/p>\n<p>No Uruguai, constatou-se que apenas 9% n\u00e3o consomem carne, numa popula\u00e7\u00e3o em que a cultura do assado e da \u201cparrilla\u201d antecede \u00e0 pr\u00f3pria forma\u00e7\u00e3o do pa\u00eds.<\/p>\n<p>Desses 9% que n\u00e3o consomem carne, 1% s\u00e3o veganos, \u00a05% s\u00e3o vegetarianos, 3% s\u00e3o pescetarianos e 2% que n\u00e3o consomem por motivos, doen\u00e7as, por exemplo.<\/p>\n<p>A an\u00e1lise das respostas dos mais jovens, no entanto, mostra que essa realidade est\u00e1 mudando. Na faixa entre 18 e 19 anos, por exemplo, o percentual dos que n\u00e3o comem carne chega a 20%, porque s\u00e3o veganos, vegetarianos, ou pesceterianos. Entre os que t\u00eam educa\u00e7\u00e3o\u00a0 de n\u00edvel superior, o percentual chega a 13%.<\/p>\n<p>Quanto aos motivos para n\u00e3o comer carne, 73% dizem que \u00e9 pela sa\u00fade, 44% por quest\u00f5es ligadas ao \u201cbem estar animal\u201d e 39% pela quest\u00e3o ambiental.<\/p>\n<p>*<em>Perspectivas de la carne: asociaciones mentales de los consumidores uruguayos y motivos subyacentes en los cambios de consumo.<\/em><\/p>\n","protected":false},"excerpt":{"rendered":"<p>Considerado produtor da melhor carne do mundo, o Uruguai tamb\u00e9m \u00e9, proporcionalmente, o maior exportador e o maior consumidor de carne bovina, de acordo com uma pesquisa recente*. No mundo, a m\u00e9dia de consumo per capita de todos os tipos de carnes \u00e9 de 34 quilos por pessoa, por ano. No Uruguai a m\u00e9dia supera [&hellip;]<\/p>\n","protected":false},"author":4,"featured_media":93302,"comment_status":"open","ping_status":"open","sticky":false,"template":"","format":"standard","meta":{"jetpack_post_was_ever_published":false,"_jetpack_newsletter_access":"","_jetpack_dont_email_post_to_subs":false,"_jetpack_newsletter_tier_id":0,"_jetpack_memberships_contains_paywalled_content":false,"_jetpack_memberships_contains_paid_content":false,"footnotes":"","jetpack_publicize_message":"","jetpack_publicize_feature_enabled":true,"jetpack_social_post_already_shared":true,"jetpack_social_options":{"image_generator_settings":{"template":"highway","default_image_id":0,"font":"","enabled":false},"version":2}},"categories":[2],"tags":[87,86,45,356,296,15,38,149,95],"class_list":["post-93292","post","type-post","status-publish","format-standard","has-post-thumbnail","hentry","category-geral","tag-ari","tag-cultura","tag-educacao","tag-mel","tag-pecuaria","tag-rs","tag-saude","tag-sc","tag-sp"],"aioseo_notices":[],"jetpack_publicize_connections":[],"jetpack_featured_media_url":"https:\/\/www.jornalja.com.br\/geral\/wp-content\/uploads\/sites\/4\/2022\/07\/uruguai-pais-da-carne.jpg","jetpack_shortlink":"https:\/\/wp.me\/pbKhrD-ogI","jetpack-related-posts":[{"id":82555,"url":"https:\/\/www.jornalja.com.br\/geral\/presenca-do-feijao-na-mesa-do-brasileiro-cai-pela-metade-em-15-anos-arroz-cai-37\/","url_meta":{"origin":93292,"position":0},"title":"NO PRATO DO BRASILEIRO TEM METADE DO FEIJ\u00c3O","author":"Elmar Bones","date":"4 de abril de 2020","format":false,"excerpt":"Uma\u00a0 pesquisa do IBGE constatou que o brasileiro consome hoje metade do\u00a0 feij\u00e3o que\u00a0 comia em 2003. Em \u00a015 anos, o consumo m\u00e9dio de feij\u00e3o caiu 52% per capita. De 12,394 kg, em 2003 caiu\u00a0 para 5,908 kg em 2017\/2018. O arroz tamb\u00e9m perdeu espa\u00e7o na mesa do brasileiro. Nos\u2026","rel":"","context":"Em &quot;Geral-MAT\u00c9RIA&quot;","block_context":{"text":"Geral-MAT\u00c9RIA","link":"https:\/\/www.jornalja.com.br\/geral\/category\/geral\/"},"img":{"alt_text":"","src":"https:\/\/i0.wp.com\/agenciadenoticias.ibge.gov.br\/images\/agenciadenoticias\/estatisticas_sociais\/2020_04\/pof-serie-historica-2.png?resize=350%2C200","width":350,"height":200,"srcset":"https:\/\/i0.wp.com\/agenciadenoticias.ibge.gov.br\/images\/agenciadenoticias\/estatisticas_sociais\/2020_04\/pof-serie-historica-2.png?resize=350%2C200 1x, https:\/\/i0.wp.com\/agenciadenoticias.ibge.gov.br\/images\/agenciadenoticias\/estatisticas_sociais\/2020_04\/pof-serie-historica-2.png?resize=525%2C300 1.5x, https:\/\/i0.wp.com\/agenciadenoticias.ibge.gov.br\/images\/agenciadenoticias\/estatisticas_sociais\/2020_04\/pof-serie-historica-2.png?resize=700%2C400 2x"},"classes":[]},{"id":100634,"url":"https:\/\/www.jornalja.com.br\/geral\/pesquisa-mostra-queda-no-preco-da-cesta-basica-em-todas-as-capitais-no-segundo-semestre\/","url_meta":{"origin":93292,"position":1},"title":"Pesquisa mostra queda no pre\u00e7o da cesta b\u00e1sica em todas as capitais no segundo semestre","author":"da Reda\u00e7\u00e3o","date":"20 de janeiro de 2026","format":false,"excerpt":"O pre\u00e7o da cesta b\u00e1sica de alimentos caiu em todas as 27 capitais brasileiras no acumulado do \u00faltimo semestre de 2025. As\u00a0 quedas oscilaram entre -9,08%, em Boa Vista (RR,) e -1,56%, em Belo Horizonte (MG). Os dados, divulgados nesta ter\u00e7a-feira (20), s\u00e3o do\u00a0 Departamento Intersindical de Estat\u00edstica e Estudos\u2026","rel":"","context":"Em &quot;MANCHETE do Site&quot;","block_context":{"text":"MANCHETE do Site","link":"https:\/\/www.jornalja.com.br\/geral\/category\/manchete-do-site\/"},"img":{"alt_text":"","src":"https:\/\/i0.wp.com\/www.jornalja.com.br\/geral\/wp-content\/uploads\/sites\/4\/2026\/01\/cesta-basica.jpg?resize=350%2C200&ssl=1","width":350,"height":200,"srcset":"https:\/\/i0.wp.com\/www.jornalja.com.br\/geral\/wp-content\/uploads\/sites\/4\/2026\/01\/cesta-basica.jpg?resize=350%2C200&ssl=1 1x, https:\/\/i0.wp.com\/www.jornalja.com.br\/geral\/wp-content\/uploads\/sites\/4\/2026\/01\/cesta-basica.jpg?resize=525%2C300&ssl=1 1.5x, https:\/\/i0.wp.com\/www.jornalja.com.br\/geral\/wp-content\/uploads\/sites\/4\/2026\/01\/cesta-basica.jpg?resize=700%2C400&ssl=1 2x"},"classes":[]},{"id":74659,"url":"https:\/\/www.jornalja.com.br\/geral\/mercado-do-mel-em-crise-enquanto-abelhas-morrem-envenenadas\/","url_meta":{"origin":93292,"position":2},"title":"Mercado do mel em crise enquanto abelhas morrem envenenadas","author":"Geraldo Hasse","date":"29 de maio de 2019","format":false,"excerpt":"Refletindo a crise do mercado do mel, reduziu-se a menos da metade o p\u00fablico que costuma comparecer aos concorridos semin\u00e1rios t\u00e9cnicos promovidos pelo Departamento de Apicultura da UFRGS. No s\u00e1bado passado, dia 25, a foto sob a figueira do campus rural em Eldorado do Sul registrou um dos menores quoruns\u2026","rel":"","context":"Em &quot;Geral-MAT\u00c9RIA&quot;","block_context":{"text":"Geral-MAT\u00c9RIA","link":"https:\/\/www.jornalja.com.br\/geral\/category\/geral\/"},"img":{"alt_text":"","src":"","width":0,"height":0},"classes":[]},{"id":86635,"url":"https:\/\/www.jornalja.com.br\/geral\/empresario-da-construcao-civil-dono-de-shopping-e-importadores-chineses-suinos-sao-os-maiores-doadores-individuais-da-campanha-de-sebastiao-melo\/","url_meta":{"origin":93292,"position":3},"title":"Elei\u00e7\u00f5es 2020: grandes empres\u00e1rios s\u00e3o os financiadores da candidatura Melo","author":"da Reda\u00e7\u00e3o","date":"26 de novembro de 2020","format":false,"excerpt":"A candidatura de Sebasti\u00e3o Mello ao cargo de prefeito de Porto Alegre arrecadou exatos R$ 1.482.681,99. Valores informados \u00e0 Justi\u00e7a Eleitoral. Do total, R$ 478.800,21 s\u00e3o doa\u00e7\u00f5es de pessoas f\u00edsicas, o que representa 32,29% do total arrecado (R$ 1.482.681,99). Os dados est\u00e3o dispon\u00edveis no site do TSE. Os sete maiores\u2026","rel":"","context":"Em &quot;Geral-MAT\u00c9RIA&quot;","block_context":{"text":"Geral-MAT\u00c9RIA","link":"https:\/\/www.jornalja.com.br\/geral\/category\/geral\/"},"img":{"alt_text":"","src":"https:\/\/i0.wp.com\/www.jornalja.com.br\/geral\/wp-content\/uploads\/sites\/4\/2020\/11\/reproucao-melo-redes-sociais.jpg?resize=350%2C200&ssl=1","width":350,"height":200,"srcset":"https:\/\/i0.wp.com\/www.jornalja.com.br\/geral\/wp-content\/uploads\/sites\/4\/2020\/11\/reproucao-melo-redes-sociais.jpg?resize=350%2C200&ssl=1 1x, https:\/\/i0.wp.com\/www.jornalja.com.br\/geral\/wp-content\/uploads\/sites\/4\/2020\/11\/reproucao-melo-redes-sociais.jpg?resize=525%2C300&ssl=1 1.5x, https:\/\/i0.wp.com\/www.jornalja.com.br\/geral\/wp-content\/uploads\/sites\/4\/2020\/11\/reproucao-melo-redes-sociais.jpg?resize=700%2C400&ssl=1 2x, https:\/\/i0.wp.com\/www.jornalja.com.br\/geral\/wp-content\/uploads\/sites\/4\/2020\/11\/reproucao-melo-redes-sociais.jpg?resize=1050%2C600&ssl=1 3x"},"classes":[]},{"id":73528,"url":"https:\/\/www.jornalja.com.br\/geral\/exposicao-busca-estimular-producao-de-mel-e-derivados\/","url_meta":{"origin":93292,"position":4},"title":"Exposi\u00e7\u00e3o busca estimular produ\u00e7\u00e3o de mel e derivados","author":"da Reda\u00e7\u00e3o","date":"28 de mar\u00e7o de 2019","format":false,"excerpt":"Evidenciar as propriedades do mel, do p\u00f3len, da geleia real e do pr\u00f3polis \u00e9 um dos objetivos da parcela da Apicultura no Espa\u00e7o Casa da Emater, na Expoagro em Rio Pardo. No local, extensionistas da Emater\/RS-Ascar\u00a0 presentam todos os produtos como alternativas n\u00e3o apenas para o autoconsumo, mas para a\u2026","rel":"","context":"Em &quot;Geral-MAT\u00c9RIA&quot;","block_context":{"text":"Geral-MAT\u00c9RIA","link":"https:\/\/www.jornalja.com.br\/geral\/category\/geral\/"},"img":{"alt_text":"","src":"","width":0,"height":0},"classes":[]},{"id":91588,"url":"https:\/\/www.jornalja.com.br\/geral\/economia-chinesa-cresce-81-e-renda-per-capita-no-pais-chega-a-5-mil-dolares\/","url_meta":{"origin":93292,"position":5},"title":"Economia chinesa cresce 8,1% e renda per capita no pa\u00eds chega a 5 mil d\u00f3lares","author":"da Reda\u00e7\u00e3o","date":"17 de janeiro de 2022","format":false,"excerpt":"O produto interno bruto (PIB) da China cresceu 8,1% em 2021, segundo divulgou a ag\u00eancia oficial chinesa nesta segunda-feira,17. Em valores absolutos, a economia chinesa produziu 114,367 trilh\u00f5es de yuans (cerca de 16 trilh\u00f5es de d\u00f3lares) no ano passado, de acordo com o Departamento Nacional de Estat\u00edsticas (DNE). O resultado\u2026","rel":"","context":"Em &quot;Geral-MAT\u00c9RIA&quot;","block_context":{"text":"Geral-MAT\u00c9RIA","link":"https:\/\/www.jornalja.com.br\/geral\/category\/geral\/"},"img":{"alt_text":"","src":"https:\/\/i0.wp.com\/www.jornalja.com.br\/geral\/wp-content\/uploads\/sites\/4\/2022\/01\/china-cresce-81.jpg?resize=350%2C200&ssl=1","width":350,"height":200,"srcset":"https:\/\/i0.wp.com\/www.jornalja.com.br\/geral\/wp-content\/uploads\/sites\/4\/2022\/01\/china-cresce-81.jpg?resize=350%2C200&ssl=1 1x, https:\/\/i0.wp.com\/www.jornalja.com.br\/geral\/wp-content\/uploads\/sites\/4\/2022\/01\/china-cresce-81.jpg?resize=525%2C300&ssl=1 1.5x, https:\/\/i0.wp.com\/www.jornalja.com.br\/geral\/wp-content\/uploads\/sites\/4\/2022\/01\/china-cresce-81.jpg?resize=700%2C400&ssl=1 2x"},"classes":[]}],"jetpack_sharing_enabled":true,"_links":{"self":[{"href":"https:\/\/www.jornalja.com.br\/geral\/wp-json\/wp\/v2\/posts\/93292","targetHints":{"allow":["GET"]}}],"collection":[{"href":"https:\/\/www.jornalja.com.br\/geral\/wp-json\/wp\/v2\/posts"}],"about":[{"href":"https:\/\/www.jornalja.com.br\/geral\/wp-json\/wp\/v2\/types\/post"}],"author":[{"embeddable":true,"href":"https:\/\/www.jornalja.com.br\/geral\/wp-json\/wp\/v2\/users\/4"}],"replies":[{"embeddable":true,"href":"https:\/\/www.jornalja.com.br\/geral\/wp-json\/wp\/v2\/comments?post=93292"}],"version-history":[{"count":5,"href":"https:\/\/www.jornalja.com.br\/geral\/wp-json\/wp\/v2\/posts\/93292\/revisions"}],"predecessor-version":[{"id":93316,"href":"https:\/\/www.jornalja.com.br\/geral\/wp-json\/wp\/v2\/posts\/93292\/revisions\/93316"}],"wp:featuredmedia":[{"embeddable":true,"href":"https:\/\/www.jornalja.com.br\/geral\/wp-json\/wp\/v2\/media\/93302"}],"wp:attachment":[{"href":"https:\/\/www.jornalja.com.br\/geral\/wp-json\/wp\/v2\/media?parent=93292"}],"wp:term":[{"taxonomy":"category","embeddable":true,"href":"https:\/\/www.jornalja.com.br\/geral\/wp-json\/wp\/v2\/categories?post=93292"},{"taxonomy":"post_tag","embeddable":true,"href":"https:\/\/www.jornalja.com.br\/geral\/wp-json\/wp\/v2\/tags?post=93292"}],"curies":[{"name":"wp","href":"https:\/\/api.w.org\/{rel}","templated":true}]}}