{"id":93307,"date":"2022-07-27T19:06:28","date_gmt":"2022-07-27T22:06:28","guid":{"rendered":"https:\/\/www.jornalja.com.br\/geral\/?p=93307"},"modified":"2022-07-29T09:24:07","modified_gmt":"2022-07-29T12:24:07","slug":"fortalecido-com-a-adesao-de-olivio-edegar-pretto-sera-confirmado-no-domingo","status":"publish","type":"post","link":"https:\/\/www.jornalja.com.br\/geral\/fortalecido-com-a-adesao-de-olivio-edegar-pretto-sera-confirmado-no-domingo\/","title":{"rendered":"Fortalecido com a ades\u00e3o de Ol\u00edvio, Edegar Pretto ser\u00e1 confirmado no domingo"},"content":{"rendered":"<p>A Federa\u00e7\u00e3o Brasil da Esperan\u00e7a, composta pelos partidos PT, PCdoB e PV, oficializa a candidatura do deputado Edegar Pretto ao governo do Rio Grande do Sul, em conven\u00e7\u00e3o neste domingo, 31.<\/p>\n<p>O evento, a partir das 10 horas, ser\u00e1 no Ritter Hotel, em frente \u00e0 Rodovi\u00e1ria de Porto Alegre.<\/p>\n<p>A estrela do evento, no entanto, ser\u00e1 o ex-governador Ol\u00edvio Dutra, de 81 anos, que anunciou esta semana sua candidatura ao Senado.<\/p>\n<p>A decis\u00e3o de Ol\u00edvio, que j\u00e1 havia anunciado a aposentadoria pol\u00edtica,\u00a0 alterou (num grau ainda imposs\u00edvel de avaliar) o quadro eleitoral no Estado,\u00a0 onde as pesquisas atribu\u00edam a lideran\u00e7a ao ministro Onix Lorenzoni e ao governador Eduardo Leite.<\/p>\n<p>Al\u00e9m da chapa majorit\u00e1ria, ainda ser\u00e1 apresentada a nominata de candidatos a parlamentares estaduais e federais das tr\u00eas siglas que comp\u00f5em a federa\u00e7\u00e3o. Outro destaque do evento ser\u00e1 a assinatura da carta de compromissos com a popula\u00e7\u00e3o ga\u00facha, pelo pr\u00e9-candidato ao Executivo.<\/p>\n<p>S\u00e3o esperadas caravanas de todo o Rio Grande do Sul, com lideran\u00e7as, militantes e apoiadores dos partidos que fazem parte da federa\u00e7\u00e3o.<\/p>\n<p>&nbsp;<\/p>\n","protected":false},"excerpt":{"rendered":"<p>A Federa\u00e7\u00e3o Brasil da Esperan\u00e7a, composta pelos partidos PT, PCdoB e PV, oficializa a candidatura do deputado Edegar Pretto ao governo do Rio Grande do Sul, em conven\u00e7\u00e3o neste domingo, 31. O evento, a partir das 10 horas, ser\u00e1 no Ritter Hotel, em frente \u00e0 Rodovi\u00e1ria de Porto Alegre. A estrela do evento, no entanto, [&hellip;]<\/p>\n","protected":false},"author":4,"featured_media":93308,"comment_status":"open","ping_status":"open","sticky":false,"template":"","format":"standard","meta":{"jetpack_post_was_ever_published":false,"_jetpack_newsletter_access":"","_jetpack_dont_email_post_to_subs":false,"_jetpack_newsletter_tier_id":0,"_jetpack_memberships_contains_paywalled_content":false,"_jetpack_memberships_contains_paid_content":false,"footnotes":"","jetpack_publicize_message":"","jetpack_publicize_feature_enabled":true,"jetpack_social_post_already_shared":true,"jetpack_social_options":{"image_generator_settings":{"template":"highway","default_image_id":0,"font":"","enabled":false},"version":2}},"categories":[2],"tags":[238,225,339,32,236,247,132,161,14,95],"class_list":["post-93307","post","type-post","status-publish","format-standard","has-post-thumbnail","hentry","category-geral","tag-brasil","tag-caravana","tag-deputados","tag-eduardo-leite","tag-governo","tag-politica","tag-porto-alegre","tag-pt","tag-rio-grande-do-sul","tag-sp"],"aioseo_notices":[],"jetpack_publicize_connections":[],"jetpack_featured_media_url":"https:\/\/www.jornalja.com.br\/geral\/wp-content\/uploads\/sites\/4\/2022\/07\/eleicoes-2022-edegar-pretto-candidato-pt-foto-rafael-stedile-scaled.jpg","jetpack_shortlink":"https:\/\/wp.me\/pbKhrD-ogX","jetpack-related-posts":[{"id":101078,"url":"https:\/\/www.jornalja.com.br\/geral\/como-foi-costurado-o-acordo-que-fez-o-pt-apoiar-juliana-brizola\/","url_meta":{"origin":93307,"position":0},"title":"Como foi costurado o acordo que fez o PT apoiar Juliana Brizola","author":"da Reda\u00e7\u00e3o","date":"17 de abril de 2026","format":false,"excerpt":"O PDT foi o partido que mais perdeu representantes na \u201cjanela partid\u00e1ria\u201d que fechou em 3 de abril. Tinha tr\u00eas senadores, ficou com dois. Tinha 17 deputados federais, caiu para 11. Perdeu tamb\u00e9m 9 dos 43 deputados estaduais que elegeu em 2022. No \u00e2mbito municipal, o PDT tem prefeitos em\u2026","rel":"","context":"Em &quot;Geral-MAT\u00c9RIA&quot;","block_context":{"text":"Geral-MAT\u00c9RIA","link":"https:\/\/www.jornalja.com.br\/geral\/category\/geral\/"},"img":{"alt_text":"","src":"https:\/\/www.jornalja.com.br\/geral\/wp-content\/uploads\/sites\/4\/2026\/04\/pdt-lupi-juliana-e-lula.avif","width":350,"height":200,"srcset":"https:\/\/www.jornalja.com.br\/geral\/wp-content\/uploads\/sites\/4\/2026\/04\/pdt-lupi-juliana-e-lula.avif 1x, https:\/\/www.jornalja.com.br\/geral\/wp-content\/uploads\/sites\/4\/2026\/04\/pdt-lupi-juliana-e-lula.avif 1.5x, https:\/\/www.jornalja.com.br\/geral\/wp-content\/uploads\/sites\/4\/2026\/04\/pdt-lupi-juliana-e-lula.avif 2x"},"classes":[]},{"id":92703,"url":"https:\/\/www.jornalja.com.br\/geral\/pt-reune-mil-em-porto-alegre-para-organizar-a-campanha-de-edegar-pretto-em-todo-o-estado\/","url_meta":{"origin":93307,"position":1},"title":"PT re\u00fane mil pessoas em Porto Alegre para organizar a campanha de Edegar Pretto em todo o Estado","author":"da Reda\u00e7\u00e3o","date":"28 de maio de 2022","format":false,"excerpt":"Cerca de mil\u00a0 pessoas, segundo os organizadores, participaram do evento que o Partido dos Trabalhadores promoveu em Porto Alegre, nesta s\u00e1bado 28. \"O objetivo foi alinhar as estrat\u00e9gias e apresentar as diretrizes da nova fase na disputa\", segundo nota do partido. O ato reuniu militantes que que coordenar\u00e3o, em todas\u2026","rel":"","context":"Em &quot;Geral-MAT\u00c9RIA&quot;","block_context":{"text":"Geral-MAT\u00c9RIA","link":"https:\/\/www.jornalja.com.br\/geral\/category\/geral\/"},"img":{"alt_text":"","src":"https:\/\/i0.wp.com\/www.jornalja.com.br\/geral\/wp-content\/uploads\/sites\/4\/2022\/05\/eleicoes-2022-edegar-pretto-lanca-campanha-foto-rafael-stedile-scaled.jpg?resize=350%2C200&ssl=1","width":350,"height":200,"srcset":"https:\/\/i0.wp.com\/www.jornalja.com.br\/geral\/wp-content\/uploads\/sites\/4\/2022\/05\/eleicoes-2022-edegar-pretto-lanca-campanha-foto-rafael-stedile-scaled.jpg?resize=350%2C200&ssl=1 1x, https:\/\/i0.wp.com\/www.jornalja.com.br\/geral\/wp-content\/uploads\/sites\/4\/2022\/05\/eleicoes-2022-edegar-pretto-lanca-campanha-foto-rafael-stedile-scaled.jpg?resize=525%2C300&ssl=1 1.5x, https:\/\/i0.wp.com\/www.jornalja.com.br\/geral\/wp-content\/uploads\/sites\/4\/2022\/05\/eleicoes-2022-edegar-pretto-lanca-campanha-foto-rafael-stedile-scaled.jpg?resize=700%2C400&ssl=1 2x, https:\/\/i0.wp.com\/www.jornalja.com.br\/geral\/wp-content\/uploads\/sites\/4\/2022\/05\/eleicoes-2022-edegar-pretto-lanca-campanha-foto-rafael-stedile-scaled.jpg?resize=1050%2C600&ssl=1 3x, https:\/\/i0.wp.com\/www.jornalja.com.br\/geral\/wp-content\/uploads\/sites\/4\/2022\/05\/eleicoes-2022-edegar-pretto-lanca-campanha-foto-rafael-stedile-scaled.jpg?resize=1400%2C800&ssl=1 4x"},"classes":[]},{"id":93806,"url":"https:\/\/www.jornalja.com.br\/geral\/datafolha-reacao-petista-na-bahia-anima-campanha-de-pretto-nas-vesperas-da-visita-de-lula\/","url_meta":{"origin":93307,"position":2},"title":"Datafolha: rea\u00e7\u00e3o petista na Bahia anima campanha de Pretto na v\u00e9spera da visita de Lula ao Rio Grande do Sul","author":"da Reda\u00e7\u00e3o","date":"14 de setembro de 2022","format":false,"excerpt":"A rea\u00e7\u00e3o do petista Jer\u00f4nimo Rodrigues, na Bahia, deu novo \u00e2nimo \u00e0 campanha de Edegar Pretto, candidato do partido ao governo do Rio Grande do Sul. Segundo pesquisa do Datafolha, divulgada nesta quarta, o candidato do PT na Bahia deu um salto de 12 pontos a pouco mais de duas\u2026","rel":"","context":"Em &quot;Geral-MAT\u00c9RIA&quot;","block_context":{"text":"Geral-MAT\u00c9RIA","link":"https:\/\/www.jornalja.com.br\/geral\/category\/geral\/"},"img":{"alt_text":"","src":"https:\/\/i0.wp.com\/www.jornalja.com.br\/geral\/wp-content\/uploads\/sites\/4\/2022\/09\/edegar-pretto-e-lula-foto-ricardo-stuckert.jpg?resize=350%2C200&ssl=1","width":350,"height":200,"srcset":"https:\/\/i0.wp.com\/www.jornalja.com.br\/geral\/wp-content\/uploads\/sites\/4\/2022\/09\/edegar-pretto-e-lula-foto-ricardo-stuckert.jpg?resize=350%2C200&ssl=1 1x, https:\/\/i0.wp.com\/www.jornalja.com.br\/geral\/wp-content\/uploads\/sites\/4\/2022\/09\/edegar-pretto-e-lula-foto-ricardo-stuckert.jpg?resize=525%2C300&ssl=1 1.5x, https:\/\/i0.wp.com\/www.jornalja.com.br\/geral\/wp-content\/uploads\/sites\/4\/2022\/09\/edegar-pretto-e-lula-foto-ricardo-stuckert.jpg?resize=700%2C400&ssl=1 2x, https:\/\/i0.wp.com\/www.jornalja.com.br\/geral\/wp-content\/uploads\/sites\/4\/2022\/09\/edegar-pretto-e-lula-foto-ricardo-stuckert.jpg?resize=1050%2C600&ssl=1 3x"},"classes":[]},{"id":94122,"url":"https:\/\/www.jornalja.com.br\/geral\/pt-se-rende-aos-fatos-e-recomenda-voto-critico-em-eduardo-leite-no-segundo-turno\/","url_meta":{"origin":93307,"position":3},"title":"PT se rende aos fatos e recomenda &#8220;voto cr\u00edtico&#8221; em Eduardo Leite no segundo turno","author":"da Reda\u00e7\u00e3o","date":"24 de outubro de 2022","format":false,"excerpt":"Nota do PT-RS divulgada nesta segunda-feira, 24: \"Em conformidade com a Resolu\u00e7\u00e3o Partid\u00e1ria aprovada em 10 de outubro \u00faltimo, e em decorr\u00eancia dela, compreendendo o momento pol\u00edtico que vivemos, decidimos recomendar o voto cr\u00edtico em Eduardo Leite no domingo pr\u00f3ximo, esperando com este gesto que todos aqueles comprometidos com a\u2026","rel":"","context":"Em &quot;Geral-MAT\u00c9RIA&quot;","block_context":{"text":"Geral-MAT\u00c9RIA","link":"https:\/\/www.jornalja.com.br\/geral\/category\/geral\/"},"img":{"alt_text":"","src":"https:\/\/i0.wp.com\/www.jornalja.com.br\/geral\/wp-content\/uploads\/sites\/4\/2022\/10\/eduardo-leite-fica-neutro.png?resize=350%2C200&ssl=1","width":350,"height":200},"classes":[]},{"id":93922,"url":"https:\/\/www.jornalja.com.br\/geral\/na-reta-final-efeito-lula-olivio-pode-dar-novo-rumo-a-eleicao-no-rio-grande-do-sul\/","url_meta":{"origin":93307,"position":4},"title":"&#8220;Efeito Lula\/Ol\u00edvio&#8221; pode dar novo rumo \u00e0  elei\u00e7\u00e3o no Rio Grande do Sul","author":"Elmar Bones","date":"27 de setembro de 2022","format":false,"excerpt":"Os cinco pontos que Edegar Pretto ganhou na \u00faltima pesquisa sinalizam que a elei\u00e7\u00e3o para o governo do Estado no Rio Grande do Sul pode, mais uma vez, surpreender na reta final. Segundo o Ipec, em pesquisa para a RBS,\u00a0 o candidato do PT\u00a0 alcan\u00e7ou 15% das inten\u00e7\u00f5es de voto,\u2026","rel":"","context":"Em &quot;Geral-MAT\u00c9RIA&quot;","block_context":{"text":"Geral-MAT\u00c9RIA","link":"https:\/\/www.jornalja.com.br\/geral\/category\/geral\/"},"img":{"alt_text":"","src":"https:\/\/i0.wp.com\/www.jornalja.com.br\/geral\/wp-content\/uploads\/sites\/4\/2022\/09\/img-20220916-wa0028-3.jpg?resize=350%2C200&ssl=1","width":350,"height":200,"srcset":"https:\/\/i0.wp.com\/www.jornalja.com.br\/geral\/wp-content\/uploads\/sites\/4\/2022\/09\/img-20220916-wa0028-3.jpg?resize=350%2C200&ssl=1 1x, https:\/\/i0.wp.com\/www.jornalja.com.br\/geral\/wp-content\/uploads\/sites\/4\/2022\/09\/img-20220916-wa0028-3.jpg?resize=525%2C300&ssl=1 1.5x, https:\/\/i0.wp.com\/www.jornalja.com.br\/geral\/wp-content\/uploads\/sites\/4\/2022\/09\/img-20220916-wa0028-3.jpg?resize=700%2C400&ssl=1 2x"},"classes":[]},{"id":92580,"url":"https:\/\/www.jornalja.com.br\/geral\/eleicoes-2022-edegar-pretto-vai-debater-programa-de-governo-em-assembleias-regionais\/","url_meta":{"origin":93307,"position":5},"title":"Elei\u00e7\u00f5es 2022:  Edegar Pretto vai debater programa de governo em assembleias regionais","author":"da Reda\u00e7\u00e3o","date":"13 de maio de 2022","format":false,"excerpt":"Em evento que reuniu cerca de 400 pessoas na noite desta quarta-feira (11), em Porto Alegre, o pr\u00e9-candidato do PT ao Governo do Estado, Edegar Pretto, disse que os pr\u00f3ximos passos da sua jornada rumo \u00e0s elei\u00e7\u00f5es de 2022 s\u00e3o as assembleias populares. O objetivo \u00e9 reunir todas as regi\u00f5es\u2026","rel":"","context":"Em &quot;Geral-MAT\u00c9RIA&quot;","block_context":{"text":"Geral-MAT\u00c9RIA","link":"https:\/\/www.jornalja.com.br\/geral\/category\/geral\/"},"img":{"alt_text":"","src":"https:\/\/i0.wp.com\/www.jornalja.com.br\/geral\/wp-content\/uploads\/sites\/4\/2022\/05\/eleicoes-2022-pt-1105-foto-rafael-stedile-scaled.jpg?resize=350%2C200&ssl=1","width":350,"height":200,"srcset":"https:\/\/i0.wp.com\/www.jornalja.com.br\/geral\/wp-content\/uploads\/sites\/4\/2022\/05\/eleicoes-2022-pt-1105-foto-rafael-stedile-scaled.jpg?resize=350%2C200&ssl=1 1x, https:\/\/i0.wp.com\/www.jornalja.com.br\/geral\/wp-content\/uploads\/sites\/4\/2022\/05\/eleicoes-2022-pt-1105-foto-rafael-stedile-scaled.jpg?resize=525%2C300&ssl=1 1.5x, https:\/\/i0.wp.com\/www.jornalja.com.br\/geral\/wp-content\/uploads\/sites\/4\/2022\/05\/eleicoes-2022-pt-1105-foto-rafael-stedile-scaled.jpg?resize=700%2C400&ssl=1 2x, https:\/\/i0.wp.com\/www.jornalja.com.br\/geral\/wp-content\/uploads\/sites\/4\/2022\/05\/eleicoes-2022-pt-1105-foto-rafael-stedile-scaled.jpg?resize=1050%2C600&ssl=1 3x, https:\/\/i0.wp.com\/www.jornalja.com.br\/geral\/wp-content\/uploads\/sites\/4\/2022\/05\/eleicoes-2022-pt-1105-foto-rafael-stedile-scaled.jpg?resize=1400%2C800&ssl=1 4x"},"classes":[]}],"jetpack_sharing_enabled":true,"_links":{"self":[{"href":"https:\/\/www.jornalja.com.br\/geral\/wp-json\/wp\/v2\/posts\/93307","targetHints":{"allow":["GET"]}}],"collection":[{"href":"https:\/\/www.jornalja.com.br\/geral\/wp-json\/wp\/v2\/posts"}],"about":[{"href":"https:\/\/www.jornalja.com.br\/geral\/wp-json\/wp\/v2\/types\/post"}],"author":[{"embeddable":true,"href":"https:\/\/www.jornalja.com.br\/geral\/wp-json\/wp\/v2\/users\/4"}],"replies":[{"embeddable":true,"href":"https:\/\/www.jornalja.com.br\/geral\/wp-json\/wp\/v2\/comments?post=93307"}],"version-history":[{"count":3,"href":"https:\/\/www.jornalja.com.br\/geral\/wp-json\/wp\/v2\/posts\/93307\/revisions"}],"predecessor-version":[{"id":93319,"href":"https:\/\/www.jornalja.com.br\/geral\/wp-json\/wp\/v2\/posts\/93307\/revisions\/93319"}],"wp:featuredmedia":[{"embeddable":true,"href":"https:\/\/www.jornalja.com.br\/geral\/wp-json\/wp\/v2\/media\/93308"}],"wp:attachment":[{"href":"https:\/\/www.jornalja.com.br\/geral\/wp-json\/wp\/v2\/media?parent=93307"}],"wp:term":[{"taxonomy":"category","embeddable":true,"href":"https:\/\/www.jornalja.com.br\/geral\/wp-json\/wp\/v2\/categories?post=93307"},{"taxonomy":"post_tag","embeddable":true,"href":"https:\/\/www.jornalja.com.br\/geral\/wp-json\/wp\/v2\/tags?post=93307"}],"curies":[{"name":"wp","href":"https:\/\/api.w.org\/{rel}","templated":true}]}}