{"id":93394,"date":"2022-08-14T21:40:14","date_gmt":"2022-08-15T00:40:14","guid":{"rendered":"https:\/\/www.jornalja.com.br\/geral\/?p=93394"},"modified":"2022-10-29T18:07:10","modified_gmt":"2022-10-29T21:07:10","slug":"abi-lanca-rede-da-legalidade-inspirada-em-leonel-brizola-que-impediu-o-golpe-em-1961","status":"publish","type":"post","link":"https:\/\/www.jornalja.com.br\/geral\/abi-lanca-rede-da-legalidade-inspirada-em-leonel-brizola-que-impediu-o-golpe-em-1961\/","title":{"rendered":"ABI lan\u00e7a Rede da Legalidade inspirada em Leonel Brizola que impediu o golpe em 1961"},"content":{"rendered":"<p>ABI anuncia nova Rede da Legalidade contra o golpe que ser\u00e1 lan\u00e7ada nesta segunda-feira (15), \u00e0s 21h00.<\/p>\n<p>O programa contar\u00e1 com Jo\u00e3o Pedro St\u00e9dile, da coordena\u00e7\u00e3o nacional do MST e mais: o ex-diretor da Petrobras e conhecido como o pai do pr\u00e9-sal, Guilherme Estrela, Misael, da R\u00e1dio Favela de BH e os jornalistas Paulo Miranda, da TV Comunit\u00e1ria Brasil, Leonardo Attuch, diretor do site Brasil 247 e da TV 247, e os conselheiros da ABI, Ivan Proen\u00e7a,Beto Almeida e Irene Cristina.<\/p>\n<p>A TV Comunit\u00e1ria pode ser assistida pelo canal 12 na NET-DF, pelo facebook, instagram e site e pelo\u00a0<a href=\"https:\/\/youtu.be\/q6jrcrGCh-k\">link<\/a>\u00a0no youtube: https:\/\/youtu.be\/q6jrcrGCh-k.<\/p>\n<p>E a TV Comunit\u00e1ria do Brasil pode ser assistida pelos canais 28 da SKY e da OiTV, 3 da ClaroTV, 239 da Vivo\/GVT e 20 da Nossa TV.<\/p>\n<p>Nova Rede da Legalidade recebe mais ades\u00f5es de r\u00e1dios e tev\u00eas comunit\u00e1rias, educativas e alternativas, al\u00e9m de canais progressistas na web.<\/p>\n<p>A TVT, a TV dos Trabalhadores, canal digital aberto 44.1 de S\u00e3o Paulo tamb\u00e9m vai participar da transmiss\u00e3o nesta segunda-feira, 15 de agosto das 21 \u00e0s 22 horas.<\/p>\n<p>O ato de lan\u00e7amento da nova Rede da Legalidade ser\u00e1 transmitido, por sat\u00e9lite, para todo o territ\u00f3rio nacional, pela TV Comunit\u00e1ria Brasil, e ainda no Rio de Janeiro, Belo Horizonte, Florian\u00f3polis, Curitiba, Amazonas, Recife e Ourinhos, al\u00e9m das r\u00e1dios Favela de BH e Timbira do Maranh\u00e3o.<\/p>\n<p>O Grupo de Trabalho respons\u00e1vel pela montagem da Rede da Legalidade \u00e9 formado por representantes de S\u00e3o Paulo, Esp\u00edrito Santo, Bras\u00edlia, Rio de Janeiro, Maranh\u00e3o, Rio Grande do Sul, Minas Gerais, Pernambuco, Bahia e Cear\u00e1.<\/p>\n<p>A iniciativa da ABI, a centen\u00e1ria entidade defensora da democracia, re\u00fane personalidades do mundo pol\u00edtico, cultural, religioso e de outros setores da sociedade civil de oposi\u00e7\u00e3o ao governo Jair Bolsonaro. O objetivo \u00e9 impedir um golpe de estado da extrema direita, que insiste na amea\u00e7a de n\u00e3o querer aceitar o resultado da elei\u00e7\u00e3o para presidente da Rep\u00fablica, a n\u00e3o ser que o eleito seja o atual mandat\u00e1rio do Pa\u00eds, o que imp\u00f5e ao campo progressista a miss\u00e3o de defender o Estado de Direito.<\/p>\n<p>Inspirada na inesquec\u00edvel experi\u00eancia hist\u00f3rica comandada, em 1961, pelo ent\u00e3o governador do Rio Grande do Sul, Leonel Brizola, quando 165 emissoras de r\u00e1dio mobilizaram o povo brasileiro para derrotar uma investida golpista que queria impedir a posse do ent\u00e3o vice-presidente Jo\u00e3o Goulart como Presidente da Rep\u00fablica, ap\u00f3s a ren\u00fancia do presidente J\u00e2nio Quadros.<\/p>\n<div class=\"yarpp-related yarpp-related-none\"><\/div>\n","protected":false},"excerpt":{"rendered":"<p>ABI anuncia nova Rede da Legalidade contra o golpe que ser\u00e1 lan\u00e7ada nesta segunda-feira (15), \u00e0s 21h00. O programa contar\u00e1 com Jo\u00e3o Pedro St\u00e9dile, da coordena\u00e7\u00e3o nacional do MST e mais: o ex-diretor da Petrobras e conhecido como o pai do pr\u00e9-sal, Guilherme Estrela, Misael, da R\u00e1dio Favela de BH e os jornalistas Paulo Miranda, [&hellip;]<\/p>\n","protected":false},"author":4,"featured_media":82562,"comment_status":"open","ping_status":"open","sticky":false,"template":"","format":"standard","meta":{"jetpack_post_was_ever_published":false,"_jetpack_newsletter_access":"","_jetpack_dont_email_post_to_subs":false,"_jetpack_newsletter_tier_id":0,"_jetpack_memberships_contains_paywalled_content":false,"_jetpack_memberships_contains_paid_content":false,"footnotes":"","jetpack_publicize_message":"","jetpack_publicize_feature_enabled":true,"jetpack_social_post_already_shared":true,"jetpack_social_options":{"image_generator_settings":{"template":"highway","default_image_id":0,"font":"","enabled":false},"version":2}},"categories":[2],"tags":[89,238,408,86,478,191,477,236,5,389,6,391,120,493,479,308,14,15,186,95],"class_list":["post-93394","post","type-post","status-publish","format-standard","has-post-thumbnail","hentry","category-geral","tag-bolsonaro","tag-brasil","tag-brizola","tag-cultura","tag-democracia","tag-facebook","tag-golpe","tag-governo","tag-jair-bolsonaro","tag-joao-goulart","tag-jornalistas","tag-leonel-brizola","tag-obras","tag-petrobras","tag-red","tag-rio-de-janeiro","tag-rio-grande-do-sul","tag-rs","tag-sao-paulo","tag-sp"],"aioseo_notices":[],"jetpack_publicize_connections":[],"jetpack_featured_media_url":"https:\/\/www.jornalja.com.br\/geral\/wp-content\/uploads\/sites\/4\/2020\/04\/1964-a-primeira-v\u00edtima.jpg","jetpack_shortlink":"https:\/\/wp.me\/pbKhrD-oim","jetpack-related-posts":[{"id":101058,"url":"https:\/\/www.jornalja.com.br\/geral\/jornalista-batista-filho-palestra-em-ato-pelos-62-anos-do-golpe-militar\/","url_meta":{"origin":93394,"position":0},"title":"Jornalista Batista Filho palestra em ato pelos 62 anos do Golpe Militar","author":"da Reda\u00e7\u00e3o","date":"8 de abril de 2026","format":false,"excerpt":"O jornalista Jo\u00e3o Batista Filho, de 86 anos, ser\u00e1 o palestrante do \u201cAto de Rep\u00fadio pelos 62 Anos da Ditadura Militar\u201d, que ocorre nesta quarta-feira (8), \u00e0s 19h, no Audit\u00f3rio Ana Terra da C\u00e2mara Municipal de Porto Alegre. A atividade \u00e9 promovida pela Associa\u00e7\u00e3o dos Ex-Presos e Perseguidos Pol\u00edticos do\u2026","rel":"","context":"Em &quot;Geral-MAT\u00c9RIA&quot;","block_context":{"text":"Geral-MAT\u00c9RIA","link":"https:\/\/www.jornalja.com.br\/geral\/category\/geral\/"},"img":{"alt_text":"","src":"https:\/\/i0.wp.com\/www.jornalja.com.br\/geral\/wp-content\/uploads\/sites\/4\/2026\/04\/sem-titulo-1.jpg?resize=350%2C200&ssl=1","width":350,"height":200,"srcset":"https:\/\/i0.wp.com\/www.jornalja.com.br\/geral\/wp-content\/uploads\/sites\/4\/2026\/04\/sem-titulo-1.jpg?resize=350%2C200&ssl=1 1x, https:\/\/i0.wp.com\/www.jornalja.com.br\/geral\/wp-content\/uploads\/sites\/4\/2026\/04\/sem-titulo-1.jpg?resize=525%2C300&ssl=1 1.5x, https:\/\/i0.wp.com\/www.jornalja.com.br\/geral\/wp-content\/uploads\/sites\/4\/2026\/04\/sem-titulo-1.jpg?resize=700%2C400&ssl=1 2x, https:\/\/i0.wp.com\/www.jornalja.com.br\/geral\/wp-content\/uploads\/sites\/4\/2026\/04\/sem-titulo-1.jpg?resize=1050%2C600&ssl=1 3x"},"classes":[]},{"id":100914,"url":"https:\/\/www.jornalja.com.br\/geral\/heranca-de-brizola-sempre-foi-causa-de-conflitos\/","url_meta":{"origin":93394,"position":1},"title":"\u201cHeran\u00e7a de Brizola sempre foi causa de conflitos\u201d","author":"Elmar Bones","date":"4 de mar\u00e7o de 2026","format":false,"excerpt":"ELMAR BONES O jornalista Cleber Dioni Tentardini garimpou ao longo de 20 anos os m\u00ednimos detalhes da vida de Leonel Brizola. Encontrou um amigo de inf\u00e2ncia chorando \u00e0 beira do t\u00famulo da fam\u00edlia, em Cruzinha. Na escola agr\u00edcola onde Brizola estudou, localizou a ficha de matr\u00edcula, que a escola j\u00e1\u2026","rel":"","context":"Em &quot;Geral-MAT\u00c9RIA&quot;","block_context":{"text":"Geral-MAT\u00c9RIA","link":"https:\/\/www.jornalja.com.br\/geral\/category\/geral\/"},"img":{"alt_text":"","src":"https:\/\/i0.wp.com\/www.jornalja.com.br\/geral\/wp-content\/uploads\/sites\/4\/2026\/03\/20251105-0080-livro-no-fio-da-historia-brizola-cleber-dioni-tentardini-ramiro-sanchez-oaf3311-scaled.jpg?resize=350%2C200&ssl=1","width":350,"height":200,"srcset":"https:\/\/i0.wp.com\/www.jornalja.com.br\/geral\/wp-content\/uploads\/sites\/4\/2026\/03\/20251105-0080-livro-no-fio-da-historia-brizola-cleber-dioni-tentardini-ramiro-sanchez-oaf3311-scaled.jpg?resize=350%2C200&ssl=1 1x, https:\/\/i0.wp.com\/www.jornalja.com.br\/geral\/wp-content\/uploads\/sites\/4\/2026\/03\/20251105-0080-livro-no-fio-da-historia-brizola-cleber-dioni-tentardini-ramiro-sanchez-oaf3311-scaled.jpg?resize=525%2C300&ssl=1 1.5x, https:\/\/i0.wp.com\/www.jornalja.com.br\/geral\/wp-content\/uploads\/sites\/4\/2026\/03\/20251105-0080-livro-no-fio-da-historia-brizola-cleber-dioni-tentardini-ramiro-sanchez-oaf3311-scaled.jpg?resize=700%2C400&ssl=1 2x, https:\/\/i0.wp.com\/www.jornalja.com.br\/geral\/wp-content\/uploads\/sites\/4\/2026\/03\/20251105-0080-livro-no-fio-da-historia-brizola-cleber-dioni-tentardini-ramiro-sanchez-oaf3311-scaled.jpg?resize=1050%2C600&ssl=1 3x, https:\/\/i0.wp.com\/www.jornalja.com.br\/geral\/wp-content\/uploads\/sites\/4\/2026\/03\/20251105-0080-livro-no-fio-da-historia-brizola-cleber-dioni-tentardini-ramiro-sanchez-oaf3311-scaled.jpg?resize=1400%2C800&ssl=1 4x"},"classes":[]},{"id":92595,"url":"https:\/\/www.jornalja.com.br\/geral\/novo-presidente-da-associacao-brasileira-de-imprensa-pede-mobilizacao-contra-ameacas-de-golpe\/","url_meta":{"origin":93394,"position":2},"title":"Novo presidente da Associa\u00e7\u00e3o Brasileira de Imprensa pede mobiliza\u00e7\u00e3o pela democracia","author":"Geraldo Hasse","date":"14 de maio de 2022","format":false,"excerpt":"Come\u00e7ou\u00a0 nesta sexta, 13 de maio, a nova gest\u00e3o da Associa\u00e7\u00e3o Brasileira de Imprensa (ABI), uma das principais entidades da sociedade civil, fundada em 1908 no Rio de Janeiro. A nova diretoria para o tri\u00eanio 2022\/25 \u00e9 liderada pelo jornalista Oct\u00e1vio Costa, cujo discurso de posse, feito de improviso, n\u00e3o\u2026","rel":"","context":"Em &quot;Geral-MAT\u00c9RIA&quot;","block_context":{"text":"Geral-MAT\u00c9RIA","link":"https:\/\/www.jornalja.com.br\/geral\/category\/geral\/"},"img":{"alt_text":"","src":"https:\/\/i0.wp.com\/www.jornalja.com.br\/geral\/wp-content\/uploads\/sites\/4\/2022\/05\/abi-com-novo-presidente.jpg?resize=350%2C200&ssl=1","width":350,"height":200,"srcset":"https:\/\/i0.wp.com\/www.jornalja.com.br\/geral\/wp-content\/uploads\/sites\/4\/2022\/05\/abi-com-novo-presidente.jpg?resize=350%2C200&ssl=1 1x, https:\/\/i0.wp.com\/www.jornalja.com.br\/geral\/wp-content\/uploads\/sites\/4\/2022\/05\/abi-com-novo-presidente.jpg?resize=525%2C300&ssl=1 1.5x"},"classes":[]},{"id":97744,"url":"https:\/\/www.jornalja.com.br\/geral\/brizola-lancou-letras-da-legalidade-em-1961-contra-bloqueio-monetario-ao-estado\/","url_meta":{"origin":93394,"position":3},"title":"Brizola lan\u00e7ou \u201cLetras da Legalidade\u201d, em 1961, contra bloqueio monet\u00e1rio ao Estado","author":"da Reda\u00e7\u00e3o","date":"25 de agosto de 2024","format":false,"excerpt":"Por Cleber Dioni Tentardini * \u201cO Minist\u00e9rio da Fazenda, atrav\u00e9s da Superintend\u00eancia da Moeda e do Cr\u00e9dito, excluiu os bancos rio-grandenses bem como as ag\u00eancias de bancos particulares da rede banc\u00e1ria brasileira. As casas de cr\u00e9dito ga\u00fachas est\u00e3o completamente isoladas\u201d. A informa\u00e7\u00e3o foi enviada aos jornais pelo secret\u00e1rio da Fazenda\u2026","rel":"","context":"Em &quot;Geral-MAT\u00c9RIA&quot;","block_context":{"text":"Geral-MAT\u00c9RIA","link":"https:\/\/www.jornalja.com.br\/geral\/category\/geral\/"},"img":{"alt_text":"","src":"https:\/\/i0.wp.com\/www.jornalja.com.br\/geral\/wp-content\/uploads\/sites\/4\/2024\/08\/20240820-134234-scaled.jpg?resize=350%2C200&ssl=1","width":350,"height":200,"srcset":"https:\/\/i0.wp.com\/www.jornalja.com.br\/geral\/wp-content\/uploads\/sites\/4\/2024\/08\/20240820-134234-scaled.jpg?resize=350%2C200&ssl=1 1x, https:\/\/i0.wp.com\/www.jornalja.com.br\/geral\/wp-content\/uploads\/sites\/4\/2024\/08\/20240820-134234-scaled.jpg?resize=525%2C300&ssl=1 1.5x, https:\/\/i0.wp.com\/www.jornalja.com.br\/geral\/wp-content\/uploads\/sites\/4\/2024\/08\/20240820-134234-scaled.jpg?resize=700%2C400&ssl=1 2x, https:\/\/i0.wp.com\/www.jornalja.com.br\/geral\/wp-content\/uploads\/sites\/4\/2024\/08\/20240820-134234-scaled.jpg?resize=1050%2C600&ssl=1 3x, https:\/\/i0.wp.com\/www.jornalja.com.br\/geral\/wp-content\/uploads\/sites\/4\/2024\/08\/20240820-134234-scaled.jpg?resize=1400%2C800&ssl=1 4x"},"classes":[]},{"id":99594,"url":"https:\/\/www.jornalja.com.br\/geral\/olivio-dutra-diz-que-legalidade-e-alerta-contra-tentativas-de-golpe\/","url_meta":{"origin":93394,"position":4},"title":"Ol\u00edvio Dutra diz que Legalidade \u00e9 alerta contra &#8220;tentativas de golpe&#8221;","author":"Elmar Bones","date":"28 de agosto de 2025","format":false,"excerpt":"A \"Legalidade\" movimento de resist\u00eancia comandado pelo ent\u00e3o governador Leonel Brizola, em agosto de 1961, foi o tema do ex-governador Ol\u00edvio Dutra, na sess\u00e3o solene da C\u00e2mara Municipal de Porto Alegre (CMPA) nesta ter\u00e7a-feira (26\/08\/2025).. Ol\u00edvio destacou a luta de Leonel Brizola para exigir o cumprimento da Constitui\u00e7\u00e3o Federal, com\u2026","rel":"","context":"Em &quot;Geral-MAT\u00c9RIA&quot;","block_context":{"text":"Geral-MAT\u00c9RIA","link":"https:\/\/www.jornalja.com.br\/geral\/category\/geral\/"},"img":{"alt_text":"","src":"https:\/\/i0.wp.com\/www.jornalja.com.br\/geral\/wp-content\/uploads\/sites\/4\/2025\/08\/olivio-dutra-fala-da-legalidade-na-camara.jpg?resize=350%2C200&ssl=1","width":350,"height":200,"srcset":"https:\/\/i0.wp.com\/www.jornalja.com.br\/geral\/wp-content\/uploads\/sites\/4\/2025\/08\/olivio-dutra-fala-da-legalidade-na-camara.jpg?resize=350%2C200&ssl=1 1x, https:\/\/i0.wp.com\/www.jornalja.com.br\/geral\/wp-content\/uploads\/sites\/4\/2025\/08\/olivio-dutra-fala-da-legalidade-na-camara.jpg?resize=525%2C300&ssl=1 1.5x, https:\/\/i0.wp.com\/www.jornalja.com.br\/geral\/wp-content\/uploads\/sites\/4\/2025\/08\/olivio-dutra-fala-da-legalidade-na-camara.jpg?resize=700%2C400&ssl=1 2x, https:\/\/i0.wp.com\/www.jornalja.com.br\/geral\/wp-content\/uploads\/sites\/4\/2025\/08\/olivio-dutra-fala-da-legalidade-na-camara.jpg?resize=1050%2C600&ssl=1 3x"},"classes":[]},{"id":96859,"url":"https:\/\/www.jornalja.com.br\/geral\/detalhes-do-8-de-janeiro-reavivam-duvida-historica-jango-errou-ao-nao-reagir-em-64\/","url_meta":{"origin":93394,"position":5},"title":"Detalhes do 8 de janeiro reavivam pol\u00eamica hist\u00f3rica: Jango errou ao n\u00e3o reagir em 1964?","author":"Elmar Bones","date":"7 de janeiro de 2024","format":false,"excerpt":"Um ano depois, est\u00e3o sendo revelados os detalhes da a\u00e7\u00e3o golpista para derrubar o rec\u00e9m-empossado presidente Lula, no dia 8 de janeiro de 2023. O que fica n\u00edtido \u00e9 a opera\u00e7\u00e3o canhestra para o golpe, desmontada rapidamente pela rea\u00e7\u00e3o de Lula e a firmeza das atitudes do secret\u00e1rio da Justi\u00e7a,\u2026","rel":"","context":"Em &quot;Geral-MAT\u00c9RIA&quot;","block_context":{"text":"Geral-MAT\u00c9RIA","link":"https:\/\/www.jornalja.com.br\/geral\/category\/geral\/"},"img":{"alt_text":"","src":"https:\/\/i0.wp.com\/www.jornalja.com.br\/geral\/wp-content\/uploads\/sites\/4\/2024\/01\/jah001-historia-64-parte-1.jpg?resize=350%2C200&ssl=1","width":350,"height":200,"srcset":"https:\/\/i0.wp.com\/www.jornalja.com.br\/geral\/wp-content\/uploads\/sites\/4\/2024\/01\/jah001-historia-64-parte-1.jpg?resize=350%2C200&ssl=1 1x, https:\/\/i0.wp.com\/www.jornalja.com.br\/geral\/wp-content\/uploads\/sites\/4\/2024\/01\/jah001-historia-64-parte-1.jpg?resize=525%2C300&ssl=1 1.5x, https:\/\/i0.wp.com\/www.jornalja.com.br\/geral\/wp-content\/uploads\/sites\/4\/2024\/01\/jah001-historia-64-parte-1.jpg?resize=700%2C400&ssl=1 2x"},"classes":[]}],"jetpack_sharing_enabled":true,"_links":{"self":[{"href":"https:\/\/www.jornalja.com.br\/geral\/wp-json\/wp\/v2\/posts\/93394","targetHints":{"allow":["GET"]}}],"collection":[{"href":"https:\/\/www.jornalja.com.br\/geral\/wp-json\/wp\/v2\/posts"}],"about":[{"href":"https:\/\/www.jornalja.com.br\/geral\/wp-json\/wp\/v2\/types\/post"}],"author":[{"embeddable":true,"href":"https:\/\/www.jornalja.com.br\/geral\/wp-json\/wp\/v2\/users\/4"}],"replies":[{"embeddable":true,"href":"https:\/\/www.jornalja.com.br\/geral\/wp-json\/wp\/v2\/comments?post=93394"}],"version-history":[{"count":1,"href":"https:\/\/www.jornalja.com.br\/geral\/wp-json\/wp\/v2\/posts\/93394\/revisions"}],"predecessor-version":[{"id":93395,"href":"https:\/\/www.jornalja.com.br\/geral\/wp-json\/wp\/v2\/posts\/93394\/revisions\/93395"}],"wp:featuredmedia":[{"embeddable":true,"href":"https:\/\/www.jornalja.com.br\/geral\/wp-json\/wp\/v2\/media\/82562"}],"wp:attachment":[{"href":"https:\/\/www.jornalja.com.br\/geral\/wp-json\/wp\/v2\/media?parent=93394"}],"wp:term":[{"taxonomy":"category","embeddable":true,"href":"https:\/\/www.jornalja.com.br\/geral\/wp-json\/wp\/v2\/categories?post=93394"},{"taxonomy":"post_tag","embeddable":true,"href":"https:\/\/www.jornalja.com.br\/geral\/wp-json\/wp\/v2\/tags?post=93394"}],"curies":[{"name":"wp","href":"https:\/\/api.w.org\/{rel}","templated":true}]}}