{"id":93400,"date":"2022-08-16T17:48:45","date_gmt":"2022-08-16T20:48:45","guid":{"rendered":"https:\/\/www.jornalja.com.br\/geral\/?p=93400"},"modified":"2022-08-16T17:48:45","modified_gmt":"2022-08-16T20:48:45","slug":"vera-lucia-do-pstu-inicia-campanha-a-presidencia-em-sao-paulo","status":"publish","type":"post","link":"https:\/\/www.jornalja.com.br\/geral\/vera-lucia-do-pstu-inicia-campanha-a-presidencia-em-sao-paulo\/","title":{"rendered":"Vera L\u00facia, do PSTU, inicia campanha \u00e0 Presid\u00eancia em S\u00e3o Paulo"},"content":{"rendered":"<p>&nbsp;<\/p>\n<p>A candidata do PSTU \u00e0 Presid\u00eancia, Vera L\u00facia come\u00e7a sua campanha em S\u00e3o Paulo, nesta ter\u00e7a-feira, 16.<\/p>\n<p>De manh\u00e3, ela fez \u00a0panfletagem no Largo da Conc\u00f3rdia, no Br\u00e1s. \u00c0s 13h30 visitou a f\u00e1brica Deka, em \u00c1gua Branca, zona oeste da cidade. Em nota, a candidata disse que o in\u00edcio de sua campanha ter\u00e1, como principais focos, f\u00e1bricas, bairros da periferia, escolas, universidades, quilombolas e territ\u00f3rios ind\u00edgenas. \u00c0s 19h, Vera L\u00facia far\u00e1 uma <em>live<\/em>, que ser\u00e1 transmitida pelas redes sociais dela e do PSTU.<img decoding=\"async\" src=\"https:\/\/agenciabrasil.ebc.com.br\/ebc.png?id=1476795&amp;o=node\" \/><img decoding=\"async\" src=\"https:\/\/agenciabrasil.ebc.com.br\/ebc.gif?id=1476795&amp;o=node\" \/><\/p>\n<p>No pedido de registro, Vera declarou dep\u00f3sito de R$ 8,8 mil em poupan\u00e7a como \u00fanico item da lista de bens.<\/p>\n<p>A candidatura do PSTU n\u00e3o tem coliga\u00e7\u00f5es, e o partido n\u00e3o participa de nenhuma federa\u00e7\u00e3o partid\u00e1ria.<\/p>\n<p>Conforme proposta de governo enviada ao TSE, a chapa do PSTU defende uma \u201calternativa socialista \u00e0 barb\u00e1rie promovida pelo capitalismo\u201d.<\/p>\n<p>Pelo calend\u00e1rio eleitoral, a partir desta ter\u00e7a-feira, os candidatos est\u00e3o autorizados a fazer propaganda eleitoral na internet e com\u00edcios com aparelhagem de som. J\u00e1 a veicula\u00e7\u00e3o de propaganda eleitoral no r\u00e1dio e na televis\u00e3o, do primeiro turno das elei\u00e7\u00f5es, come\u00e7ar\u00e1 no dia 26. O t\u00e9rmino ser\u00e1 no dia 29 de setembro.<\/p>\n<p>(Com informa\u00e7\u00f5es da Ag\u00eancia Brasil)<\/p>\n","protected":false},"excerpt":{"rendered":"<p>&nbsp; A candidata do PSTU \u00e0 Presid\u00eancia, Vera L\u00facia come\u00e7a sua campanha em S\u00e3o Paulo, nesta ter\u00e7a-feira, 16. De manh\u00e3, ela fez \u00a0panfletagem no Largo da Conc\u00f3rdia, no Br\u00e1s. \u00c0s 13h30 visitou a f\u00e1brica Deka, em \u00c1gua Branca, zona oeste da cidade. Em nota, a candidata disse que o in\u00edcio de sua campanha ter\u00e1, como [&hellip;]<\/p>\n","protected":false},"author":4,"featured_media":93402,"comment_status":"open","ping_status":"open","sticky":false,"template":"","format":"standard","meta":{"jetpack_post_was_ever_published":false,"_jetpack_newsletter_access":"","_jetpack_dont_email_post_to_subs":false,"_jetpack_newsletter_tier_id":0,"_jetpack_memberships_contains_paywalled_content":false,"_jetpack_memberships_contains_paid_content":false,"footnotes":"","jetpack_publicize_message":"","jetpack_publicize_feature_enabled":true,"jetpack_social_post_already_shared":true,"jetpack_social_options":{"image_generator_settings":{"template":"highway","default_image_id":0,"font":"","enabled":false},"version":2}},"categories":[2],"tags":[238,321,261,298,236,460,479,15,186,149,95,530],"class_list":["post-93400","post","type-post","status-publish","format-standard","has-post-thumbnail","hentry","category-geral","tag-brasil","tag-campanha","tag-eleicoes","tag-escolas","tag-governo","tag-ovid","tag-red","tag-rs","tag-sao-paulo","tag-sc","tag-sp","tag-stu"],"aioseo_notices":[],"jetpack_publicize_connections":[],"jetpack_featured_media_url":"https:\/\/www.jornalja.com.br\/geral\/wp-content\/uploads\/sites\/4\/2022\/08\/eleicoes-2022-candidata-do-pstu-a-presidencia-vera-lucia.jpg","jetpack_shortlink":"https:\/\/wp.me\/pbKhrD-ois","jetpack-related-posts":[{"id":93614,"url":"https:\/\/www.jornalja.com.br\/geral\/eleicoes-2022-candidata-a-presidencia-pelo-pstu-faz-campanha-no-rs\/","url_meta":{"origin":93400,"position":0},"title":"Elei\u00e7\u00f5es 2022: candidata \u00e0 presid\u00eancia pelo PSTU faz campanha no RS","author":"da Reda\u00e7\u00e3o","date":"29 de agosto de 2022","format":false,"excerpt":"A candidata \u00e0 presid\u00eancia da Rep\u00fablica pelo PSTU, Vera L\u00facia, ficar\u00e1 quatro dias no Rio Grande do Sul, a partir desta segunda-feira, dia 29. Vera L\u00facia concorre ao cargo, tendo a ind\u00edgena Kun\u00e3 Ypor\u00e3 (Raquel Trememb\u00e9), da etnia Trememb\u00e9, do Maranh\u00e3o, como candidata a vice-presidente. No seu percurso pelo interior\u2026","rel":"","context":"Em &quot;Geral-MAT\u00c9RIA&quot;","block_context":{"text":"Geral-MAT\u00c9RIA","link":"https:\/\/www.jornalja.com.br\/geral\/category\/geral\/"},"img":{"alt_text":"","src":"https:\/\/i0.wp.com\/www.jornalja.com.br\/geral\/wp-content\/uploads\/sites\/4\/2022\/08\/eleicoes-2022-candidata-do-pstu-a-presidencia-vera-lucia-1.jpg?resize=350%2C200&ssl=1","width":350,"height":200,"srcset":"https:\/\/i0.wp.com\/www.jornalja.com.br\/geral\/wp-content\/uploads\/sites\/4\/2022\/08\/eleicoes-2022-candidata-do-pstu-a-presidencia-vera-lucia-1.jpg?resize=350%2C200&ssl=1 1x, https:\/\/i0.wp.com\/www.jornalja.com.br\/geral\/wp-content\/uploads\/sites\/4\/2022\/08\/eleicoes-2022-candidata-do-pstu-a-presidencia-vera-lucia-1.jpg?resize=525%2C300&ssl=1 1.5x"},"classes":[]},{"id":93013,"url":"https:\/\/www.jornalja.com.br\/geral\/eleicao-2022-candidata-do-pstu-comemora-indice-igual-ao-de-simone-tebet-do-mdb\/","url_meta":{"origin":93400,"position":1},"title":"Elei\u00e7\u00e3o 2022: Candidata do PSTU comemora \u00edndice &#8220;igual ao de Simone Tebet, do MDB&#8221;","author":"da Reda\u00e7\u00e3o","date":"7 de julho de 2022","format":false,"excerpt":"Resultado da pesquisa do Instituto DataFolha, sobre a disputa eleitoral para a presid\u00eancia da Rep\u00fablica, do dia 24 de junho trouxe uma novidade e surpresa nos n\u00fameros: Vera L\u00facia, a pr\u00e9-candidata \u00e0 presid\u00eancia da Rep\u00fablica pelo PSTU e do Polo Socialista Revolucion\u00e1rio marcou 1% na inten\u00e7\u00e3o de votos do eleitor\u2026","rel":"","context":"Em &quot;Geral-MAT\u00c9RIA&quot;","block_context":{"text":"Geral-MAT\u00c9RIA","link":"https:\/\/www.jornalja.com.br\/geral\/category\/geral\/"},"img":{"alt_text":"","src":"https:\/\/i0.wp.com\/www.jornalja.com.br\/geral\/wp-content\/uploads\/sites\/4\/2022\/07\/eleicoes-2022-candndata-do-pstu-scaled.jpg?resize=350%2C200&ssl=1","width":350,"height":200,"srcset":"https:\/\/i0.wp.com\/www.jornalja.com.br\/geral\/wp-content\/uploads\/sites\/4\/2022\/07\/eleicoes-2022-candndata-do-pstu-scaled.jpg?resize=350%2C200&ssl=1 1x, https:\/\/i0.wp.com\/www.jornalja.com.br\/geral\/wp-content\/uploads\/sites\/4\/2022\/07\/eleicoes-2022-candndata-do-pstu-scaled.jpg?resize=525%2C300&ssl=1 1.5x, https:\/\/i0.wp.com\/www.jornalja.com.br\/geral\/wp-content\/uploads\/sites\/4\/2022\/07\/eleicoes-2022-candndata-do-pstu-scaled.jpg?resize=700%2C400&ssl=1 2x, https:\/\/i0.wp.com\/www.jornalja.com.br\/geral\/wp-content\/uploads\/sites\/4\/2022\/07\/eleicoes-2022-candndata-do-pstu-scaled.jpg?resize=1050%2C600&ssl=1 3x, https:\/\/i0.wp.com\/www.jornalja.com.br\/geral\/wp-content\/uploads\/sites\/4\/2022\/07\/eleicoes-2022-candndata-do-pstu-scaled.jpg?resize=1400%2C800&ssl=1 4x"},"classes":[]},{"id":92792,"url":"https:\/\/www.jornalja.com.br\/geral\/eleicoes-2022-pstu-lanca-pre-candidatas-com-criticas-ao-pt-e-a-politica-da-conciliacao\/","url_meta":{"origin":93400,"position":2},"title":"Elei\u00e7\u00f5es 2022: PSTU lan\u00e7a pr\u00e9-candidatas com cr\u00edticas ao PT e \u00e0 &#8220;politica da concilia\u00e7\u00e3o&#8221; \u00a0","author":"da Reda\u00e7\u00e3o","date":"6 de junho de 2022","format":false,"excerpt":"O PSTU e o Polo Socialista Revolucion\u00e1rio lan\u00e7aram no s\u00e1bado, 04, como pr\u00e9-candidata ao governo do Rio Grande do Sul nas elei\u00e7\u00f5es de outubro, a educadora Rejane de Oliveira. Ativista sindical, negra, socialista e duas vezes presidente do CPERS, ela \u00e9 a \u00fanica candidata feminina ao cargo no Rio Grande\u2026","rel":"","context":"Em &quot;Geral-MAT\u00c9RIA&quot;","block_context":{"text":"Geral-MAT\u00c9RIA","link":"https:\/\/www.jornalja.com.br\/geral\/category\/geral\/"},"img":{"alt_text":"","src":"https:\/\/i0.wp.com\/www.jornalja.com.br\/geral\/wp-content\/uploads\/sites\/4\/2022\/06\/eleicoes-2022-pstu-lanca-foto-principal-scaled.jpg?resize=350%2C200&ssl=1","width":350,"height":200,"srcset":"https:\/\/i0.wp.com\/www.jornalja.com.br\/geral\/wp-content\/uploads\/sites\/4\/2022\/06\/eleicoes-2022-pstu-lanca-foto-principal-scaled.jpg?resize=350%2C200&ssl=1 1x, https:\/\/i0.wp.com\/www.jornalja.com.br\/geral\/wp-content\/uploads\/sites\/4\/2022\/06\/eleicoes-2022-pstu-lanca-foto-principal-scaled.jpg?resize=525%2C300&ssl=1 1.5x, https:\/\/i0.wp.com\/www.jornalja.com.br\/geral\/wp-content\/uploads\/sites\/4\/2022\/06\/eleicoes-2022-pstu-lanca-foto-principal-scaled.jpg?resize=700%2C400&ssl=1 2x, https:\/\/i0.wp.com\/www.jornalja.com.br\/geral\/wp-content\/uploads\/sites\/4\/2022\/06\/eleicoes-2022-pstu-lanca-foto-principal-scaled.jpg?resize=1050%2C600&ssl=1 3x, https:\/\/i0.wp.com\/www.jornalja.com.br\/geral\/wp-content\/uploads\/sites\/4\/2022\/06\/eleicoes-2022-pstu-lanca-foto-principal-scaled.jpg?resize=1400%2C800&ssl=1 4x"},"classes":[]},{"id":92753,"url":"https:\/\/www.jornalja.com.br\/geral\/ex-presidente-do-cpers-rejane-de-oliveira-sera-candidata-do-pstu-ao-governo-gaucho\/","url_meta":{"origin":93400,"position":3},"title":"Ex-presidente do CPERS, Rejane de Oliveira ser\u00e1 candidata do PSTU ao governo ga\u00facho","author":"da Reda\u00e7\u00e3o","date":"1 de junho de 2022","format":false,"excerpt":"Negra, educadora, socialista e \u00fanica pr\u00e9-candidata feminina ao governo do Rio Grande do Sul, nas elei\u00e7\u00f5es de 2022. Assim o PSTU apresenta Rejane de Oliveira, conhecida l\u00edder sindical, duas vezes presidente do CPERS, pr\u00e9-candidata do partido ao governo do Rio Grande do Sul. O lan\u00e7amento ser\u00e1 no pr\u00f3ximo s\u00e1bado, dia\u2026","rel":"","context":"Em &quot;Geral-MAT\u00c9RIA&quot;","block_context":{"text":"Geral-MAT\u00c9RIA","link":"https:\/\/www.jornalja.com.br\/geral\/category\/geral\/"},"img":{"alt_text":"","src":"https:\/\/i0.wp.com\/www.jornalja.com.br\/geral\/wp-content\/uploads\/sites\/4\/2022\/06\/rejane-foto-pstu.png?resize=350%2C200&ssl=1","width":350,"height":200,"srcset":"https:\/\/i0.wp.com\/www.jornalja.com.br\/geral\/wp-content\/uploads\/sites\/4\/2022\/06\/rejane-foto-pstu.png?resize=350%2C200&ssl=1 1x, https:\/\/i0.wp.com\/www.jornalja.com.br\/geral\/wp-content\/uploads\/sites\/4\/2022\/06\/rejane-foto-pstu.png?resize=525%2C300&ssl=1 1.5x, https:\/\/i0.wp.com\/www.jornalja.com.br\/geral\/wp-content\/uploads\/sites\/4\/2022\/06\/rejane-foto-pstu.png?resize=700%2C400&ssl=1 2x"},"classes":[]},{"id":93144,"url":"https:\/\/www.jornalja.com.br\/geral\/eleicoes-2022-pstu-apresenta-fabiana-sanguine-ao-senado\/","url_meta":{"origin":93400,"position":4},"title":"Elei\u00e7\u00f5es 2022: PSTU apresenta Fabiana Sanguin\u00e9 ao Senado","author":"da Reda\u00e7\u00e3o","date":"12 de julho de 2022","format":false,"excerpt":"O PSTU-RS anunciou nesta segunda-feira, 12,\u00a0 sua pr\u00e9-candidata ao Senado: Fabiana Sanguin\u00e9,\u00a0 funcion\u00e1ria municipal da \u00e1rea de sa\u00fade. A pr\u00e9-candidatura \u00e9 apresentada como \"alternativa para enfrentar os ataques, as privatiza\u00e7\u00f5es, a opress\u00e3o, a mis\u00e9ria e o desemprego promovido pelos patr\u00f5es que controlam o Congresso Nacional\". \"Uma candidatura comprometida com a\u2026","rel":"","context":"Em &quot;Geral-MAT\u00c9RIA&quot;","block_context":{"text":"Geral-MAT\u00c9RIA","link":"https:\/\/www.jornalja.com.br\/geral\/category\/geral\/"},"img":{"alt_text":"","src":"https:\/\/i0.wp.com\/www.jornalja.com.br\/geral\/wp-content\/uploads\/sites\/4\/2022\/07\/eleicoes-2022-pstu-lanca-candidata-ao-senado.jpg?resize=350%2C200&ssl=1","width":350,"height":200,"srcset":"https:\/\/i0.wp.com\/www.jornalja.com.br\/geral\/wp-content\/uploads\/sites\/4\/2022\/07\/eleicoes-2022-pstu-lanca-candidata-ao-senado.jpg?resize=350%2C200&ssl=1 1x, https:\/\/i0.wp.com\/www.jornalja.com.br\/geral\/wp-content\/uploads\/sites\/4\/2022\/07\/eleicoes-2022-pstu-lanca-candidata-ao-senado.jpg?resize=525%2C300&ssl=1 1.5x, https:\/\/i0.wp.com\/www.jornalja.com.br\/geral\/wp-content\/uploads\/sites\/4\/2022\/07\/eleicoes-2022-pstu-lanca-candidata-ao-senado.jpg?resize=700%2C400&ssl=1 2x"},"classes":[]},{"id":93238,"url":"https:\/\/www.jornalja.com.br\/geral\/lider-indigena-sera-candidata-a-vice-presidente-da-republica-na-chapa-do-pstu\/","url_meta":{"origin":93400,"position":5},"title":"L\u00edder ind\u00edgena ser\u00e1 candidata a vice-presidente da Rep\u00fablica na chapa do PSTU","author":"da Reda\u00e7\u00e3o","date":"18 de julho de 2022","format":false,"excerpt":"Kun\u00e3 Ypor\u00e3, conhecida tamb\u00e9m como Raquel Trememb\u00e9, ser\u00e1 a vice-presidente na chapa do PSTU,\u00a0 que tem Vera como candidata \u00e0 presid\u00eancia da Rep\u00fablica nas elei\u00e7\u00f5es de 3 de outubro. A pr\u00e9-candidatura ser\u00e1 formalizada em evento virtual na sexta-feira, 22, \u00e0s 19h. \u201cA chapa ser\u00e1 composta por duas mulheres, uma oper\u00e1ria\u2026","rel":"","context":"Em &quot;Geral-MAT\u00c9RIA&quot;","block_context":{"text":"Geral-MAT\u00c9RIA","link":"https:\/\/www.jornalja.com.br\/geral\/category\/geral\/"},"img":{"alt_text":"","src":"https:\/\/i0.wp.com\/www.jornalja.com.br\/geral\/wp-content\/uploads\/sites\/4\/2022\/07\/pstu-lanca-indigena.jpg?resize=350%2C200&ssl=1","width":350,"height":200,"srcset":"https:\/\/i0.wp.com\/www.jornalja.com.br\/geral\/wp-content\/uploads\/sites\/4\/2022\/07\/pstu-lanca-indigena.jpg?resize=350%2C200&ssl=1 1x, https:\/\/i0.wp.com\/www.jornalja.com.br\/geral\/wp-content\/uploads\/sites\/4\/2022\/07\/pstu-lanca-indigena.jpg?resize=525%2C300&ssl=1 1.5x, https:\/\/i0.wp.com\/www.jornalja.com.br\/geral\/wp-content\/uploads\/sites\/4\/2022\/07\/pstu-lanca-indigena.jpg?resize=700%2C400&ssl=1 2x"},"classes":[]}],"jetpack_sharing_enabled":true,"_links":{"self":[{"href":"https:\/\/www.jornalja.com.br\/geral\/wp-json\/wp\/v2\/posts\/93400","targetHints":{"allow":["GET"]}}],"collection":[{"href":"https:\/\/www.jornalja.com.br\/geral\/wp-json\/wp\/v2\/posts"}],"about":[{"href":"https:\/\/www.jornalja.com.br\/geral\/wp-json\/wp\/v2\/types\/post"}],"author":[{"embeddable":true,"href":"https:\/\/www.jornalja.com.br\/geral\/wp-json\/wp\/v2\/users\/4"}],"replies":[{"embeddable":true,"href":"https:\/\/www.jornalja.com.br\/geral\/wp-json\/wp\/v2\/comments?post=93400"}],"version-history":[{"count":1,"href":"https:\/\/www.jornalja.com.br\/geral\/wp-json\/wp\/v2\/posts\/93400\/revisions"}],"predecessor-version":[{"id":93403,"href":"https:\/\/www.jornalja.com.br\/geral\/wp-json\/wp\/v2\/posts\/93400\/revisions\/93403"}],"wp:featuredmedia":[{"embeddable":true,"href":"https:\/\/www.jornalja.com.br\/geral\/wp-json\/wp\/v2\/media\/93402"}],"wp:attachment":[{"href":"https:\/\/www.jornalja.com.br\/geral\/wp-json\/wp\/v2\/media?parent=93400"}],"wp:term":[{"taxonomy":"category","embeddable":true,"href":"https:\/\/www.jornalja.com.br\/geral\/wp-json\/wp\/v2\/categories?post=93400"},{"taxonomy":"post_tag","embeddable":true,"href":"https:\/\/www.jornalja.com.br\/geral\/wp-json\/wp\/v2\/tags?post=93400"}],"curies":[{"name":"wp","href":"https:\/\/api.w.org\/{rel}","templated":true}]}}