{"id":93439,"date":"2022-08-18T23:30:44","date_gmt":"2022-08-19T02:30:44","guid":{"rendered":"https:\/\/www.jornalja.com.br\/geral\/?p=93439"},"modified":"2022-09-05T21:17:05","modified_gmt":"2022-09-06T00:17:05","slug":"china-sobe-o-tom-com-os-eua-suprimem-civilizacoes-e-pisam-na-dignidade-humana-relatorio","status":"publish","type":"post","link":"https:\/\/www.jornalja.com.br\/geral\/china-sobe-o-tom-com-os-eua-suprimem-civilizacoes-e-pisam-na-dignidade-humana-relatorio\/","title":{"rendered":"China sobe o tom com os EUA: &#8220;Suprimem civiliza\u00e7\u00f5es e pisam na dignidade humana&#8221;, diz relat\u00f3rio"},"content":{"rendered":"<p>Um relat\u00f3rio sobre as viola\u00e7\u00f5es dos direitos humanos pelos EUA divulgado nesta semana apontou que o pa\u00eds vem criando um &#8220;conflito de civiliza\u00e7\u00f5es&#8221;, abusando da pris\u00e3o e tortura e violando a liberdade de religi\u00e3o e a dignidade humana.<\/p>\n<p>O documento, intitulado EUA Cometem Crimes Graves de Viola\u00e7\u00e3o dos Direitos Humanos no Oriente M\u00e9dio e Al\u00e9m, foi divulgado pela Sociedade Chinesa de Estudos de Direitos Humanos (CSHRS, na sigla em ingl\u00eas).<\/p>\n<p>O texto aponta que, sem respeitar a diversidade de civiliza\u00e7\u00f5es, os Estados Unidos foram hostis \u00e0 civiliza\u00e7\u00e3o isl\u00e2mica, destru\u00edram a heran\u00e7a hist\u00f3rica e cultural do Oriente M\u00e9dio, prenderam e torturaram mu\u00e7ulmanos de forma imprudente e violaram gravemente os direitos humanos b\u00e1sicos do povo no Oriente M\u00e9dio e em outros lugares.<\/p>\n<p>&#8220;Os Estados Unidos espalharam a &#8216;teoria da amea\u00e7a isl\u00e2mica&#8217; ao redor do mundo. Eles defenderam a superioridade da civiliza\u00e7\u00e3o ocidental e crist\u00e3, desprezaram a civiliza\u00e7\u00e3o n\u00e3o-ocidental e estigmatizaram a civiliza\u00e7\u00e3o isl\u00e2mica ao rotul\u00e1-la como &#8216;atrasada&#8217;, &#8216;terrorista&#8217; e &#8216;violenta&#8217; &#8220;, acusa o relat\u00f3rio.<\/p>\n<p>Usando o incidente 11 de setembro como desculpa, os Estados Unidos alimentaram a &#8220;teoria da amea\u00e7a isl\u00e2mica&#8221; no mundo, deliberadamente enganaram ou mesmo incitaram as pessoas a serem hostis ao Isl\u00e3 e discriminarem os mu\u00e7ulmanos e provocaram um &#8220;conflito de civiliza\u00e7\u00f5es,&#8221; mobilizando a opini\u00e3o p\u00fablica e inventando um pretexto para justificar sua guerra global contra o terror, segundo o estudo.<\/p>\n<p>Al\u00e9m disso, os Estados Unidos suprimiram, insultaram e intimidaram os pa\u00edses do Oriente M\u00e9dio, minando a confian\u00e7a cultural das na\u00e7\u00f5es e de seu povo e destruindo o orgulho nacional e a autoconfian\u00e7a do povo do Oriente M\u00e9dio.<\/p>\n<p>O documento menciona que o abuso e a tortura de prisioneiros pelos EUA minaram seriamente o direito dos mu\u00e7ulmanos \u00e0 dignidade humana. Desde que os Estados Unidos lan\u00e7aram sua guerra global contra o terrorismo, esc\u00e2ndalos de abuso de prisioneiros contra mu\u00e7ulmanos t\u00eam sido ouvidos o tempo todo.<\/p>\n<p>Al\u00e9m das viola\u00e7\u00f5es dos EUA \u00e0 liberdade de religi\u00e3o e \u00e0 dignidade humana, o relat\u00f3rio da CSHRS tamb\u00e9m chama aten\u00e7\u00e3o para as viola\u00e7\u00f5es sistem\u00e1ticas dos direitos humanos por Washington, incluindo o lan\u00e7amento de guerras, o massacre de civis e os danos ao direito \u00e0 vida e \u00e0 sobreviv\u00eancia; transforma\u00e7\u00e3o for\u00e7ada, san\u00e7\u00f5es unilaterais, grave viola\u00e7\u00e3o dos direitos das pessoas ao desenvolvimento, \u00e0 vida e \u00e0 sa\u00fade.<\/p>\n<p>(<strong>Com informa\u00e7\u00f5es da Xinhua)<\/strong><\/p>\n","protected":false},"excerpt":{"rendered":"<p>Um relat\u00f3rio sobre as viola\u00e7\u00f5es dos direitos humanos pelos EUA divulgado nesta semana apontou que o pa\u00eds vem criando um &#8220;conflito de civiliza\u00e7\u00f5es&#8221;, abusando da pris\u00e3o e tortura e violando a liberdade de religi\u00e3o e a dignidade humana. O documento, intitulado EUA Cometem Crimes Graves de Viola\u00e7\u00e3o dos Direitos Humanos no Oriente M\u00e9dio e Al\u00e9m, [&hellip;]<\/p>\n","protected":false},"author":4,"featured_media":0,"comment_status":"open","ping_status":"open","sticky":false,"template":"","format":"standard","meta":{"jetpack_post_was_ever_published":false,"_jetpack_newsletter_access":"","_jetpack_dont_email_post_to_subs":false,"_jetpack_newsletter_tier_id":0,"_jetpack_memberships_contains_paywalled_content":false,"_jetpack_memberships_contains_paid_content":false,"footnotes":"","jetpack_publicize_message":"","jetpack_publicize_feature_enabled":true,"jetpack_social_post_already_shared":true,"jetpack_social_options":{"image_generator_settings":{"template":"highway","default_image_id":0,"font":"","enabled":false},"version":2}},"categories":[28],"tags":[418,351,86,256,265,435,160,479,15,38,149,95,530,273],"class_list":["post-93439","post","type-post","status-publish","format-standard","hentry","category-geral-notas","tag-china","tag-crimes","tag-cultura","tag-desenvolvimento","tag-diversidade","tag-eua","tag-prisao","tag-red","tag-rs","tag-saude","tag-sc","tag-sp","tag-stu","tag-tortura"],"aioseo_notices":[],"jetpack_publicize_connections":[],"jetpack_featured_media_url":"","jetpack_shortlink":"https:\/\/wp.me\/pbKhrD-oj5","jetpack-related-posts":[{"id":100728,"url":"https:\/\/www.jornalja.com.br\/geral\/caminhos-da-ditadura-em-porto-alegre-cruza-a-fronteira-e-vai-a-argentina\/","url_meta":{"origin":93439,"position":0},"title":"Caminhos da Ditadura em Porto Alegre cruza a fronteira e vai \u00e0 Argentina","author":"da Reda\u00e7\u00e3o","date":"10 de fevereiro de 2026","format":false,"excerpt":"M\u00e1rcia Turcato A iniciativa Caminhos da Ditadura em Porto Alegre completa 10 anos. O projeto come\u00e7ou a ser constru\u00eddo em 2016 por estudantes do curso de Hist\u00f3ria da Universidade Federal do Rio Grande do Sul (UFRGS). Em janeiro de 2026, o Caminhos cruzou a fronteira e foi at\u00e9 Buenos Aires,\u2026","rel":"","context":"Em &quot;Geral-MAT\u00c9RIA&quot;","block_context":{"text":"Geral-MAT\u00c9RIA","link":"https:\/\/www.jornalja.com.br\/geral\/category\/geral\/"},"img":{"alt_text":"","src":"https:\/\/i0.wp.com\/www.jornalja.com.br\/geral\/wp-content\/uploads\/sites\/4\/2026\/02\/caminhos-da-ditadura1.jpeg?resize=350%2C200&ssl=1","width":350,"height":200,"srcset":"https:\/\/i0.wp.com\/www.jornalja.com.br\/geral\/wp-content\/uploads\/sites\/4\/2026\/02\/caminhos-da-ditadura1.jpeg?resize=350%2C200&ssl=1 1x, https:\/\/i0.wp.com\/www.jornalja.com.br\/geral\/wp-content\/uploads\/sites\/4\/2026\/02\/caminhos-da-ditadura1.jpeg?resize=525%2C300&ssl=1 1.5x, https:\/\/i0.wp.com\/www.jornalja.com.br\/geral\/wp-content\/uploads\/sites\/4\/2026\/02\/caminhos-da-ditadura1.jpeg?resize=700%2C400&ssl=1 2x, https:\/\/i0.wp.com\/www.jornalja.com.br\/geral\/wp-content\/uploads\/sites\/4\/2026\/02\/caminhos-da-ditadura1.jpeg?resize=1050%2C600&ssl=1 3x, https:\/\/i0.wp.com\/www.jornalja.com.br\/geral\/wp-content\/uploads\/sites\/4\/2026\/02\/caminhos-da-ditadura1.jpeg?resize=1400%2C800&ssl=1 4x"},"classes":[]},{"id":76371,"url":"https:\/\/www.jornalja.com.br\/geral\/em-caso-inedito-militar-sera-julgado-por-estupro-de-presa-politica-na-ditadura\/","url_meta":{"origin":93439,"position":1},"title":"Em caso in\u00e9dito, militar ser\u00e1 julgado por estupro de presa pol\u00edtica na ditadura","author":"Carlos Matsubara","date":"15 de agosto de 2019","format":false,"excerpt":"\u00a0 In\u00eas Etienne Romeu passou pelo inferno e viveu \u2014at\u00e9 os 72 anos, quando faleceu em 2015\u2014 para cont\u00e1-lo. Historiadora e ex-integrante de grupos revolucion\u00e1rios na ditadura militar, ela foi a \u00fanica pessoa a ser libertada da chamada Casa da Morte, um centro clandestino de tortura utilizado pelos militares e\u2026","rel":"","context":"Em &quot;Geral-MAT\u00c9RIA&quot;","block_context":{"text":"Geral-MAT\u00c9RIA","link":"https:\/\/www.jornalja.com.br\/geral\/category\/geral\/"},"img":{"alt_text":"","src":"https:\/\/i0.wp.com\/www.jornalja.com.br\/wp-content\/uploads\/2019\/08\/1_militar-12606851-450x302.jpg?resize=350%2C200&ssl=1","width":350,"height":200},"classes":[]},{"id":86060,"url":"https:\/\/www.jornalja.com.br\/geral\/ate-o-globo-detona-mourao-por-elogio-a-torturador\/","url_meta":{"origin":93439,"position":2},"title":"At\u00e9 o Globo detona Mour\u00e3o por elogio a torturador","author":"da Reda\u00e7\u00e3o","date":"9 de outubro de 2020","format":false,"excerpt":"A defesa que o vice-presidente Hamilton Mour\u00e3o fez do coronel Carlos Alberto Brilhante Ustra, um dos mais not\u00f3rios torturadores da ditadura, provocou rep\u00fadio at\u00e9 do jornal O Globo, que apoiou o regime militar. Horas depois que circulou a entrevista que Mour\u00e3o deu a rede alem\u00e3 Deutsche Welle, dizendo que \"Ustra\u2026","rel":"","context":"Em &quot;Geral-MAT\u00c9RIA&quot;","block_context":{"text":"Geral-MAT\u00c9RIA","link":"https:\/\/www.jornalja.com.br\/geral\/category\/geral\/"},"img":{"alt_text":"","src":"https:\/\/i0.wp.com\/www.jornalja.com.br\/geral\/wp-content\/uploads\/sites\/4\/2020\/10\/mourao-vice-presidente.jpg?resize=350%2C200&ssl=1","width":350,"height":200,"srcset":"https:\/\/i0.wp.com\/www.jornalja.com.br\/geral\/wp-content\/uploads\/sites\/4\/2020\/10\/mourao-vice-presidente.jpg?resize=350%2C200&ssl=1 1x, https:\/\/i0.wp.com\/www.jornalja.com.br\/geral\/wp-content\/uploads\/sites\/4\/2020\/10\/mourao-vice-presidente.jpg?resize=525%2C300&ssl=1 1.5x"},"classes":[]},{"id":100467,"url":"https:\/\/www.jornalja.com.br\/geral\/estados-unidos-sequestram-nicolas-maduro-em-desafio-explicito-a-china-comissao-chinesa-estava-na-venezuela\/","url_meta":{"origin":93439,"position":3},"title":"Estados Unidos sequestram Nicolas Maduro em desafio expl\u00edcito \u00e0 China; comiss\u00e3o chinesa estava na Venezuela","author":"da Reda\u00e7\u00e3o","date":"3 de janeiro de 2026","format":false,"excerpt":"O ataque dos Estados Unidos \u00e0 Venezuela com\u00a0 o sequestro do presidente Nicolas Mauro e sua esposa na madrugada desta s\u00e1bado (3), ocorreu poucas horas depois de uma reuni\u00e3o do presidente venezuelano com representantes oficiais do governo chin\u00eas, em Caracas. A China tem sido um parceiro importante do governo Maduro,\u2026","rel":"","context":"Em &quot;Geral-MAT\u00c9RIA&quot;","block_context":{"text":"Geral-MAT\u00c9RIA","link":"https:\/\/www.jornalja.com.br\/geral\/category\/geral\/"},"img":{"alt_text":"","src":"https:\/\/i0.wp.com\/www.jornalja.com.br\/geral\/wp-content\/uploads\/sites\/4\/2026\/01\/ataque-a-venezuela.png?resize=350%2C200&ssl=1","width":350,"height":200,"srcset":"https:\/\/i0.wp.com\/www.jornalja.com.br\/geral\/wp-content\/uploads\/sites\/4\/2026\/01\/ataque-a-venezuela.png?resize=350%2C200&ssl=1 1x, https:\/\/i0.wp.com\/www.jornalja.com.br\/geral\/wp-content\/uploads\/sites\/4\/2026\/01\/ataque-a-venezuela.png?resize=525%2C300&ssl=1 1.5x"},"classes":[]},{"id":100111,"url":"https:\/\/www.jornalja.com.br\/geral\/catedral-da-se-lotada-nos-50-anos-da-morte-de-herzog\/","url_meta":{"origin":93439,"position":4},"title":"Catedral da S\u00e9 lotada nos 50 anos da morte de Herzog","author":"Elmar Bones","date":"28 de outubro de 2025","format":false,"excerpt":"Ato inter-religioso \u00e9 dedicado \u00e0 mem\u00f3ria das v\u00edtimas da ditadura Camila Boehm - Rep\u00f3rter da Ag\u00eancia Brasil Para marcar este 25 de outubro, data em que o jornalista Vladimir Herzog foi assassinado pela ditadura militar h\u00e1 50 anos, a Comiss\u00e3o Arns e o Instituto Vladimir Herzog realizaram um ato ecum\u00eanico\u2026","rel":"","context":"Em &quot;Geral-MAT\u00c9RIA&quot;","block_context":{"text":"Geral-MAT\u00c9RIA","link":"https:\/\/www.jornalja.com.br\/geral\/category\/geral\/"},"img":{"alt_text":"","src":"https:\/\/i0.wp.com\/www.jornalja.com.br\/geral\/wp-content\/uploads\/sites\/4\/2025\/10\/herzog-homenagem-na-catedral-da-se-foto-paulo-pinto-ebc.png?resize=350%2C200&ssl=1","width":350,"height":200,"srcset":"https:\/\/i0.wp.com\/www.jornalja.com.br\/geral\/wp-content\/uploads\/sites\/4\/2025\/10\/herzog-homenagem-na-catedral-da-se-foto-paulo-pinto-ebc.png?resize=350%2C200&ssl=1 1x, https:\/\/i0.wp.com\/www.jornalja.com.br\/geral\/wp-content\/uploads\/sites\/4\/2025\/10\/herzog-homenagem-na-catedral-da-se-foto-paulo-pinto-ebc.png?resize=525%2C300&ssl=1 1.5x"},"classes":[]},{"id":100094,"url":"https:\/\/www.jornalja.com.br\/geral\/evento-na-ari-marca-os-50-anos-da-morte-de-vladimir-herzog\/","url_meta":{"origin":93439,"position":5},"title":"Evento na ARI marca os 50 anos da morte de Vladimir Herzog","author":"da Reda\u00e7\u00e3o","date":"26 de outubro de 2025","format":false,"excerpt":"Na manh\u00e3 deste s\u00e1bado (25), data que marca os 50 anos da morte do jornalista Vladimir Herzog, o Sal\u00e3o Nobre da Associa\u00e7\u00e3o Riograndense de Imprensa (ARI) esteve praticamente lotado para o painel \u201c50 Anos por Vlado\u201d, iniciativa do Movimento de Justi\u00e7a e Direitos Humanos, com apoio da ARI, do Sindicato\u2026","rel":"","context":"Em &quot;Geral-MAT\u00c9RIA&quot;","block_context":{"text":"Geral-MAT\u00c9RIA","link":"https:\/\/www.jornalja.com.br\/geral\/category\/geral\/"},"img":{"alt_text":"","src":"https:\/\/i0.wp.com\/www.jornalja.com.br\/geral\/wp-content\/uploads\/sites\/4\/2025\/10\/herzog.jpg?resize=350%2C200&ssl=1","width":350,"height":200,"srcset":"https:\/\/i0.wp.com\/www.jornalja.com.br\/geral\/wp-content\/uploads\/sites\/4\/2025\/10\/herzog.jpg?resize=350%2C200&ssl=1 1x, https:\/\/i0.wp.com\/www.jornalja.com.br\/geral\/wp-content\/uploads\/sites\/4\/2025\/10\/herzog.jpg?resize=525%2C300&ssl=1 1.5x, https:\/\/i0.wp.com\/www.jornalja.com.br\/geral\/wp-content\/uploads\/sites\/4\/2025\/10\/herzog.jpg?resize=700%2C400&ssl=1 2x, https:\/\/i0.wp.com\/www.jornalja.com.br\/geral\/wp-content\/uploads\/sites\/4\/2025\/10\/herzog.jpg?resize=1050%2C600&ssl=1 3x, https:\/\/i0.wp.com\/www.jornalja.com.br\/geral\/wp-content\/uploads\/sites\/4\/2025\/10\/herzog.jpg?resize=1400%2C800&ssl=1 4x"},"classes":[]}],"jetpack_sharing_enabled":true,"_links":{"self":[{"href":"https:\/\/www.jornalja.com.br\/geral\/wp-json\/wp\/v2\/posts\/93439","targetHints":{"allow":["GET"]}}],"collection":[{"href":"https:\/\/www.jornalja.com.br\/geral\/wp-json\/wp\/v2\/posts"}],"about":[{"href":"https:\/\/www.jornalja.com.br\/geral\/wp-json\/wp\/v2\/types\/post"}],"author":[{"embeddable":true,"href":"https:\/\/www.jornalja.com.br\/geral\/wp-json\/wp\/v2\/users\/4"}],"replies":[{"embeddable":true,"href":"https:\/\/www.jornalja.com.br\/geral\/wp-json\/wp\/v2\/comments?post=93439"}],"version-history":[{"count":4,"href":"https:\/\/www.jornalja.com.br\/geral\/wp-json\/wp\/v2\/posts\/93439\/revisions"}],"predecessor-version":[{"id":93688,"href":"https:\/\/www.jornalja.com.br\/geral\/wp-json\/wp\/v2\/posts\/93439\/revisions\/93688"}],"wp:attachment":[{"href":"https:\/\/www.jornalja.com.br\/geral\/wp-json\/wp\/v2\/media?parent=93439"}],"wp:term":[{"taxonomy":"category","embeddable":true,"href":"https:\/\/www.jornalja.com.br\/geral\/wp-json\/wp\/v2\/categories?post=93439"},{"taxonomy":"post_tag","embeddable":true,"href":"https:\/\/www.jornalja.com.br\/geral\/wp-json\/wp\/v2\/tags?post=93439"}],"curies":[{"name":"wp","href":"https:\/\/api.w.org\/{rel}","templated":true}]}}