{"id":93449,"date":"2022-08-19T16:33:31","date_gmt":"2022-08-19T19:33:31","guid":{"rendered":"https:\/\/www.jornalja.com.br\/geral\/?p=93449"},"modified":"2022-08-19T16:33:31","modified_gmt":"2022-08-19T19:33:31","slug":"tse-suspende-repasse-de-verba-para-a-campanha-de-roberto-jefferson","status":"publish","type":"post","link":"https:\/\/www.jornalja.com.br\/geral\/tse-suspende-repasse-de-verba-para-a-campanha-de-roberto-jefferson\/","title":{"rendered":"TSE suspende repasse de verba para a campanha de Roberto Jefferson"},"content":{"rendered":"<p>O ministro Carlos Horbach, do Tribunal Superior Eleitoral (TSE), decidiu hoje (19) determinar a suspens\u00e3o dos repasses de recursos para a campanha do candidato \u00e0 Presid\u00eancia da Rep\u00fablica Roberto Jefferson (PTB).\u00a0<img decoding=\"async\" src=\"https:\/\/agenciabrasil.ebc.com.br\/ebc.png?id=1477635&amp;o=node\" \/><img decoding=\"async\" src=\"https:\/\/agenciabrasil.ebc.com.br\/ebc.gif?id=1477635&amp;o=node\" \/><\/p>\n<p>A medida foi tomada a pedido do Minist\u00e9rio P\u00fablico Eleitoral (MPE), que impugnou a candidatura de\u00a0<a href=\"https:\/\/agenciabrasil.ebc.com.br\/geral\/noticia\/2022-01\/roberto-jefferson-deixa-prisao-com-tornozeleira-eletronica\" target=\"_blank\" rel=\"noopener\">Jefferson<\/a>. De acordo com o \u00f3rg\u00e3o, o candidato est\u00e1 ineleg\u00edvel at\u00e9 24 de dezembro de 2023 em fun\u00e7\u00e3o da condena\u00e7\u00e3o na A\u00e7\u00e3o Penal 470, o\u00a0<a href=\"https:\/\/agenciabrasil.ebc.com.br\/politica\/noticia\/2016-03\/stf-concede-perdao-de-pena-seis-condenados-no-mensalao\" target=\"_blank\" rel=\"noopener\">processo do mensal\u00e3o<\/a>, e n\u00e3o pode disputar as elei\u00e7\u00f5es deste ano. Pela Lei da Ficha Limpa, a inelegibilidade \u00e9 de oito anos ap\u00f3s o cumprimento da pena.<\/p>\n<p>Ao analisar a quest\u00e3o, o ministro entendeu que o indulto natalino concedido em 2016, que extinguiu a pena de Jefferson, n\u00e3o alcan\u00e7a a inelegibilidade decorrente da condena\u00e7\u00e3o.<\/p>\n<p>Dessa forma, Horbach suspendeu cautelarmente os repasses de recursos p\u00fablicos do Fundo Especial de Financiamento de Campanha e do Fundo Partid\u00e1rio para o candidato.<\/p>\n<p>&#8220;Aliada \u00e0 verifica\u00e7\u00e3o da probabilidade do direito, conforme fundamenta\u00e7\u00e3o acima expendida, entendo que, no caso, h\u00e1 tamb\u00e9m o perigo de dano em rela\u00e7\u00e3o \u00e0 libera\u00e7\u00e3o de verbas de natureza p\u00fablica para subsidiar candidatura que, de pronto, revela-se inquinada de uma muito prov\u00e1vel inelegibilidade&#8221;, decidiu o ministro.<\/p>\n<p>A decis\u00e3o final sobre a validade do registro da candidatura ser\u00e1 tomada pelo ministro ap\u00f3s Jefferson e o PTB apresentarem defesa sobre a impugna\u00e7\u00e3o feita pelo MPF.<\/p>\n<p>At\u00e9 o julgamento, o nome do candidato continua no sistema\u00a0<a href=\"https:\/\/divulgacandcontas.tse.jus.br\/divulga\/#\/\" target=\"_blank\" rel=\"noopener\">DivulgaCandContas<\/a>, que re\u00fane os registros dos 12 candidatos \u00e0 Presid\u00eancia.<\/p>\n","protected":false},"excerpt":{"rendered":"<p>O ministro Carlos Horbach, do Tribunal Superior Eleitoral (TSE), decidiu hoje (19) determinar a suspens\u00e3o dos repasses de recursos para a campanha do candidato \u00e0 Presid\u00eancia da Rep\u00fablica Roberto Jefferson (PTB).\u00a0 A medida foi tomada a pedido do Minist\u00e9rio P\u00fablico Eleitoral (MPE), que impugnou a candidatura de\u00a0Jefferson. De acordo com o \u00f3rg\u00e3o, o candidato est\u00e1 [&hellip;]<\/p>\n","protected":false},"author":4,"featured_media":0,"comment_status":"open","ping_status":"open","sticky":false,"template":"","format":"standard","meta":{"jetpack_post_was_ever_published":false,"_jetpack_newsletter_access":"","_jetpack_dont_email_post_to_subs":false,"_jetpack_newsletter_tier_id":0,"_jetpack_memberships_contains_paywalled_content":false,"_jetpack_memberships_contains_paid_content":false,"footnotes":"","jetpack_publicize_message":"","jetpack_publicize_feature_enabled":true,"jetpack_social_post_already_shared":true,"jetpack_social_options":{"image_generator_settings":{"template":"highway","default_image_id":0,"font":"","enabled":false},"version":2}},"categories":[28],"tags":[321,261,341,447,57,161,15,95,20],"class_list":["post-93449","post","type-post","status-publish","format-standard","hentry","category-geral-notas","tag-campanha","tag-eleicoes","tag-fundo-partidario","tag-ministerio-publico","tag-natal","tag-pt","tag-rs","tag-sp","tag-sus"],"aioseo_notices":[],"jetpack_publicize_connections":[],"jetpack_featured_media_url":"","jetpack_shortlink":"https:\/\/wp.me\/pbKhrD-ojf","jetpack-related-posts":[{"id":85030,"url":"https:\/\/www.jornalja.com.br\/geral\/tse-aprova-divisao-proporcional-de-verba-de-campanha-entre-candidatos-negros-e-brancos-mas-para-2022\/","url_meta":{"origin":93449,"position":0},"title":"TSE aprova divis\u00e3o proporcional de verba de campanha entre candidatos negros e brancos, mas para 2022","author":"da Reda\u00e7\u00e3o","date":"26 de agosto de 2020","format":false,"excerpt":"A distribui\u00e7\u00e3o dos recursos do Fundo Especial de Financiamento de Campanha (FEFC) e do tempo de propaganda eleitoral gratuita no r\u00e1dio e na televis\u00e3o deve ser proporcional ao total de candidatos negros que o partido apresentar para a disputa eleitoral, decidiu na noite desta ter\u00e7a-feira (25) o Plen\u00e1rio do Tribunal\u2026","rel":"","context":"Em &quot;Geral-NOTAS&quot;","block_context":{"text":"Geral-NOTAS","link":"https:\/\/www.jornalja.com.br\/geral\/category\/geral-notas\/"},"img":{"alt_text":"","src":"","width":0,"height":0},"classes":[]},{"id":85596,"url":"https:\/\/www.jornalja.com.br\/geral\/liminar-aponta-que-divisao-de-recursos-entre-brancos-e-negros-vale-para-eleicoes-de-2020\/","url_meta":{"origin":93449,"position":1},"title":"Liminar aponta que divis\u00e3o de recursos entre brancos e negros vale para elei\u00e7\u00f5es de 2020","author":"da Reda\u00e7\u00e3o","date":"10 de setembro de 2020","format":false,"excerpt":"Partidos pol\u00edticos ter\u00e3o que dividir recursos do Fundo Especial de Financiamento de Campanha (FEFC) e o tempo de r\u00e1dio e televis\u00e3o entre candidatos brancos e negros nas elei\u00e7\u00f5es municipais deste ano. A decis\u00e3o \u00e9 do ministro do Supremo Tribunal Federal (STF) Ricardo Lewandowski que atendeu a pedido de liminar feito\u2026","rel":"","context":"Em &quot;Geral-NOTAS&quot;","block_context":{"text":"Geral-NOTAS","link":"https:\/\/www.jornalja.com.br\/geral\/category\/geral-notas\/"},"img":{"alt_text":"","src":"","width":0,"height":0},"classes":[]},{"id":100459,"url":"https:\/\/www.jornalja.com.br\/geral\/100459-2\/","url_meta":{"origin":93449,"position":2},"title":"Congresso captura mais de R$ 70 bilh\u00f5es no or\u00e7amento para campanha de 2026","author":"da Reda\u00e7\u00e3o","date":"29 de dezembro de 2025","format":false,"excerpt":"Ano de elei\u00e7\u00f5es gerais -presidente, governadores, deputados estaduais\/federais e senadores \u2013 2026 ter\u00e1 os neg\u00f3cios turbinados pelas campanhas eleitorais. No or\u00e7amento, aprovado na \u00faltima sess\u00e3o conjunta de C\u00e2mara e Senado em 19 de dezembro de 2025, os arranjos parlamentares\u00a0 destinaram mais de 70 bilh\u00f5es para financiar o jogo pol\u00edtico ao\u2026","rel":"","context":"Em &quot;Geral-MAT\u00c9RIA&quot;","block_context":{"text":"Geral-MAT\u00c9RIA","link":"https:\/\/www.jornalja.com.br\/geral\/category\/geral\/"},"img":{"alt_text":"","src":"https:\/\/i0.wp.com\/www.jornalja.com.br\/geral\/wp-content\/uploads\/sites\/4\/2025\/12\/orcamento-2026-votacao.jpeg?resize=350%2C200&ssl=1","width":350,"height":200,"srcset":"https:\/\/i0.wp.com\/www.jornalja.com.br\/geral\/wp-content\/uploads\/sites\/4\/2025\/12\/orcamento-2026-votacao.jpeg?resize=350%2C200&ssl=1 1x, https:\/\/i0.wp.com\/www.jornalja.com.br\/geral\/wp-content\/uploads\/sites\/4\/2025\/12\/orcamento-2026-votacao.jpeg?resize=525%2C300&ssl=1 1.5x, https:\/\/i0.wp.com\/www.jornalja.com.br\/geral\/wp-content\/uploads\/sites\/4\/2025\/12\/orcamento-2026-votacao.jpeg?resize=700%2C400&ssl=1 2x"},"classes":[]},{"id":85859,"url":"https:\/\/www.jornalja.com.br\/geral\/tribunal-lanca-campanha-para-combater-noticias-falsas-na-eleicao\/","url_meta":{"origin":93449,"position":3},"title":"Tribunal lan\u00e7a campanha para combater not\u00edcias falsas na elei\u00e7\u00e3o","author":"da Reda\u00e7\u00e3o","date":"29 de setembro de 2020","format":false,"excerpt":"Ser\u00e1 lan\u00e7ada nesta ter\u00e7a, 29, a nova campanha do Tribunal Superior Eleitoral (TSE) contra a desinforma\u00e7\u00e3o: \u201c#EuVotoSemFake\u201d, dirigida ao eleitor que vai votar nas elei\u00e7\u00f5es de novembro. A inten\u00e7\u00e3o \u00e9 chamar\u00a0 aten\u00e7\u00e3o para o papel do eleitor na divulga\u00e7\u00e3o de informa\u00e7\u00f5es verdadeiras durante as Elei\u00e7\u00f5es Municipais 2020 e sobre como\u2026","rel":"","context":"Em &quot;Geral-MAT\u00c9RIA&quot;","block_context":{"text":"Geral-MAT\u00c9RIA","link":"https:\/\/www.jornalja.com.br\/geral\/category\/geral\/"},"img":{"alt_text":"","src":"https:\/\/i0.wp.com\/www.jornalja.com.br\/geral\/wp-content\/uploads\/sites\/4\/2020\/09\/eleicoes-2020-eu-voto-sem-fake.jpeg?resize=350%2C200&ssl=1","width":350,"height":200,"srcset":"https:\/\/i0.wp.com\/www.jornalja.com.br\/geral\/wp-content\/uploads\/sites\/4\/2020\/09\/eleicoes-2020-eu-voto-sem-fake.jpeg?resize=350%2C200&ssl=1 1x, https:\/\/i0.wp.com\/www.jornalja.com.br\/geral\/wp-content\/uploads\/sites\/4\/2020\/09\/eleicoes-2020-eu-voto-sem-fake.jpeg?resize=525%2C300&ssl=1 1.5x"},"classes":[]},{"id":85493,"url":"https:\/\/www.jornalja.com.br\/geral\/candidatos-a-prefeitura-de-porto-alegre-podem-gastar-ate-r-66-milhoes-na-campanha\/","url_meta":{"origin":93449,"position":4},"title":"Candidatos a prefeito de Porto Alegre podem gastar at\u00e9 R$ 6,6 milh\u00f5es na campanha","author":"da Reda\u00e7\u00e3o","date":"3 de setembro de 2020","format":false,"excerpt":"Cada candidato ao cargo de prefeito em Porto Alegre poder\u00e1 gastar at\u00e9 R$ 6.663.581,68 durante a campanha eleitoral deste ano. O or\u00e7amento foi estipulado pelo Tribunal Superior Eleitoral (TSE) e correspondente aos limites de gastos que os candidatos dever\u00e3o respeitar, em suas respectivas campanhas, atendendo ao que determina a Lei\u2026","rel":"","context":"Em &quot;Geral-MAT\u00c9RIA&quot;","block_context":{"text":"Geral-MAT\u00c9RIA","link":"https:\/\/www.jornalja.com.br\/geral\/category\/geral\/"},"img":{"alt_text":"","src":"","width":0,"height":0},"classes":[]},{"id":85949,"url":"https:\/\/www.jornalja.com.br\/geral\/maioria-do-stf-vota-por-verba-proporcional-para-negros-ja-na-eleicao-2020\/","url_meta":{"origin":93449,"position":5},"title":"Maioria do STF vota por verba proporcional para negros j\u00e1 na elei\u00e7\u00e3o 2020","author":"da Reda\u00e7\u00e3o","date":"2 de outubro de 2020","format":false,"excerpt":"O plen\u00e1rio do Supremo Tribunal Federal (STF) formou hoje (2) maioria de seis votos para que os partidos promovam, j\u00e1 nas elei\u00e7\u00f5es municipais deste ano, a destina\u00e7\u00e3o proporcional aos candidatos negros dos recursos de financiamento de campanha e do tempo de propaganda eleitoral gratuita na TV e no r\u00e1dio. O\u2026","rel":"","context":"Em &quot;Geral-ELEI\u00c7\u00d5ES2020&quot;","block_context":{"text":"Geral-ELEI\u00c7\u00d5ES2020","link":"https:\/\/www.jornalja.com.br\/geral\/category\/eleicoes2020\/"},"img":{"alt_text":"","src":"https:\/\/i0.wp.com\/www.jornalja.com.br\/geral\/wp-content\/uploads\/sites\/4\/2020\/10\/urna-jose-cruz-2350.jpg?resize=350%2C200&ssl=1","width":350,"height":200,"srcset":"https:\/\/i0.wp.com\/www.jornalja.com.br\/geral\/wp-content\/uploads\/sites\/4\/2020\/10\/urna-jose-cruz-2350.jpg?resize=350%2C200&ssl=1 1x, https:\/\/i0.wp.com\/www.jornalja.com.br\/geral\/wp-content\/uploads\/sites\/4\/2020\/10\/urna-jose-cruz-2350.jpg?resize=525%2C300&ssl=1 1.5x, https:\/\/i0.wp.com\/www.jornalja.com.br\/geral\/wp-content\/uploads\/sites\/4\/2020\/10\/urna-jose-cruz-2350.jpg?resize=700%2C400&ssl=1 2x, https:\/\/i0.wp.com\/www.jornalja.com.br\/geral\/wp-content\/uploads\/sites\/4\/2020\/10\/urna-jose-cruz-2350.jpg?resize=1050%2C600&ssl=1 3x"},"classes":[]}],"jetpack_sharing_enabled":true,"_links":{"self":[{"href":"https:\/\/www.jornalja.com.br\/geral\/wp-json\/wp\/v2\/posts\/93449","targetHints":{"allow":["GET"]}}],"collection":[{"href":"https:\/\/www.jornalja.com.br\/geral\/wp-json\/wp\/v2\/posts"}],"about":[{"href":"https:\/\/www.jornalja.com.br\/geral\/wp-json\/wp\/v2\/types\/post"}],"author":[{"embeddable":true,"href":"https:\/\/www.jornalja.com.br\/geral\/wp-json\/wp\/v2\/users\/4"}],"replies":[{"embeddable":true,"href":"https:\/\/www.jornalja.com.br\/geral\/wp-json\/wp\/v2\/comments?post=93449"}],"version-history":[{"count":2,"href":"https:\/\/www.jornalja.com.br\/geral\/wp-json\/wp\/v2\/posts\/93449\/revisions"}],"predecessor-version":[{"id":93452,"href":"https:\/\/www.jornalja.com.br\/geral\/wp-json\/wp\/v2\/posts\/93449\/revisions\/93452"}],"wp:attachment":[{"href":"https:\/\/www.jornalja.com.br\/geral\/wp-json\/wp\/v2\/media?parent=93449"}],"wp:term":[{"taxonomy":"category","embeddable":true,"href":"https:\/\/www.jornalja.com.br\/geral\/wp-json\/wp\/v2\/categories?post=93449"},{"taxonomy":"post_tag","embeddable":true,"href":"https:\/\/www.jornalja.com.br\/geral\/wp-json\/wp\/v2\/tags?post=93449"}],"curies":[{"name":"wp","href":"https:\/\/api.w.org\/{rel}","templated":true}]}}