{"id":93576,"date":"2022-08-25T22:35:25","date_gmt":"2022-08-26T01:35:25","guid":{"rendered":"https:\/\/www.jornalja.com.br\/geral\/?p=93576"},"modified":"2022-08-26T12:30:43","modified_gmt":"2022-08-26T15:30:43","slug":"lula-no-jn-a-entrevista-de-um-estadista","status":"publish","type":"post","link":"https:\/\/www.jornalja.com.br\/geral\/lula-no-jn-a-entrevista-de-um-estadista\/","title":{"rendered":"Lula no JN: a entrevista de um estadista"},"content":{"rendered":"<p>Lula mostrou na entrevista do Jornal Nacional porque \u00e9 l\u00edder nas pesquisas para a Presid\u00eancia da Rep\u00fablica, mantendo-se desde o in\u00edcio acima dos 40% das inten\u00e7\u00f5es de voto.<\/p>\n<p>As perguntas foram \u00f3bvias e viciadas, o candidato, que busca o terceiro mandato presidencial, tirou de letra. Da Lava Jato ao Mensal\u00e3o. &#8220;O que \u00e9 o or\u00e7amento secreto?&#8221;<\/p>\n<p>Quando o entrevistador questionou a alian\u00e7a com Alckmin, &#8220;ainda n\u00e3o aceita por parte do PT&#8221;, rebateu: &#8220;N\u00e3o estamos vivendo no mesmo mundo, Bonner&#8221;.\u00a0 Quando Renata Vasconcelos\u00a0 referiu-se \u00e0s invas\u00f5es de terras, recomendou que visitasse &#8220;uma das cooperativas\u00a0 do MST&#8221;.<\/p>\n<p>O discurso de Lula cont\u00e9m tamb\u00e9m uma boa dose de messianismo, como o de Ciro Gomes, com a diferen\u00e7a do arco de alian\u00e7as que sustenta e d\u00e1 viabilidade \u00e0s propostas da chapa Lula-Alckmin.<\/p>\n<p>Pode perder a elei\u00e7\u00e3o? A pol\u00edtica \u00e9 cruel. Mas se o pa\u00eds precisa de um estadista, ele est\u00e1 pronto.<\/p>\n<p>&nbsp;<\/p>\n","protected":false},"excerpt":{"rendered":"<p>Lula mostrou na entrevista do Jornal Nacional porque \u00e9 l\u00edder nas pesquisas para a Presid\u00eancia da Rep\u00fablica, mantendo-se desde o in\u00edcio acima dos 40% das inten\u00e7\u00f5es de voto. As perguntas foram \u00f3bvias e viciadas, o candidato, que busca o terceiro mandato presidencial, tirou de letra. Da Lava Jato ao Mensal\u00e3o. &#8220;O que \u00e9 o or\u00e7amento [&hellip;]<\/p>\n","protected":false},"author":5,"featured_media":93577,"comment_status":"open","ping_status":"open","sticky":false,"template":"","format":"standard","meta":{"jetpack_post_was_ever_published":false,"_jetpack_newsletter_access":"","_jetpack_dont_email_post_to_subs":false,"_jetpack_newsletter_tier_id":0,"_jetpack_memberships_contains_paywalled_content":false,"_jetpack_memberships_contains_paid_content":false,"footnotes":"","jetpack_publicize_message":"","jetpack_publicize_feature_enabled":true,"jetpack_social_post_already_shared":true,"jetpack_social_options":{"image_generator_settings":{"template":"highway","default_image_id":0,"font":"","enabled":false},"version":2}},"categories":[2],"tags":[246,158,247,161,15,149,95,20],"class_list":["post-93576","post","type-post","status-publish","format-standard","has-post-thumbnail","hentry","category-geral","tag-lava-jato","tag-lula","tag-politica","tag-pt","tag-rs","tag-sc","tag-sp","tag-sus"],"aioseo_notices":[],"jetpack_publicize_connections":[],"jetpack_featured_media_url":"https:\/\/www.jornalja.com.br\/geral\/wp-content\/uploads\/sites\/4\/2022\/08\/eleicoes-2022-lula-no-jornal-nacional.jpg","jetpack_shortlink":"https:\/\/wp.me\/pbKhrD-oli","jetpack-related-posts":[{"id":91615,"url":"https:\/\/www.jornalja.com.br\/geral\/recado-de-lula-e-claro-o-vice-e-escolha-do-candidato-e-o-nome-dele-e-alckmin\/","url_meta":{"origin":93576,"position":0},"title":"Recado de Lula \u00e9 claro: o vice \u00e9 escolha do candidato e o nome dele \u00e9 Geraldo Alckmin","author":"Elmar Bones","date":"22 de janeiro de 2022","format":false,"excerpt":"O fato pol\u00edtico da semana foi a entrevista do ex-presidente Lula, na quarta-feira, 19, a oito jornalistas*\u00a0 da m\u00eddia alternativa. Por raz\u00f5es \u00f3bvias, teve pouca repercuss\u00e3o na m\u00eddia empresarial, embora o Valor tenha vinculado a queda do d\u00f3lar e a alta na bolsa, naquele dia, ao tom moderado do discurso\u2026","rel":"","context":"Em &quot;Geral-MAT\u00c9RIA&quot;","block_context":{"text":"Geral-MAT\u00c9RIA","link":"https:\/\/www.jornalja.com.br\/geral\/category\/geral\/"},"img":{"alt_text":"","src":"https:\/\/i0.wp.com\/www.jornalja.com.br\/geral\/wp-content\/uploads\/sites\/4\/2022\/01\/lula-entrevisa-a-blogs.png?resize=350%2C200&ssl=1","width":350,"height":200},"classes":[]},{"id":100576,"url":"https:\/\/www.jornalja.com.br\/geral\/ministro-da-justica-nomeado-por-lula-ficou-14-dias-no-cargo-no-governo-dilma\/","url_meta":{"origin":93576,"position":1},"title":"Ministro da Justi\u00e7a nomeado por Lula ficou 14 dias no cargo no governo Dilma","author":"da Reda\u00e7\u00e3o","date":"13 de janeiro de 2026","format":false,"excerpt":"Wellington C\u00e9sar Lima e Silva, nomeado pelo presidente Lula para o Minist\u00e9rio da Justi\u00e7a, j\u00e1 exerceu o cargo no governo de Dilma Rousseff . Foi nomeado em mar\u00e7o de 2016 e ficou apenas 14 dias no cargo. O Supremo Tribunal Federal (STF) decidiu que integrantes do Minist\u00e9rio P\u00fablico ( Wellington\u2026","rel":"","context":"Em &quot;MANCHETE do Site&quot;","block_context":{"text":"MANCHETE do Site","link":"https:\/\/www.jornalja.com.br\/geral\/category\/manchete-do-site\/"},"img":{"alt_text":"","src":"https:\/\/i0.wp.com\/www.jornalja.com.br\/geral\/wp-content\/uploads\/sites\/4\/2026\/01\/lula-e-o-novo-ministro-da-justica.png?resize=350%2C200&ssl=1","width":350,"height":200},"classes":[]},{"id":100444,"url":"https:\/\/www.jornalja.com.br\/geral\/ano-comeca-com-lula-e-dilma-na-retomada-do-polo-naval-de-rio-gramde\/","url_meta":{"origin":93576,"position":2},"title":"Ano come\u00e7a com Lula e Dilma na retomada do Polo Naval de Rio Grande","author":"da Reda\u00e7\u00e3o","date":"23 de dezembro de 2025","format":false,"excerpt":"Um ano depois da assinatura do primeiro contrato que marca a retomada do Polo Naval, em Rio Grande, o presidente Lula volta \u00e0 cidade neste 7 de janeiro,\u00a0 dando partida \u00e0 constru\u00e7\u00e3o de quatro navios\u00a0 encomendados pela Transpetro. Da primeira vez, em fevereiro de 2025, ele trouxe o vice-presidente Geraldo\u00a0\u2026","rel":"","context":"Em &quot;Geral-MAT\u00c9RIA&quot;","block_context":{"text":"Geral-MAT\u00c9RIA","link":"https:\/\/www.jornalja.com.br\/geral\/category\/geral\/"},"img":{"alt_text":"","src":"https:\/\/i0.wp.com\/www.jornalja.com.br\/geral\/wp-content\/uploads\/sites\/4\/2025\/12\/polo-naval-no-auge-construcao-de-plataformas.png?resize=350%2C200&ssl=1","width":350,"height":200},"classes":[]},{"id":90841,"url":"https:\/\/www.jornalja.com.br\/geral\/lula-confirma-negociacoes-para-ter-geraldo-alkmin-como-vice-em-2022\/","url_meta":{"origin":93576,"position":3},"title":"Lula confirma negocia\u00e7\u00f5es para ter Geraldo Alkmin como vice em 2022","author":"da Reda\u00e7\u00e3o","date":"16 de novembro de 2021","format":false,"excerpt":"O ex-presidente Lula, pr\u00e9 candidato \u00e0 presid\u00eancia pelo PT,\u00a0 aproveitou uma entrevista no parlamento europeu, nesta segunda-feira (15), para fazer um aceno p\u00fablico ao ex-governador de S\u00e3o Paulo Geraldo Alckmin (PSDB), cotado nos \u00faltimos dias para ser um poss\u00edvel vice-presidente na sua chapa em 2022. \u201cEu tenho uma extraordin\u00e1ria rela\u00e7\u00e3o\u2026","rel":"","context":"Em &quot;Geral-MAT\u00c9RIA&quot;","block_context":{"text":"Geral-MAT\u00c9RIA","link":"https:\/\/www.jornalja.com.br\/geral\/category\/geral\/"},"img":{"alt_text":"","src":"https:\/\/i0.wp.com\/www.jornalja.com.br\/geral\/wp-content\/uploads\/sites\/4\/2021\/11\/lula-no-parlamento-europeu-reproducao.png?resize=350%2C200&ssl=1","width":350,"height":200,"srcset":"https:\/\/i0.wp.com\/www.jornalja.com.br\/geral\/wp-content\/uploads\/sites\/4\/2021\/11\/lula-no-parlamento-europeu-reproducao.png?resize=350%2C200&ssl=1 1x, https:\/\/i0.wp.com\/www.jornalja.com.br\/geral\/wp-content\/uploads\/sites\/4\/2021\/11\/lula-no-parlamento-europeu-reproducao.png?resize=525%2C300&ssl=1 1.5x, https:\/\/i0.wp.com\/www.jornalja.com.br\/geral\/wp-content\/uploads\/sites\/4\/2021\/11\/lula-no-parlamento-europeu-reproducao.png?resize=700%2C400&ssl=1 2x"},"classes":[]},{"id":101078,"url":"https:\/\/www.jornalja.com.br\/geral\/como-foi-costurado-o-acordo-que-fez-o-pt-apoiar-juliana-brizola\/","url_meta":{"origin":93576,"position":4},"title":"Como foi costurado o acordo que fez o PT apoiar Juliana Brizola","author":"da Reda\u00e7\u00e3o","date":"17 de abril de 2026","format":false,"excerpt":"O PDT foi o partido que mais perdeu representantes na \u201cjanela partid\u00e1ria\u201d que fechou em 3 de abril. Tinha tr\u00eas senadores, ficou com dois. Tinha 17 deputados federais, caiu para 11. Perdeu tamb\u00e9m 9 dos 43 deputados estaduais que elegeu em 2022. No \u00e2mbito municipal, o PDT tem prefeitos em\u2026","rel":"","context":"Em &quot;Geral-MAT\u00c9RIA&quot;","block_context":{"text":"Geral-MAT\u00c9RIA","link":"https:\/\/www.jornalja.com.br\/geral\/category\/geral\/"},"img":{"alt_text":"","src":"https:\/\/www.jornalja.com.br\/geral\/wp-content\/uploads\/sites\/4\/2026\/04\/pdt-lupi-juliana-e-lula.avif","width":350,"height":200,"srcset":"https:\/\/www.jornalja.com.br\/geral\/wp-content\/uploads\/sites\/4\/2026\/04\/pdt-lupi-juliana-e-lula.avif 1x, https:\/\/www.jornalja.com.br\/geral\/wp-content\/uploads\/sites\/4\/2026\/04\/pdt-lupi-juliana-e-lula.avif 1.5x, https:\/\/www.jornalja.com.br\/geral\/wp-content\/uploads\/sites\/4\/2026\/04\/pdt-lupi-juliana-e-lula.avif 2x"},"classes":[]},{"id":87371,"url":"https:\/\/www.jornalja.com.br\/geral\/entrevista-de-lula-sera-as-13h30-no-sindicato-dos-metalurgicos-em-sao-bernardo\/","url_meta":{"origin":93576,"position":5},"title":"Entrevista de Lula adiada para quarta-feira, 11h","author":"da Reda\u00e7\u00e3o","date":"9 de mar\u00e7o de 2021","format":false,"excerpt":"A entrevista do ex-presidente Lula,\u00a0 na sede do sindicato dos Metal\u00fargicos em S\u00e3o Bernardo do Campo, marcada para as 13h30 desta ter\u00e7a-feira, 9, foi adiada para a quarta-feira, 11 horas. \u00c9 a primeira entrevista coletiva de Lula depois da decis\u00e3o do ministro Edison Fachin, do STF, de anular todas as\u2026","rel":"","context":"Em &quot;Geral-NOTAS&quot;","block_context":{"text":"Geral-NOTAS","link":"https:\/\/www.jornalja.com.br\/geral\/category\/geral-notas\/"},"img":{"alt_text":"","src":"","width":0,"height":0},"classes":[]}],"jetpack_sharing_enabled":true,"_links":{"self":[{"href":"https:\/\/www.jornalja.com.br\/geral\/wp-json\/wp\/v2\/posts\/93576","targetHints":{"allow":["GET"]}}],"collection":[{"href":"https:\/\/www.jornalja.com.br\/geral\/wp-json\/wp\/v2\/posts"}],"about":[{"href":"https:\/\/www.jornalja.com.br\/geral\/wp-json\/wp\/v2\/types\/post"}],"author":[{"embeddable":true,"href":"https:\/\/www.jornalja.com.br\/geral\/wp-json\/wp\/v2\/users\/5"}],"replies":[{"embeddable":true,"href":"https:\/\/www.jornalja.com.br\/geral\/wp-json\/wp\/v2\/comments?post=93576"}],"version-history":[{"count":5,"href":"https:\/\/www.jornalja.com.br\/geral\/wp-json\/wp\/v2\/posts\/93576\/revisions"}],"predecessor-version":[{"id":93599,"href":"https:\/\/www.jornalja.com.br\/geral\/wp-json\/wp\/v2\/posts\/93576\/revisions\/93599"}],"wp:featuredmedia":[{"embeddable":true,"href":"https:\/\/www.jornalja.com.br\/geral\/wp-json\/wp\/v2\/media\/93577"}],"wp:attachment":[{"href":"https:\/\/www.jornalja.com.br\/geral\/wp-json\/wp\/v2\/media?parent=93576"}],"wp:term":[{"taxonomy":"category","embeddable":true,"href":"https:\/\/www.jornalja.com.br\/geral\/wp-json\/wp\/v2\/categories?post=93576"},{"taxonomy":"post_tag","embeddable":true,"href":"https:\/\/www.jornalja.com.br\/geral\/wp-json\/wp\/v2\/tags?post=93576"}],"curies":[{"name":"wp","href":"https:\/\/api.w.org\/{rel}","templated":true}]}}