{"id":93614,"date":"2022-08-29T08:47:48","date_gmt":"2022-08-29T11:47:48","guid":{"rendered":"https:\/\/www.jornalja.com.br\/geral\/?p=93614"},"modified":"2022-08-29T08:47:48","modified_gmt":"2022-08-29T11:47:48","slug":"eleicoes-2022-candidata-a-presidencia-pelo-pstu-faz-campanha-no-rs","status":"publish","type":"post","link":"https:\/\/www.jornalja.com.br\/geral\/eleicoes-2022-candidata-a-presidencia-pelo-pstu-faz-campanha-no-rs\/","title":{"rendered":"Elei\u00e7\u00f5es 2022: candidata \u00e0 presid\u00eancia pelo PSTU faz campanha no RS"},"content":{"rendered":"<p>A candidata \u00e0 presid\u00eancia da Rep\u00fablica pelo PSTU, Vera L\u00facia, ficar\u00e1 quatro dias no Rio Grande do Sul, a partir desta segunda-feira, dia 29. Vera L\u00facia concorre ao cargo, tendo a ind\u00edgena Kun\u00e3 Ypor\u00e3 (Raquel Trememb\u00e9), da etnia Trememb\u00e9, do Maranh\u00e3o, como candidata a vice-presidente.<\/p>\n<p>No seu percurso pelo interior e capital ga\u00facha, ela ser\u00e1 acompanhada por Rejane de Oliveira, candidata ao governo estadual e por Fabiana Sanguin\u00e9, candidata ao Senado pela sigla. Uma das caracter\u00edsticas das chapas do PSTU nessa elei\u00e7\u00e3o \u00e9 ter como destaque a participa\u00e7\u00e3o de mulheres, negras e socialistas.<\/p>\n<p>A primeira parada das candidatas do PSTU ser\u00e1 em Passo Fundo, dia 29.<\/p>\n<p>No dia seguinte, 30 de agosto, ter\u00e7a-feira, v\u00e3o \u00e0 Santa Cruz do Sul e dia 31, quarta-feira, em Santa Maria. Com Vera L\u00facia encerrando a vinda ao sul, dia 1\u00ba de setembro, em Porto Alegre.<\/p>\n<p>Governo para oprimidos<\/p>\n<p>Durante suas falas nessa campanha, Vera L\u00facia defende a estatiza\u00e7\u00e3o das 110 maiores empresas do pa\u00eds, os bancos e a agroind\u00fastria, al\u00e9m da revoga\u00e7\u00e3o das reformas e leis que retiraram direitos dos trabalhadores. Segundo ela, a chapa composta por ela e Raquel Trememb\u00e9, \u00e9 uma chapa ind\u00edgena, negra e oper\u00e1ria, que responde aos setores mais oprimidos da classe trabalhadora brasileira.<\/p>\n<p>Vera L\u00facia, tem 54 anos e \u00e9 natural de Inaj\u00e1, Pernambuco. Oper\u00e1ria sapateira, \u00e9 formada em ci\u00eancias sociais pela Universidade Federal de Sergipe. Iniciou sua milit\u00e2ncia ao come\u00e7ar a trabalhar em uma f\u00e1brica de cal\u00e7ados, aos 19 anos. Est\u00e1 no PSTU desde a sua funda\u00e7\u00e3o, em 1994. J\u00e1 foi candidata ao governo de Sergipe, \u00e0 prefeitura de Aracaju e \u00e0 C\u00e2mara dos Deputados. Em 2018, foi candidata \u00e0 Presid\u00eancia da Rep\u00fablica e teve como vice o professor Hertz Dias, do Maranh\u00e3o. Em 2020, Vera foi a 1\u00aa mulher negra a disputar a prefeitura de S\u00e3o Paulo (SP), cidade onde mora atualmente.<\/p>\n<p>(Com informa\u00e7\u00f5es da Assessoria de Imprensa)<\/p>\n<p>&nbsp;<\/p>\n<p>\u00c1rea<\/p>\n","protected":false},"excerpt":{"rendered":"<p>A candidata \u00e0 presid\u00eancia da Rep\u00fablica pelo PSTU, Vera L\u00facia, ficar\u00e1 quatro dias no Rio Grande do Sul, a partir desta segunda-feira, dia 29. Vera L\u00facia concorre ao cargo, tendo a ind\u00edgena Kun\u00e3 Ypor\u00e3 (Raquel Trememb\u00e9), da etnia Trememb\u00e9, do Maranh\u00e3o, como candidata a vice-presidente. No seu percurso pelo interior e capital ga\u00facha, ela ser\u00e1 [&hellip;]<\/p>\n","protected":false},"author":4,"featured_media":93615,"comment_status":"open","ping_status":"open","sticky":false,"template":"","format":"standard","meta":{"jetpack_post_was_ever_published":false,"_jetpack_newsletter_access":"","_jetpack_dont_email_post_to_subs":false,"_jetpack_newsletter_tier_id":0,"_jetpack_memberships_contains_paywalled_content":false,"_jetpack_memberships_contains_paid_content":false,"footnotes":"","jetpack_publicize_message":"","jetpack_publicize_feature_enabled":true,"jetpack_social_post_already_shared":true,"jetpack_social_options":{"image_generator_settings":{"template":"highway","default_image_id":0,"font":"","enabled":false},"version":2}},"categories":[2],"tags":[87,238,240,343,321,339,261,236,312,4,132,300,179,14,15,186,95,530],"class_list":["post-93614","post","type-post","status-publish","format-standard","has-post-thumbnail","hentry","category-geral","tag-ari","tag-brasil","tag-camara","tag-camara-dos-deputados","tag-campanha","tag-deputados","tag-eleicoes","tag-governo","tag-governo-estadual","tag-imprensa","tag-porto-alegre","tag-prefeitura","tag-reformas","tag-rio-grande-do-sul","tag-rs","tag-sao-paulo","tag-sp","tag-stu"],"aioseo_notices":[],"jetpack_publicize_connections":[],"jetpack_featured_media_url":"https:\/\/www.jornalja.com.br\/geral\/wp-content\/uploads\/sites\/4\/2022\/08\/eleicoes-2022-candidata-do-pstu-a-presidencia-vera-lucia-1.jpg","jetpack_shortlink":"https:\/\/wp.me\/pbKhrD-olU","jetpack-related-posts":[{"id":92792,"url":"https:\/\/www.jornalja.com.br\/geral\/eleicoes-2022-pstu-lanca-pre-candidatas-com-criticas-ao-pt-e-a-politica-da-conciliacao\/","url_meta":{"origin":93614,"position":0},"title":"Elei\u00e7\u00f5es 2022: PSTU lan\u00e7a pr\u00e9-candidatas com cr\u00edticas ao PT e \u00e0 &#8220;politica da concilia\u00e7\u00e3o&#8221; \u00a0","author":"da Reda\u00e7\u00e3o","date":"6 de junho de 2022","format":false,"excerpt":"O PSTU e o Polo Socialista Revolucion\u00e1rio lan\u00e7aram no s\u00e1bado, 04, como pr\u00e9-candidata ao governo do Rio Grande do Sul nas elei\u00e7\u00f5es de outubro, a educadora Rejane de Oliveira. Ativista sindical, negra, socialista e duas vezes presidente do CPERS, ela \u00e9 a \u00fanica candidata feminina ao cargo no Rio Grande\u2026","rel":"","context":"Em &quot;Geral-MAT\u00c9RIA&quot;","block_context":{"text":"Geral-MAT\u00c9RIA","link":"https:\/\/www.jornalja.com.br\/geral\/category\/geral\/"},"img":{"alt_text":"","src":"https:\/\/i0.wp.com\/www.jornalja.com.br\/geral\/wp-content\/uploads\/sites\/4\/2022\/06\/eleicoes-2022-pstu-lanca-foto-principal-scaled.jpg?resize=350%2C200&ssl=1","width":350,"height":200,"srcset":"https:\/\/i0.wp.com\/www.jornalja.com.br\/geral\/wp-content\/uploads\/sites\/4\/2022\/06\/eleicoes-2022-pstu-lanca-foto-principal-scaled.jpg?resize=350%2C200&ssl=1 1x, https:\/\/i0.wp.com\/www.jornalja.com.br\/geral\/wp-content\/uploads\/sites\/4\/2022\/06\/eleicoes-2022-pstu-lanca-foto-principal-scaled.jpg?resize=525%2C300&ssl=1 1.5x, https:\/\/i0.wp.com\/www.jornalja.com.br\/geral\/wp-content\/uploads\/sites\/4\/2022\/06\/eleicoes-2022-pstu-lanca-foto-principal-scaled.jpg?resize=700%2C400&ssl=1 2x, https:\/\/i0.wp.com\/www.jornalja.com.br\/geral\/wp-content\/uploads\/sites\/4\/2022\/06\/eleicoes-2022-pstu-lanca-foto-principal-scaled.jpg?resize=1050%2C600&ssl=1 3x, https:\/\/i0.wp.com\/www.jornalja.com.br\/geral\/wp-content\/uploads\/sites\/4\/2022\/06\/eleicoes-2022-pstu-lanca-foto-principal-scaled.jpg?resize=1400%2C800&ssl=1 4x"},"classes":[]},{"id":93400,"url":"https:\/\/www.jornalja.com.br\/geral\/vera-lucia-do-pstu-inicia-campanha-a-presidencia-em-sao-paulo\/","url_meta":{"origin":93614,"position":1},"title":"Vera L\u00facia, do PSTU, inicia campanha \u00e0 Presid\u00eancia em S\u00e3o Paulo","author":"da Reda\u00e7\u00e3o","date":"16 de agosto de 2022","format":false,"excerpt":"\u00a0 A candidata do PSTU \u00e0 Presid\u00eancia, Vera L\u00facia come\u00e7a sua campanha em S\u00e3o Paulo, nesta ter\u00e7a-feira, 16. De manh\u00e3, ela fez \u00a0panfletagem no Largo da Conc\u00f3rdia, no Br\u00e1s. \u00c0s 13h30 visitou a f\u00e1brica Deka, em \u00c1gua Branca, zona oeste da cidade. Em nota, a candidata disse que o in\u00edcio\u2026","rel":"","context":"Em &quot;Geral-MAT\u00c9RIA&quot;","block_context":{"text":"Geral-MAT\u00c9RIA","link":"https:\/\/www.jornalja.com.br\/geral\/category\/geral\/"},"img":{"alt_text":"","src":"https:\/\/i0.wp.com\/www.jornalja.com.br\/geral\/wp-content\/uploads\/sites\/4\/2022\/08\/eleicoes-2022-candidata-do-pstu-a-presidencia-vera-lucia.jpg?resize=350%2C200&ssl=1","width":350,"height":200,"srcset":"https:\/\/i0.wp.com\/www.jornalja.com.br\/geral\/wp-content\/uploads\/sites\/4\/2022\/08\/eleicoes-2022-candidata-do-pstu-a-presidencia-vera-lucia.jpg?resize=350%2C200&ssl=1 1x, https:\/\/i0.wp.com\/www.jornalja.com.br\/geral\/wp-content\/uploads\/sites\/4\/2022\/08\/eleicoes-2022-candidata-do-pstu-a-presidencia-vera-lucia.jpg?resize=525%2C300&ssl=1 1.5x"},"classes":[]},{"id":92753,"url":"https:\/\/www.jornalja.com.br\/geral\/ex-presidente-do-cpers-rejane-de-oliveira-sera-candidata-do-pstu-ao-governo-gaucho\/","url_meta":{"origin":93614,"position":2},"title":"Ex-presidente do CPERS, Rejane de Oliveira ser\u00e1 candidata do PSTU ao governo ga\u00facho","author":"da Reda\u00e7\u00e3o","date":"1 de junho de 2022","format":false,"excerpt":"Negra, educadora, socialista e \u00fanica pr\u00e9-candidata feminina ao governo do Rio Grande do Sul, nas elei\u00e7\u00f5es de 2022. Assim o PSTU apresenta Rejane de Oliveira, conhecida l\u00edder sindical, duas vezes presidente do CPERS, pr\u00e9-candidata do partido ao governo do Rio Grande do Sul. O lan\u00e7amento ser\u00e1 no pr\u00f3ximo s\u00e1bado, dia\u2026","rel":"","context":"Em &quot;Geral-MAT\u00c9RIA&quot;","block_context":{"text":"Geral-MAT\u00c9RIA","link":"https:\/\/www.jornalja.com.br\/geral\/category\/geral\/"},"img":{"alt_text":"","src":"https:\/\/i0.wp.com\/www.jornalja.com.br\/geral\/wp-content\/uploads\/sites\/4\/2022\/06\/rejane-foto-pstu.png?resize=350%2C200&ssl=1","width":350,"height":200,"srcset":"https:\/\/i0.wp.com\/www.jornalja.com.br\/geral\/wp-content\/uploads\/sites\/4\/2022\/06\/rejane-foto-pstu.png?resize=350%2C200&ssl=1 1x, https:\/\/i0.wp.com\/www.jornalja.com.br\/geral\/wp-content\/uploads\/sites\/4\/2022\/06\/rejane-foto-pstu.png?resize=525%2C300&ssl=1 1.5x, https:\/\/i0.wp.com\/www.jornalja.com.br\/geral\/wp-content\/uploads\/sites\/4\/2022\/06\/rejane-foto-pstu.png?resize=700%2C400&ssl=1 2x"},"classes":[]},{"id":93238,"url":"https:\/\/www.jornalja.com.br\/geral\/lider-indigena-sera-candidata-a-vice-presidente-da-republica-na-chapa-do-pstu\/","url_meta":{"origin":93614,"position":3},"title":"L\u00edder ind\u00edgena ser\u00e1 candidata a vice-presidente da Rep\u00fablica na chapa do PSTU","author":"da Reda\u00e7\u00e3o","date":"18 de julho de 2022","format":false,"excerpt":"Kun\u00e3 Ypor\u00e3, conhecida tamb\u00e9m como Raquel Trememb\u00e9, ser\u00e1 a vice-presidente na chapa do PSTU,\u00a0 que tem Vera como candidata \u00e0 presid\u00eancia da Rep\u00fablica nas elei\u00e7\u00f5es de 3 de outubro. A pr\u00e9-candidatura ser\u00e1 formalizada em evento virtual na sexta-feira, 22, \u00e0s 19h. \u201cA chapa ser\u00e1 composta por duas mulheres, uma oper\u00e1ria\u2026","rel":"","context":"Em &quot;Geral-MAT\u00c9RIA&quot;","block_context":{"text":"Geral-MAT\u00c9RIA","link":"https:\/\/www.jornalja.com.br\/geral\/category\/geral\/"},"img":{"alt_text":"","src":"https:\/\/i0.wp.com\/www.jornalja.com.br\/geral\/wp-content\/uploads\/sites\/4\/2022\/07\/pstu-lanca-indigena.jpg?resize=350%2C200&ssl=1","width":350,"height":200,"srcset":"https:\/\/i0.wp.com\/www.jornalja.com.br\/geral\/wp-content\/uploads\/sites\/4\/2022\/07\/pstu-lanca-indigena.jpg?resize=350%2C200&ssl=1 1x, https:\/\/i0.wp.com\/www.jornalja.com.br\/geral\/wp-content\/uploads\/sites\/4\/2022\/07\/pstu-lanca-indigena.jpg?resize=525%2C300&ssl=1 1.5x, https:\/\/i0.wp.com\/www.jornalja.com.br\/geral\/wp-content\/uploads\/sites\/4\/2022\/07\/pstu-lanca-indigena.jpg?resize=700%2C400&ssl=1 2x"},"classes":[]},{"id":93013,"url":"https:\/\/www.jornalja.com.br\/geral\/eleicao-2022-candidata-do-pstu-comemora-indice-igual-ao-de-simone-tebet-do-mdb\/","url_meta":{"origin":93614,"position":4},"title":"Elei\u00e7\u00e3o 2022: Candidata do PSTU comemora \u00edndice &#8220;igual ao de Simone Tebet, do MDB&#8221;","author":"da Reda\u00e7\u00e3o","date":"7 de julho de 2022","format":false,"excerpt":"Resultado da pesquisa do Instituto DataFolha, sobre a disputa eleitoral para a presid\u00eancia da Rep\u00fablica, do dia 24 de junho trouxe uma novidade e surpresa nos n\u00fameros: Vera L\u00facia, a pr\u00e9-candidata \u00e0 presid\u00eancia da Rep\u00fablica pelo PSTU e do Polo Socialista Revolucion\u00e1rio marcou 1% na inten\u00e7\u00e3o de votos do eleitor\u2026","rel":"","context":"Em &quot;Geral-MAT\u00c9RIA&quot;","block_context":{"text":"Geral-MAT\u00c9RIA","link":"https:\/\/www.jornalja.com.br\/geral\/category\/geral\/"},"img":{"alt_text":"","src":"https:\/\/i0.wp.com\/www.jornalja.com.br\/geral\/wp-content\/uploads\/sites\/4\/2022\/07\/eleicoes-2022-candndata-do-pstu-scaled.jpg?resize=350%2C200&ssl=1","width":350,"height":200,"srcset":"https:\/\/i0.wp.com\/www.jornalja.com.br\/geral\/wp-content\/uploads\/sites\/4\/2022\/07\/eleicoes-2022-candndata-do-pstu-scaled.jpg?resize=350%2C200&ssl=1 1x, https:\/\/i0.wp.com\/www.jornalja.com.br\/geral\/wp-content\/uploads\/sites\/4\/2022\/07\/eleicoes-2022-candndata-do-pstu-scaled.jpg?resize=525%2C300&ssl=1 1.5x, https:\/\/i0.wp.com\/www.jornalja.com.br\/geral\/wp-content\/uploads\/sites\/4\/2022\/07\/eleicoes-2022-candndata-do-pstu-scaled.jpg?resize=700%2C400&ssl=1 2x, https:\/\/i0.wp.com\/www.jornalja.com.br\/geral\/wp-content\/uploads\/sites\/4\/2022\/07\/eleicoes-2022-candndata-do-pstu-scaled.jpg?resize=1050%2C600&ssl=1 3x, https:\/\/i0.wp.com\/www.jornalja.com.br\/geral\/wp-content\/uploads\/sites\/4\/2022\/07\/eleicoes-2022-candndata-do-pstu-scaled.jpg?resize=1400%2C800&ssl=1 4x"},"classes":[]},{"id":101078,"url":"https:\/\/www.jornalja.com.br\/geral\/como-foi-costurado-o-acordo-que-fez-o-pt-apoiar-juliana-brizola\/","url_meta":{"origin":93614,"position":5},"title":"Como foi costurado o acordo que fez o PT apoiar Juliana Brizola","author":"da Reda\u00e7\u00e3o","date":"17 de abril de 2026","format":false,"excerpt":"O PDT foi o partido que mais perdeu representantes na \u201cjanela partid\u00e1ria\u201d que fechou em 3 de abril. Tinha tr\u00eas senadores, ficou com dois. Tinha 17 deputados federais, caiu para 11. Perdeu tamb\u00e9m 9 dos 43 deputados estaduais que elegeu em 2022. No \u00e2mbito municipal, o PDT tem prefeitos em\u2026","rel":"","context":"Em &quot;Geral-MAT\u00c9RIA&quot;","block_context":{"text":"Geral-MAT\u00c9RIA","link":"https:\/\/www.jornalja.com.br\/geral\/category\/geral\/"},"img":{"alt_text":"","src":"https:\/\/www.jornalja.com.br\/geral\/wp-content\/uploads\/sites\/4\/2026\/04\/pdt-lupi-juliana-e-lula.avif","width":350,"height":200,"srcset":"https:\/\/www.jornalja.com.br\/geral\/wp-content\/uploads\/sites\/4\/2026\/04\/pdt-lupi-juliana-e-lula.avif 1x, https:\/\/www.jornalja.com.br\/geral\/wp-content\/uploads\/sites\/4\/2026\/04\/pdt-lupi-juliana-e-lula.avif 1.5x, https:\/\/www.jornalja.com.br\/geral\/wp-content\/uploads\/sites\/4\/2026\/04\/pdt-lupi-juliana-e-lula.avif 2x"},"classes":[]}],"jetpack_sharing_enabled":true,"_links":{"self":[{"href":"https:\/\/www.jornalja.com.br\/geral\/wp-json\/wp\/v2\/posts\/93614","targetHints":{"allow":["GET"]}}],"collection":[{"href":"https:\/\/www.jornalja.com.br\/geral\/wp-json\/wp\/v2\/posts"}],"about":[{"href":"https:\/\/www.jornalja.com.br\/geral\/wp-json\/wp\/v2\/types\/post"}],"author":[{"embeddable":true,"href":"https:\/\/www.jornalja.com.br\/geral\/wp-json\/wp\/v2\/users\/4"}],"replies":[{"embeddable":true,"href":"https:\/\/www.jornalja.com.br\/geral\/wp-json\/wp\/v2\/comments?post=93614"}],"version-history":[{"count":1,"href":"https:\/\/www.jornalja.com.br\/geral\/wp-json\/wp\/v2\/posts\/93614\/revisions"}],"predecessor-version":[{"id":93616,"href":"https:\/\/www.jornalja.com.br\/geral\/wp-json\/wp\/v2\/posts\/93614\/revisions\/93616"}],"wp:featuredmedia":[{"embeddable":true,"href":"https:\/\/www.jornalja.com.br\/geral\/wp-json\/wp\/v2\/media\/93615"}],"wp:attachment":[{"href":"https:\/\/www.jornalja.com.br\/geral\/wp-json\/wp\/v2\/media?parent=93614"}],"wp:term":[{"taxonomy":"category","embeddable":true,"href":"https:\/\/www.jornalja.com.br\/geral\/wp-json\/wp\/v2\/categories?post=93614"},{"taxonomy":"post_tag","embeddable":true,"href":"https:\/\/www.jornalja.com.br\/geral\/wp-json\/wp\/v2\/tags?post=93614"}],"curies":[{"name":"wp","href":"https:\/\/api.w.org\/{rel}","templated":true}]}}