{"id":93634,"date":"2022-09-05T08:27:31","date_gmt":"2022-09-05T11:27:31","guid":{"rendered":"https:\/\/www.jornalja.com.br\/geral\/?p=93634"},"modified":"2022-09-05T08:27:31","modified_gmt":"2022-09-05T11:27:31","slug":"edegar-pretto-faz-caminhada-com-mulheres-na-lomba-do-pinheiro","status":"publish","type":"post","link":"https:\/\/www.jornalja.com.br\/geral\/edegar-pretto-faz-caminhada-com-mulheres-na-lomba-do-pinheiro\/","title":{"rendered":"Edegar Pretto faz caminhada com mulheres na Lomba do Pinheiro"},"content":{"rendered":"<p>Uma caminhada na Lomba do Pinheiro, em Porto Alegre, com mulheres que apoiam Edegar Pretto marcou o domingo (4) de campanha do candidato ao governo do Estado pela Frente da Esperan\u00e7a (PT, PCdoB, PV, PSOL e Rede).<\/p>\n<p>Esta foi a primeira edi\u00e7\u00e3o da caravana com mulheres, organizada pela Secretaria de Mulheres do PT, com o objetivo de apresentar o legado de Edegar para as comunidades, especilamente o combate \u00e0 viol\u00eancia contra as mulheres, bandeira que defende no seu mandato enquanto deputado e tamb\u00e9m como membro do Comit\u00ea Nacional Eles Por Elas, da ONU Mulheres. Ao mesmo tempo, \u00e9 uma oportunidade do candidato ouvir os anseios da popula\u00e7\u00e3o.<\/p>\n<p>A caravana passou pelas Vilas Panorama, S\u00e3o Pedro, Bom Sucesso, Vale Verde e Santa Helena. Edegar e o seu vice, Pedro Ruas, se juntaram a centenas de mulheres, militantes, apoiadores e lideran\u00e7as comunit\u00e1rias. Na ocasi\u00e3o, eles entregaram materiais de campanha que destacam algumas propostas de trabalho. Conversaram com pessoas e receberam demandas relativas aos temas da sa\u00fade, acesso \u00e0 cultura, qualifica\u00e7\u00e3o do atendimento do servi\u00e7o p\u00fablico nas comunidades e tamb\u00e9m sobre a prote\u00e7\u00e3o \u00e0s mulheres v\u00edtimas de viol\u00eancia.<\/p>\n<p>Edegar fez um chamamento para que a comunidade, as mulheres, os homens e os jovens da Lomba se integrem \u00e0 campanha. Ele destacou que nos governos atuais os \u00edndices de viol\u00eancia contra as mulheres aumentaram muito. S\u00f3 no Rio Grande do Sul, a alta de feminic\u00eddios foi de 25% no per\u00edodo da pandemia. \u201cMeu mandato de deputado se mobilizou, junto com o Comit\u00ea Ga\u00facho Eles Por Elas, para executar a\u00e7\u00f5es preventivas e que apoiam as v\u00edtimas no momento da den\u00fancia. Criamos a campanha \u2018M\u00e1scara Roxa\u2019 e cadastramos 1,5 mil farm\u00e1cias como ponto de apoio \u00e0s mulheres. Ao chegar no estabelecimento, elas pediam uma m\u00e1scara roxa como forma discreta de den\u00fancia. Desta forma, o atendente, j\u00e1 orientado, coletava informa\u00e7\u00f5es b\u00e1sicas da mulher e encaminhava a den\u00fancia aos \u00f3rg\u00e3os respons\u00e1veis. No meu governo, vamos intensificar esses modelos de campanha, bem como teremos novamente a Secretaria de Pol\u00edticas para as Mulheres.\u201d<\/p>\n<p>Edegar ressaltou tamb\u00e9m que, ao lado de Lula presidente, trabalhar\u00e1 para que o sal\u00e1rio m\u00ednimo seja mais valorizado e para que o valor da cesta b\u00e1sica no RS diminua. \u201cNossa cesta b\u00e1sica ultrapassa os R$ 750,00 e nosso churrasco passou a ser artigo de luxo. As pessoas querem e precisam de oportunidades. N\u00e3o vamos mais admitir que uma m\u00e3e v\u00e1 dormir sem saber se ter\u00e1 o que dar de comer aos filhos no outro dia. Nosso estado produz muitos alimentos e eles precisam chegar na mesa das fam\u00edlias. Quanto mais incentivarmos a produ\u00e7\u00e3o, mais os pre\u00e7os v\u00e3o diminuir nas g\u00f4ndolas. Os pr\u00f3ximos dias de elei\u00e7\u00e3o s\u00e3o decisivos. Quero contar com voc\u00eas para compartilharem nossos projetos.\u201d<\/p>\n<p><strong>Edegar intensifica agendas no interior do RS<\/strong><\/p>\n<p>Edegar teve uma intensa agenda de campanha, nas ruas, no final de semana. No s\u00e1bado (3), participou de caminhadas com apoiadores em Gravata\u00ed, na regi\u00e3o Metropolitana de Porto Alegre; em Port\u00e3o, Montenegro e S\u00e3o Sebasti\u00e3o do Ca\u00ed, no Vale do Ca\u00ed; e em Caxias do Sul, na Serra Ga\u00facha, onde tamb\u00e9m estava acompanhado do ex-governador Ol\u00edvio Dutra, candidato a senador. O l\u00edder petista apresentou suas propostas na disputa ao Piratini e dialogou com a popula\u00e7\u00e3o. Nesta segunda e ter\u00e7a-feira, Edegar retorna ao interior do estado, para atividades de campanha nos vales do Rio dos Sinos, do Rio Pardo, do Taquari e na regi\u00e3o Centro.<\/p>\n<p>Foto: Rafael Stedile<\/p>\n<p>&nbsp;<\/p>\n","protected":false},"excerpt":{"rendered":"<p>Uma caminhada na Lomba do Pinheiro, em Porto Alegre, com mulheres que apoiam Edegar Pretto marcou o domingo (4) de campanha do candidato ao governo do Estado pela Frente da Esperan\u00e7a (PT, PCdoB, PV, PSOL e Rede). Esta foi a primeira edi\u00e7\u00e3o da caravana com mulheres, organizada pela Secretaria de Mulheres do PT, com o [&hellip;]<\/p>\n","protected":false},"author":5,"featured_media":93635,"comment_status":"open","ping_status":"open","sticky":false,"template":"","format":"standard","meta":{"jetpack_post_was_ever_published":false,"_jetpack_newsletter_access":"","_jetpack_dont_email_post_to_subs":false,"_jetpack_newsletter_tier_id":0,"_jetpack_memberships_contains_paywalled_content":false,"_jetpack_memberships_contains_paid_content":false,"footnotes":"","jetpack_publicize_message":"","jetpack_publicize_feature_enabled":true,"jetpack_social_post_already_shared":true,"jetpack_social_options":{"image_generator_settings":{"template":"highway","default_image_id":0,"font":"","enabled":false},"version":2}},"categories":[2],"tags":[87,321,225,86,327,236,283,158,425,491,247,132,488,161,479,14,15,38,149,526,95,239],"class_list":["post-93634","post","type-post","status-publish","format-standard","has-post-thumbnail","hentry","category-geral","tag-ari","tag-campanha","tag-caravana","tag-cultura","tag-feminicidio","tag-governo","tag-governo-do-estado","tag-lula","tag-pandemia","tag-pedro-ruas","tag-politica","tag-porto-alegre","tag-projeto","tag-pt","tag-red","tag-rio-grande-do-sul","tag-rs","tag-saude","tag-sc","tag-servico-publico","tag-sp","tag-violencia"],"aioseo_notices":[],"jetpack_publicize_connections":[],"jetpack_featured_media_url":"https:\/\/www.jornalja.com.br\/geral\/wp-content\/uploads\/sites\/4\/2022\/09\/eleicoes-2022-edegar-pretto-caminhada-na-lomba-do-pinheiro-scaled.jpg","jetpack_shortlink":"https:\/\/wp.me\/pbKhrD-ome","jetpack-related-posts":[{"id":92703,"url":"https:\/\/www.jornalja.com.br\/geral\/pt-reune-mil-em-porto-alegre-para-organizar-a-campanha-de-edegar-pretto-em-todo-o-estado\/","url_meta":{"origin":93634,"position":0},"title":"PT re\u00fane mil pessoas em Porto Alegre para organizar a campanha de Edegar Pretto em todo o Estado","author":"da Reda\u00e7\u00e3o","date":"28 de maio de 2022","format":false,"excerpt":"Cerca de mil\u00a0 pessoas, segundo os organizadores, participaram do evento que o Partido dos Trabalhadores promoveu em Porto Alegre, nesta s\u00e1bado 28. \"O objetivo foi alinhar as estrat\u00e9gias e apresentar as diretrizes da nova fase na disputa\", segundo nota do partido. O ato reuniu militantes que que coordenar\u00e3o, em todas\u2026","rel":"","context":"Em &quot;Geral-MAT\u00c9RIA&quot;","block_context":{"text":"Geral-MAT\u00c9RIA","link":"https:\/\/www.jornalja.com.br\/geral\/category\/geral\/"},"img":{"alt_text":"","src":"https:\/\/i0.wp.com\/www.jornalja.com.br\/geral\/wp-content\/uploads\/sites\/4\/2022\/05\/eleicoes-2022-edegar-pretto-lanca-campanha-foto-rafael-stedile-scaled.jpg?resize=350%2C200&ssl=1","width":350,"height":200,"srcset":"https:\/\/i0.wp.com\/www.jornalja.com.br\/geral\/wp-content\/uploads\/sites\/4\/2022\/05\/eleicoes-2022-edegar-pretto-lanca-campanha-foto-rafael-stedile-scaled.jpg?resize=350%2C200&ssl=1 1x, https:\/\/i0.wp.com\/www.jornalja.com.br\/geral\/wp-content\/uploads\/sites\/4\/2022\/05\/eleicoes-2022-edegar-pretto-lanca-campanha-foto-rafael-stedile-scaled.jpg?resize=525%2C300&ssl=1 1.5x, https:\/\/i0.wp.com\/www.jornalja.com.br\/geral\/wp-content\/uploads\/sites\/4\/2022\/05\/eleicoes-2022-edegar-pretto-lanca-campanha-foto-rafael-stedile-scaled.jpg?resize=700%2C400&ssl=1 2x, https:\/\/i0.wp.com\/www.jornalja.com.br\/geral\/wp-content\/uploads\/sites\/4\/2022\/05\/eleicoes-2022-edegar-pretto-lanca-campanha-foto-rafael-stedile-scaled.jpg?resize=1050%2C600&ssl=1 3x, https:\/\/i0.wp.com\/www.jornalja.com.br\/geral\/wp-content\/uploads\/sites\/4\/2022\/05\/eleicoes-2022-edegar-pretto-lanca-campanha-foto-rafael-stedile-scaled.jpg?resize=1400%2C800&ssl=1 4x"},"classes":[]},{"id":93307,"url":"https:\/\/www.jornalja.com.br\/geral\/fortalecido-com-a-adesao-de-olivio-edegar-pretto-sera-confirmado-no-domingo\/","url_meta":{"origin":93634,"position":1},"title":"Fortalecido com a ades\u00e3o de Ol\u00edvio, Edegar Pretto ser\u00e1 confirmado no domingo","author":"da Reda\u00e7\u00e3o","date":"27 de julho de 2022","format":false,"excerpt":"A Federa\u00e7\u00e3o Brasil da Esperan\u00e7a, composta pelos partidos PT, PCdoB e PV, oficializa a candidatura do deputado Edegar Pretto ao governo do Rio Grande do Sul, em conven\u00e7\u00e3o neste domingo, 31. O evento, a partir das 10 horas, ser\u00e1 no Ritter Hotel, em frente \u00e0 Rodovi\u00e1ria de Porto Alegre. A\u2026","rel":"","context":"Em &quot;Geral-MAT\u00c9RIA&quot;","block_context":{"text":"Geral-MAT\u00c9RIA","link":"https:\/\/www.jornalja.com.br\/geral\/category\/geral\/"},"img":{"alt_text":"","src":"https:\/\/i0.wp.com\/www.jornalja.com.br\/geral\/wp-content\/uploads\/sites\/4\/2022\/07\/eleicoes-2022-edegar-pretto-candidato-pt-foto-rafael-stedile-scaled.jpg?resize=350%2C200&ssl=1","width":350,"height":200,"srcset":"https:\/\/i0.wp.com\/www.jornalja.com.br\/geral\/wp-content\/uploads\/sites\/4\/2022\/07\/eleicoes-2022-edegar-pretto-candidato-pt-foto-rafael-stedile-scaled.jpg?resize=350%2C200&ssl=1 1x, https:\/\/i0.wp.com\/www.jornalja.com.br\/geral\/wp-content\/uploads\/sites\/4\/2022\/07\/eleicoes-2022-edegar-pretto-candidato-pt-foto-rafael-stedile-scaled.jpg?resize=525%2C300&ssl=1 1.5x, https:\/\/i0.wp.com\/www.jornalja.com.br\/geral\/wp-content\/uploads\/sites\/4\/2022\/07\/eleicoes-2022-edegar-pretto-candidato-pt-foto-rafael-stedile-scaled.jpg?resize=700%2C400&ssl=1 2x, https:\/\/i0.wp.com\/www.jornalja.com.br\/geral\/wp-content\/uploads\/sites\/4\/2022\/07\/eleicoes-2022-edegar-pretto-candidato-pt-foto-rafael-stedile-scaled.jpg?resize=1050%2C600&ssl=1 3x, https:\/\/i0.wp.com\/www.jornalja.com.br\/geral\/wp-content\/uploads\/sites\/4\/2022\/07\/eleicoes-2022-edegar-pretto-candidato-pt-foto-rafael-stedile-scaled.jpg?resize=1400%2C800&ssl=1 4x"},"classes":[]},{"id":95167,"url":"https:\/\/www.jornalja.com.br\/geral\/frente-parlamentar-pelo-fim-da-violencia-contra-mulheres\/","url_meta":{"origin":93634,"position":2},"title":"Frente Parlamentar pelo fim da viol\u00eancia contra mulheres","author":"da Reda\u00e7\u00e3o","date":"4 de abril de 2023","format":false,"excerpt":"A Assembleia Legislativa instalou na tarde dessa segunda-feira (3) a Frente Parlamentar de Homens pelo Fim da Viol\u00eancia contra as Mulheres, que ter\u00e1 como coordenador o deputado estadual Ad\u00e3o Pretto Filho (PT). O objetivo \u00e9 dar continuidade aos trabalhos que j\u00e1 estavam sendo realizados, intensificando as a\u00e7\u00f5es de conscientiza\u00e7\u00e3o junto\u2026","rel":"","context":"Em &quot;Geral-MAT\u00c9RIA&quot;","block_context":{"text":"Geral-MAT\u00c9RIA","link":"https:\/\/www.jornalja.com.br\/geral\/category\/geral\/"},"img":{"alt_text":"","src":"https:\/\/i0.wp.com\/www.jornalja.com.br\/geral\/wp-content\/uploads\/sites\/4\/2023\/04\/edegar-pretto-foto-joaquim-moura.jpg?resize=350%2C200&ssl=1","width":350,"height":200,"srcset":"https:\/\/i0.wp.com\/www.jornalja.com.br\/geral\/wp-content\/uploads\/sites\/4\/2023\/04\/edegar-pretto-foto-joaquim-moura.jpg?resize=350%2C200&ssl=1 1x, https:\/\/i0.wp.com\/www.jornalja.com.br\/geral\/wp-content\/uploads\/sites\/4\/2023\/04\/edegar-pretto-foto-joaquim-moura.jpg?resize=525%2C300&ssl=1 1.5x, https:\/\/i0.wp.com\/www.jornalja.com.br\/geral\/wp-content\/uploads\/sites\/4\/2023\/04\/edegar-pretto-foto-joaquim-moura.jpg?resize=700%2C400&ssl=1 2x, https:\/\/i0.wp.com\/www.jornalja.com.br\/geral\/wp-content\/uploads\/sites\/4\/2023\/04\/edegar-pretto-foto-joaquim-moura.jpg?resize=1050%2C600&ssl=1 3x, https:\/\/i0.wp.com\/www.jornalja.com.br\/geral\/wp-content\/uploads\/sites\/4\/2023\/04\/edegar-pretto-foto-joaquim-moura.jpg?resize=1400%2C800&ssl=1 4x"},"classes":[]},{"id":92575,"url":"https:\/\/www.jornalja.com.br\/geral\/pt-completa-28-regionais-para-coordenar-a-campanha-de-adao-pretto-ao-governo-gaucho\/","url_meta":{"origin":93634,"position":3},"title":"PT completa 28 regionais para coordenar a campanha de Edegar Pretto ao governo ga\u00facho","author":"da Reda\u00e7\u00e3o","date":"11 de maio de 2022","format":false,"excerpt":"Evento encerra um ciclo de organiza\u00e7\u00e3o em todo o estado. Pr\u00f3ximo passo \u00e9 a elabora\u00e7\u00e3o do Programa de Governo O Partido dos Trabalhadores (PT) instala nesta quarta-feira (11) a coordena\u00e7\u00e3o de pr\u00e9-campanha de Edegar Pretto e Lula em Porto Alegre. Ser\u00e1 no Sindicato dos Municip\u00e1rios (Simpa), na rua Jo\u00e3o Alfredo,\u2026","rel":"","context":"Em &quot;Geral-NOTAS&quot;","block_context":{"text":"Geral-NOTAS","link":"https:\/\/www.jornalja.com.br\/geral\/category\/geral-notas\/"},"img":{"alt_text":"","src":"https:\/\/i0.wp.com\/www.jornalja.com.br\/geral\/wp-content\/uploads\/sites\/4\/2022\/05\/edegar-pretto-foto-rafael-stedile.jpeg?resize=350%2C200&ssl=1","width":350,"height":200,"srcset":"https:\/\/i0.wp.com\/www.jornalja.com.br\/geral\/wp-content\/uploads\/sites\/4\/2022\/05\/edegar-pretto-foto-rafael-stedile.jpeg?resize=350%2C200&ssl=1 1x, https:\/\/i0.wp.com\/www.jornalja.com.br\/geral\/wp-content\/uploads\/sites\/4\/2022\/05\/edegar-pretto-foto-rafael-stedile.jpeg?resize=525%2C300&ssl=1 1.5x, https:\/\/i0.wp.com\/www.jornalja.com.br\/geral\/wp-content\/uploads\/sites\/4\/2022\/05\/edegar-pretto-foto-rafael-stedile.jpeg?resize=700%2C400&ssl=1 2x, https:\/\/i0.wp.com\/www.jornalja.com.br\/geral\/wp-content\/uploads\/sites\/4\/2022\/05\/edegar-pretto-foto-rafael-stedile.jpeg?resize=1050%2C600&ssl=1 3x"},"classes":[]},{"id":92724,"url":"https:\/\/www.jornalja.com.br\/geral\/lula-tem-reuniao-com-partidos-e-encontro-com-manuela\/","url_meta":{"origin":93634,"position":4},"title":"Divis\u00e3o da esquerda \u00e9 desafio de Lula em Porto Alegre","author":"Elmar Bones","date":"31 de maio de 2022","format":false,"excerpt":"O primeiro item da agenda de Lula nesta quarta-feira\u00a0 em Porto Alegre \u00e9 uma reuni\u00e3o com representantes dos partidos que poderiam compor a frente ampla de centro esquerda para derrotar o bolsonarismo no Rio Grande do Sul: PT, PCdoB, PV, PSB, Psol, Rede e Solidariedade. N\u00e3o \u00e9 certo que todos\u2026","rel":"","context":"Em &quot;Geral-MAT\u00c9RIA&quot;","block_context":{"text":"Geral-MAT\u00c9RIA","link":"https:\/\/www.jornalja.com.br\/geral\/category\/geral\/"},"img":{"alt_text":"","src":"https:\/\/i0.wp.com\/www.jornalja.com.br\/geral\/wp-content\/uploads\/sites\/4\/2022\/05\/manuela-e-lula.jpg?resize=350%2C200&ssl=1","width":350,"height":200},"classes":[]},{"id":92656,"url":"https:\/\/www.jornalja.com.br\/geral\/encontro-estadual-lanca-nova-fase-da-pre-campanha-de-edegar-pretto-no-rs\/","url_meta":{"origin":93634,"position":5},"title":"Encontro estadual lan\u00e7a nova fase da pr\u00e9-campanha de Edegar Pretto no RS","author":"da Reda\u00e7\u00e3o","date":"25 de maio de 2022","format":false,"excerpt":"Mais de 500 pessoas em Porto Alegre. Essa \u00e9 a expectativa dos organizadores do Encontro Estadual de Coordena\u00e7\u00f5es Regionais, que marca a nova fase da pr\u00e9-campanha de Edegar Pretto, do PT, na disputa ao Governo do Estado. O evento ser\u00e1 neste s\u00e1bado, 28, a partir das 8h30 no Sal\u00e3o Rio\u2026","rel":"","context":"Em &quot;Geral-MAT\u00c9RIA&quot;","block_context":{"text":"Geral-MAT\u00c9RIA","link":"https:\/\/www.jornalja.com.br\/geral\/category\/geral\/"},"img":{"alt_text":"","src":"https:\/\/i0.wp.com\/www.jornalja.com.br\/geral\/wp-content\/uploads\/sites\/4\/2022\/05\/lula-e-edegar-pretto.jpg?resize=350%2C200&ssl=1","width":350,"height":200,"srcset":"https:\/\/i0.wp.com\/www.jornalja.com.br\/geral\/wp-content\/uploads\/sites\/4\/2022\/05\/lula-e-edegar-pretto.jpg?resize=350%2C200&ssl=1 1x, https:\/\/i0.wp.com\/www.jornalja.com.br\/geral\/wp-content\/uploads\/sites\/4\/2022\/05\/lula-e-edegar-pretto.jpg?resize=525%2C300&ssl=1 1.5x"},"classes":[]}],"jetpack_sharing_enabled":true,"_links":{"self":[{"href":"https:\/\/www.jornalja.com.br\/geral\/wp-json\/wp\/v2\/posts\/93634","targetHints":{"allow":["GET"]}}],"collection":[{"href":"https:\/\/www.jornalja.com.br\/geral\/wp-json\/wp\/v2\/posts"}],"about":[{"href":"https:\/\/www.jornalja.com.br\/geral\/wp-json\/wp\/v2\/types\/post"}],"author":[{"embeddable":true,"href":"https:\/\/www.jornalja.com.br\/geral\/wp-json\/wp\/v2\/users\/5"}],"replies":[{"embeddable":true,"href":"https:\/\/www.jornalja.com.br\/geral\/wp-json\/wp\/v2\/comments?post=93634"}],"version-history":[{"count":1,"href":"https:\/\/www.jornalja.com.br\/geral\/wp-json\/wp\/v2\/posts\/93634\/revisions"}],"predecessor-version":[{"id":93636,"href":"https:\/\/www.jornalja.com.br\/geral\/wp-json\/wp\/v2\/posts\/93634\/revisions\/93636"}],"wp:featuredmedia":[{"embeddable":true,"href":"https:\/\/www.jornalja.com.br\/geral\/wp-json\/wp\/v2\/media\/93635"}],"wp:attachment":[{"href":"https:\/\/www.jornalja.com.br\/geral\/wp-json\/wp\/v2\/media?parent=93634"}],"wp:term":[{"taxonomy":"category","embeddable":true,"href":"https:\/\/www.jornalja.com.br\/geral\/wp-json\/wp\/v2\/categories?post=93634"},{"taxonomy":"post_tag","embeddable":true,"href":"https:\/\/www.jornalja.com.br\/geral\/wp-json\/wp\/v2\/tags?post=93634"}],"curies":[{"name":"wp","href":"https:\/\/api.w.org\/{rel}","templated":true}]}}