{"id":93676,"date":"2022-09-05T19:53:49","date_gmt":"2022-09-05T22:53:49","guid":{"rendered":"https:\/\/www.jornalja.com.br\/geral\/?p=93676"},"modified":"2022-09-05T19:58:14","modified_gmt":"2022-09-05T22:58:14","slug":"lula-confirma-ato-com-edegar-preto-em-porto-alegre-dia-15-local-nao-foi-definido-anda","status":"publish","type":"post","link":"https:\/\/www.jornalja.com.br\/geral\/lula-confirma-ato-com-edegar-preto-em-porto-alegre-dia-15-local-nao-foi-definido-anda\/","title":{"rendered":"Lula confirma ato com Edegar Pretto em Porto Alegre dia 15: local n\u00e3o foi definido ainda"},"content":{"rendered":"<p>Candidato \u00e0 presid\u00eancia da Rep\u00fablica, Luiz In\u00e1cio Lula da Silva estar\u00e1 em Porto Alegre no dia 15 de setembro, numa quinta-feira, para um grande ato com a participa\u00e7\u00e3o de Edegar Pretto, que concorre a governador do Rio Grande do Sul.<\/p>\n<p>A atividade de campanha ter\u00e1 in\u00edcio \u00e0s 17 horas. O local ainda est\u00e1 sendo definido pelo PT.<\/p>\n<p>As \u00faltimas agendas de Lula na capital ga\u00facha foram nos dias 1\u00ba e 2 de junho, quando o ex-presidente teve uma s\u00e9rie de atividades com setores como a cultura, educa\u00e7\u00e3o e agricultura familiar.<\/p>\n","protected":false},"excerpt":{"rendered":"<p>Candidato \u00e0 presid\u00eancia da Rep\u00fablica, Luiz In\u00e1cio Lula da Silva estar\u00e1 em Porto Alegre no dia 15 de setembro, numa quinta-feira, para um grande ato com a participa\u00e7\u00e3o de Edegar Pretto, que concorre a governador do Rio Grande do Sul. A atividade de campanha ter\u00e1 in\u00edcio \u00e0s 17 horas. O local ainda est\u00e1 sendo definido [&hellip;]<\/p>\n","protected":false},"author":4,"featured_media":93677,"comment_status":"open","ping_status":"open","sticky":false,"template":"","format":"standard","meta":{"jetpack_post_was_ever_published":false,"_jetpack_newsletter_access":"","_jetpack_dont_email_post_to_subs":false,"_jetpack_newsletter_tier_id":0,"_jetpack_memberships_contains_paywalled_content":false,"_jetpack_memberships_contains_paid_content":false,"footnotes":"","jetpack_publicize_message":"","jetpack_publicize_feature_enabled":true,"jetpack_social_post_already_shared":true,"jetpack_social_options":{"image_generator_settings":{"template":"highway","default_image_id":0,"font":"","enabled":false},"version":2}},"categories":[2],"tags":[289,321,86,45,158,132,161,14],"class_list":["post-93676","post","type-post","status-publish","format-standard","has-post-thumbnail","hentry","category-geral","tag-agricultura-familiar","tag-campanha","tag-cultura","tag-educacao","tag-lula","tag-porto-alegre","tag-pt","tag-rio-grande-do-sul"],"aioseo_notices":[],"jetpack_publicize_connections":[],"jetpack_featured_media_url":"https:\/\/www.jornalja.com.br\/geral\/wp-content\/uploads\/sites\/4\/2022\/09\/edegar-pretto-e-lula-foto-ricardo-stuckert.jpg","jetpack_shortlink":"https:\/\/wp.me\/pbKhrD-omU","jetpack-related-posts":[{"id":92703,"url":"https:\/\/www.jornalja.com.br\/geral\/pt-reune-mil-em-porto-alegre-para-organizar-a-campanha-de-edegar-pretto-em-todo-o-estado\/","url_meta":{"origin":93676,"position":0},"title":"PT re\u00fane mil pessoas em Porto Alegre para organizar a campanha de Edegar Pretto em todo o Estado","author":"da Reda\u00e7\u00e3o","date":"28 de maio de 2022","format":false,"excerpt":"Cerca de mil\u00a0 pessoas, segundo os organizadores, participaram do evento que o Partido dos Trabalhadores promoveu em Porto Alegre, nesta s\u00e1bado 28. \"O objetivo foi alinhar as estrat\u00e9gias e apresentar as diretrizes da nova fase na disputa\", segundo nota do partido. O ato reuniu militantes que que coordenar\u00e3o, em todas\u2026","rel":"","context":"Em &quot;Geral-MAT\u00c9RIA&quot;","block_context":{"text":"Geral-MAT\u00c9RIA","link":"https:\/\/www.jornalja.com.br\/geral\/category\/geral\/"},"img":{"alt_text":"","src":"https:\/\/i0.wp.com\/www.jornalja.com.br\/geral\/wp-content\/uploads\/sites\/4\/2022\/05\/eleicoes-2022-edegar-pretto-lanca-campanha-foto-rafael-stedile-scaled.jpg?resize=350%2C200&ssl=1","width":350,"height":200,"srcset":"https:\/\/i0.wp.com\/www.jornalja.com.br\/geral\/wp-content\/uploads\/sites\/4\/2022\/05\/eleicoes-2022-edegar-pretto-lanca-campanha-foto-rafael-stedile-scaled.jpg?resize=350%2C200&ssl=1 1x, https:\/\/i0.wp.com\/www.jornalja.com.br\/geral\/wp-content\/uploads\/sites\/4\/2022\/05\/eleicoes-2022-edegar-pretto-lanca-campanha-foto-rafael-stedile-scaled.jpg?resize=525%2C300&ssl=1 1.5x, https:\/\/i0.wp.com\/www.jornalja.com.br\/geral\/wp-content\/uploads\/sites\/4\/2022\/05\/eleicoes-2022-edegar-pretto-lanca-campanha-foto-rafael-stedile-scaled.jpg?resize=700%2C400&ssl=1 2x, https:\/\/i0.wp.com\/www.jornalja.com.br\/geral\/wp-content\/uploads\/sites\/4\/2022\/05\/eleicoes-2022-edegar-pretto-lanca-campanha-foto-rafael-stedile-scaled.jpg?resize=1050%2C600&ssl=1 3x, https:\/\/i0.wp.com\/www.jornalja.com.br\/geral\/wp-content\/uploads\/sites\/4\/2022\/05\/eleicoes-2022-edegar-pretto-lanca-campanha-foto-rafael-stedile-scaled.jpg?resize=1400%2C800&ssl=1 4x"},"classes":[]},{"id":92771,"url":"https:\/\/www.jornalja.com.br\/geral\/palanque-de-lula-no-rio-grande-do-sul-continua-cercado-de-incertezas\/","url_meta":{"origin":93676,"position":1},"title":"Palanque de Lula no Rio Grande do Sul continua cercado de incertezas","author":"Elmar Bones","date":"2 de junho de 2022","format":false,"excerpt":"A visita de Lula ao Rio Grande do Sul nesta quarta\/quinta-feira, foi um sucesso e um fracasso. Sucesso como exerc\u00edcio de mobiliza\u00e7\u00e3o da milit\u00e2ncia e alinhamento das pautas para a campanha que se avizinha. Impressionante a aflu\u00eancia\u00a0 em todos os eventos. Fracasso na tentativa de unificar uma frente que lhe\u2026","rel":"","context":"Em &quot;Geral-MAT\u00c9RIA&quot;","block_context":{"text":"Geral-MAT\u00c9RIA","link":"https:\/\/www.jornalja.com.br\/geral\/category\/geral\/"},"img":{"alt_text":"","src":"https:\/\/i0.wp.com\/www.jornalja.com.br\/geral\/wp-content\/uploads\/sites\/4\/2022\/06\/lula-em-porto-alegre-maio-2022.jpg?resize=350%2C200&ssl=1","width":350,"height":200,"srcset":"https:\/\/i0.wp.com\/www.jornalja.com.br\/geral\/wp-content\/uploads\/sites\/4\/2022\/06\/lula-em-porto-alegre-maio-2022.jpg?resize=350%2C200&ssl=1 1x, https:\/\/i0.wp.com\/www.jornalja.com.br\/geral\/wp-content\/uploads\/sites\/4\/2022\/06\/lula-em-porto-alegre-maio-2022.jpg?resize=525%2C300&ssl=1 1.5x, https:\/\/i0.wp.com\/www.jornalja.com.br\/geral\/wp-content\/uploads\/sites\/4\/2022\/06\/lula-em-porto-alegre-maio-2022.jpg?resize=700%2C400&ssl=1 2x"},"classes":[]},{"id":92580,"url":"https:\/\/www.jornalja.com.br\/geral\/eleicoes-2022-edegar-pretto-vai-debater-programa-de-governo-em-assembleias-regionais\/","url_meta":{"origin":93676,"position":2},"title":"Elei\u00e7\u00f5es 2022:  Edegar Pretto vai debater programa de governo em assembleias regionais","author":"da Reda\u00e7\u00e3o","date":"13 de maio de 2022","format":false,"excerpt":"Em evento que reuniu cerca de 400 pessoas na noite desta quarta-feira (11), em Porto Alegre, o pr\u00e9-candidato do PT ao Governo do Estado, Edegar Pretto, disse que os pr\u00f3ximos passos da sua jornada rumo \u00e0s elei\u00e7\u00f5es de 2022 s\u00e3o as assembleias populares. O objetivo \u00e9 reunir todas as regi\u00f5es\u2026","rel":"","context":"Em &quot;Geral-MAT\u00c9RIA&quot;","block_context":{"text":"Geral-MAT\u00c9RIA","link":"https:\/\/www.jornalja.com.br\/geral\/category\/geral\/"},"img":{"alt_text":"","src":"https:\/\/i0.wp.com\/www.jornalja.com.br\/geral\/wp-content\/uploads\/sites\/4\/2022\/05\/eleicoes-2022-pt-1105-foto-rafael-stedile-scaled.jpg?resize=350%2C200&ssl=1","width":350,"height":200,"srcset":"https:\/\/i0.wp.com\/www.jornalja.com.br\/geral\/wp-content\/uploads\/sites\/4\/2022\/05\/eleicoes-2022-pt-1105-foto-rafael-stedile-scaled.jpg?resize=350%2C200&ssl=1 1x, https:\/\/i0.wp.com\/www.jornalja.com.br\/geral\/wp-content\/uploads\/sites\/4\/2022\/05\/eleicoes-2022-pt-1105-foto-rafael-stedile-scaled.jpg?resize=525%2C300&ssl=1 1.5x, https:\/\/i0.wp.com\/www.jornalja.com.br\/geral\/wp-content\/uploads\/sites\/4\/2022\/05\/eleicoes-2022-pt-1105-foto-rafael-stedile-scaled.jpg?resize=700%2C400&ssl=1 2x, https:\/\/i0.wp.com\/www.jornalja.com.br\/geral\/wp-content\/uploads\/sites\/4\/2022\/05\/eleicoes-2022-pt-1105-foto-rafael-stedile-scaled.jpg?resize=1050%2C600&ssl=1 3x, https:\/\/i0.wp.com\/www.jornalja.com.br\/geral\/wp-content\/uploads\/sites\/4\/2022\/05\/eleicoes-2022-pt-1105-foto-rafael-stedile-scaled.jpg?resize=1400%2C800&ssl=1 4x"},"classes":[]},{"id":93779,"url":"https:\/\/www.jornalja.com.br\/geral\/na-reta-final-da-campanha-lula-faz-comicio-nos-tres-estados-do-sul\/","url_meta":{"origin":93676,"position":3},"title":"Na reta final da campanha: Lula faz com\u00edcio nos tr\u00eas Estados do Sul","author":"da Reda\u00e7\u00e3o","date":"11 de setembro de 2022","format":false,"excerpt":"Dia 16, em Porto Alegre, dia 17 em Curitiba e 18 em Florian\u00f3polis. Este \u00e9 o roteiro do ex-presidente Lula nesta semana, h\u00e1 15 dias do pleito. Em Porto Alegre, o candidato participa de um ato no Largo Gl\u00eanio Peres, junto ao Mercado P\u00fablico no cora\u00e7\u00e3o do centro hist\u00f3rico de\u2026","rel":"","context":"Em &quot;Geral-MAT\u00c9RIA&quot;","block_context":{"text":"Geral-MAT\u00c9RIA","link":"https:\/\/www.jornalja.com.br\/geral\/category\/geral\/"},"img":{"alt_text":"","src":"https:\/\/i0.wp.com\/www.jornalja.com.br\/geral\/wp-content\/uploads\/sites\/4\/2022\/09\/lula-preto-e-ruas-foto-caco-argemi.jpeg?resize=350%2C200&ssl=1","width":350,"height":200,"srcset":"https:\/\/i0.wp.com\/www.jornalja.com.br\/geral\/wp-content\/uploads\/sites\/4\/2022\/09\/lula-preto-e-ruas-foto-caco-argemi.jpeg?resize=350%2C200&ssl=1 1x, https:\/\/i0.wp.com\/www.jornalja.com.br\/geral\/wp-content\/uploads\/sites\/4\/2022\/09\/lula-preto-e-ruas-foto-caco-argemi.jpeg?resize=525%2C300&ssl=1 1.5x, https:\/\/i0.wp.com\/www.jornalja.com.br\/geral\/wp-content\/uploads\/sites\/4\/2022\/09\/lula-preto-e-ruas-foto-caco-argemi.jpeg?resize=700%2C400&ssl=1 2x, https:\/\/i0.wp.com\/www.jornalja.com.br\/geral\/wp-content\/uploads\/sites\/4\/2022\/09\/lula-preto-e-ruas-foto-caco-argemi.jpeg?resize=1050%2C600&ssl=1 3x"},"classes":[]},{"id":93806,"url":"https:\/\/www.jornalja.com.br\/geral\/datafolha-reacao-petista-na-bahia-anima-campanha-de-pretto-nas-vesperas-da-visita-de-lula\/","url_meta":{"origin":93676,"position":4},"title":"Datafolha: rea\u00e7\u00e3o petista na Bahia anima campanha de Pretto na v\u00e9spera da visita de Lula ao Rio Grande do Sul","author":"da Reda\u00e7\u00e3o","date":"14 de setembro de 2022","format":false,"excerpt":"A rea\u00e7\u00e3o do petista Jer\u00f4nimo Rodrigues, na Bahia, deu novo \u00e2nimo \u00e0 campanha de Edegar Pretto, candidato do partido ao governo do Rio Grande do Sul. Segundo pesquisa do Datafolha, divulgada nesta quarta, o candidato do PT na Bahia deu um salto de 12 pontos a pouco mais de duas\u2026","rel":"","context":"Em &quot;Geral-MAT\u00c9RIA&quot;","block_context":{"text":"Geral-MAT\u00c9RIA","link":"https:\/\/www.jornalja.com.br\/geral\/category\/geral\/"},"img":{"alt_text":"","src":"https:\/\/i0.wp.com\/www.jornalja.com.br\/geral\/wp-content\/uploads\/sites\/4\/2022\/09\/edegar-pretto-e-lula-foto-ricardo-stuckert.jpg?resize=350%2C200&ssl=1","width":350,"height":200,"srcset":"https:\/\/i0.wp.com\/www.jornalja.com.br\/geral\/wp-content\/uploads\/sites\/4\/2022\/09\/edegar-pretto-e-lula-foto-ricardo-stuckert.jpg?resize=350%2C200&ssl=1 1x, https:\/\/i0.wp.com\/www.jornalja.com.br\/geral\/wp-content\/uploads\/sites\/4\/2022\/09\/edegar-pretto-e-lula-foto-ricardo-stuckert.jpg?resize=525%2C300&ssl=1 1.5x, https:\/\/i0.wp.com\/www.jornalja.com.br\/geral\/wp-content\/uploads\/sites\/4\/2022\/09\/edegar-pretto-e-lula-foto-ricardo-stuckert.jpg?resize=700%2C400&ssl=1 2x, https:\/\/i0.wp.com\/www.jornalja.com.br\/geral\/wp-content\/uploads\/sites\/4\/2022\/09\/edegar-pretto-e-lula-foto-ricardo-stuckert.jpg?resize=1050%2C600&ssl=1 3x"},"classes":[]},{"id":101078,"url":"https:\/\/www.jornalja.com.br\/geral\/como-foi-costurado-o-acordo-que-fez-o-pt-apoiar-juliana-brizola\/","url_meta":{"origin":93676,"position":5},"title":"Como foi costurado o acordo que fez o PT apoiar Juliana Brizola","author":"da Reda\u00e7\u00e3o","date":"17 de abril de 2026","format":false,"excerpt":"O PDT foi o partido que mais perdeu representantes na \u201cjanela partid\u00e1ria\u201d que fechou em 3 de abril. Tinha tr\u00eas senadores, ficou com dois. Tinha 17 deputados federais, caiu para 11. Perdeu tamb\u00e9m 9 dos 43 deputados estaduais que elegeu em 2022. No \u00e2mbito municipal, o PDT tem prefeitos em\u2026","rel":"","context":"Em &quot;Geral-MAT\u00c9RIA&quot;","block_context":{"text":"Geral-MAT\u00c9RIA","link":"https:\/\/www.jornalja.com.br\/geral\/category\/geral\/"},"img":{"alt_text":"","src":"https:\/\/www.jornalja.com.br\/geral\/wp-content\/uploads\/sites\/4\/2026\/04\/pdt-lupi-juliana-e-lula.avif","width":350,"height":200,"srcset":"https:\/\/www.jornalja.com.br\/geral\/wp-content\/uploads\/sites\/4\/2026\/04\/pdt-lupi-juliana-e-lula.avif 1x, https:\/\/www.jornalja.com.br\/geral\/wp-content\/uploads\/sites\/4\/2026\/04\/pdt-lupi-juliana-e-lula.avif 1.5x, https:\/\/www.jornalja.com.br\/geral\/wp-content\/uploads\/sites\/4\/2026\/04\/pdt-lupi-juliana-e-lula.avif 2x"},"classes":[]}],"jetpack_sharing_enabled":true,"_links":{"self":[{"href":"https:\/\/www.jornalja.com.br\/geral\/wp-json\/wp\/v2\/posts\/93676","targetHints":{"allow":["GET"]}}],"collection":[{"href":"https:\/\/www.jornalja.com.br\/geral\/wp-json\/wp\/v2\/posts"}],"about":[{"href":"https:\/\/www.jornalja.com.br\/geral\/wp-json\/wp\/v2\/types\/post"}],"author":[{"embeddable":true,"href":"https:\/\/www.jornalja.com.br\/geral\/wp-json\/wp\/v2\/users\/4"}],"replies":[{"embeddable":true,"href":"https:\/\/www.jornalja.com.br\/geral\/wp-json\/wp\/v2\/comments?post=93676"}],"version-history":[{"count":3,"href":"https:\/\/www.jornalja.com.br\/geral\/wp-json\/wp\/v2\/posts\/93676\/revisions"}],"predecessor-version":[{"id":93682,"href":"https:\/\/www.jornalja.com.br\/geral\/wp-json\/wp\/v2\/posts\/93676\/revisions\/93682"}],"wp:featuredmedia":[{"embeddable":true,"href":"https:\/\/www.jornalja.com.br\/geral\/wp-json\/wp\/v2\/media\/93677"}],"wp:attachment":[{"href":"https:\/\/www.jornalja.com.br\/geral\/wp-json\/wp\/v2\/media?parent=93676"}],"wp:term":[{"taxonomy":"category","embeddable":true,"href":"https:\/\/www.jornalja.com.br\/geral\/wp-json\/wp\/v2\/categories?post=93676"},{"taxonomy":"post_tag","embeddable":true,"href":"https:\/\/www.jornalja.com.br\/geral\/wp-json\/wp\/v2\/tags?post=93676"}],"curies":[{"name":"wp","href":"https:\/\/api.w.org\/{rel}","templated":true}]}}