{"id":93696,"date":"2022-09-06T07:46:55","date_gmt":"2022-09-06T10:46:55","guid":{"rendered":"https:\/\/www.jornalja.com.br\/geral\/?p=93696"},"modified":"2022-09-06T07:46:55","modified_gmt":"2022-09-06T10:46:55","slug":"historia-da-independencia-e-contada-em-site-do-bicentenario","status":"publish","type":"post","link":"https:\/\/www.jornalja.com.br\/geral\/historia-da-independencia-e-contada-em-site-do-bicentenario\/","title":{"rendered":"Hist\u00f3ria da Independ\u00eancia \u00e9 contada em site do bicenten\u00e1rio"},"content":{"rendered":"<p>J\u00e1 est\u00e1 dispon\u00edvel a\u00a0 <a href=\"https:\/\/agendabonifacio.com.br\/\" target=\"_blank\" rel=\"noopener\">Agenda Bonif\u00e1cio<\/a>, uma plataforma\u00a0<em>online<\/em> in\u00e9dita,\u00a0 criada pela Secretaria de Cultura, de S\u00e3o Paulo,\u00a0 as pessoas podem conhecer os epis\u00f3dios mais marcantes que levaram \u00e0 separa\u00e7\u00e3o do Brasil de Portugal.<img decoding=\"async\" src=\"https:\/\/agenciabrasil.ebc.com.br\/ebc.png?id=1479020&amp;o=node\" \/><img decoding=\"async\" src=\"https:\/\/agenciabrasil.ebc.com.br\/ebc.gif?id=1479020&amp;o=node\" \/><\/p>\n<p>A plataforma estar\u00e1 dispon\u00edvel para consulta at\u00e9 dezembro de 2022 e depois se tornar\u00e1 um registro da celebra\u00e7\u00e3o do bicenten\u00e1rio, segundo o secret\u00e1rio S\u00e9rgio S\u00e1 Leit\u00e3o. \u201cEscolhemos o nome de Bonif\u00e1cio para a agenda, pois ele foi uma figura important\u00edssima para o desenvolvimento da independ\u00eancia do Brasil\u201d, acrescentou.<\/p>\n<p>Jos\u00e9 Bonif\u00e1cio de Andrada e Silva foi um dos personagens mais importantes da \u00e9poca, com atua\u00e7\u00e3o nos campos da arte, da ci\u00eancia e da pol\u00edtica.<\/p>\n<p>Ao acessar a Agenda Bonif\u00e1cio, o p\u00fablico tomar\u00e1 conhecimento, por exemplo, da s\u00e9rie de decretos que culminou na proclama\u00e7\u00e3o da Independ\u00eancia por Dom Pedro I, em\u00a0<span id=\"OBJ_PREFIX_DWT678_com_zimbra_date\" role=\"link\">7 de setembro<\/span>\u00a0de 1822.<\/p>\n<p>O primeiro deles, na verdade, foi assinado por Maria Leopoldina, em\u00a0<span id=\"OBJ_PREFIX_DWT679_com_zimbra_date\" role=\"link\">13 de agosto<\/span>\u00a0de 1822, quando ela foi nomeada chefe de Estado e Princesa Regente interina, por motivo de viagem do pr\u00edncipe para resolver pend\u00eancias pol\u00edticas.<\/p>\n<p>Ao perceber a press\u00e3o da corte depois que o marido se recusou a voltar para o pa\u00eds natal, a Princesa Regente convocou o Conselho de Estado do Rio<span id=\"OBJ_PREFIX_DWT680_com_zimbra_date\" role=\"link\">\u00a0de Janeiro<\/span>\u00a0e assinou, em\u00a0<span id=\"OBJ_PREFIX_DWT681_com_zimbra_date\" role=\"link\">2 de setembro<\/span>, mais um decreto que declarava o Brasil oficialmente separado de Portugal. Na Agenda Bonif\u00e1cio a pessoa tamb\u00e9m pode navegar por uma linha do tempo, em uma viagem hist\u00f3rica desde o\u00a0ano\u00a0de 1500 at\u00e9 o tempo atual, passeando pelos fatos marcantes desse per\u00edodo da hist\u00f3ria.<\/p>\n<p>Na se\u00e7\u00e3o Outros Her\u00f3is, o\u00a0<em>site<\/em>\u00a0leva voc\u00ea a\u00a0<span id=\"OBJ_PREFIX_DWT682_com_zimbra_date\" role=\"link\">ter<\/span>\u00a0contato com personagens pouco conhecidos no processo hist\u00f3rico\u00a0como,\u00a0por exemplo, mulheres pioneiras que deixaram legado de resist\u00eancia e bravura. Uma delas \u00e9 Maria Felipa, importante nome no movimento de independ\u00eancia da Bahia. Nesse espa\u00e7o, \u00e9 tamb\u00e9m poss\u00edvel acompanhar entrevistas sobre o tema com historiadores como\u00a0Lilia Schwarcz, Eduardo Bueno, Mary Del Priori, Isabel Lustosa, Yna\u00ea Lopes dos Santos, entre outros.<\/p>\n<p>A plataforma \u00e9 gerida pela Organiza\u00e7\u00e3o Social Amigos da Arte e, al\u00e9m de trazer para o brasileiro os fatos hist\u00f3ricos da Independ\u00eancia, possibilita compartilhar informa\u00e7\u00f5es e divulgar eventos relacionados ao Bicenten\u00e1rio da Independ\u00eancia. Para isso, a pessoa interessada s\u00f3 precisa acessar o formul\u00e1rio ou escrever para\u00a0<span id=\"OBJ_PREFIX_DWT683_ZmEmailObjectHandler\" role=\"link\">contato@agendabonifacio.com.br .<\/span><\/p>\n<p>\u201cQueremos que a Agenda Bonif\u00e1cio celebre os brasileiros independentes que assumem sua pr\u00f3pria identidade, que tenha como principal objetivo fomentar continuamente uma programa\u00e7\u00e3o hist\u00f3rica, diversa e democr\u00e1tica, que dialoga diretamente com os ecos desse marco na hist\u00f3ria, que segue presente at\u00e9\u00a0<span id=\"OBJ_PREFIX_DWT684_com_zimbra_date\" role=\"link\">hoje<\/span>\u00a0em nossa cultura\u201d, disse Danielle Nigromonte, diretora-geral da Amigos da Arte.<\/p>\n<p>(Com informa\u00e7\u00f5es da Ag\u00eancia Brasil)<\/p>\n","protected":false},"excerpt":{"rendered":"<p>J\u00e1 est\u00e1 dispon\u00edvel a\u00a0 Agenda Bonif\u00e1cio, uma plataforma\u00a0online in\u00e9dita,\u00a0 criada pela Secretaria de Cultura, de S\u00e3o Paulo,\u00a0 as pessoas podem conhecer os epis\u00f3dios mais marcantes que levaram \u00e0 separa\u00e7\u00e3o do Brasil de Portugal. A plataforma estar\u00e1 dispon\u00edvel para consulta at\u00e9 dezembro de 2022 e depois se tornar\u00e1 um registro da celebra\u00e7\u00e3o do bicenten\u00e1rio, segundo o [&hellip;]<\/p>\n","protected":false},"author":4,"featured_media":93697,"comment_status":"open","ping_status":"open","sticky":false,"template":"","format":"standard","meta":{"jetpack_post_was_ever_published":false,"_jetpack_newsletter_access":"","_jetpack_dont_email_post_to_subs":false,"_jetpack_newsletter_tier_id":0,"_jetpack_memberships_contains_paywalled_content":false,"_jetpack_memberships_contains_paid_content":false,"footnotes":"","jetpack_publicize_message":"","jetpack_publicize_feature_enabled":true,"jetpack_social_post_already_shared":true,"jetpack_social_options":{"image_generator_settings":{"template":"highway","default_image_id":0,"font":"","enabled":false},"version":2}},"categories":[2],"tags":[87,238,86,256,507,57,247,15,186,149,95],"class_list":["post-93696","post","type-post","status-publish","format-standard","has-post-thumbnail","hentry","category-geral","tag-ari","tag-brasil","tag-cultura","tag-desenvolvimento","tag-fome","tag-natal","tag-politica","tag-rs","tag-sao-paulo","tag-sc","tag-sp"],"aioseo_notices":[],"jetpack_publicize_connections":[],"jetpack_featured_media_url":"https:\/\/www.jornalja.com.br\/geral\/wp-content\/uploads\/sites\/4\/2022\/09\/o-grito-do-ipiranga.jpg","jetpack_shortlink":"https:\/\/wp.me\/pbKhrD-one","jetpack-related-posts":[{"id":88071,"url":"https:\/\/www.jornalja.com.br\/geral\/em-livro-manifesto-aldo-rebelo-defende-projeto-nacional-para-tirar-o-brasil-da-crise\/","url_meta":{"origin":93696,"position":0},"title":"Em livro-manifesto, Aldo Rebelo defende &#8220;projeto nacional&#8221; para tirar o Brasil da crise","author":"da Reda\u00e7\u00e3o","date":"31 de maio de 2021","format":false,"excerpt":"Precedido de importantes registros na m\u00eddia e nas redes sociais, j\u00e1 esta circulando, em vers\u00f5es impressa e digitais,\u00a0 o livro \"O Quinto Movimento\", de Aldo Rebelo, lan\u00e7ado pela Jornal J\u00c1 Editora. \"Propostas\u00a0 para uma constru\u00e7\u00e3o inacabada\u201d \u00e9 o subt\u00edtulo que esclarece a inten\u00e7\u00e3o do autor: levantar um debate, que j\u00e1\u2026","rel":"","context":"Em &quot;Geral-MAT\u00c9RIA&quot;","block_context":{"text":"Geral-MAT\u00c9RIA","link":"https:\/\/www.jornalja.com.br\/geral\/category\/geral\/"},"img":{"alt_text":"","src":"https:\/\/i0.wp.com\/www.jornalja.com.br\/geral\/wp-content\/uploads\/sites\/4\/2021\/05\/aldo-capa.jpg?resize=350%2C200&ssl=1","width":350,"height":200,"srcset":"https:\/\/i0.wp.com\/www.jornalja.com.br\/geral\/wp-content\/uploads\/sites\/4\/2021\/05\/aldo-capa.jpg?resize=350%2C200&ssl=1 1x, https:\/\/i0.wp.com\/www.jornalja.com.br\/geral\/wp-content\/uploads\/sites\/4\/2021\/05\/aldo-capa.jpg?resize=525%2C300&ssl=1 1.5x"},"classes":[]},{"id":88150,"url":"https:\/\/www.jornalja.com.br\/geral\/brique-da-redencao-vai-funcionar-neste-feriado\/","url_meta":{"origin":93696,"position":1},"title":"Brique da Reden\u00e7\u00e3o vai funcionar neste feriado","author":"Guilherme Hagel","date":"3 de junho de 2021","format":false,"excerpt":"Estar\u00e3o abertos ao p\u00fablico neste feriado de Corpus Christi, quinta-feira(3), o Brique da Reden\u00e7\u00e3o e Brique de s\u00e1bado, o hor\u00e1rio de funcionamento ser\u00e1 das 9h \u00e0s 17h, localizado na avenida Jos\u00e9 Bonif\u00e1cio. A feira \u00e9 uma realiza\u00e7\u00e3o dos artes\u00e3os e feirantes em conjunto com a Secretaria Municipal de Desenvolvimento e\u2026","rel":"","context":"Em &quot;Geral-NOTAS&quot;","block_context":{"text":"Geral-NOTAS","link":"https:\/\/www.jornalja.com.br\/geral\/category\/geral-notas\/"},"img":{"alt_text":"","src":"","width":0,"height":0},"classes":[]},{"id":97198,"url":"https:\/\/www.jornalja.com.br\/geral\/aos-80-anos-hospital-de-pronto-socorro-enfrenta-superlotacao-e-falta-de-investimentos\/","url_meta":{"origin":93696,"position":2},"title":"Aos 80 anos, Hospital de Pronto Socorro enfrenta superlota\u00e7\u00e3o e falta de investimentos","author":"da Reda\u00e7\u00e3o","date":"22 de abril de 2024","format":false,"excerpt":"Duas tendas de lona branca foram instaladas no terreno onde ser\u00e1 constru\u00eddo o novo pr\u00e9dio de oito andares, anexo ao\u00a0 Hospital de Pronto Socorro de Porto Alegre. Ali, na sexta-feira 19 de abril,\u00a0 a Funda\u00e7\u00e3o Pr\u00f3 HPS reuniu convidados - diretores do hospital, antigos funcion\u00e1rios homenageados, autoridades e a imprensa\u2026","rel":"","context":"Em &quot;Geral-MAT\u00c9RIA&quot;","block_context":{"text":"Geral-MAT\u00c9RIA","link":"https:\/\/www.jornalja.com.br\/geral\/category\/geral\/"},"img":{"alt_text":"","src":"https:\/\/i0.wp.com\/www.jornalja.com.br\/geral\/wp-content\/uploads\/sites\/4\/2024\/04\/hps-entrada-scaled.jpg?resize=350%2C200&ssl=1","width":350,"height":200,"srcset":"https:\/\/i0.wp.com\/www.jornalja.com.br\/geral\/wp-content\/uploads\/sites\/4\/2024\/04\/hps-entrada-scaled.jpg?resize=350%2C200&ssl=1 1x, https:\/\/i0.wp.com\/www.jornalja.com.br\/geral\/wp-content\/uploads\/sites\/4\/2024\/04\/hps-entrada-scaled.jpg?resize=525%2C300&ssl=1 1.5x, https:\/\/i0.wp.com\/www.jornalja.com.br\/geral\/wp-content\/uploads\/sites\/4\/2024\/04\/hps-entrada-scaled.jpg?resize=700%2C400&ssl=1 2x, https:\/\/i0.wp.com\/www.jornalja.com.br\/geral\/wp-content\/uploads\/sites\/4\/2024\/04\/hps-entrada-scaled.jpg?resize=1050%2C600&ssl=1 3x, https:\/\/i0.wp.com\/www.jornalja.com.br\/geral\/wp-content\/uploads\/sites\/4\/2024\/04\/hps-entrada-scaled.jpg?resize=1400%2C800&ssl=1 4x"},"classes":[]},{"id":98220,"url":"https:\/\/www.jornalja.com.br\/geral\/desde-que-concessao-foi-barrada-parque-da-redencao-vive-situacao-indefinida\/","url_meta":{"origin":93696,"position":3},"title":"Desde que concess\u00e3o foi barrada, parque da Reden\u00e7\u00e3o vive situa\u00e7\u00e3o indefinida","author":"Elmar Bones","date":"10 de dezembro de 2024","format":false,"excerpt":"O parque da Reden\u00e7\u00e3o\u00a0 estava no \"Lote 1\" do programa de concess\u00f5es divulgado em novembro de 2022 pela Prefeitura de Porto Alegre, envolvendo cinco parques da cidade, que seriam concedidos num s\u00f3 edital. Mais antigo e emblem\u00e1tico parque da cidade, seu caso era tamb\u00e9m o mais pol\u00eamico,\u00a0 previa inclusive um\u2026","rel":"","context":"Em &quot;Geral-MAT\u00c9RIA&quot;","block_context":{"text":"Geral-MAT\u00c9RIA","link":"https:\/\/www.jornalja.com.br\/geral\/category\/geral\/"},"img":{"alt_text":"","src":"https:\/\/i0.wp.com\/www.jornalja.com.br\/geral\/wp-content\/uploads\/sites\/4\/2024\/12\/redencao-sem-destino.png?resize=350%2C200&ssl=1","width":350,"height":200,"srcset":"https:\/\/i0.wp.com\/www.jornalja.com.br\/geral\/wp-content\/uploads\/sites\/4\/2024\/12\/redencao-sem-destino.png?resize=350%2C200&ssl=1 1x, https:\/\/i0.wp.com\/www.jornalja.com.br\/geral\/wp-content\/uploads\/sites\/4\/2024\/12\/redencao-sem-destino.png?resize=525%2C300&ssl=1 1.5x, https:\/\/i0.wp.com\/www.jornalja.com.br\/geral\/wp-content\/uploads\/sites\/4\/2024\/12\/redencao-sem-destino.png?resize=700%2C400&ssl=1 2x"},"classes":[]},{"id":92368,"url":"https:\/\/www.jornalja.com.br\/geral\/empresarios-defendem-politicas-publicas-e-projeto-para-crescimento-sustentavel\/","url_meta":{"origin":93696,"position":4},"title":"Empres\u00e1rios defendem pol\u00edticas p\u00fablicas e projeto para crescimento sustent\u00e1vel","author":"da Reda\u00e7\u00e3o","date":"28 de abril de 2022","format":false,"excerpt":"O presidente da Confedera\u00e7\u00e3o Nacional da Ind\u00fastria, Robson Braga de Andrade, disse\u00a0 que o Brasil precisa de um plano de desenvolvimento para\u00a0 superar a crise e construir um ciclo de crescimento com sustentabilidade ambiental. \"O Brasil tem todas as condi\u00e7\u00f5es de liderar o mundo em energia limpa, mas precisa de\u2026","rel":"","context":"Em &quot;Geral-MAT\u00c9RIA&quot;","block_context":{"text":"Geral-MAT\u00c9RIA","link":"https:\/\/www.jornalja.com.br\/geral\/category\/geral\/"},"img":{"alt_text":"","src":"https:\/\/i0.wp.com\/www.jornalja.com.br\/geral\/wp-content\/uploads\/sites\/4\/2022\/04\/empresarios-defendem-politicas-publicas.jpg?resize=350%2C200&ssl=1","width":350,"height":200,"srcset":"https:\/\/i0.wp.com\/www.jornalja.com.br\/geral\/wp-content\/uploads\/sites\/4\/2022\/04\/empresarios-defendem-politicas-publicas.jpg?resize=350%2C200&ssl=1 1x, https:\/\/i0.wp.com\/www.jornalja.com.br\/geral\/wp-content\/uploads\/sites\/4\/2022\/04\/empresarios-defendem-politicas-publicas.jpg?resize=525%2C300&ssl=1 1.5x, https:\/\/i0.wp.com\/www.jornalja.com.br\/geral\/wp-content\/uploads\/sites\/4\/2022\/04\/empresarios-defendem-politicas-publicas.jpg?resize=700%2C400&ssl=1 2x, https:\/\/i0.wp.com\/www.jornalja.com.br\/geral\/wp-content\/uploads\/sites\/4\/2022\/04\/empresarios-defendem-politicas-publicas.jpg?resize=1050%2C600&ssl=1 3x"},"classes":[]},{"id":98558,"url":"https:\/\/www.jornalja.com.br\/geral\/empresa-que-vai-ocupar-terreno-junto-a-redencao-ja-tem-12-concessoes-em-porto-alegre\/","url_meta":{"origin":93696,"position":5},"title":"Empresa que vai ocupar terreno junto \u00e0 Reden\u00e7\u00e3o j\u00e1 tem 12 concess\u00f5es em Porto Alegre","author":"da Reda\u00e7\u00e3o","date":"26 de mar\u00e7o de 2025","format":false,"excerpt":"Um tapume de metal sinaliza, desde segunda-feira, a mudan\u00e7a que vai ocorrer num espa\u00e7o privilegiado em Porto Alegre, junto ao parque da Reden\u00e7\u00e3o, no largo Jos\u00e9 Lubianca, na conflu\u00eancia das avenidas Jos\u00e9 Bonif\u00e1cio com Oswaldo Aranha. \u00c9 um terreno triangular, de 462 m2, que em 1971, em plena ditadura, foi\u2026","rel":"","context":"Em &quot;Geral-MAT\u00c9RIA&quot;","block_context":{"text":"Geral-MAT\u00c9RIA","link":"https:\/\/www.jornalja.com.br\/geral\/category\/geral\/"},"img":{"alt_text":"","src":"https:\/\/i0.wp.com\/www.jornalja.com.br\/geral\/wp-content\/uploads\/sites\/4\/2025\/03\/redencao-area-cercada.jpg?resize=350%2C200&ssl=1","width":350,"height":200,"srcset":"https:\/\/i0.wp.com\/www.jornalja.com.br\/geral\/wp-content\/uploads\/sites\/4\/2025\/03\/redencao-area-cercada.jpg?resize=350%2C200&ssl=1 1x, https:\/\/i0.wp.com\/www.jornalja.com.br\/geral\/wp-content\/uploads\/sites\/4\/2025\/03\/redencao-area-cercada.jpg?resize=525%2C300&ssl=1 1.5x, https:\/\/i0.wp.com\/www.jornalja.com.br\/geral\/wp-content\/uploads\/sites\/4\/2025\/03\/redencao-area-cercada.jpg?resize=700%2C400&ssl=1 2x, https:\/\/i0.wp.com\/www.jornalja.com.br\/geral\/wp-content\/uploads\/sites\/4\/2025\/03\/redencao-area-cercada.jpg?resize=1050%2C600&ssl=1 3x, https:\/\/i0.wp.com\/www.jornalja.com.br\/geral\/wp-content\/uploads\/sites\/4\/2025\/03\/redencao-area-cercada.jpg?resize=1400%2C800&ssl=1 4x"},"classes":[]}],"jetpack_sharing_enabled":true,"_links":{"self":[{"href":"https:\/\/www.jornalja.com.br\/geral\/wp-json\/wp\/v2\/posts\/93696","targetHints":{"allow":["GET"]}}],"collection":[{"href":"https:\/\/www.jornalja.com.br\/geral\/wp-json\/wp\/v2\/posts"}],"about":[{"href":"https:\/\/www.jornalja.com.br\/geral\/wp-json\/wp\/v2\/types\/post"}],"author":[{"embeddable":true,"href":"https:\/\/www.jornalja.com.br\/geral\/wp-json\/wp\/v2\/users\/4"}],"replies":[{"embeddable":true,"href":"https:\/\/www.jornalja.com.br\/geral\/wp-json\/wp\/v2\/comments?post=93696"}],"version-history":[{"count":1,"href":"https:\/\/www.jornalja.com.br\/geral\/wp-json\/wp\/v2\/posts\/93696\/revisions"}],"predecessor-version":[{"id":93698,"href":"https:\/\/www.jornalja.com.br\/geral\/wp-json\/wp\/v2\/posts\/93696\/revisions\/93698"}],"wp:featuredmedia":[{"embeddable":true,"href":"https:\/\/www.jornalja.com.br\/geral\/wp-json\/wp\/v2\/media\/93697"}],"wp:attachment":[{"href":"https:\/\/www.jornalja.com.br\/geral\/wp-json\/wp\/v2\/media?parent=93696"}],"wp:term":[{"taxonomy":"category","embeddable":true,"href":"https:\/\/www.jornalja.com.br\/geral\/wp-json\/wp\/v2\/categories?post=93696"},{"taxonomy":"post_tag","embeddable":true,"href":"https:\/\/www.jornalja.com.br\/geral\/wp-json\/wp\/v2\/tags?post=93696"}],"curies":[{"name":"wp","href":"https:\/\/api.w.org\/{rel}","templated":true}]}}