{"id":93779,"date":"2022-09-11T01:30:34","date_gmt":"2022-09-11T04:30:34","guid":{"rendered":"https:\/\/www.jornalja.com.br\/geral\/?p=93779"},"modified":"2022-10-29T18:02:04","modified_gmt":"2022-10-29T21:02:04","slug":"na-reta-final-da-campanha-lula-faz-comicio-nos-tres-estados-do-sul","status":"publish","type":"post","link":"https:\/\/www.jornalja.com.br\/geral\/na-reta-final-da-campanha-lula-faz-comicio-nos-tres-estados-do-sul\/","title":{"rendered":"Na reta final da campanha: Lula faz com\u00edcio nos tr\u00eas Estados do Sul"},"content":{"rendered":"<p>Dia 16, em Porto Alegre, dia 17 em Curitiba e 18 em Florian\u00f3polis. Este \u00e9 o roteiro do ex-presidente Lula nesta semana, h\u00e1 15 dias do pleito.<\/p>\n<p>Em Porto Alegre, o candidato participa de um ato no Largo Gl\u00eanio Peres, junto ao Mercado P\u00fablico no cora\u00e7\u00e3o do centro hist\u00f3rico de Porto Alegre.<\/p>\n<p>\u00c9 um local tradicional de grandes eventos pol\u00edticos um tambor eleitoral que ecoa por todo o do Rio Grande.<\/p>\n<p>Dali, Lula tentar\u00e1 turbinar a candidatura do deputado Edegar Pretto, que patina com 8% das inten\u00e7\u00f5es de voto na terceira coloca\u00e7\u00e3o na disputa pelo governo ga\u00facho, atr\u00e1s de Eduardo Leite (38%), Onyx Lorenzonei (24%).<\/p>\n<p>Lula conseguiu reverter a situa\u00e7\u00e3o no Estado, que em 2018 votou amplamente em Bolsonaro:\u00a0 no inicio do ano tinha 27%, quando Bolsonaro chegava a 40%. Na \u00faltima pesquisa do Ipec, ele alcan\u00e7ou a 46% ante 34% de Bolsonaro.<\/p>\n<p>O desafio \u00e9 o governo estadual. At\u00e9 o momento ele n\u00e3o conseguiu transferir seus votos para seu candidato, Eduardo Pretto.<\/p>\n<p>A expectativa da frente de esquerda que apoia Edegar Pretto \u00e9 a divis\u00e3o dos votos do eleitorado de direita entre tr\u00eas candidados do mesmo campo &#8211; al\u00e9m de Eduardo Leite e Onix Lorenzoni, o senador Luiz Heinze,\u00a0 do PP, que aparece nas pesquisas com 6% das inten\u00e7\u00f5es de voto.<\/p>\n<p>Essa divis\u00e3o abriria a chance de segundo turno\u00a0 para uma candidatura, como a de Pretto,\u00a0 que aglutine todas as for\u00e7as de esquerda e centro esquerda. \u00c9 nessa tecla que Lula vem\u00a0 bater em Porto Alegre.<\/p>\n<p>No Paran\u00e1, o desafio n\u00e3o \u00e9 menor para Lula. Segundo a \u00faltima pesquisa do Ipec, Bolsonaro est\u00e1 na frente com 41% das inten\u00e7\u00f5es de voto, contra 35% de Lula.<\/p>\n<p>Para o governo do Estado, segundo a \u00faltima pesquisa do Ipec, o governador Ratinho Junior, candidato \u00e0 reelei\u00e7\u00e3o pelo PSD,\u00a0 lidera\u00a0 com 46%, seguido de Roberto Requi\u00e3o do PT com 24% .<\/p>\n<p>Em Santa Catarina, a situa\u00e7\u00e3o \u00e9 mais grave. Bolsonaro est\u00e1 na frente, com 50% das inten\u00e7\u00f5es de voto, o dobro de Lula, que tem 25% segundo a \u00faltima pesquisa do Ipec.<\/p>\n<p>Na disputa estadual, o governador Carlos Mois\u00e9s, candidato a reelei\u00e7\u00e3o pelo Republicanos, est\u00e1 frente com 23% dos votos.<\/p>\n<p>O candidato do PT, D\u00e9cio Lima, est\u00e1 em quarto lugar com 6% das inten\u00e7\u00f5es de voto, depois de Esperidi\u00e3o Amim (PP) e Jorginho Melo (PL).<\/p>\n<p>Aqui tamb\u00e9m a expectativa\u00a0 de Lula \u00e9 que a divis\u00e3o dos votos \u00e0 direita leve\u00a0 a candidatura petista ao segundo turno.<\/p>\n","protected":false},"excerpt":{"rendered":"<p>Dia 16, em Porto Alegre, dia 17 em Curitiba e 18 em Florian\u00f3polis. Este \u00e9 o roteiro do ex-presidente Lula nesta semana, h\u00e1 15 dias do pleito. Em Porto Alegre, o candidato participa de um ato no Largo Gl\u00eanio Peres, junto ao Mercado P\u00fablico no cora\u00e7\u00e3o do centro hist\u00f3rico de Porto Alegre. \u00c9 um local [&hellip;]<\/p>\n","protected":false},"author":4,"featured_media":93767,"comment_status":"open","ping_status":"open","sticky":false,"template":"","format":"standard","meta":{"jetpack_post_was_ever_published":false,"_jetpack_newsletter_access":"","_jetpack_dont_email_post_to_subs":false,"_jetpack_newsletter_tier_id":0,"_jetpack_memberships_contains_paywalled_content":false,"_jetpack_memberships_contains_paid_content":false,"footnotes":"","jetpack_publicize_message":"","jetpack_publicize_feature_enabled":true,"jetpack_social_post_already_shared":true,"jetpack_social_options":{"image_generator_settings":{"template":"highway","default_image_id":0,"font":"","enabled":false},"version":2}},"categories":[2],"tags":[87,89,321,32,236,283,312,158,356,489,276,132,161,95],"class_list":["post-93779","post","type-post","status-publish","format-standard","has-post-thumbnail","hentry","category-geral","tag-ari","tag-bolsonaro","tag-campanha","tag-eduardo-leite","tag-governo","tag-governo-do-estado","tag-governo-estadual","tag-lula","tag-mel","tag-melo","tag-politicos","tag-porto-alegre","tag-pt","tag-sp"],"aioseo_notices":[],"jetpack_publicize_connections":[],"jetpack_featured_media_url":"https:\/\/www.jornalja.com.br\/geral\/wp-content\/uploads\/sites\/4\/2022\/09\/lula-preto-e-ruas-foto-caco-argemi.jpeg","jetpack_shortlink":"https:\/\/wp.me\/pbKhrD-ooz","jetpack-related-posts":[{"id":101078,"url":"https:\/\/www.jornalja.com.br\/geral\/como-foi-costurado-o-acordo-que-fez-o-pt-apoiar-juliana-brizola\/","url_meta":{"origin":93779,"position":0},"title":"Como foi costurado o acordo que fez o PT apoiar Juliana Brizola","author":"da Reda\u00e7\u00e3o","date":"17 de abril de 2026","format":false,"excerpt":"O PDT foi o partido que mais perdeu representantes na \u201cjanela partid\u00e1ria\u201d que fechou em 3 de abril. Tinha tr\u00eas senadores, ficou com dois. Tinha 17 deputados federais, caiu para 11. Perdeu tamb\u00e9m 9 dos 43 deputados estaduais que elegeu em 2022. No \u00e2mbito municipal, o PDT tem prefeitos em\u2026","rel":"","context":"Em &quot;Geral-MAT\u00c9RIA&quot;","block_context":{"text":"Geral-MAT\u00c9RIA","link":"https:\/\/www.jornalja.com.br\/geral\/category\/geral\/"},"img":{"alt_text":"","src":"https:\/\/www.jornalja.com.br\/geral\/wp-content\/uploads\/sites\/4\/2026\/04\/pdt-lupi-juliana-e-lula.avif","width":350,"height":200,"srcset":"https:\/\/www.jornalja.com.br\/geral\/wp-content\/uploads\/sites\/4\/2026\/04\/pdt-lupi-juliana-e-lula.avif 1x, https:\/\/www.jornalja.com.br\/geral\/wp-content\/uploads\/sites\/4\/2026\/04\/pdt-lupi-juliana-e-lula.avif 1.5x, https:\/\/www.jornalja.com.br\/geral\/wp-content\/uploads\/sites\/4\/2026\/04\/pdt-lupi-juliana-e-lula.avif 2x"},"classes":[]},{"id":93806,"url":"https:\/\/www.jornalja.com.br\/geral\/datafolha-reacao-petista-na-bahia-anima-campanha-de-pretto-nas-vesperas-da-visita-de-lula\/","url_meta":{"origin":93779,"position":1},"title":"Datafolha: rea\u00e7\u00e3o petista na Bahia anima campanha de Pretto na v\u00e9spera da visita de Lula ao Rio Grande do Sul","author":"da Reda\u00e7\u00e3o","date":"14 de setembro de 2022","format":false,"excerpt":"A rea\u00e7\u00e3o do petista Jer\u00f4nimo Rodrigues, na Bahia, deu novo \u00e2nimo \u00e0 campanha de Edegar Pretto, candidato do partido ao governo do Rio Grande do Sul. Segundo pesquisa do Datafolha, divulgada nesta quarta, o candidato do PT na Bahia deu um salto de 12 pontos a pouco mais de duas\u2026","rel":"","context":"Em &quot;Geral-MAT\u00c9RIA&quot;","block_context":{"text":"Geral-MAT\u00c9RIA","link":"https:\/\/www.jornalja.com.br\/geral\/category\/geral\/"},"img":{"alt_text":"","src":"https:\/\/i0.wp.com\/www.jornalja.com.br\/geral\/wp-content\/uploads\/sites\/4\/2022\/09\/edegar-pretto-e-lula-foto-ricardo-stuckert.jpg?resize=350%2C200&ssl=1","width":350,"height":200,"srcset":"https:\/\/i0.wp.com\/www.jornalja.com.br\/geral\/wp-content\/uploads\/sites\/4\/2022\/09\/edegar-pretto-e-lula-foto-ricardo-stuckert.jpg?resize=350%2C200&ssl=1 1x, https:\/\/i0.wp.com\/www.jornalja.com.br\/geral\/wp-content\/uploads\/sites\/4\/2022\/09\/edegar-pretto-e-lula-foto-ricardo-stuckert.jpg?resize=525%2C300&ssl=1 1.5x, https:\/\/i0.wp.com\/www.jornalja.com.br\/geral\/wp-content\/uploads\/sites\/4\/2022\/09\/edegar-pretto-e-lula-foto-ricardo-stuckert.jpg?resize=700%2C400&ssl=1 2x, https:\/\/i0.wp.com\/www.jornalja.com.br\/geral\/wp-content\/uploads\/sites\/4\/2022\/09\/edegar-pretto-e-lula-foto-ricardo-stuckert.jpg?resize=1050%2C600&ssl=1 3x"},"classes":[]},{"id":100576,"url":"https:\/\/www.jornalja.com.br\/geral\/ministro-da-justica-nomeado-por-lula-ficou-14-dias-no-cargo-no-governo-dilma\/","url_meta":{"origin":93779,"position":2},"title":"Ministro da Justi\u00e7a nomeado por Lula ficou 14 dias no cargo no governo Dilma","author":"da Reda\u00e7\u00e3o","date":"13 de janeiro de 2026","format":false,"excerpt":"Wellington C\u00e9sar Lima e Silva, nomeado pelo presidente Lula para o Minist\u00e9rio da Justi\u00e7a, j\u00e1 exerceu o cargo no governo de Dilma Rousseff . Foi nomeado em mar\u00e7o de 2016 e ficou apenas 14 dias no cargo. O Supremo Tribunal Federal (STF) decidiu que integrantes do Minist\u00e9rio P\u00fablico ( Wellington\u2026","rel":"","context":"Em &quot;MANCHETE do Site&quot;","block_context":{"text":"MANCHETE do Site","link":"https:\/\/www.jornalja.com.br\/geral\/category\/manchete-do-site\/"},"img":{"alt_text":"","src":"https:\/\/i0.wp.com\/www.jornalja.com.br\/geral\/wp-content\/uploads\/sites\/4\/2026\/01\/lula-e-o-novo-ministro-da-justica.png?resize=350%2C200&ssl=1","width":350,"height":200},"classes":[]},{"id":100444,"url":"https:\/\/www.jornalja.com.br\/geral\/ano-comeca-com-lula-e-dilma-na-retomada-do-polo-naval-de-rio-gramde\/","url_meta":{"origin":93779,"position":3},"title":"Ano come\u00e7a com Lula e Dilma na retomada do Polo Naval de Rio Grande","author":"da Reda\u00e7\u00e3o","date":"23 de dezembro de 2025","format":false,"excerpt":"Um ano depois da assinatura do primeiro contrato que marca a retomada do Polo Naval, em Rio Grande, o presidente Lula volta \u00e0 cidade neste 7 de janeiro,\u00a0 dando partida \u00e0 constru\u00e7\u00e3o de quatro navios\u00a0 encomendados pela Transpetro. Da primeira vez, em fevereiro de 2025, ele trouxe o vice-presidente Geraldo\u00a0\u2026","rel":"","context":"Em &quot;Geral-MAT\u00c9RIA&quot;","block_context":{"text":"Geral-MAT\u00c9RIA","link":"https:\/\/www.jornalja.com.br\/geral\/category\/geral\/"},"img":{"alt_text":"","src":"https:\/\/i0.wp.com\/www.jornalja.com.br\/geral\/wp-content\/uploads\/sites\/4\/2025\/12\/polo-naval-no-auge-construcao-de-plataformas.png?resize=350%2C200&ssl=1","width":350,"height":200},"classes":[]},{"id":94226,"url":"https:\/\/www.jornalja.com.br\/geral\/eleicoes-2022-a-tripla-derrota-do-prefeito-sebastiao-melo-em-porto-alegre\/","url_meta":{"origin":93779,"position":4},"title":"Elei\u00e7\u00f5es 2022: a tripla derrota do prefeito Sebasti\u00e3o Melo em Porto Alegre","author":"Elmar Bones","date":"4 de novembro de 2022","format":false,"excerpt":"O prefeito de Porto Alegre, Sebasti\u00e3o Melo, foi o grande derrotado no pleito de 30 de outubro. Divergindo de seu partido, que forneceu o vice Gabriel de Souza na chapa vencedora de Eduardo Leite, Melo abra\u00e7ou o bolsonarismo, apoiando\u00a0 Onyx Lorenzoni ao governo do Estado e Bolsonaro para a presid\u00eancia.\u2026","rel":"","context":"Em &quot;Geral-MAT\u00c9RIA&quot;","block_context":{"text":"Geral-MAT\u00c9RIA","link":"https:\/\/www.jornalja.com.br\/geral\/category\/geral\/"},"img":{"alt_text":"","src":"https:\/\/i0.wp.com\/www.jornalja.com.br\/geral\/wp-content\/uploads\/sites\/4\/2022\/11\/vitoria-de-lula-em-porto-alegre-scaled.jpg?resize=350%2C200&ssl=1","width":350,"height":200,"srcset":"https:\/\/i0.wp.com\/www.jornalja.com.br\/geral\/wp-content\/uploads\/sites\/4\/2022\/11\/vitoria-de-lula-em-porto-alegre-scaled.jpg?resize=350%2C200&ssl=1 1x, https:\/\/i0.wp.com\/www.jornalja.com.br\/geral\/wp-content\/uploads\/sites\/4\/2022\/11\/vitoria-de-lula-em-porto-alegre-scaled.jpg?resize=525%2C300&ssl=1 1.5x, https:\/\/i0.wp.com\/www.jornalja.com.br\/geral\/wp-content\/uploads\/sites\/4\/2022\/11\/vitoria-de-lula-em-porto-alegre-scaled.jpg?resize=700%2C400&ssl=1 2x, https:\/\/i0.wp.com\/www.jornalja.com.br\/geral\/wp-content\/uploads\/sites\/4\/2022\/11\/vitoria-de-lula-em-porto-alegre-scaled.jpg?resize=1050%2C600&ssl=1 3x, https:\/\/i0.wp.com\/www.jornalja.com.br\/geral\/wp-content\/uploads\/sites\/4\/2022\/11\/vitoria-de-lula-em-porto-alegre-scaled.jpg?resize=1400%2C800&ssl=1 4x"},"classes":[]},{"id":100336,"url":"https:\/\/www.jornalja.com.br\/geral\/pl-da-devastacao-em-retaliacao-ao-governo-oposicao-pode-derrubar-vetos-de-lula\/","url_meta":{"origin":93779,"position":5},"title":"Em retalia\u00e7\u00e3o ao governo, oposi\u00e7\u00e3o derruba vetos de Lula e restabelece o &#8220;PL da Devasta\u00e7\u00e3o&#8221;.","author":"da Reda\u00e7\u00e3o","date":"2 de novembro de 2025","format":false,"excerpt":"Em vota\u00e7\u00e3o conjunta no Congresso Nacional, na quinta-feira (27), foram derrubados\u00a0 os vetos do presidente Lula \u00e0 Lei Geral do Licenciamento Ambiental (Lei n\u00ba 15.190\/2025),\u00a0 o chamado\u00a0 \u201cPL da Devasta\u00e7\u00e3o\u201d. Aconteceu o que as organiza\u00e7\u00f5es de defesa ambiental temiam: a reabilita\u00e7\u00e3o dos dispositivos que autorizam autolicenciamento amplo, emiss\u00e3o autom\u00e1tica de\u2026","rel":"","context":"Em &quot;Geral-MAT\u00c9RIA&quot;","block_context":{"text":"Geral-MAT\u00c9RIA","link":"https:\/\/www.jornalja.com.br\/geral\/category\/geral\/"},"img":{"alt_text":"","src":"https:\/\/i0.wp.com\/www.jornalja.com.br\/geral\/wp-content\/uploads\/sites\/4\/2025\/11\/iotti-pl-devastaccao-scaled.jpg?resize=350%2C200&ssl=1","width":350,"height":200,"srcset":"https:\/\/i0.wp.com\/www.jornalja.com.br\/geral\/wp-content\/uploads\/sites\/4\/2025\/11\/iotti-pl-devastaccao-scaled.jpg?resize=350%2C200&ssl=1 1x, https:\/\/i0.wp.com\/www.jornalja.com.br\/geral\/wp-content\/uploads\/sites\/4\/2025\/11\/iotti-pl-devastaccao-scaled.jpg?resize=525%2C300&ssl=1 1.5x, https:\/\/i0.wp.com\/www.jornalja.com.br\/geral\/wp-content\/uploads\/sites\/4\/2025\/11\/iotti-pl-devastaccao-scaled.jpg?resize=700%2C400&ssl=1 2x, https:\/\/i0.wp.com\/www.jornalja.com.br\/geral\/wp-content\/uploads\/sites\/4\/2025\/11\/iotti-pl-devastaccao-scaled.jpg?resize=1050%2C600&ssl=1 3x, https:\/\/i0.wp.com\/www.jornalja.com.br\/geral\/wp-content\/uploads\/sites\/4\/2025\/11\/iotti-pl-devastaccao-scaled.jpg?resize=1400%2C800&ssl=1 4x"},"classes":[]}],"jetpack_sharing_enabled":true,"_links":{"self":[{"href":"https:\/\/www.jornalja.com.br\/geral\/wp-json\/wp\/v2\/posts\/93779","targetHints":{"allow":["GET"]}}],"collection":[{"href":"https:\/\/www.jornalja.com.br\/geral\/wp-json\/wp\/v2\/posts"}],"about":[{"href":"https:\/\/www.jornalja.com.br\/geral\/wp-json\/wp\/v2\/types\/post"}],"author":[{"embeddable":true,"href":"https:\/\/www.jornalja.com.br\/geral\/wp-json\/wp\/v2\/users\/4"}],"replies":[{"embeddable":true,"href":"https:\/\/www.jornalja.com.br\/geral\/wp-json\/wp\/v2\/comments?post=93779"}],"version-history":[{"count":3,"href":"https:\/\/www.jornalja.com.br\/geral\/wp-json\/wp\/v2\/posts\/93779\/revisions"}],"predecessor-version":[{"id":93783,"href":"https:\/\/www.jornalja.com.br\/geral\/wp-json\/wp\/v2\/posts\/93779\/revisions\/93783"}],"wp:featuredmedia":[{"embeddable":true,"href":"https:\/\/www.jornalja.com.br\/geral\/wp-json\/wp\/v2\/media\/93767"}],"wp:attachment":[{"href":"https:\/\/www.jornalja.com.br\/geral\/wp-json\/wp\/v2\/media?parent=93779"}],"wp:term":[{"taxonomy":"category","embeddable":true,"href":"https:\/\/www.jornalja.com.br\/geral\/wp-json\/wp\/v2\/categories?post=93779"},{"taxonomy":"post_tag","embeddable":true,"href":"https:\/\/www.jornalja.com.br\/geral\/wp-json\/wp\/v2\/tags?post=93779"}],"curies":[{"name":"wp","href":"https:\/\/api.w.org\/{rel}","templated":true}]}}