{"id":93806,"date":"2022-09-14T21:33:24","date_gmt":"2022-09-15T00:33:24","guid":{"rendered":"https:\/\/www.jornalja.com.br\/geral\/?p=93806"},"modified":"2022-10-29T18:02:03","modified_gmt":"2022-10-29T21:02:03","slug":"datafolha-reacao-petista-na-bahia-anima-campanha-de-pretto-nas-vesperas-da-visita-de-lula","status":"publish","type":"post","link":"https:\/\/www.jornalja.com.br\/geral\/datafolha-reacao-petista-na-bahia-anima-campanha-de-pretto-nas-vesperas-da-visita-de-lula\/","title":{"rendered":"Datafolha: rea\u00e7\u00e3o petista na Bahia anima campanha de Pretto na v\u00e9spera da visita de Lula ao Rio Grande do Sul"},"content":{"rendered":"<p>A rea\u00e7\u00e3o do petista Jer\u00f4nimo Rodrigues, na Bahia, deu novo \u00e2nimo \u00e0 campanha de Edegar Pretto, candidato do partido ao governo do Rio Grande do Sul.<\/p>\n<p>Segundo pesquisa do Datafolha, divulgada nesta quarta, o candidato do PT na Bahia deu um salto de 12 pontos a pouco mais de duas semanas das elei\u00e7\u00f5es.<\/p>\n<p>A disputa baiana \u00e9 liderada pelo ex-prefeito de Salvador, ACM Neto, que alcan\u00e7ou 54% na pesquisa anterior. Agora ele caiu 5 pontos, tem 49%.<\/p>\n<p>Jer\u00f4nimo, por sua vez,\u00a0 tinha tinha 16% e agora marca 28%.<\/p>\n<p>Em terceiro lugar vem Jo\u00e3o Roma (PL), que caiu de 8% para 7% na nova pesquisa.\u00a0 Os demais postulantes ao governo da Bahia n\u00e3o atingiram 1% das inten\u00e7\u00f5es de voto.<\/p>\n<p>Para Senado na Bahia, o candidato da chapa petista tamb\u00e9m disparou: Otto Alencar (PSD), candidato \u00e0 reelei\u00e7\u00e3o, disparou 7 pontos com rela\u00e7\u00e3o ao \u00faltimo Datafolha e soma 39% das inten\u00e7\u00f5es de voto. O segundo lugar \u00e9 de Cac\u00e1 Le\u00e3o (PP), que tem 16%.<\/p>\n<p>O salto da chapa lulista na Bahia animou as campanhas estaduais do partido, em especial no Rio Grande do Sul, onde o candidato Edegar Pretto, tem 8% das inten\u00e7\u00f5es de voto, enquanto o l\u00edder, ex-governador Eduardo Leite, candidato \u00e0 reelei\u00e7\u00e3o tem 38% segundo o \u00faltimo Datafolha.<\/p>\n<p>O entusiasmo \u00e9 maior, porque o resultado surpreendente na Bahia coincide com a visita de Lula, que estar\u00e1 em Porto Alegre nesta sexta-feira, 16.\u00a0 Est\u00e1 programado um ato no Largo Gl\u00eanio Peres, no centro hist\u00f3rico do, lugar simb\u00f3lico da capital ga\u00facha.<\/p>\n<p>\u00c9 um local tradicional de grandes eventos pol\u00edticos um tambor eleitoral que ecoa por todo o do Rio Grande.<\/p>\n<p>Dali, Lula tentar\u00e1 turbinar a candidatura do deputado Edegar Pretto, que patina com 8% das inten\u00e7\u00f5es de voto na terceira coloca\u00e7\u00e3o na disputa pelo governo ga\u00facho, atr\u00e1s de Eduardo Leite (38%), Onyx Lorenzonei (24%).<\/p>\n<p>Na disputa pela presid\u00eancia, Lula conseguiu reverter a situa\u00e7\u00e3o no Estado, que em 2018 votou amplamente em Bolsonaro:\u00a0 no inicio do ano tinha 27%, quando Bolsonaro chegava a 40%. Na \u00faltima pesquisa do Ipec, ele alcan\u00e7ou a 46% ante 34% de Bolsonaro.<\/p>\n<p>O desafio \u00e9 o governo estadual. At\u00e9 o momento ele n\u00e3o conseguiu transferir seus votos para seu candidato, Eduardo Pretto.<\/p>\n<p>A expectativa da frente de esquerda que apoia Edegar Pretto e que ganhou alento com a candidatura de Olivio Dutra ao Senado, agora \u00e9 o &#8220;efeito Lula&#8221; entre os ga\u00fachos para levar Pretto ao segundo turno, contando tamb\u00e9m com a divis\u00e3o dos votos do eleitorado de direita entre tr\u00eas candidados do mesmo campo &#8211; al\u00e9m de Eduardo Leite e Onix Lorenzoni, o senador Luiz Heinze,\u00a0 do PP, que aparece nas pesquisas com 6% das inten\u00e7\u00f5es de voto.<\/p>\n<p>Essa divis\u00e3o abriria a chance de segundo turno\u00a0 para uma candidatura, como a de Pretto,\u00a0 que aglutine todas as for\u00e7as de esquerda e centro esquerda. \u00c9 nessa tecla que Lula vem\u00a0 bater em Porto Alegre.<\/p>\n<p>No Paran\u00e1, onde Lula estar\u00e1 no dia seguinte, 17, o desafio n\u00e3o \u00e9 menor. Segundo a \u00faltima pesquisa do Ipec, Bolsonaro est\u00e1 na frente com 41% das inten\u00e7\u00f5es de voto, contra 35% de Lula.<\/p>\n<p>Para o governo do Estado, segundo a \u00faltima pesquisa do Ipec, o governador Ratinho Junior, candidato \u00e0 reelei\u00e7\u00e3o pelo PSD,\u00a0 lidera\u00a0 com 46%, seguido de Roberto Requi\u00e3o do PT com 24% .<\/p>\n<p>Em Santa Catarina, onde Lula estar\u00e1 no dia 18,\u00a0 a situa\u00e7\u00e3o \u00e9 mais grave. Bolsonaro est\u00e1 na frente, com 50% das inten\u00e7\u00f5es de voto, o dobro de Lula, que tem 25% segundo a \u00faltima pesquisa do Ipec.<\/p>\n<p>Na disputa estadual, o governador Carlos Mois\u00e9s, candidato a reelei\u00e7\u00e3o pelo Republicanos, est\u00e1 frente com 23% dos votos.<\/p>\n<p>O candidato do PT, D\u00e9cio Lima, est\u00e1 em quarto lugar com 6% das inten\u00e7\u00f5es de voto, depois de Esperidi\u00e3o Amim (PP) e Jorginho Melo (PL).<\/p>\n<p>Aqui tamb\u00e9m a expectativa\u00a0 de Lula \u00e9 que a divis\u00e3o dos votos \u00e0 direita leve\u00a0 a candidatura petista ao segundo turno.<\/p>\n","protected":false},"excerpt":{"rendered":"<p>A rea\u00e7\u00e3o do petista Jer\u00f4nimo Rodrigues, na Bahia, deu novo \u00e2nimo \u00e0 campanha de Edegar Pretto, candidato do partido ao governo do Rio Grande do Sul. Segundo pesquisa do Datafolha, divulgada nesta quarta, o candidato do PT na Bahia deu um salto de 12 pontos a pouco mais de duas semanas das elei\u00e7\u00f5es. A disputa [&hellip;]<\/p>\n","protected":false},"author":4,"featured_media":93677,"comment_status":"open","ping_status":"open","sticky":false,"template":"","format":"standard","meta":{"jetpack_post_was_ever_published":false,"_jetpack_newsletter_access":"","_jetpack_dont_email_post_to_subs":false,"_jetpack_newsletter_tier_id":0,"_jetpack_memberships_contains_paywalled_content":false,"_jetpack_memberships_contains_paid_content":false,"footnotes":"","jetpack_publicize_message":"","jetpack_publicize_feature_enabled":true,"jetpack_social_post_already_shared":true,"jetpack_social_options":{"image_generator_settings":{"template":"highway","default_image_id":0,"font":"","enabled":false},"version":2}},"categories":[2],"tags":[87,89,321,32,261,236,283,312,158,356,489,276,132,161,14,95,530],"class_list":["post-93806","post","type-post","status-publish","format-standard","has-post-thumbnail","hentry","category-geral","tag-ari","tag-bolsonaro","tag-campanha","tag-eduardo-leite","tag-eleicoes","tag-governo","tag-governo-do-estado","tag-governo-estadual","tag-lula","tag-mel","tag-melo","tag-politicos","tag-porto-alegre","tag-pt","tag-rio-grande-do-sul","tag-sp","tag-stu"],"aioseo_notices":[],"jetpack_publicize_connections":[],"jetpack_featured_media_url":"https:\/\/www.jornalja.com.br\/geral\/wp-content\/uploads\/sites\/4\/2022\/09\/edegar-pretto-e-lula-foto-ricardo-stuckert.jpg","jetpack_shortlink":"https:\/\/wp.me\/pbKhrD-op0","jetpack-related-posts":[{"id":101078,"url":"https:\/\/www.jornalja.com.br\/geral\/como-foi-costurado-o-acordo-que-fez-o-pt-apoiar-juliana-brizola\/","url_meta":{"origin":93806,"position":0},"title":"Como foi costurado o acordo que fez o PT apoiar Juliana Brizola","author":"da Reda\u00e7\u00e3o","date":"17 de abril de 2026","format":false,"excerpt":"O PDT foi o partido que mais perdeu representantes na \u201cjanela partid\u00e1ria\u201d que fechou em 3 de abril. Tinha tr\u00eas senadores, ficou com dois. Tinha 17 deputados federais, caiu para 11. Perdeu tamb\u00e9m 9 dos 43 deputados estaduais que elegeu em 2022. No \u00e2mbito municipal, o PDT tem prefeitos em\u2026","rel":"","context":"Em &quot;Geral-MAT\u00c9RIA&quot;","block_context":{"text":"Geral-MAT\u00c9RIA","link":"https:\/\/www.jornalja.com.br\/geral\/category\/geral\/"},"img":{"alt_text":"","src":"https:\/\/www.jornalja.com.br\/geral\/wp-content\/uploads\/sites\/4\/2026\/04\/pdt-lupi-juliana-e-lula.avif","width":350,"height":200,"srcset":"https:\/\/www.jornalja.com.br\/geral\/wp-content\/uploads\/sites\/4\/2026\/04\/pdt-lupi-juliana-e-lula.avif 1x, https:\/\/www.jornalja.com.br\/geral\/wp-content\/uploads\/sites\/4\/2026\/04\/pdt-lupi-juliana-e-lula.avif 1.5x, https:\/\/www.jornalja.com.br\/geral\/wp-content\/uploads\/sites\/4\/2026\/04\/pdt-lupi-juliana-e-lula.avif 2x"},"classes":[]},{"id":93922,"url":"https:\/\/www.jornalja.com.br\/geral\/na-reta-final-efeito-lula-olivio-pode-dar-novo-rumo-a-eleicao-no-rio-grande-do-sul\/","url_meta":{"origin":93806,"position":1},"title":"&#8220;Efeito Lula\/Ol\u00edvio&#8221; pode dar novo rumo \u00e0  elei\u00e7\u00e3o no Rio Grande do Sul","author":"Elmar Bones","date":"27 de setembro de 2022","format":false,"excerpt":"Os cinco pontos que Edegar Pretto ganhou na \u00faltima pesquisa sinalizam que a elei\u00e7\u00e3o para o governo do Estado no Rio Grande do Sul pode, mais uma vez, surpreender na reta final. Segundo o Ipec, em pesquisa para a RBS,\u00a0 o candidato do PT\u00a0 alcan\u00e7ou 15% das inten\u00e7\u00f5es de voto,\u2026","rel":"","context":"Em &quot;Geral-MAT\u00c9RIA&quot;","block_context":{"text":"Geral-MAT\u00c9RIA","link":"https:\/\/www.jornalja.com.br\/geral\/category\/geral\/"},"img":{"alt_text":"","src":"https:\/\/i0.wp.com\/www.jornalja.com.br\/geral\/wp-content\/uploads\/sites\/4\/2022\/09\/img-20220916-wa0028-3.jpg?resize=350%2C200&ssl=1","width":350,"height":200,"srcset":"https:\/\/i0.wp.com\/www.jornalja.com.br\/geral\/wp-content\/uploads\/sites\/4\/2022\/09\/img-20220916-wa0028-3.jpg?resize=350%2C200&ssl=1 1x, https:\/\/i0.wp.com\/www.jornalja.com.br\/geral\/wp-content\/uploads\/sites\/4\/2022\/09\/img-20220916-wa0028-3.jpg?resize=525%2C300&ssl=1 1.5x, https:\/\/i0.wp.com\/www.jornalja.com.br\/geral\/wp-content\/uploads\/sites\/4\/2022\/09\/img-20220916-wa0028-3.jpg?resize=700%2C400&ssl=1 2x"},"classes":[]},{"id":93779,"url":"https:\/\/www.jornalja.com.br\/geral\/na-reta-final-da-campanha-lula-faz-comicio-nos-tres-estados-do-sul\/","url_meta":{"origin":93806,"position":2},"title":"Na reta final da campanha: Lula faz com\u00edcio nos tr\u00eas Estados do Sul","author":"da Reda\u00e7\u00e3o","date":"11 de setembro de 2022","format":false,"excerpt":"Dia 16, em Porto Alegre, dia 17 em Curitiba e 18 em Florian\u00f3polis. Este \u00e9 o roteiro do ex-presidente Lula nesta semana, h\u00e1 15 dias do pleito. Em Porto Alegre, o candidato participa de um ato no Largo Gl\u00eanio Peres, junto ao Mercado P\u00fablico no cora\u00e7\u00e3o do centro hist\u00f3rico de\u2026","rel":"","context":"Em &quot;Geral-MAT\u00c9RIA&quot;","block_context":{"text":"Geral-MAT\u00c9RIA","link":"https:\/\/www.jornalja.com.br\/geral\/category\/geral\/"},"img":{"alt_text":"","src":"https:\/\/i0.wp.com\/www.jornalja.com.br\/geral\/wp-content\/uploads\/sites\/4\/2022\/09\/lula-preto-e-ruas-foto-caco-argemi.jpeg?resize=350%2C200&ssl=1","width":350,"height":200,"srcset":"https:\/\/i0.wp.com\/www.jornalja.com.br\/geral\/wp-content\/uploads\/sites\/4\/2022\/09\/lula-preto-e-ruas-foto-caco-argemi.jpeg?resize=350%2C200&ssl=1 1x, https:\/\/i0.wp.com\/www.jornalja.com.br\/geral\/wp-content\/uploads\/sites\/4\/2022\/09\/lula-preto-e-ruas-foto-caco-argemi.jpeg?resize=525%2C300&ssl=1 1.5x, https:\/\/i0.wp.com\/www.jornalja.com.br\/geral\/wp-content\/uploads\/sites\/4\/2022\/09\/lula-preto-e-ruas-foto-caco-argemi.jpeg?resize=700%2C400&ssl=1 2x, https:\/\/i0.wp.com\/www.jornalja.com.br\/geral\/wp-content\/uploads\/sites\/4\/2022\/09\/lula-preto-e-ruas-foto-caco-argemi.jpeg?resize=1050%2C600&ssl=1 3x"},"classes":[]},{"id":92575,"url":"https:\/\/www.jornalja.com.br\/geral\/pt-completa-28-regionais-para-coordenar-a-campanha-de-adao-pretto-ao-governo-gaucho\/","url_meta":{"origin":93806,"position":3},"title":"PT completa 28 regionais para coordenar a campanha de Edegar Pretto ao governo ga\u00facho","author":"da Reda\u00e7\u00e3o","date":"11 de maio de 2022","format":false,"excerpt":"Evento encerra um ciclo de organiza\u00e7\u00e3o em todo o estado. Pr\u00f3ximo passo \u00e9 a elabora\u00e7\u00e3o do Programa de Governo O Partido dos Trabalhadores (PT) instala nesta quarta-feira (11) a coordena\u00e7\u00e3o de pr\u00e9-campanha de Edegar Pretto e Lula em Porto Alegre. Ser\u00e1 no Sindicato dos Municip\u00e1rios (Simpa), na rua Jo\u00e3o Alfredo,\u2026","rel":"","context":"Em &quot;Geral-NOTAS&quot;","block_context":{"text":"Geral-NOTAS","link":"https:\/\/www.jornalja.com.br\/geral\/category\/geral-notas\/"},"img":{"alt_text":"","src":"https:\/\/i0.wp.com\/www.jornalja.com.br\/geral\/wp-content\/uploads\/sites\/4\/2022\/05\/edegar-pretto-foto-rafael-stedile.jpeg?resize=350%2C200&ssl=1","width":350,"height":200,"srcset":"https:\/\/i0.wp.com\/www.jornalja.com.br\/geral\/wp-content\/uploads\/sites\/4\/2022\/05\/edegar-pretto-foto-rafael-stedile.jpeg?resize=350%2C200&ssl=1 1x, https:\/\/i0.wp.com\/www.jornalja.com.br\/geral\/wp-content\/uploads\/sites\/4\/2022\/05\/edegar-pretto-foto-rafael-stedile.jpeg?resize=525%2C300&ssl=1 1.5x, https:\/\/i0.wp.com\/www.jornalja.com.br\/geral\/wp-content\/uploads\/sites\/4\/2022\/05\/edegar-pretto-foto-rafael-stedile.jpeg?resize=700%2C400&ssl=1 2x, https:\/\/i0.wp.com\/www.jornalja.com.br\/geral\/wp-content\/uploads\/sites\/4\/2022\/05\/edegar-pretto-foto-rafael-stedile.jpeg?resize=1050%2C600&ssl=1 3x"},"classes":[]},{"id":92771,"url":"https:\/\/www.jornalja.com.br\/geral\/palanque-de-lula-no-rio-grande-do-sul-continua-cercado-de-incertezas\/","url_meta":{"origin":93806,"position":4},"title":"Palanque de Lula no Rio Grande do Sul continua cercado de incertezas","author":"Elmar Bones","date":"2 de junho de 2022","format":false,"excerpt":"A visita de Lula ao Rio Grande do Sul nesta quarta\/quinta-feira, foi um sucesso e um fracasso. Sucesso como exerc\u00edcio de mobiliza\u00e7\u00e3o da milit\u00e2ncia e alinhamento das pautas para a campanha que se avizinha. Impressionante a aflu\u00eancia\u00a0 em todos os eventos. Fracasso na tentativa de unificar uma frente que lhe\u2026","rel":"","context":"Em &quot;Geral-MAT\u00c9RIA&quot;","block_context":{"text":"Geral-MAT\u00c9RIA","link":"https:\/\/www.jornalja.com.br\/geral\/category\/geral\/"},"img":{"alt_text":"","src":"https:\/\/i0.wp.com\/www.jornalja.com.br\/geral\/wp-content\/uploads\/sites\/4\/2022\/06\/lula-em-porto-alegre-maio-2022.jpg?resize=350%2C200&ssl=1","width":350,"height":200,"srcset":"https:\/\/i0.wp.com\/www.jornalja.com.br\/geral\/wp-content\/uploads\/sites\/4\/2022\/06\/lula-em-porto-alegre-maio-2022.jpg?resize=350%2C200&ssl=1 1x, https:\/\/i0.wp.com\/www.jornalja.com.br\/geral\/wp-content\/uploads\/sites\/4\/2022\/06\/lula-em-porto-alegre-maio-2022.jpg?resize=525%2C300&ssl=1 1.5x, https:\/\/i0.wp.com\/www.jornalja.com.br\/geral\/wp-content\/uploads\/sites\/4\/2022\/06\/lula-em-porto-alegre-maio-2022.jpg?resize=700%2C400&ssl=1 2x"},"classes":[]},{"id":99631,"url":"https:\/\/www.jornalja.com.br\/geral\/defesa-do-governo-lula-une-frente-de-esquerda-no-rio-grande-do-sul\/","url_meta":{"origin":93806,"position":5},"title":"Defesa do governo Lula une frente de esquerda no Rio Grande do Sul","author":"da Reda\u00e7\u00e3o","date":"2 de setembro de 2025","format":false,"excerpt":"O fato foi minimizado pelo notici\u00e1rio dominante,\u00a0 mas \u00e9 hist\u00f3rico. A posse do deputado estadual Valdeci Oliveira na presid\u00eancia do PT do Rio Grande do Sul, s\u00e1bado 30,\u00a0 foi a plataforma de lan\u00e7amento de uma frente de centro- esquerda para as elei\u00e7\u00f5es de 2026 no Estado. Come\u00e7ou com as presen\u00e7as\u2026","rel":"","context":"Em &quot;Geral-MAT\u00c9RIA&quot;","block_context":{"text":"Geral-MAT\u00c9RIA","link":"https:\/\/www.jornalja.com.br\/geral\/category\/geral\/"},"img":{"alt_text":"","src":"https:\/\/i0.wp.com\/www.jornalja.com.br\/geral\/wp-content\/uploads\/sites\/4\/2025\/09\/frente-de-esquerda.png?resize=350%2C200&ssl=1","width":350,"height":200,"srcset":"https:\/\/i0.wp.com\/www.jornalja.com.br\/geral\/wp-content\/uploads\/sites\/4\/2025\/09\/frente-de-esquerda.png?resize=350%2C200&ssl=1 1x, https:\/\/i0.wp.com\/www.jornalja.com.br\/geral\/wp-content\/uploads\/sites\/4\/2025\/09\/frente-de-esquerda.png?resize=525%2C300&ssl=1 1.5x, https:\/\/i0.wp.com\/www.jornalja.com.br\/geral\/wp-content\/uploads\/sites\/4\/2025\/09\/frente-de-esquerda.png?resize=700%2C400&ssl=1 2x"},"classes":[]}],"jetpack_sharing_enabled":true,"_links":{"self":[{"href":"https:\/\/www.jornalja.com.br\/geral\/wp-json\/wp\/v2\/posts\/93806","targetHints":{"allow":["GET"]}}],"collection":[{"href":"https:\/\/www.jornalja.com.br\/geral\/wp-json\/wp\/v2\/posts"}],"about":[{"href":"https:\/\/www.jornalja.com.br\/geral\/wp-json\/wp\/v2\/types\/post"}],"author":[{"embeddable":true,"href":"https:\/\/www.jornalja.com.br\/geral\/wp-json\/wp\/v2\/users\/4"}],"replies":[{"embeddable":true,"href":"https:\/\/www.jornalja.com.br\/geral\/wp-json\/wp\/v2\/comments?post=93806"}],"version-history":[{"count":4,"href":"https:\/\/www.jornalja.com.br\/geral\/wp-json\/wp\/v2\/posts\/93806\/revisions"}],"predecessor-version":[{"id":93812,"href":"https:\/\/www.jornalja.com.br\/geral\/wp-json\/wp\/v2\/posts\/93806\/revisions\/93812"}],"wp:featuredmedia":[{"embeddable":true,"href":"https:\/\/www.jornalja.com.br\/geral\/wp-json\/wp\/v2\/media\/93677"}],"wp:attachment":[{"href":"https:\/\/www.jornalja.com.br\/geral\/wp-json\/wp\/v2\/media?parent=93806"}],"wp:term":[{"taxonomy":"category","embeddable":true,"href":"https:\/\/www.jornalja.com.br\/geral\/wp-json\/wp\/v2\/categories?post=93806"},{"taxonomy":"post_tag","embeddable":true,"href":"https:\/\/www.jornalja.com.br\/geral\/wp-json\/wp\/v2\/tags?post=93806"}],"curies":[{"name":"wp","href":"https:\/\/api.w.org\/{rel}","templated":true}]}}