{"id":93820,"date":"2022-09-15T00:45:01","date_gmt":"2022-09-15T03:45:01","guid":{"rendered":"https:\/\/www.jornalja.com.br\/geral\/?p=93820"},"modified":"2022-09-17T20:42:39","modified_gmt":"2022-09-17T23:42:39","slug":"deputado-agride-jornalista-e-repete-frase-de-bolsonaro","status":"publish","type":"post","link":"https:\/\/www.jornalja.com.br\/geral\/deputado-agride-jornalista-e-repete-frase-de-bolsonaro\/","title":{"rendered":"Deputado agride jornalista e repete frase de Bolsonaro"},"content":{"rendered":"<p>Douglas Garcia, candidato a deputado estatual pelo Republicanos,\u00a0 ser\u00e1 investigado pela Procuradoria Regional Eleitoral de S\u00e3o Paulo. Decis\u00e3o do ministro Alexandre de Moraes, nesta quarta-feira.<\/p>\n<p>O candidato \u00e0 C\u00e2mara dos Deputados intimidou a jornalista Vera Magalh\u00e3es durante debate para o governo do Estado realizado ter\u00e7a-feira (13\/9).<\/p>\n<p>O deputado a acusa de receber R$ 500 mil anuais de sal\u00e1rio da TV Cultura \u2013 embora a pr\u00f3pria emissora j\u00e1 tenha divulgado a remunera\u00e7\u00e3o da jornalista, no valor de R$ 22 mil mensais.<\/p>\n<p>Garcia repete diversas vezes uma frase dita pelo presidente\u00a0Jair Bolsonaro (PL)\u00a0em um debate entre os candidatos \u00e0 Presid\u00eancia da Rep\u00fablica: \u201cA senhora \u00e9 uma vergonha para o jornalismo brasileiro\u201d.<\/p>\n<p>A jornalista\u00a0 teve de sair escoltada por seguran\u00e7as.<\/p>\n<p>A discuss\u00e3o s\u00f3 terminou depois que o diretor de reda\u00e7\u00e3o da TV Cultura, Le\u00e3o Serva, interferiu. Ele pegou o celular do deputado e o arremessou para longe.<\/p>\n<p>Douglas Garcia, candidato a deputado estatual pelo Republicanos,\u00a0 ser\u00e1 investigado pela Procuradoria Regional Eleitoral de S\u00e3o Paulo. Decis\u00e3o do ministro Alexandre de Moraes, nesta quarta-feira.<\/p>\n<p>O Conselho de \u00c9tica da Assembleia Legislativa do Estado de S\u00e3o Paulo (Alesp) tamb\u00e9m informou que\u00a0vai apurar\u00a0as\u00a0den\u00fancias sobre a conduta do parlamentar.<\/p>\n<p>\u201cConsiderada a gravidade do ocorrido, determino o encaminhamento do referido <em>link<\/em> da mat\u00e9ria ao Excelent\u00edssimo Senhor Vice-Procurador-Geral Eleitoral para que possa dar o devido encaminhamento ao Procurador Regional Eleitoral de S\u00e3o Paulo, com o objetivo de ser analisada eventuais provid\u00eancias que entender necess\u00e1rias\u201d, afirma Moraes, em despacho.<br \/>\naberta pelo Minist\u00e9rio P\u00fablico paulista nesta quarta. A investiga\u00e7\u00e3o do MP-SP foi instaurada pelo procurador-geral da Justi\u00e7a de S\u00e3o Paulo, Mario Luiz Sarrubbo. Como Garcia \u00e9 parlamentar, ele tem foro privilegiado e s\u00f3 pode ser investigado criminalmente pelo procurador-geral.<\/p>\n<p>&nbsp;<\/p>\n","protected":false},"excerpt":{"rendered":"<p>Douglas Garcia, candidato a deputado estatual pelo Republicanos,\u00a0 ser\u00e1 investigado pela Procuradoria Regional Eleitoral de S\u00e3o Paulo. Decis\u00e3o do ministro Alexandre de Moraes, nesta quarta-feira. O candidato \u00e0 C\u00e2mara dos Deputados intimidou a jornalista Vera Magalh\u00e3es durante debate para o governo do Estado realizado ter\u00e7a-feira (13\/9). O deputado a acusa de receber R$ 500 mil [&hellip;]<\/p>\n","protected":false},"author":4,"featured_media":93821,"comment_status":"open","ping_status":"open","sticky":false,"template":"","format":"standard","meta":{"jetpack_post_was_ever_published":false,"_jetpack_newsletter_access":"","_jetpack_dont_email_post_to_subs":false,"_jetpack_newsletter_tier_id":0,"_jetpack_memberships_contains_paywalled_content":false,"_jetpack_memberships_contains_paid_content":false,"footnotes":"","jetpack_publicize_message":"","jetpack_publicize_feature_enabled":true,"jetpack_social_post_already_shared":true,"jetpack_social_options":{"image_generator_settings":{"template":"highway","default_image_id":0,"font":"","enabled":false},"version":2}},"categories":[28],"tags":[443,87,89,238,240,343,86,339,236,283,5,524,158,447,460,479,15,186,149,361,95],"class_list":["post-93820","post","type-post","status-publish","format-standard","has-post-thumbnail","hentry","category-geral-notas","tag-alexandre-de-moraes","tag-ari","tag-bolsonaro","tag-brasil","tag-camara","tag-camara-dos-deputados","tag-cultura","tag-deputados","tag-governo","tag-governo-do-estado","tag-jair-bolsonaro","tag-jornalismo","tag-lula","tag-ministerio-publico","tag-ovid","tag-red","tag-rs","tag-sao-paulo","tag-sc","tag-seguranca","tag-sp"],"aioseo_notices":[],"jetpack_publicize_connections":[],"jetpack_featured_media_url":"https:\/\/www.jornalja.com.br\/geral\/wp-content\/uploads\/sites\/4\/2022\/09\/guerra-de-celulares.png","jetpack_shortlink":"https:\/\/wp.me\/pbKhrD-ope","jetpack-related-posts":[{"id":100289,"url":"https:\/\/www.jornalja.com.br\/geral\/stf-encerra-julgamento-de-bolsonaro-27-anos-e-seis-meses-de-prisao\/","url_meta":{"origin":93820,"position":0},"title":"STF encerra julgamento de Bolsonaro: 27 anos e tr\u00eas meses de pris\u00e3o","author":"da Reda\u00e7\u00e3o","date":"25 de novembro de 2025","format":false,"excerpt":"O Supremo Tribunal Federal (STF) considerou que o processo do ex-presidente Jair Bolsonaro por golpe de Estado transitou em julgado. Ou seja: n\u00e3o cabem mais recursos. A decis\u00e3o foi anunciada no in\u00edcio da tarde desta ter\u00e7a-feira, 25 de novembro Al\u00e9m de Bolsonaro,\u00a0 foi concluso tamb\u00e9m julgamento de Alexandre Ramagem (PL-RJ),\u2026","rel":"","context":"Em &quot;Geral-MAT\u00c9RIA&quot;","block_context":{"text":"Geral-MAT\u00c9RIA","link":"https:\/\/www.jornalja.com.br\/geral\/category\/geral\/"},"img":{"alt_text":"","src":"https:\/\/i0.wp.com\/www.jornalja.com.br\/geral\/wp-content\/uploads\/sites\/4\/2025\/11\/bolsonaro-preso-2.png?resize=350%2C200&ssl=1","width":350,"height":200,"srcset":"https:\/\/i0.wp.com\/www.jornalja.com.br\/geral\/wp-content\/uploads\/sites\/4\/2025\/11\/bolsonaro-preso-2.png?resize=350%2C200&ssl=1 1x, https:\/\/i0.wp.com\/www.jornalja.com.br\/geral\/wp-content\/uploads\/sites\/4\/2025\/11\/bolsonaro-preso-2.png?resize=525%2C300&ssl=1 1.5x"},"classes":[]},{"id":100261,"url":"https:\/\/www.jornalja.com.br\/geral\/elevado-risco-de-fuga-diz-alexandre-de-moraes-ao-decretar-a-prisao-de-bolsonaro\/","url_meta":{"origin":93820,"position":1},"title":"&#8220;Elevado risco de fuga&#8221;, diz Alexandre de Moraes ao decretar a pris\u00e3o de Bolsonaro","author":"da Reda\u00e7\u00e3o","date":"22 de novembro de 2025","format":false,"excerpt":"O ex-presidente Jair Bolsonaro foi preso por volta das seis horas da manh\u00e3 deste s\u00e1bado (22). Em nota, a Pol\u00edcia Federal informou que cumpriu um mandado de pris\u00e3o preventiva expedido pelo Supremo Tribunal Federal (STF). Na sexta-feira (21) o senador Fl\u00e1vio Bolsonaro (PL) convocou, pelas redes sociais uma vig\u00edlia de\u2026","rel":"","context":"Em &quot;Geral-MAT\u00c9RIA&quot;","block_context":{"text":"Geral-MAT\u00c9RIA","link":"https:\/\/www.jornalja.com.br\/geral\/category\/geral\/"},"img":{"alt_text":"","src":"https:\/\/i0.wp.com\/www.jornalja.com.br\/geral\/wp-content\/uploads\/sites\/4\/2025\/11\/bolsonaro-preso-2.png?resize=350%2C200&ssl=1","width":350,"height":200,"srcset":"https:\/\/i0.wp.com\/www.jornalja.com.br\/geral\/wp-content\/uploads\/sites\/4\/2025\/11\/bolsonaro-preso-2.png?resize=350%2C200&ssl=1 1x, https:\/\/i0.wp.com\/www.jornalja.com.br\/geral\/wp-content\/uploads\/sites\/4\/2025\/11\/bolsonaro-preso-2.png?resize=525%2C300&ssl=1 1.5x"},"classes":[]},{"id":100233,"url":"https:\/\/www.jornalja.com.br\/geral\/100233-2\/","url_meta":{"origin":93820,"position":2},"title":"STF publica ac\u00f3rd\u00e3o do julgamento que manteve condena\u00e7\u00e3o; Bolsonaro ainda tem cinco dias para recorrer","author":"da Reda\u00e7\u00e3o","date":"17 de novembro de 2025","format":false,"excerpt":"Est\u00e1 publicado no \"Di\u00e1rio de Justi\u00e7a Eletr\u00f4nico\" desta ter\u00e7a-feira, 18,\u00a0 o ac\u00f3rd\u00e3o do julgamento em que o STF rejeitou os recursos do ex-presidente Jair Bolsonaro e mais seis r\u00e9us condenados pela tentativa de golpe de Estados. Com a publica\u00e7\u00e3o do ac\u00f3rd\u00e3o (o resultado do julgamento), correm os prazos para a\u2026","rel":"","context":"Em &quot;Geral-MAT\u00c9RIA&quot;","block_context":{"text":"Geral-MAT\u00c9RIA","link":"https:\/\/www.jornalja.com.br\/geral\/category\/geral\/"},"img":{"alt_text":"","src":"https:\/\/i0.wp.com\/www.jornalja.com.br\/geral\/wp-content\/uploads\/sites\/4\/2025\/09\/bolsonaro-julgameto.png?resize=350%2C200&ssl=1","width":350,"height":200},"classes":[]},{"id":100277,"url":"https:\/\/www.jornalja.com.br\/geral\/unanimidade-stf-mantem-prisao-preventiva-do-ex-presidente-jair-bolsonaro\/","url_meta":{"origin":93820,"position":3},"title":"Unanimidade:  STF mant\u00e9m pris\u00e3o preventiva do ex-presidente Jair Bolsonaro","author":"da Reda\u00e7\u00e3o","date":"24 de novembro de 2025","format":false,"excerpt":"Por unanimidade, a Primeira Turma do Supremo Tribunal Federal (STF) manteve, nesta segunda-feira (24), a decis\u00e3o do ministro Alexandre de Moraes que decretou a pris\u00e3o preventiva do ex-presidente da Rep\u00fablica Jair Bolsonaro. A medida foi analisada em sess\u00e3o extraordin\u00e1ria virtual,\u00a0 com encerramento \u00e0s 20h, mas no fim da manh\u00e3 todos\u2026","rel":"","context":"Em &quot;Geral-MAT\u00c9RIA&quot;","block_context":{"text":"Geral-MAT\u00c9RIA","link":"https:\/\/www.jornalja.com.br\/geral\/category\/geral\/"},"img":{"alt_text":"","src":"https:\/\/i0.wp.com\/www.jornalja.com.br\/geral\/wp-content\/uploads\/sites\/4\/2025\/11\/bolsonaro-stf-mantem-prisao.jpg?resize=350%2C200&ssl=1","width":350,"height":200,"srcset":"https:\/\/i0.wp.com\/www.jornalja.com.br\/geral\/wp-content\/uploads\/sites\/4\/2025\/11\/bolsonaro-stf-mantem-prisao.jpg?resize=350%2C200&ssl=1 1x, https:\/\/i0.wp.com\/www.jornalja.com.br\/geral\/wp-content\/uploads\/sites\/4\/2025\/11\/bolsonaro-stf-mantem-prisao.jpg?resize=525%2C300&ssl=1 1.5x, https:\/\/i0.wp.com\/www.jornalja.com.br\/geral\/wp-content\/uploads\/sites\/4\/2025\/11\/bolsonaro-stf-mantem-prisao.jpg?resize=700%2C400&ssl=1 2x, https:\/\/i0.wp.com\/www.jornalja.com.br\/geral\/wp-content\/uploads\/sites\/4\/2025\/11\/bolsonaro-stf-mantem-prisao.jpg?resize=1050%2C600&ssl=1 3x, https:\/\/i0.wp.com\/www.jornalja.com.br\/geral\/wp-content\/uploads\/sites\/4\/2025\/11\/bolsonaro-stf-mantem-prisao.jpg?resize=1400%2C800&ssl=1 4x"},"classes":[]},{"id":100009,"url":"https:\/\/www.jornalja.com.br\/geral\/cpi-comecou-quente-com-denuncia-de-propina-e-testemunho-de-empresario\/","url_meta":{"origin":93820,"position":4},"title":"CPI come\u00e7ou quente com den\u00fancia e testemunho de empres\u00e1rio que pagou popina","author":"Elmar Bones","date":"13 de outubro de 2025","format":false,"excerpt":"O primeiro depoimento \u00e0 CPI do DMAE, em 14 de julho, foi da deputada Luciana Genro (PSOL) ouvida como testemunha. Ela relatou a den\u00fancia que lhe foi\u00a0 apresentada em 2023, pelo empres\u00e1rio Lu\u00eds Fran\u00e7a, ent\u00e3o executivo da empresa MG, que prestava servi\u00e7os \u00e0 Prefeitura de Porto Alegre. A MG tinha\u2026","rel":"","context":"Em &quot;Geral-MAT\u00c9RIA&quot;","block_context":{"text":"Geral-MAT\u00c9RIA","link":"https:\/\/www.jornalja.com.br\/geral\/category\/geral\/"},"img":{"alt_text":"","src":"https:\/\/i0.wp.com\/www.jornalja.com.br\/geral\/wp-content\/uploads\/sites\/4\/2025\/10\/cpi-dmae-franca-empresario.png?resize=350%2C200&ssl=1","width":350,"height":200,"srcset":"https:\/\/i0.wp.com\/www.jornalja.com.br\/geral\/wp-content\/uploads\/sites\/4\/2025\/10\/cpi-dmae-franca-empresario.png?resize=350%2C200&ssl=1 1x, https:\/\/i0.wp.com\/www.jornalja.com.br\/geral\/wp-content\/uploads\/sites\/4\/2025\/10\/cpi-dmae-franca-empresario.png?resize=525%2C300&ssl=1 1.5x"},"classes":[]},{"id":100532,"url":"https:\/\/www.jornalja.com.br\/geral\/veto-a-dosimetria-manifestacoess-contra-anistia-a-golpistas-pesaram-na-decisao-de-lula\/","url_meta":{"origin":93820,"position":5},"title":"Veto \u00e0 dosimetria: manifesta\u00e7\u00f5es contra anistia a golpistas pesaram na decis\u00e3o de Lula","author":"Elmar Bones","date":"9 de janeiro de 2026","format":false,"excerpt":"Tr\u00eas anos depois do ataque golpista \u00e0 democracia em 2023, o dia 08 de janeiro \u00e9 marcado por manifesta\u00e7\u00f5es populares em todo o pa\u00eds em defesa da soberania do Brasil e que tamb\u00e9m exigiram o cumprimento da pena dos condenados pela tentativa de golpe de Estado, tentativa de aboli\u00e7\u00e3o violenta\u2026","rel":"","context":"Em &quot;Geral-MAT\u00c9RIA&quot;","block_context":{"text":"Geral-MAT\u00c9RIA","link":"https:\/\/www.jornalja.com.br\/geral\/category\/geral\/"},"img":{"alt_text":"","src":"https:\/\/i0.wp.com\/www.jornalja.com.br\/geral\/wp-content\/uploads\/sites\/4\/2026\/01\/dosimetria-fora-bozo.png?resize=350%2C200&ssl=1","width":350,"height":200,"srcset":"https:\/\/i0.wp.com\/www.jornalja.com.br\/geral\/wp-content\/uploads\/sites\/4\/2026\/01\/dosimetria-fora-bozo.png?resize=350%2C200&ssl=1 1x, https:\/\/i0.wp.com\/www.jornalja.com.br\/geral\/wp-content\/uploads\/sites\/4\/2026\/01\/dosimetria-fora-bozo.png?resize=525%2C300&ssl=1 1.5x"},"classes":[]}],"jetpack_sharing_enabled":true,"_links":{"self":[{"href":"https:\/\/www.jornalja.com.br\/geral\/wp-json\/wp\/v2\/posts\/93820","targetHints":{"allow":["GET"]}}],"collection":[{"href":"https:\/\/www.jornalja.com.br\/geral\/wp-json\/wp\/v2\/posts"}],"about":[{"href":"https:\/\/www.jornalja.com.br\/geral\/wp-json\/wp\/v2\/types\/post"}],"author":[{"embeddable":true,"href":"https:\/\/www.jornalja.com.br\/geral\/wp-json\/wp\/v2\/users\/4"}],"replies":[{"embeddable":true,"href":"https:\/\/www.jornalja.com.br\/geral\/wp-json\/wp\/v2\/comments?post=93820"}],"version-history":[{"count":3,"href":"https:\/\/www.jornalja.com.br\/geral\/wp-json\/wp\/v2\/posts\/93820\/revisions"}],"predecessor-version":[{"id":93837,"href":"https:\/\/www.jornalja.com.br\/geral\/wp-json\/wp\/v2\/posts\/93820\/revisions\/93837"}],"wp:featuredmedia":[{"embeddable":true,"href":"https:\/\/www.jornalja.com.br\/geral\/wp-json\/wp\/v2\/media\/93821"}],"wp:attachment":[{"href":"https:\/\/www.jornalja.com.br\/geral\/wp-json\/wp\/v2\/media?parent=93820"}],"wp:term":[{"taxonomy":"category","embeddable":true,"href":"https:\/\/www.jornalja.com.br\/geral\/wp-json\/wp\/v2\/categories?post=93820"},{"taxonomy":"post_tag","embeddable":true,"href":"https:\/\/www.jornalja.com.br\/geral\/wp-json\/wp\/v2\/tags?post=93820"}],"curies":[{"name":"wp","href":"https:\/\/api.w.org\/{rel}","templated":true}]}}