{"id":93899,"date":"2022-09-26T12:13:21","date_gmt":"2022-09-26T15:13:21","guid":{"rendered":"https:\/\/www.jornalja.com.br\/geral\/?p=93899"},"modified":"2022-09-26T21:44:25","modified_gmt":"2022-09-27T00:44:25","slug":"homem-decapitado-em-porto-alegre-sinal-de-que-a-guerra-entre-faccoes-esta-longe-de-acabar","status":"publish","type":"post","link":"https:\/\/www.jornalja.com.br\/geral\/homem-decapitado-em-porto-alegre-sinal-de-que-a-guerra-entre-faccoes-esta-longe-de-acabar\/","title":{"rendered":"Homem decapitado em Porto Alegre: sinal de que a guerra entre fac\u00e7\u00f5es est\u00e1 longe de acabar"},"content":{"rendered":"<p>Um carro em chamas foi encontrado pela pol\u00edcia na noite deste domingo (25) no bairro Santa Tereza, na zona sul de Porto Alegre.<\/p>\n<p>Dentro do carro, um Crossfox,\u00a0 o corpo de um homem, decapitado e com as m\u00e3os amarradas com arame no banco traseiro.<\/p>\n<p>A v\u00edtima ainda n\u00e3o foi identificada.<\/p>\n<p>A ocorr\u00eancia foi registrada na Rua Mutualidade, altura do n\u00famero 321, por volta das 21h30min. A Delegacia de Homic\u00eddios da Pol\u00edcia Civil, conduz as investiga\u00e7\u00f5es.<\/p>\n<p>Na linguagem das fac\u00e7\u00f5es criminosas que dominam o tr\u00e1fico de drogas, cortar a cabe\u00e7a do inimigo \u00e9 declara\u00e7\u00e3o de guerra sem quartel.<\/p>\n<p>Desde abril, quando mais de 20 assassinatos foram registrados em menos de um m\u00eas,\u00a0 a guerra entre as fac\u00e7\u00f5es do tr\u00e1fico j\u00e1 contabiliza quase 40 mortes.<\/p>\n<figure id=\"attachment_93752\" aria-describedby=\"caption-attachment-93752\" style=\"width: 450px\" class=\"wp-caption alignnone\"><img decoding=\"async\" data-attachment-id=\"93752\" data-permalink=\"https:\/\/www.jornalja.com.br\/geral\/guerra-de-faccoes-em-porto-alegre-governo-age-para-minimizar-impacto-eleitoral-da-violencia\/senhores-do-crime\/\" data-orig-file=\"https:\/\/www.jornalja.com.br\/geral\/wp-content\/uploads\/sites\/4\/2022\/09\/senhores-do-crime.jpg\" data-orig-size=\"800,450\" data-comments-opened=\"1\" data-image-meta=\"{&quot;aperture&quot;:&quot;0&quot;,&quot;credit&quot;:&quot;&quot;,&quot;camera&quot;:&quot;&quot;,&quot;caption&quot;:&quot;&quot;,&quot;created_timestamp&quot;:&quot;0&quot;,&quot;copyright&quot;:&quot;&quot;,&quot;focal_length&quot;:&quot;0&quot;,&quot;iso&quot;:&quot;0&quot;,&quot;shutter_speed&quot;:&quot;0&quot;,&quot;title&quot;:&quot;&quot;,&quot;orientation&quot;:&quot;0&quot;}\" data-image-title=\"Senhores do Crime\" data-image-description=\"\" data-image-caption=\"&lt;p&gt;Opera\u00e7\u00e3o &amp;#8220;Senhores do Crime&amp;#8221;: foram cumpridas 55 ordens judiciais na Capital e RMPA &amp;#8211; Foto: Alexandre Nervo\/DCS&lt;\/p&gt;\n\" data-large-file=\"https:\/\/www.jornalja.com.br\/geral\/wp-content\/uploads\/sites\/4\/2022\/09\/senhores-do-crime.jpg\" class=\"size-medium wp-image-93752\" src=\"https:\/\/www.jornalja.com.br\/geral\/wp-content\/uploads\/sites\/4\/2022\/09\/senhores-do-crime-450x253.jpg\" alt=\"\" width=\"450\" height=\"253\" srcset=\"https:\/\/www.jornalja.com.br\/geral\/wp-content\/uploads\/sites\/4\/2022\/09\/senhores-do-crime-450x253.jpg 450w, https:\/\/www.jornalja.com.br\/geral\/wp-content\/uploads\/sites\/4\/2022\/09\/senhores-do-crime-768x432.jpg 768w, https:\/\/www.jornalja.com.br\/geral\/wp-content\/uploads\/sites\/4\/2022\/09\/senhores-do-crime.jpg 800w\" sizes=\"(max-width: 450px) 100vw, 450px\" \/><figcaption id=\"caption-attachment-93752\" class=\"wp-caption-text\">Opera\u00e7\u00e3o &#8220;Senhores do Crime&#8221;: foram cumpridas 55 ordens judiciais na Capital e RMPA &#8211; Foto: Alexandre Nervo\/DCS<\/figcaption><\/figure>\n<p>No in\u00edcio de setembro, a Pol\u00edcia\u00a0 desencadeou a opera\u00e7\u00e3o Senhores do Crime, reunindo v\u00e1rias esquipes especializadas, para desarticular as cadeias de comando das organiza\u00e7\u00f5es criminosas que disputam territ\u00f3rio em Porto Alegre.<\/p>\n<div>Foram cumpridas 23 ordens judiciais de busca e apreens\u00e3o na regi\u00e3o metropolitana de Porto Alegre e 32 mandados de pris\u00e3o tempor\u00e1ria. As a\u00e7\u00f5es foram em Porto Alegre, Gravata\u00ed, Charqueadas, Gua\u00edba e Canoas.<\/div>\n<div>Vinte e dois suspeitos foram presos, com a apreens\u00e3o de entorpecentes, celulares, computadores e dinheiro em esp\u00e9cie, al\u00e9m do bloqueio de somas financeiras em contas banc\u00e1rias.<\/div>\n<div>No dia 15 de setembro, <span class=\"highlight highlighted\">\u00a013 chefes de organiza\u00e7\u00f5es criminosas presos no Rio Grande do Sul foram transferidos<\/span>\u00a0para pres\u00eddios federais de outros tr\u00eas estados:\u00a0Mato Grosso do Sul (MS),\u00a0Rio Grande do Norte (RN)\u00a0e\u00a0Rond\u00f4nia (RO).<\/div>\n<div>Eles seriam os mandantes,\u00a0 articulando os crimes de dentro da cadeia.<\/div>\n<div>A investiga\u00e7\u00e3o comprovou que a s\u00e9rie de homic\u00eddios ocorrida no primeiro semestre de 2022 em Porto Alegre, em especial no bairro Santa Tereza, resulta de disputa territorial e d\u00edvidas entre os grupos criminosos.<\/div>\n<div><\/div>\n<div>Apurou-se que as principais fac\u00e7\u00f5es criminosas do Estado t\u00eam interliga\u00e7\u00e3o e mant\u00eam constante negocia\u00e7\u00e3o, intermediando a compra de armas e drogas entre si e, inclusive, fazendo acordos em determinadas \u00e1reas de comunidades distantes e centrais em Porto Alegre.<\/div>\n<div>O inqu\u00e9rito policial tamb\u00e9m apurou que diversos carregamentos de drogas e armas, possivelmente de fora do pa\u00eds, s\u00e3o trazidos para Porto Alegre mensalmente.<\/div>\n<div><\/div>\n<div>A investiga\u00e7\u00e3o verificou uma conversa entre dois indiv\u00edduos que ocupam posi\u00e7\u00f5es de lideran\u00e7a nas fac\u00e7\u00f5es criminosas, na qual se tenta chegar a um acordo sobre a divis\u00e3o de \u00e1rea territorial de narcotrafic\u00e2ncia em Porto Alegre.<\/div>\n<div>Na proposta, o criminoso tenta parar com a s\u00e9rie de homic\u00eddios que est\u00e1 ocorrendo em Porto Alegre. Na conversa, verifica-se que se trata da Vila Concei\u00e7\u00e3o e parte do bairro Santa Tereza, nas quais os indiv\u00edduos tentam decidir qual fac\u00e7\u00e3o vai traficar em determinados pontos. Ao final, verifica-se que os criminosos n\u00e3o chegam a nenhum acordo.<\/div>\n<div><\/div>\n<p>(<strong>Com informa\u00e7\u00f5es da Pol\u00edcia Civil RS)<\/strong><\/p>\n","protected":false},"excerpt":{"rendered":"<p>Um carro em chamas foi encontrado pela pol\u00edcia na noite deste domingo (25) no bairro Santa Tereza, na zona sul de Porto Alegre. Dentro do carro, um Crossfox,\u00a0 o corpo de um homem, decapitado e com as m\u00e3os amarradas com arame no banco traseiro. A v\u00edtima ainda n\u00e3o foi identificada. A ocorr\u00eancia foi registrada na [&hellip;]<\/p>\n","protected":false},"author":4,"featured_media":93909,"comment_status":"open","ping_status":"open","sticky":false,"template":"","format":"standard","meta":{"jetpack_post_was_ever_published":false,"_jetpack_newsletter_access":"","_jetpack_dont_email_post_to_subs":false,"_jetpack_newsletter_tier_id":0,"_jetpack_memberships_contains_paywalled_content":false,"_jetpack_memberships_contains_paid_content":false,"footnotes":"","jetpack_publicize_message":"","jetpack_publicize_feature_enabled":true,"jetpack_social_post_already_shared":true,"jetpack_social_options":{"image_generator_settings":{"template":"highway","default_image_id":0,"font":"","enabled":false},"version":2}},"categories":[2],"tags":[351,138,461,411,158,439,132,160,161,14,15,149,95,20],"class_list":["post-93899","post","type-post","status-publish","format-standard","has-post-thumbnail","hentry","category-geral","tag-crimes","tag-divida","tag-dividas","tag-ipes","tag-lula","tag-policia","tag-porto-alegre","tag-prisao","tag-pt","tag-rio-grande-do-sul","tag-rs","tag-sc","tag-sp","tag-sus"],"aioseo_notices":[],"jetpack_publicize_connections":[],"jetpack_featured_media_url":"https:\/\/www.jornalja.com.br\/geral\/wp-content\/uploads\/sites\/4\/2022\/09\/guerra-entre-faccoes-chefes-sao-transferidos.png","jetpack_shortlink":"https:\/\/wp.me\/pbKhrD-oqv","jetpack-related-posts":[{"id":93640,"url":"https:\/\/www.jornalja.com.br\/geral\/terror-em-porto-alegre-tregua-na-guerra-de-faccoes-nao-dura-cinco-meses\/","url_meta":{"origin":93899,"position":0},"title":"Terror em Porto Alegre: tr\u00e9gua na guerra de fac\u00e7\u00f5es dura quatro meses","author":"da Reda\u00e7\u00e3o","date":"5 de setembro de 2022","format":false,"excerpt":"Duas mortes e 24 feridos em ataque a um bar na zona Sul, na noite de s\u00e1bado, 3. Uma granada arremessada (sem detonar) num condominio na av. Jo\u00e3o Pessoa, na madrugada do domingo, 4. S\u00e3o os sinais claros de que a guerra entre fac\u00e7\u00f5es criminosas em Porto Alegre recome\u00e7ou, depois\u2026","rel":"","context":"Em &quot;Geral-MAT\u00c9RIA&quot;","block_context":{"text":"Geral-MAT\u00c9RIA","link":"https:\/\/www.jornalja.com.br\/geral\/category\/geral\/"},"img":{"alt_text":"","src":"","width":0,"height":0},"classes":[]},{"id":93743,"url":"https:\/\/www.jornalja.com.br\/geral\/guerra-de-faccoes-em-porto-alegre-governo-age-para-minimizar-impacto-eleitoral-da-violencia\/","url_meta":{"origin":93899,"position":1},"title":"Guerra de fac\u00e7\u00f5es em Porto Alegre: governo age para minimizar impacto eleitoral da viol\u00eancia","author":"da Reda\u00e7\u00e3o","date":"9 de setembro de 2022","format":false,"excerpt":"Os atos de terror praticados na guerra entre fac\u00e7\u00f5es criminosas em Porto Alegre atingem em cheio um dos baluartes do programa do governador Eduardo Leite, na campanha pela reelei\u00e7\u00e3o: a melhoria dos indicadores de seguran\u00e7a. Uma cabe\u00e7a decepada, um bar tiroteado, com tr\u00eas mortes e mais de 20 feridos, uma\u2026","rel":"","context":"Em &quot;Geral-MAT\u00c9RIA&quot;","block_context":{"text":"Geral-MAT\u00c9RIA","link":"https:\/\/www.jornalja.com.br\/geral\/category\/geral\/"},"img":{"alt_text":"","src":"https:\/\/i0.wp.com\/www.jornalja.com.br\/geral\/wp-content\/uploads\/sites\/4\/2022\/09\/senhores-do-crime.jpg?resize=350%2C200&ssl=1","width":350,"height":200,"srcset":"https:\/\/i0.wp.com\/www.jornalja.com.br\/geral\/wp-content\/uploads\/sites\/4\/2022\/09\/senhores-do-crime.jpg?resize=350%2C200&ssl=1 1x, https:\/\/i0.wp.com\/www.jornalja.com.br\/geral\/wp-content\/uploads\/sites\/4\/2022\/09\/senhores-do-crime.jpg?resize=525%2C300&ssl=1 1.5x, https:\/\/i0.wp.com\/www.jornalja.com.br\/geral\/wp-content\/uploads\/sites\/4\/2022\/09\/senhores-do-crime.jpg?resize=700%2C400&ssl=1 2x"},"classes":[]},{"id":94281,"url":"https:\/\/www.jornalja.com.br\/geral\/criminalidade-diminuem-assaltos-a-onibus-feminicidio-ainda-e-um-desafio\/","url_meta":{"origin":93899,"position":2},"title":"Criminalidade: diminuem assaltos a \u00f4nibus, feminic\u00eddio ainda \u00e9 um desafio","author":"da Reda\u00e7\u00e3o","date":"15 de novembro de 2022","format":false,"excerpt":"O relat\u00f3rio da Pol\u00edcia Civil divulgado na sexta-feira, 11 destacou a redu\u00e7\u00e3o dos assaltos a \u00f4nibus no Rio Grande do Sul que tiveram\u00a0 expressiva redu\u00e7\u00e3o no m\u00eas de outubro. Mas houve aumento em homic\u00eddios e o feminic\u00eddio segue sendo um grande desafio\u00a0 para a pol\u00edcia. Os casos de roubos em\u2026","rel":"","context":"Em &quot;Geral-MAT\u00c9RIA&quot;","block_context":{"text":"Geral-MAT\u00c9RIA","link":"https:\/\/www.jornalja.com.br\/geral\/category\/geral\/"},"img":{"alt_text":"","src":"https:\/\/i0.wp.com\/www.jornalja.com.br\/geral\/wp-content\/uploads\/sites\/4\/2022\/11\/feminicidio-em-porto-alegre.png?resize=350%2C200&ssl=1","width":350,"height":200,"srcset":"https:\/\/i0.wp.com\/www.jornalja.com.br\/geral\/wp-content\/uploads\/sites\/4\/2022\/11\/feminicidio-em-porto-alegre.png?resize=350%2C200&ssl=1 1x, https:\/\/i0.wp.com\/www.jornalja.com.br\/geral\/wp-content\/uploads\/sites\/4\/2022\/11\/feminicidio-em-porto-alegre.png?resize=525%2C300&ssl=1 1.5x"},"classes":[]},{"id":86247,"url":"https:\/\/www.jornalja.com.br\/geral\/eleicoes-2020-milicias-consolidam-poder-politico-no-rio-de-janeiro\/","url_meta":{"origin":93899,"position":3},"title":"ELEI\u00c7\u00d5ES 2020: Mil\u00edcias consolidam poder pol\u00edtico no Rio de Janeiro","author":"da Reda\u00e7\u00e3o","date":"26 de outubro de 2020","format":false,"excerpt":"De tempos em tempos emergem dados assustadores sobre o aumento do poder das mil\u00edcias no Rio de Janeiro. Na semana passada veio a p\u00fablico uma pesquisa que mapeou grupos criminosos na ex- capital federal que hoje faz jus ao t\u00edtulo de \"cidade mais bandida do Brasil\". De acordo com o\u2026","rel":"","context":"Em &quot;Geral-MAT\u00c9RIA&quot;","block_context":{"text":"Geral-MAT\u00c9RIA","link":"https:\/\/www.jornalja.com.br\/geral\/category\/geral\/"},"img":{"alt_text":"","src":"","width":0,"height":0},"classes":[]},{"id":78240,"url":"https:\/\/www.jornalja.com.br\/geral\/narcomilicias-ja-controlam-180-comunidades-na-baixada-fluminense\/","url_meta":{"origin":93899,"position":4},"title":"Narcomil\u00edcias j\u00e1 controlam 180 comunidades na Baixada Fluminense","author":"da Reda\u00e7\u00e3o","date":"11 de outubro de 2019","format":false,"excerpt":"Um relat\u00f3rio do Minist\u00e9rio P\u00fablico Estadual divulgado esta semana mapeia o fen\u00f4meno das narcomil\u00edcias no Rio de Janeiro e mostra como esse tipo de atividade criminosa muda seu perfil para seguir se expandindo. As mil\u00edcias surgiram h\u00e1 20 anos, em comunidades controladas por fac\u00e7\u00f5es do tr\u00e1fico de drogas, na Zona\u2026","rel":"","context":"Em &quot;Geral-MAT\u00c9RIA&quot;","block_context":{"text":"Geral-MAT\u00c9RIA","link":"https:\/\/www.jornalja.com.br\/geral\/category\/geral\/"},"img":{"alt_text":"","src":"","width":0,"height":0},"classes":[]},{"id":84970,"url":"https:\/\/www.jornalja.com.br\/geral\/crimes-digitais-delegado-emerson-wendt-diz-que-seu-nome-foi-usado-em-tentativa-de-golpe-pelo-instagram\/","url_meta":{"origin":93899,"position":5},"title":"CRIMES DIGITAIS: Delegado Emerson Wendt diz que seu nome foi usado em tentativa de golpe pelo Instagram","author":"da Reda\u00e7\u00e3o","date":"22 de agosto de 2020","format":false,"excerpt":"O delegado Emerson Wendt registrou na quinta-feira, 20\/08, uma ocorr\u00eancia inusitada na delegacia virtual da Pol\u00edcia Civil do Rio Grande do Sul: seu nome foi usado numa tentativa de golpe digital no Mato Grosso. \u201c\u00c9 um exemplo da multiplica\u00e7\u00e3o e banaliza\u00e7\u00e3o dos crimes digitais\u201d, disse ao J\u00c1 o delegado, ex-secret\u00e1rio\u2026","rel":"","context":"Em &quot;Geral-MAT\u00c9RIA&quot;","block_context":{"text":"Geral-MAT\u00c9RIA","link":"https:\/\/www.jornalja.com.br\/geral\/category\/geral\/"},"img":{"alt_text":"","src":"https:\/\/i0.wp.com\/www.jornalja.com.br\/geral\/wp-content\/uploads\/sites\/4\/2020\/08\/75464219-10212083843251452-4434104428001230848-o.jpg?resize=350%2C200&ssl=1","width":350,"height":200,"srcset":"https:\/\/i0.wp.com\/www.jornalja.com.br\/geral\/wp-content\/uploads\/sites\/4\/2020\/08\/75464219-10212083843251452-4434104428001230848-o.jpg?resize=350%2C200&ssl=1 1x, https:\/\/i0.wp.com\/www.jornalja.com.br\/geral\/wp-content\/uploads\/sites\/4\/2020\/08\/75464219-10212083843251452-4434104428001230848-o.jpg?resize=525%2C300&ssl=1 1.5x, https:\/\/i0.wp.com\/www.jornalja.com.br\/geral\/wp-content\/uploads\/sites\/4\/2020\/08\/75464219-10212083843251452-4434104428001230848-o.jpg?resize=700%2C400&ssl=1 2x, https:\/\/i0.wp.com\/www.jornalja.com.br\/geral\/wp-content\/uploads\/sites\/4\/2020\/08\/75464219-10212083843251452-4434104428001230848-o.jpg?resize=1050%2C600&ssl=1 3x, https:\/\/i0.wp.com\/www.jornalja.com.br\/geral\/wp-content\/uploads\/sites\/4\/2020\/08\/75464219-10212083843251452-4434104428001230848-o.jpg?resize=1400%2C800&ssl=1 4x"},"classes":[]}],"jetpack_sharing_enabled":true,"_links":{"self":[{"href":"https:\/\/www.jornalja.com.br\/geral\/wp-json\/wp\/v2\/posts\/93899","targetHints":{"allow":["GET"]}}],"collection":[{"href":"https:\/\/www.jornalja.com.br\/geral\/wp-json\/wp\/v2\/posts"}],"about":[{"href":"https:\/\/www.jornalja.com.br\/geral\/wp-json\/wp\/v2\/types\/post"}],"author":[{"embeddable":true,"href":"https:\/\/www.jornalja.com.br\/geral\/wp-json\/wp\/v2\/users\/4"}],"replies":[{"embeddable":true,"href":"https:\/\/www.jornalja.com.br\/geral\/wp-json\/wp\/v2\/comments?post=93899"}],"version-history":[{"count":5,"href":"https:\/\/www.jornalja.com.br\/geral\/wp-json\/wp\/v2\/posts\/93899\/revisions"}],"predecessor-version":[{"id":93913,"href":"https:\/\/www.jornalja.com.br\/geral\/wp-json\/wp\/v2\/posts\/93899\/revisions\/93913"}],"wp:featuredmedia":[{"embeddable":true,"href":"https:\/\/www.jornalja.com.br\/geral\/wp-json\/wp\/v2\/media\/93909"}],"wp:attachment":[{"href":"https:\/\/www.jornalja.com.br\/geral\/wp-json\/wp\/v2\/media?parent=93899"}],"wp:term":[{"taxonomy":"category","embeddable":true,"href":"https:\/\/www.jornalja.com.br\/geral\/wp-json\/wp\/v2\/categories?post=93899"},{"taxonomy":"post_tag","embeddable":true,"href":"https:\/\/www.jornalja.com.br\/geral\/wp-json\/wp\/v2\/tags?post=93899"}],"curies":[{"name":"wp","href":"https:\/\/api.w.org\/{rel}","templated":true}]}}