{"id":93984,"date":"2022-10-07T17:07:44","date_gmt":"2022-10-07T20:07:44","guid":{"rendered":"https:\/\/www.jornalja.com.br\/geral\/?p=93984"},"modified":"2022-10-07T17:33:03","modified_gmt":"2022-10-07T20:33:03","slug":"crescimento-na-regiao-da-arena-nova-adutora-vai-custar-r-32-milhoes-ao-dmae","status":"publish","type":"post","link":"https:\/\/www.jornalja.com.br\/geral\/crescimento-na-regiao-da-arena-nova-adutora-vai-custar-r-32-milhoes-ao-dmae\/","title":{"rendered":"Crescimento na regi\u00e3o da Arena: nova adutora vai custar R$ 3,2 milh\u00f5es ao DMAE"},"content":{"rendered":"<p>O Departamento Municipal de \u00c1gua e Esgotos (Dmae) est\u00e1 concluindo as obras da nova adutora de \u00e1gua tratada da rua 18 de Novembro, no bairro Navegantes, Zona Norte.<\/p>\n<p>Nesta semana ser\u00e1 finalizada a caixa de expurgo na avenida Pernambuco esquina com a Lauro M\u00fcller, o que permitir\u00e1 a pavimenta\u00e7\u00e3o e coloca\u00e7\u00e3o de tampa de acesso no local, atr\u00e1s da esta\u00e7\u00e3o Farrapos da Empresa de Trens Urbanos de Porto Alegre (Trensurb).<\/p>\n<p>Entre outubro e novembro est\u00e3o previstas a conclus\u00e3o de mais uma caixa, na rua Augusto Severo esquina avenida Sert\u00f3rio, e a montagem da rede nas proximidades da rua Dona Sebastiana.<\/p>\n<p>No in\u00edcio de dezembro deve ocorrer o entroncamento final da 18 de novembro com a Padre Diogo Feij\u00f3, o que possibilitar\u00e1 o t\u00e9rmino da adutora.<\/p>\n<p>A nova adutora na 18 de novembro ter\u00e1 1.250 metros em ferro fundido de 500 mil\u00edmetros de di\u00e2metro e 270 metros de tubula\u00e7\u00e3o em polietileno de alta densidade (pead) de 560 mil\u00edmetros.<\/p>\n<p>A tubula\u00e7\u00e3o ir\u00e1 refor\u00e7ar o abastecimento na regi\u00e3o da Arena do Gr\u00eamio, que registrou significativo crescimento populacional e imobili\u00e1rio nos \u00faltimos anos.<\/p>\n<p>As obras da adutora foram reativadas em 2020, ap\u00f3s a finaliza\u00e7\u00e3o da Trincheira da Cear\u00e1. O Dmae est\u00e1 investindo R$ 3,2 milh\u00f5es em recursos pr\u00f3prios, e a execu\u00e7\u00e3o \u00e9 da terceirizada MGM Servi\u00e7os T\u00e9cnicos Ltda.<\/p>\n","protected":false},"excerpt":{"rendered":"<p>O Departamento Municipal de \u00c1gua e Esgotos (Dmae) est\u00e1 concluindo as obras da nova adutora de \u00e1gua tratada da rua 18 de Novembro, no bairro Navegantes, Zona Norte. Nesta semana ser\u00e1 finalizada a caixa de expurgo na avenida Pernambuco esquina com a Lauro M\u00fcller, o que permitir\u00e1 a pavimenta\u00e7\u00e3o e coloca\u00e7\u00e3o de tampa de acesso [&hellip;]<\/p>\n","protected":false},"author":4,"featured_media":93992,"comment_status":"open","ping_status":"open","sticky":false,"template":"","format":"standard","meta":{"jetpack_post_was_ever_published":false,"_jetpack_newsletter_access":"","_jetpack_dont_email_post_to_subs":false,"_jetpack_newsletter_tier_id":0,"_jetpack_memberships_contains_paywalled_content":false,"_jetpack_memberships_contains_paid_content":false,"footnotes":"","jetpack_publicize_message":"","jetpack_publicize_feature_enabled":true,"jetpack_social_post_already_shared":true,"jetpack_social_options":{"image_generator_settings":{"template":"highway","default_image_id":0,"font":"","enabled":false},"version":2}},"categories":[2],"tags":[120,132,479,15,149],"class_list":["post-93984","post","type-post","status-publish","format-standard","has-post-thumbnail","hentry","category-geral","tag-obras","tag-porto-alegre","tag-red","tag-rs","tag-sc"],"aioseo_notices":[],"jetpack_publicize_connections":[],"jetpack_featured_media_url":"https:\/\/www.jornalja.com.br\/geral\/wp-content\/uploads\/sites\/4\/2022\/10\/dmae-nova-adutora.jpg","jetpack_shortlink":"https:\/\/wp.me\/pbKhrD-orS","jetpack-related-posts":[{"id":73007,"url":"https:\/\/www.jornalja.com.br\/geral\/crise-no-abastecimento-quadro-de-funcionarios-do-dmae-esta-reduzido-a-metade\/","url_meta":{"origin":93984,"position":0},"title":"Com metade do quadro funcional, DMAE est\u00e1 \u00e0 beira do colapso","author":"da Reda\u00e7\u00e3o","date":"25 de fevereiro de 2019","format":false,"excerpt":"O rompimento de uma adutora deixou mais de 30 bairros da Zona Leste de Porto Alegre sem \u00e1gua na sexta-feira, 22. Foi apenas mais um dos incidentes que tem colocado o Departamento Municipal de\u00a0 \u00a0\u00c1guas e Esgotos de Porto Alegre nas manchetes desde o final do ano passado. Num dos\u2026","rel":"","context":"Em &quot;Geral-MAT\u00c9RIA&quot;","block_context":{"text":"Geral-MAT\u00c9RIA","link":"https:\/\/www.jornalja.com.br\/geral\/category\/geral\/"},"img":{"alt_text":"","src":"","width":0,"height":0},"classes":[]},{"id":100041,"url":"https:\/\/www.jornalja.com.br\/geral\/frente-convoca-nova-manifestacao-contra-a-privatizacao-do-dmae\/","url_meta":{"origin":93984,"position":1},"title":"Frente convoca nova manifesta\u00e7\u00e3o contra a privatiza\u00e7\u00e3o do DMAE","author":"da Reda\u00e7\u00e3o","date":"19 de outubro de 2025","format":false,"excerpt":"A concentra\u00e7\u00e3o come\u00e7a a partir das 11h de quarta-feira, na C\u00e2mara de Vereadores de Porto Alegre. A \"Frente em Defesa da \u00c1gua e do DMAE P\u00fablico e Estatal\" decidiu intensificar a mobiliza\u00e7\u00e3o contra o Projeto de Lei 028\/2025, que deve ser votado na C\u00e2mara de Vereadores na pr\u00f3xima quarta-feira (22\/10).\u2026","rel":"","context":"Em &quot;Geral-MAT\u00c9RIA&quot;","block_context":{"text":"Geral-MAT\u00c9RIA","link":"https:\/\/www.jornalja.com.br\/geral\/category\/geral\/"},"img":{"alt_text":"","src":"https:\/\/i0.wp.com\/www.jornalja.com.br\/geral\/wp-content\/uploads\/sites\/4\/2025\/10\/dmae-guarda-municipal-reprimiu-protesto.jpeg?resize=350%2C200&ssl=1","width":350,"height":200,"srcset":"https:\/\/i0.wp.com\/www.jornalja.com.br\/geral\/wp-content\/uploads\/sites\/4\/2025\/10\/dmae-guarda-municipal-reprimiu-protesto.jpeg?resize=350%2C200&ssl=1 1x, https:\/\/i0.wp.com\/www.jornalja.com.br\/geral\/wp-content\/uploads\/sites\/4\/2025\/10\/dmae-guarda-municipal-reprimiu-protesto.jpeg?resize=525%2C300&ssl=1 1.5x, https:\/\/i0.wp.com\/www.jornalja.com.br\/geral\/wp-content\/uploads\/sites\/4\/2025\/10\/dmae-guarda-municipal-reprimiu-protesto.jpeg?resize=700%2C400&ssl=1 2x"},"classes":[]},{"id":100257,"url":"https:\/\/www.jornalja.com.br\/geral\/reforma-interminavel-100-de-atraso-e-40-de-aumento-no-custo-das-obras-do-viaduto\/","url_meta":{"origin":93984,"position":2},"title":"Reforma intermin\u00e1vel: 100% de atraso e 40% de aumento no custo nas obras do Viaduto","author":"da Reda\u00e7\u00e3o","date":"24 de novembro de 2025","format":false,"excerpt":"Dados divulgados pelo vereador Pedro Ruas na semana passada e n\u00e3o contestados questionam o andamento da reforma do Viaduto Ot\u00e1vio Rocha, em Porto Alegre. L\u00edder do PSOL e decano da C\u00e2mara Municipal, Ruas diz que \"houve cinco termos aditivos sucessivos para a obra do Viaduto Ot\u00e1vio Rocha, na avenida Borges\u2026","rel":"","context":"Em &quot;Geral-MAT\u00c9RIA&quot;","block_context":{"text":"Geral-MAT\u00c9RIA","link":"https:\/\/www.jornalja.com.br\/geral\/category\/geral\/"},"img":{"alt_text":"","src":"https:\/\/i0.wp.com\/www.jornalja.com.br\/geral\/wp-content\/uploads\/sites\/4\/2025\/11\/viaduto-homens-do-sirex-scaled.jpg?resize=350%2C200&ssl=1","width":350,"height":200,"srcset":"https:\/\/i0.wp.com\/www.jornalja.com.br\/geral\/wp-content\/uploads\/sites\/4\/2025\/11\/viaduto-homens-do-sirex-scaled.jpg?resize=350%2C200&ssl=1 1x, https:\/\/i0.wp.com\/www.jornalja.com.br\/geral\/wp-content\/uploads\/sites\/4\/2025\/11\/viaduto-homens-do-sirex-scaled.jpg?resize=525%2C300&ssl=1 1.5x, https:\/\/i0.wp.com\/www.jornalja.com.br\/geral\/wp-content\/uploads\/sites\/4\/2025\/11\/viaduto-homens-do-sirex-scaled.jpg?resize=700%2C400&ssl=1 2x, https:\/\/i0.wp.com\/www.jornalja.com.br\/geral\/wp-content\/uploads\/sites\/4\/2025\/11\/viaduto-homens-do-sirex-scaled.jpg?resize=1050%2C600&ssl=1 3x, https:\/\/i0.wp.com\/www.jornalja.com.br\/geral\/wp-content\/uploads\/sites\/4\/2025\/11\/viaduto-homens-do-sirex-scaled.jpg?resize=1400%2C800&ssl=1 4x"},"classes":[]},{"id":100933,"url":"https:\/\/www.jornalja.com.br\/geral\/atrasadas-e-mais-caras-obras-no-centro-historico-chegam-ao-fim\/","url_meta":{"origin":93984,"position":3},"title":"Atrasadas e mais caras, obras no Centro Hist\u00f3rico chegam ao fim","author":"da Reda\u00e7\u00e3o","date":"7 de mar\u00e7o de 2026","format":false,"excerpt":"As tr\u00eas maiores obras no Centro Hist\u00f3rico de Porto Alegre acumulam atrasos que causam preju\u00edzo de R$ 26,5 milh\u00f5es. A Usina do Gas\u00f4metro, s\u00edmbolo da cidade, ficou 12 anos fechada. O custo da reforma, estimado em R$ 12,5 milh\u00f5es no edital de 26 de agosto de 2019, acabou em 25,9\u2026","rel":"","context":"Em &quot;Geral-MAT\u00c9RIA&quot;","block_context":{"text":"Geral-MAT\u00c9RIA","link":"https:\/\/www.jornalja.com.br\/geral\/category\/geral\/"},"img":{"alt_text":"","src":"https:\/\/i0.wp.com\/www.jornalja.com.br\/geral\/wp-content\/uploads\/sites\/4\/2026\/03\/10-fev-2026-foto-alex-rocha-vist-usina-17.jpg?resize=350%2C200&ssl=1","width":350,"height":200,"srcset":"https:\/\/i0.wp.com\/www.jornalja.com.br\/geral\/wp-content\/uploads\/sites\/4\/2026\/03\/10-fev-2026-foto-alex-rocha-vist-usina-17.jpg?resize=350%2C200&ssl=1 1x, https:\/\/i0.wp.com\/www.jornalja.com.br\/geral\/wp-content\/uploads\/sites\/4\/2026\/03\/10-fev-2026-foto-alex-rocha-vist-usina-17.jpg?resize=525%2C300&ssl=1 1.5x, https:\/\/i0.wp.com\/www.jornalja.com.br\/geral\/wp-content\/uploads\/sites\/4\/2026\/03\/10-fev-2026-foto-alex-rocha-vist-usina-17.jpg?resize=700%2C400&ssl=1 2x"},"classes":[]},{"id":101043,"url":"https:\/\/www.jornalja.com.br\/geral\/audiencia-publica-em-porto-alegre-discute-ampliacao-da-cmpc\/","url_meta":{"origin":93984,"position":4},"title":"Audi\u00eancia p\u00fablica em Porto Alegre discute amplia\u00e7\u00e3o da CMPC","author":"da Reda\u00e7\u00e3o","date":"7 de abril de 2026","format":false,"excerpt":"Uma audi\u00eancia p\u00fablica, nesta ter\u00e7a-feira, 07 de abril, a partir das 18h, na C\u00e2mara de Vereadores de Porto Alegre, debate o projeto de expans\u00e3o da multinacional CMPC, que planeja instalar em Barra do Ribeiro o que pode ser a maior ind\u00fastria de celulose da Am\u00e9rica Latina, com investimento de R$\u2026","rel":"","context":"Em &quot;Geral-NOTAS&quot;","block_context":{"text":"Geral-NOTAS","link":"https:\/\/www.jornalja.com.br\/geral\/category\/geral-notas\/"},"img":{"alt_text":"","src":"https:\/\/i0.wp.com\/www.jornalja.com.br\/geral\/wp-content\/uploads\/sites\/4\/2026\/04\/oi-e1775590247597.png?resize=350%2C200&ssl=1","width":350,"height":200,"srcset":"https:\/\/i0.wp.com\/www.jornalja.com.br\/geral\/wp-content\/uploads\/sites\/4\/2026\/04\/oi-e1775590247597.png?resize=350%2C200&ssl=1 1x, https:\/\/i0.wp.com\/www.jornalja.com.br\/geral\/wp-content\/uploads\/sites\/4\/2026\/04\/oi-e1775590247597.png?resize=525%2C300&ssl=1 1.5x"},"classes":[]},{"id":101126,"url":"https:\/\/www.jornalja.com.br\/geral\/sou-um-cidadao-que-nao-se-conforma-com-o-que-estao-fazendo-com-porto-alegre\/","url_meta":{"origin":93984,"position":5},"title":"\u201cSou um cidad\u00e3o que n\u00e3o se conforma com o que est\u00e3o fazendo com Porto Alegre&#8221;","author":"Elmar Bones","date":"22 de abril de 2026","format":false,"excerpt":"Felisberto Seabra Luisi nasceu em Porto Alegre, mas viveu inf\u00e2ncia e adolesc\u00eancia em Cruz Alta, para onde \u00a0se mudaram seus pais. Tinha 15 anos quando voltou \u00e0 cidade natal. Estudou no Ros\u00e1rio, formou-se em Direito na Ufrgs, especializou-se em Direito Agr\u00e1rio na It\u00e1lia. Tinha 40 anos quando come\u00e7ou a realmente\u2026","rel":"","context":"Em &quot;Geral-MAT\u00c9RIA&quot;","block_context":{"text":"Geral-MAT\u00c9RIA","link":"https:\/\/www.jornalja.com.br\/geral\/category\/geral\/"},"img":{"alt_text":"","src":"https:\/\/i0.wp.com\/www.jornalja.com.br\/geral\/wp-content\/uploads\/sites\/4\/2026\/04\/felisbertoluisi-foto-ramiro-sanchez-outroangulofoto.jpg?resize=350%2C200&ssl=1","width":350,"height":200,"srcset":"https:\/\/i0.wp.com\/www.jornalja.com.br\/geral\/wp-content\/uploads\/sites\/4\/2026\/04\/felisbertoluisi-foto-ramiro-sanchez-outroangulofoto.jpg?resize=350%2C200&ssl=1 1x, https:\/\/i0.wp.com\/www.jornalja.com.br\/geral\/wp-content\/uploads\/sites\/4\/2026\/04\/felisbertoluisi-foto-ramiro-sanchez-outroangulofoto.jpg?resize=525%2C300&ssl=1 1.5x, https:\/\/i0.wp.com\/www.jornalja.com.br\/geral\/wp-content\/uploads\/sites\/4\/2026\/04\/felisbertoluisi-foto-ramiro-sanchez-outroangulofoto.jpg?resize=700%2C400&ssl=1 2x"},"classes":[]}],"jetpack_sharing_enabled":true,"_links":{"self":[{"href":"https:\/\/www.jornalja.com.br\/geral\/wp-json\/wp\/v2\/posts\/93984","targetHints":{"allow":["GET"]}}],"collection":[{"href":"https:\/\/www.jornalja.com.br\/geral\/wp-json\/wp\/v2\/posts"}],"about":[{"href":"https:\/\/www.jornalja.com.br\/geral\/wp-json\/wp\/v2\/types\/post"}],"author":[{"embeddable":true,"href":"https:\/\/www.jornalja.com.br\/geral\/wp-json\/wp\/v2\/users\/4"}],"replies":[{"embeddable":true,"href":"https:\/\/www.jornalja.com.br\/geral\/wp-json\/wp\/v2\/comments?post=93984"}],"version-history":[{"count":4,"href":"https:\/\/www.jornalja.com.br\/geral\/wp-json\/wp\/v2\/posts\/93984\/revisions"}],"predecessor-version":[{"id":93996,"href":"https:\/\/www.jornalja.com.br\/geral\/wp-json\/wp\/v2\/posts\/93984\/revisions\/93996"}],"wp:featuredmedia":[{"embeddable":true,"href":"https:\/\/www.jornalja.com.br\/geral\/wp-json\/wp\/v2\/media\/93992"}],"wp:attachment":[{"href":"https:\/\/www.jornalja.com.br\/geral\/wp-json\/wp\/v2\/media?parent=93984"}],"wp:term":[{"taxonomy":"category","embeddable":true,"href":"https:\/\/www.jornalja.com.br\/geral\/wp-json\/wp\/v2\/categories?post=93984"},{"taxonomy":"post_tag","embeddable":true,"href":"https:\/\/www.jornalja.com.br\/geral\/wp-json\/wp\/v2\/tags?post=93984"}],"curies":[{"name":"wp","href":"https:\/\/api.w.org\/{rel}","templated":true}]}}