{"id":93998,"date":"2022-10-07T19:49:38","date_gmt":"2022-10-07T22:49:38","guid":{"rendered":"https:\/\/www.jornalja.com.br\/geral\/?p=93998"},"modified":"2022-10-29T17:53:45","modified_gmt":"2022-10-29T20:53:45","slug":"tendencia-13-13-no-pt-e-dissidentes-do-pmdb-podem-ser-fatais-para-eduardo-leite","status":"publish","type":"post","link":"https:\/\/www.jornalja.com.br\/geral\/tendencia-13-13-no-pt-e-dissidentes-do-pmdb-podem-ser-fatais-para-eduardo-leite\/","title":{"rendered":"Tend\u00eancia 13\/13 no PT e dissidentes do PMDB podem ser fatais para Eduardo Leite"},"content":{"rendered":"<p>Um movimento em pin\u00e7a amea\u00e7a a candidatura de Eduardo Leite \u00e0 reelei\u00e7\u00e3o no Rio Grande do Sul no pleito de 30 de outubro.<\/p>\n<p>De um lado, uma crescente tend\u00eancia entre petistas de apertar 13 para a presid\u00eancia e 13 para o governo estadual, anulando o voto neste caso.<\/p>\n<p>Este movimento n\u00e3o est\u00e1 dimensionado e s\u00f3 podera ser devidamente avaliado depois de segunda-feira ao meio dia, quando a dire\u00e7\u00e3o estadual do PT vai\u00a0 anunciar seu posicionamento em rela\u00e7\u00e3o pleito regional.<\/p>\n<p>O ex-governador Tarso Genro j\u00e1 abriu seu apoio e conversa com Eduardo Leite visando um acordo para o segundo turno.<\/p>\n<p>Mais disciplinado, o ex-governador Ol\u00edvio Dutra, derrotado na disputa pelo Senado, aguarda a decis\u00e3o do partido.<\/p>\n<p>De outro lado, surge uma dissid\u00eancia no MDB, partido que indicou o vice Gabriel Souza,\u00a0 na chapa de Eduardo Leite. A alian\u00e7a nunca foi unanimidade no PMDB e agora as fissuras come\u00e7am a aparecer. Ainda n\u00e3o h\u00e1 um diagn\u00f3stico seguro da extens\u00e3o delas. A posi\u00e7\u00e3o do prefeito Sebasti\u00e3o Melo pr\u00f3-Bolsonaro, se confirmada, \u00e9 um sinal de alerta grave.<\/p>\n","protected":false},"excerpt":{"rendered":"<p>Um movimento em pin\u00e7a amea\u00e7a a candidatura de Eduardo Leite \u00e0 reelei\u00e7\u00e3o no Rio Grande do Sul no pleito de 30 de outubro. De um lado, uma crescente tend\u00eancia entre petistas de apertar 13 para a presid\u00eancia e 13 para o governo estadual, anulando o voto neste caso. Este movimento n\u00e3o est\u00e1 dimensionado e s\u00f3 [&hellip;]<\/p>\n","protected":false},"author":4,"featured_media":0,"comment_status":"open","ping_status":"open","sticky":false,"template":"","format":"standard","meta":{"jetpack_post_was_ever_published":false,"_jetpack_newsletter_access":"","_jetpack_dont_email_post_to_subs":false,"_jetpack_newsletter_tier_id":0,"_jetpack_memberships_contains_paywalled_content":false,"_jetpack_memberships_contains_paid_content":false,"footnotes":"","jetpack_publicize_message":"","jetpack_publicize_feature_enabled":true,"jetpack_social_post_already_shared":true,"jetpack_social_options":{"image_generator_settings":{"template":"highway","default_image_id":0,"font":"","enabled":false},"version":2}},"categories":[2],"tags":[89,32,236,312,275,356,489,161,14,15,149,95],"class_list":["post-93998","post","type-post","status-publish","format-standard","hentry","category-geral","tag-bolsonaro","tag-eduardo-leite","tag-governo","tag-governo-estadual","tag-mdb","tag-mel","tag-melo","tag-pt","tag-rio-grande-do-sul","tag-rs","tag-sc","tag-sp"],"aioseo_notices":[],"jetpack_publicize_connections":[],"jetpack_featured_media_url":"","jetpack_shortlink":"https:\/\/wp.me\/pbKhrD-os6","jetpack-related-posts":[{"id":100399,"url":"https:\/\/www.jornalja.com.br\/geral\/pt-e-pp-terao-maioria-na-cpi-dos-pedagios-leite-diz-que-governo-nao-se-acovardara\/","url_meta":{"origin":93998,"position":0},"title":"PT e PP ter\u00e3o maioria na CPI dos Ped\u00e1gios; Leite diz que governo &#8220;n\u00e3o se acovardar\u00e1&#8221;","author":"da Reda\u00e7\u00e3o","date":"15 de dezembro de 2025","format":false,"excerpt":"Ser\u00e1 instalada nesta ter\u00e7a-feira,\u00a0 CPI dos Ped\u00e1gios, para investigar os contratos de concess\u00e3o de rodovias pelo governo do Estado do Rio Grande do Sul. O in\u00edcio efetivo das atividades ser\u00e1 na sexta-feira (19), quando os titulares se re\u00fanem pela primeira vez para definir o relator, o vice-presidente e o plano\u2026","rel":"","context":"Em &quot;Geral-MAT\u00c9RIA&quot;","block_context":{"text":"Geral-MAT\u00c9RIA","link":"https:\/\/www.jornalja.com.br\/geral\/category\/geral\/"},"img":{"alt_text":"","src":"https:\/\/i0.wp.com\/www.jornalja.com.br\/geral\/wp-content\/uploads\/sites\/4\/2025\/12\/eduardo-leite-pedagios.jpeg?resize=350%2C200&ssl=1","width":350,"height":200,"srcset":"https:\/\/i0.wp.com\/www.jornalja.com.br\/geral\/wp-content\/uploads\/sites\/4\/2025\/12\/eduardo-leite-pedagios.jpeg?resize=350%2C200&ssl=1 1x, https:\/\/i0.wp.com\/www.jornalja.com.br\/geral\/wp-content\/uploads\/sites\/4\/2025\/12\/eduardo-leite-pedagios.jpeg?resize=525%2C300&ssl=1 1.5x, https:\/\/i0.wp.com\/www.jornalja.com.br\/geral\/wp-content\/uploads\/sites\/4\/2025\/12\/eduardo-leite-pedagios.jpeg?resize=700%2C400&ssl=1 2x"},"classes":[]},{"id":100908,"url":"https:\/\/www.jornalja.com.br\/geral\/com-pressao-de-cpi-e-auditoria-do-tce-governo-leite-adia-leilao-para-concessao-de-rodovias\/","url_meta":{"origin":93998,"position":1},"title":"Com press\u00e3o de CPI e auditoria do TCE, governo Leite adia leil\u00e3o para concess\u00e3o de rodovias","author":"da Reda\u00e7\u00e3o","date":"3 de mar\u00e7o de 2026","format":false,"excerpt":"O governador Eduardo Leite, em coletiva de imprensa realizada no Pal\u00e1cio Piratini nesta ter\u00e7a-feira (3\/3), prometeu uma redu\u00e7\u00e3o da tarifa e mudan\u00e7a na data do leil\u00e3o do Bloco 2 de rodovias no Estado. O bloco envolve estradas localizadas no Vale do Taquari e Norte do Rio Grande Sul. A tarifa\u2026","rel":"","context":"Em &quot;Geral-MAT\u00c9RIA&quot;","block_context":{"text":"Geral-MAT\u00c9RIA","link":"https:\/\/www.jornalja.com.br\/geral\/category\/geral\/"},"img":{"alt_text":"","src":"https:\/\/i0.wp.com\/www.jornalja.com.br\/geral\/wp-content\/uploads\/sites\/4\/2026\/03\/leite-faz-anuncio-no-palacio-piratini-sobre-bloco-2-de-rodovias-fev26.jpg?resize=350%2C200&ssl=1","width":350,"height":200,"srcset":"https:\/\/i0.wp.com\/www.jornalja.com.br\/geral\/wp-content\/uploads\/sites\/4\/2026\/03\/leite-faz-anuncio-no-palacio-piratini-sobre-bloco-2-de-rodovias-fev26.jpg?resize=350%2C200&ssl=1 1x, https:\/\/i0.wp.com\/www.jornalja.com.br\/geral\/wp-content\/uploads\/sites\/4\/2026\/03\/leite-faz-anuncio-no-palacio-piratini-sobre-bloco-2-de-rodovias-fev26.jpg?resize=525%2C300&ssl=1 1.5x, https:\/\/i0.wp.com\/www.jornalja.com.br\/geral\/wp-content\/uploads\/sites\/4\/2026\/03\/leite-faz-anuncio-no-palacio-piratini-sobre-bloco-2-de-rodovias-fev26.jpg?resize=700%2C400&ssl=1 2x, https:\/\/i0.wp.com\/www.jornalja.com.br\/geral\/wp-content\/uploads\/sites\/4\/2026\/03\/leite-faz-anuncio-no-palacio-piratini-sobre-bloco-2-de-rodovias-fev26.jpg?resize=1050%2C600&ssl=1 3x, https:\/\/i0.wp.com\/www.jornalja.com.br\/geral\/wp-content\/uploads\/sites\/4\/2026\/03\/leite-faz-anuncio-no-palacio-piratini-sobre-bloco-2-de-rodovias-fev26.jpg?resize=1400%2C800&ssl=1 4x"},"classes":[]},{"id":93987,"url":"https:\/\/www.jornalja.com.br\/geral\/pt-define-segunda-feira-posicao-sobre-eleicao-para-governo-do-estado\/","url_meta":{"origin":93998,"position":2},"title":"PT ga\u00facho define segunda feira posi\u00e7\u00e3o sobre elei\u00e7\u00e3o para governo do Estado","author":"da Reda\u00e7\u00e3o","date":"7 de outubro de 2022","format":false,"excerpt":"Pela segunda vez fora do segundo turno na disputa pelo governo do Rio Grande do Sul, o Partido dos Trabalhadores vai definir, segunda-feira ao meio dia, sua posi\u00e7\u00e3o oficial diante do pleito de 30 de outubro, entre Onyx Lorenzoni (PL) e Eduardo Leite (PSDB). Fora da disputa por pouco mais\u2026","rel":"","context":"Em &quot;Geral-MAT\u00c9RIA&quot;","block_context":{"text":"Geral-MAT\u00c9RIA","link":"https:\/\/www.jornalja.com.br\/geral\/category\/geral\/"},"img":{"alt_text":"","src":"https:\/\/i0.wp.com\/www.jornalja.com.br\/geral\/wp-content\/uploads\/sites\/4\/2022\/10\/eduardo-leite-fica-neutro.png?resize=350%2C200&ssl=1","width":350,"height":200},"classes":[]},{"id":93779,"url":"https:\/\/www.jornalja.com.br\/geral\/na-reta-final-da-campanha-lula-faz-comicio-nos-tres-estados-do-sul\/","url_meta":{"origin":93998,"position":3},"title":"Na reta final da campanha: Lula faz com\u00edcio nos tr\u00eas Estados do Sul","author":"da Reda\u00e7\u00e3o","date":"11 de setembro de 2022","format":false,"excerpt":"Dia 16, em Porto Alegre, dia 17 em Curitiba e 18 em Florian\u00f3polis. Este \u00e9 o roteiro do ex-presidente Lula nesta semana, h\u00e1 15 dias do pleito. Em Porto Alegre, o candidato participa de um ato no Largo Gl\u00eanio Peres, junto ao Mercado P\u00fablico no cora\u00e7\u00e3o do centro hist\u00f3rico de\u2026","rel":"","context":"Em &quot;Geral-MAT\u00c9RIA&quot;","block_context":{"text":"Geral-MAT\u00c9RIA","link":"https:\/\/www.jornalja.com.br\/geral\/category\/geral\/"},"img":{"alt_text":"","src":"https:\/\/i0.wp.com\/www.jornalja.com.br\/geral\/wp-content\/uploads\/sites\/4\/2022\/09\/lula-preto-e-ruas-foto-caco-argemi.jpeg?resize=350%2C200&ssl=1","width":350,"height":200,"srcset":"https:\/\/i0.wp.com\/www.jornalja.com.br\/geral\/wp-content\/uploads\/sites\/4\/2022\/09\/lula-preto-e-ruas-foto-caco-argemi.jpeg?resize=350%2C200&ssl=1 1x, https:\/\/i0.wp.com\/www.jornalja.com.br\/geral\/wp-content\/uploads\/sites\/4\/2022\/09\/lula-preto-e-ruas-foto-caco-argemi.jpeg?resize=525%2C300&ssl=1 1.5x, https:\/\/i0.wp.com\/www.jornalja.com.br\/geral\/wp-content\/uploads\/sites\/4\/2022\/09\/lula-preto-e-ruas-foto-caco-argemi.jpeg?resize=700%2C400&ssl=1 2x, https:\/\/i0.wp.com\/www.jornalja.com.br\/geral\/wp-content\/uploads\/sites\/4\/2022\/09\/lula-preto-e-ruas-foto-caco-argemi.jpeg?resize=1050%2C600&ssl=1 3x"},"classes":[]},{"id":91722,"url":"https:\/\/www.jornalja.com.br\/geral\/divisao-do-centro-direita-garante-pt-no-segundo-turno-no-rs\/","url_meta":{"origin":93998,"position":4},"title":"Elei\u00e7\u00f5es 2022: Divis\u00e3o do centro direita garante PT no segundo turno no RS","author":"Elmar Bones","date":"5 de fevereiro de 2022","format":false,"excerpt":"Turbinado pela candidatura de Lula, o deputado Edegar Pretto, candidato do PT ao governo do Rio Grande do Sul contar\u00e1 ainda com a divis\u00e3o das for\u00e7as advers\u00e1rias para garantir uma vaga no segundo turno da elei\u00e7\u00e3o. O MDB suspendeu a pr\u00e9via para contornar o embate que divide o partido, entre\u2026","rel":"","context":"Em &quot;Geral-MAT\u00c9RIA&quot;","block_context":{"text":"Geral-MAT\u00c9RIA","link":"https:\/\/www.jornalja.com.br\/geral\/category\/geral\/"},"img":{"alt_text":"","src":"https:\/\/i0.wp.com\/www.jornalja.com.br\/geral\/wp-content\/uploads\/sites\/4\/2021\/11\/20211117-0012-entrevista-edegar-pretto-pt-ramiro-furquim-oaf1662.jpg?resize=350%2C200&ssl=1","width":350,"height":200,"srcset":"https:\/\/i0.wp.com\/www.jornalja.com.br\/geral\/wp-content\/uploads\/sites\/4\/2021\/11\/20211117-0012-entrevista-edegar-pretto-pt-ramiro-furquim-oaf1662.jpg?resize=350%2C200&ssl=1 1x, https:\/\/i0.wp.com\/www.jornalja.com.br\/geral\/wp-content\/uploads\/sites\/4\/2021\/11\/20211117-0012-entrevista-edegar-pretto-pt-ramiro-furquim-oaf1662.jpg?resize=525%2C300&ssl=1 1.5x, https:\/\/i0.wp.com\/www.jornalja.com.br\/geral\/wp-content\/uploads\/sites\/4\/2021\/11\/20211117-0012-entrevista-edegar-pretto-pt-ramiro-furquim-oaf1662.jpg?resize=700%2C400&ssl=1 2x, https:\/\/i0.wp.com\/www.jornalja.com.br\/geral\/wp-content\/uploads\/sites\/4\/2021\/11\/20211117-0012-entrevista-edegar-pretto-pt-ramiro-furquim-oaf1662.jpg?resize=1050%2C600&ssl=1 3x, https:\/\/i0.wp.com\/www.jornalja.com.br\/geral\/wp-content\/uploads\/sites\/4\/2021\/11\/20211117-0012-entrevista-edegar-pretto-pt-ramiro-furquim-oaf1662.jpg?resize=1400%2C800&ssl=1 4x"},"classes":[]},{"id":82041,"url":"https:\/\/www.jornalja.com.br\/geral\/os-movimentos-de-eduardo-leite-para-unir-o-rio-grande\/","url_meta":{"origin":93998,"position":5},"title":"Os movimentos de Eduardo Leite para &#8220;unir o Rio Grande&#8221;","author":"Elmar Bones","date":"11 de mar\u00e7o de 2020","format":false,"excerpt":"Dois fatos divulgados nesta quarta-feira indicam uma inflex\u00e3o na estrat\u00e9gia pol\u00edtica do governador Eduardo Leite. O primeiro \u00e9 a reuni\u00e3o dos deputados da bancada do Partido dos Trabalhadores\u00a0 com o chefe da Casa Civil do governo estadual, Otomar Vivian, para uma troca de ideias sobre o enfrentamento \u00e0 estiagem que\u2026","rel":"","context":"Em &quot;Geral-MAT\u00c9RIA&quot;","block_context":{"text":"Geral-MAT\u00c9RIA","link":"https:\/\/www.jornalja.com.br\/geral\/category\/geral\/"},"img":{"alt_text":"","src":"https:\/\/i0.wp.com\/www.jornalja.com.br\/geral\/wp-content\/uploads\/sites\/4\/2020\/03\/Leite-recebe-representantes-de-dez-partidos-para-ouvir-sobre-a-Lei-Kandir.-Foto-Felipe-Dalla-Valle-Pal%C3%A1cio-Piratini.jpg?resize=350%2C200&ssl=1","width":350,"height":200,"srcset":"https:\/\/i0.wp.com\/www.jornalja.com.br\/geral\/wp-content\/uploads\/sites\/4\/2020\/03\/Leite-recebe-representantes-de-dez-partidos-para-ouvir-sobre-a-Lei-Kandir.-Foto-Felipe-Dalla-Valle-Pal%C3%A1cio-Piratini.jpg?resize=350%2C200&ssl=1 1x, https:\/\/i0.wp.com\/www.jornalja.com.br\/geral\/wp-content\/uploads\/sites\/4\/2020\/03\/Leite-recebe-representantes-de-dez-partidos-para-ouvir-sobre-a-Lei-Kandir.-Foto-Felipe-Dalla-Valle-Pal%C3%A1cio-Piratini.jpg?resize=525%2C300&ssl=1 1.5x, https:\/\/i0.wp.com\/www.jornalja.com.br\/geral\/wp-content\/uploads\/sites\/4\/2020\/03\/Leite-recebe-representantes-de-dez-partidos-para-ouvir-sobre-a-Lei-Kandir.-Foto-Felipe-Dalla-Valle-Pal%C3%A1cio-Piratini.jpg?resize=700%2C400&ssl=1 2x"},"classes":[]}],"jetpack_sharing_enabled":true,"_links":{"self":[{"href":"https:\/\/www.jornalja.com.br\/geral\/wp-json\/wp\/v2\/posts\/93998","targetHints":{"allow":["GET"]}}],"collection":[{"href":"https:\/\/www.jornalja.com.br\/geral\/wp-json\/wp\/v2\/posts"}],"about":[{"href":"https:\/\/www.jornalja.com.br\/geral\/wp-json\/wp\/v2\/types\/post"}],"author":[{"embeddable":true,"href":"https:\/\/www.jornalja.com.br\/geral\/wp-json\/wp\/v2\/users\/4"}],"replies":[{"embeddable":true,"href":"https:\/\/www.jornalja.com.br\/geral\/wp-json\/wp\/v2\/comments?post=93998"}],"version-history":[{"count":5,"href":"https:\/\/www.jornalja.com.br\/geral\/wp-json\/wp\/v2\/posts\/93998\/revisions"}],"predecessor-version":[{"id":94021,"href":"https:\/\/www.jornalja.com.br\/geral\/wp-json\/wp\/v2\/posts\/93998\/revisions\/94021"}],"wp:attachment":[{"href":"https:\/\/www.jornalja.com.br\/geral\/wp-json\/wp\/v2\/media?parent=93998"}],"wp:term":[{"taxonomy":"category","embeddable":true,"href":"https:\/\/www.jornalja.com.br\/geral\/wp-json\/wp\/v2\/categories?post=93998"},{"taxonomy":"post_tag","embeddable":true,"href":"https:\/\/www.jornalja.com.br\/geral\/wp-json\/wp\/v2\/tags?post=93998"}],"curies":[{"name":"wp","href":"https:\/\/api.w.org\/{rel}","templated":true}]}}