{"id":94083,"date":"2022-10-20T01:09:36","date_gmt":"2022-10-20T04:09:36","guid":{"rendered":"https:\/\/www.jornalja.com.br\/geral\/?p=94083"},"modified":"2022-10-24T00:07:39","modified_gmt":"2022-10-24T03:07:39","slug":"lula-arrasta-multidoes-na-reta-final-mas-pesquisa-traz-duvidas","status":"publish","type":"post","link":"https:\/\/www.jornalja.com.br\/geral\/lula-arrasta-multidoes-na-reta-final-mas-pesquisa-traz-duvidas\/","title":{"rendered":"Lula arrasta multid\u00f5es na reta final, mas pesquisa traz d\u00favidas"},"content":{"rendered":"<p>A pesquisa do Datafolha jogou \u00e1gua fria no entusiasmo\u00a0 causado pela manifesta\u00e7\u00e3o que arrastou uma multid\u00e3o do Largo dos A\u00e7orianos \u00e0 Pra\u00e7a da Matriz em Porto Alegre.<\/p>\n<p><img decoding=\"async\" data-attachment-id=\"94082\" data-permalink=\"https:\/\/www.jornalja.com.br\/geral\/lula-arrasta-multidoes-na-reta-final-mas-pesquisa-traz-duvidas\/lula-alckmin-olivio-poa_20222-10-29\/\" data-orig-file=\"https:\/\/www.jornalja.com.br\/geral\/wp-content\/uploads\/sites\/4\/2022\/10\/lula-alckmin-olivio-poa-20222-10-29.jpg\" data-orig-size=\"399,570\" data-comments-opened=\"1\" data-image-meta=\"{&quot;aperture&quot;:&quot;0&quot;,&quot;credit&quot;:&quot;Patr\\u00edcia Marini Martins&quot;,&quot;camera&quot;:&quot;&quot;,&quot;caption&quot;:&quot;&quot;,&quot;created_timestamp&quot;:&quot;1666202452&quot;,&quot;copyright&quot;:&quot;&quot;,&quot;focal_length&quot;:&quot;0&quot;,&quot;iso&quot;:&quot;0&quot;,&quot;shutter_speed&quot;:&quot;0&quot;,&quot;title&quot;:&quot;&quot;,&quot;orientation&quot;:&quot;0&quot;}\" data-image-title=\"lula-alckmin-olivio-poa_20222-10-29\" data-image-description=\"\" data-image-caption=\"\" data-large-file=\"https:\/\/www.jornalja.com.br\/geral\/wp-content\/uploads\/sites\/4\/2022\/10\/lula-alckmin-olivio-poa-20222-10-29.jpg\" class=\"alignnone size-medium wp-image-94082\" src=\"https:\/\/www.jornalja.com.br\/geral\/wp-content\/uploads\/sites\/4\/2022\/10\/lula-alckmin-olivio-poa-20222-10-29-315x450.jpg\" alt=\"\" width=\"315\" height=\"450\" srcset=\"https:\/\/www.jornalja.com.br\/geral\/wp-content\/uploads\/sites\/4\/2022\/10\/lula-alckmin-olivio-poa-20222-10-29-315x450.jpg 315w, https:\/\/www.jornalja.com.br\/geral\/wp-content\/uploads\/sites\/4\/2022\/10\/lula-alckmin-olivio-poa-20222-10-29.jpg 399w\" sizes=\"(max-width: 315px) 100vw, 315px\" \/><\/p>\n<p>N\u00e3o foram divulgados n\u00fameros, mas era vis\u00edvel: foi uma das maiores manifesta\u00e7\u00f5es populares que a cidade j\u00e1 viveu.<\/p>\n<p>A manifesta\u00e7\u00e3o come\u00e7ou \u00e0s 16 horas.<\/p>\n<p>J\u00e1 havia terminado quando o Datafolha divulgou sua pesquisa, em que a vantagem de Lula\u00a0 ante Bolsonaro caiu para 4%.<\/p>\n<p>H\u00e1 duas semanas, a diferen\u00e7a se mantinha em 5%.<\/p>\n<p>Dentro da margem de erro, a redu\u00e7\u00e3o de 1% pode n\u00e3o significar nada. Mas lan\u00e7ou d\u00favidas e inquieta\u00e7\u00f5es nas hostes lulistas.<\/p>\n<p>O favoritismo de Lula est\u00e1 consolidado,\u00a0 mas ainda faltam onze dias para a elei\u00e7\u00e3o. A tens\u00e3o atinge seu n\u00edvel m\u00e1ximo.<\/p>\n","protected":false},"excerpt":{"rendered":"<p>A pesquisa do Datafolha jogou \u00e1gua fria no entusiasmo\u00a0 causado pela manifesta\u00e7\u00e3o que arrastou uma multid\u00e3o do Largo dos A\u00e7orianos \u00e0 Pra\u00e7a da Matriz em Porto Alegre. N\u00e3o foram divulgados n\u00fameros, mas era vis\u00edvel: foi uma das maiores manifesta\u00e7\u00f5es populares que a cidade j\u00e1 viveu. A manifesta\u00e7\u00e3o come\u00e7ou \u00e0s 16 horas. J\u00e1 havia terminado quando [&hellip;]<\/p>\n","protected":false},"author":4,"featured_media":94080,"comment_status":"open","ping_status":"open","sticky":false,"template":"","format":"standard","meta":{"jetpack_post_was_ever_published":false,"_jetpack_newsletter_access":"","_jetpack_dont_email_post_to_subs":false,"_jetpack_newsletter_tier_id":0,"_jetpack_memberships_contains_paywalled_content":false,"_jetpack_memberships_contains_paid_content":false,"footnotes":"","jetpack_publicize_message":"","jetpack_publicize_feature_enabled":true,"jetpack_social_post_already_shared":true,"jetpack_social_options":{"image_generator_settings":{"template":"highway","default_image_id":0,"font":"","enabled":false},"version":2}},"categories":[2],"tags":[89,158,132,479,95],"class_list":["post-94083","post","type-post","status-publish","format-standard","has-post-thumbnail","hentry","category-geral","tag-bolsonaro","tag-lula","tag-porto-alegre","tag-red","tag-sp"],"aioseo_notices":[],"jetpack_publicize_connections":[],"jetpack_featured_media_url":"https:\/\/www.jornalja.com.br\/geral\/wp-content\/uploads\/sites\/4\/2022\/10\/lula-em-poa-2022-10-19-at-17h33.jpeg","jetpack_shortlink":"https:\/\/wp.me\/pbKhrD-ott","jetpack-related-posts":[{"id":93745,"url":"https:\/\/www.jornalja.com.br\/geral\/pesquisa-diz-que-bolsonaro-esta-na-frente-estrategia-para-desacreditar-as-pesquisas\/","url_meta":{"origin":94083,"position":0},"title":"Pesquisa diz que Bolsonaro est\u00e1 na frente: estrat\u00e9gia para desacreditar as pesquisas?","author":"da Reda\u00e7\u00e3o","date":"9 de setembro de 2022","format":false,"excerpt":"Ve\u00edculos que apoiam o presidente Jair Bolsonaro est\u00e3o dando manchete aos resultados de uma pesquisa divulgada no fim da tarde desta quinta-feira, 09, pelo Instituto Futura Intelig\u00eancia. Segundo a pesquisa, Bolsonaro (PL) lidera a disputa pelo Pal\u00e1cio do Planalto a 24 dias do primeiro turno. Os principais portais e jornais,\u2026","rel":"","context":"Em &quot;Geral-MAT\u00c9RIA&quot;","block_context":{"text":"Geral-MAT\u00c9RIA","link":"https:\/\/www.jornalja.com.br\/geral\/category\/geral\/"},"img":{"alt_text":"","src":"","width":0,"height":0},"classes":[]},{"id":93806,"url":"https:\/\/www.jornalja.com.br\/geral\/datafolha-reacao-petista-na-bahia-anima-campanha-de-pretto-nas-vesperas-da-visita-de-lula\/","url_meta":{"origin":94083,"position":1},"title":"Datafolha: rea\u00e7\u00e3o petista na Bahia anima campanha de Pretto na v\u00e9spera da visita de Lula ao Rio Grande do Sul","author":"da Reda\u00e7\u00e3o","date":"14 de setembro de 2022","format":false,"excerpt":"A rea\u00e7\u00e3o do petista Jer\u00f4nimo Rodrigues, na Bahia, deu novo \u00e2nimo \u00e0 campanha de Edegar Pretto, candidato do partido ao governo do Rio Grande do Sul. Segundo pesquisa do Datafolha, divulgada nesta quarta, o candidato do PT na Bahia deu um salto de 12 pontos a pouco mais de duas\u2026","rel":"","context":"Em &quot;Geral-MAT\u00c9RIA&quot;","block_context":{"text":"Geral-MAT\u00c9RIA","link":"https:\/\/www.jornalja.com.br\/geral\/category\/geral\/"},"img":{"alt_text":"","src":"https:\/\/i0.wp.com\/www.jornalja.com.br\/geral\/wp-content\/uploads\/sites\/4\/2022\/09\/edegar-pretto-e-lula-foto-ricardo-stuckert.jpg?resize=350%2C200&ssl=1","width":350,"height":200,"srcset":"https:\/\/i0.wp.com\/www.jornalja.com.br\/geral\/wp-content\/uploads\/sites\/4\/2022\/09\/edegar-pretto-e-lula-foto-ricardo-stuckert.jpg?resize=350%2C200&ssl=1 1x, https:\/\/i0.wp.com\/www.jornalja.com.br\/geral\/wp-content\/uploads\/sites\/4\/2022\/09\/edegar-pretto-e-lula-foto-ricardo-stuckert.jpg?resize=525%2C300&ssl=1 1.5x, https:\/\/i0.wp.com\/www.jornalja.com.br\/geral\/wp-content\/uploads\/sites\/4\/2022\/09\/edegar-pretto-e-lula-foto-ricardo-stuckert.jpg?resize=700%2C400&ssl=1 2x, https:\/\/i0.wp.com\/www.jornalja.com.br\/geral\/wp-content\/uploads\/sites\/4\/2022\/09\/edegar-pretto-e-lula-foto-ricardo-stuckert.jpg?resize=1050%2C600&ssl=1 3x"},"classes":[]},{"id":100532,"url":"https:\/\/www.jornalja.com.br\/geral\/veto-a-dosimetria-manifestacoess-contra-anistia-a-golpistas-pesaram-na-decisao-de-lula\/","url_meta":{"origin":94083,"position":2},"title":"Veto \u00e0 dosimetria: manifesta\u00e7\u00f5es contra anistia a golpistas pesaram na decis\u00e3o de Lula","author":"Elmar Bones","date":"9 de janeiro de 2026","format":false,"excerpt":"Tr\u00eas anos depois do ataque golpista \u00e0 democracia em 2023, o dia 08 de janeiro \u00e9 marcado por manifesta\u00e7\u00f5es populares em todo o pa\u00eds em defesa da soberania do Brasil e que tamb\u00e9m exigiram o cumprimento da pena dos condenados pela tentativa de golpe de Estado, tentativa de aboli\u00e7\u00e3o violenta\u2026","rel":"","context":"Em &quot;Geral-MAT\u00c9RIA&quot;","block_context":{"text":"Geral-MAT\u00c9RIA","link":"https:\/\/www.jornalja.com.br\/geral\/category\/geral\/"},"img":{"alt_text":"","src":"https:\/\/i0.wp.com\/www.jornalja.com.br\/geral\/wp-content\/uploads\/sites\/4\/2026\/01\/dosimetria-fora-bozo.png?resize=350%2C200&ssl=1","width":350,"height":200,"srcset":"https:\/\/i0.wp.com\/www.jornalja.com.br\/geral\/wp-content\/uploads\/sites\/4\/2026\/01\/dosimetria-fora-bozo.png?resize=350%2C200&ssl=1 1x, https:\/\/i0.wp.com\/www.jornalja.com.br\/geral\/wp-content\/uploads\/sites\/4\/2026\/01\/dosimetria-fora-bozo.png?resize=525%2C300&ssl=1 1.5x"},"classes":[]},{"id":93771,"url":"https:\/\/www.jornalja.com.br\/geral\/datafolha-bolsonaro-sobe-2-ciro-perde-2-a-novidade-da-ultima-pesquisa\/","url_meta":{"origin":94083,"position":3},"title":"Datafolha: Bolsonaro sobe 2%, Ciro perde 2%, a novidade da \u00faltima pesquisa","author":"da Reda\u00e7\u00e3o","date":"9 de setembro de 2022","format":false,"excerpt":"A novidade da \u00faltima pesquisa do Datafolha divulgada nesta sexta-feira \u00e9 a queda de 2% na inten\u00e7\u00e3o de votos no candidato do PDT, Ciro Gomes, e o equivalente aumento de 2% para o presidente Jair Bolsonaro Ciro cai de 9% na pesquisa anterior para 7%. Bolsonaro subiu de 32% da\u2026","rel":"","context":"Em &quot;Geral-MAT\u00c9RIA&quot;","block_context":{"text":"Geral-MAT\u00c9RIA","link":"https:\/\/www.jornalja.com.br\/geral\/category\/geral\/"},"img":{"alt_text":"","src":"","width":0,"height":0},"classes":[]},{"id":87522,"url":"https:\/\/www.jornalja.com.br\/geral\/datafolha-57-consideram-justa-a-condenacao-de-lula-51-criticam-facchin\/","url_meta":{"origin":94083,"position":4},"title":"Datafolha: 57% consideram justa a condena\u00e7\u00e3o de Lula; 51% criticam Facchin","author":"da Reda\u00e7\u00e3o","date":"22 de mar\u00e7o de 2021","format":false,"excerpt":"Mais da metade (57%) dos entrevistados na \u00faltima pesquisa do Datafolha consideram justa a condena\u00e7\u00e3o do ex-presidente Lula no caso do triplex do Guaruj\u00e1. Mais de metade tamb\u00e9m (51%) acham que o ministro Edson Fachin, do STF agiu mal\u00a0ao anular as condena\u00e7\u00f5es de Lula na Opera\u00e7\u00e3o Lavajato. O levantamento, divulgado\u2026","rel":"","context":"Em &quot;Geral-MAT\u00c9RIA&quot;","block_context":{"text":"Geral-MAT\u00c9RIA","link":"https:\/\/www.jornalja.com.br\/geral\/category\/geral\/"},"img":{"alt_text":"","src":"","width":0,"height":0},"classes":[]},{"id":93482,"url":"https:\/\/www.jornalja.com.br\/geral\/bolsonaro-abre-serie-de-entrevistas-com-presidenciaveis-no-jornal-nacional\/","url_meta":{"origin":94083,"position":5},"title":"Bolsonaro abre s\u00e9rie de entrevistas com presidenci\u00e1veis no Jornal Nacional","author":"da Reda\u00e7\u00e3o","date":"22 de agosto de 2022","format":false,"excerpt":"O presidente Jair Bolsonaro ser\u00e1 o primeiro dos candidatos \u00e0 presid\u00eancia da Rep\u00fablica a falar ao Jornal Nacional, nesta segunda-feira (22), \u00e0s 20h30. William Bonner e Renata Vasconcellos entrevistar\u00e3o Bolsonaro por 40 minutos. H\u00e1 grande expectativa sobre o pronunciamento do candidato \u00e0 reelei\u00e7\u00e3o, que na \u00faltima semana baixou o tom\u2026","rel":"","context":"Em &quot;materiasecundaria&quot;","block_context":{"text":"materiasecundaria","link":"https:\/\/www.jornalja.com.br\/geral\/category\/materiasecundaria\/"},"img":{"alt_text":"","src":"","width":0,"height":0},"classes":[]}],"jetpack_sharing_enabled":true,"_links":{"self":[{"href":"https:\/\/www.jornalja.com.br\/geral\/wp-json\/wp\/v2\/posts\/94083","targetHints":{"allow":["GET"]}}],"collection":[{"href":"https:\/\/www.jornalja.com.br\/geral\/wp-json\/wp\/v2\/posts"}],"about":[{"href":"https:\/\/www.jornalja.com.br\/geral\/wp-json\/wp\/v2\/types\/post"}],"author":[{"embeddable":true,"href":"https:\/\/www.jornalja.com.br\/geral\/wp-json\/wp\/v2\/users\/4"}],"replies":[{"embeddable":true,"href":"https:\/\/www.jornalja.com.br\/geral\/wp-json\/wp\/v2\/comments?post=94083"}],"version-history":[{"count":5,"href":"https:\/\/www.jornalja.com.br\/geral\/wp-json\/wp\/v2\/posts\/94083\/revisions"}],"predecessor-version":[{"id":94097,"href":"https:\/\/www.jornalja.com.br\/geral\/wp-json\/wp\/v2\/posts\/94083\/revisions\/94097"}],"wp:featuredmedia":[{"embeddable":true,"href":"https:\/\/www.jornalja.com.br\/geral\/wp-json\/wp\/v2\/media\/94080"}],"wp:attachment":[{"href":"https:\/\/www.jornalja.com.br\/geral\/wp-json\/wp\/v2\/media?parent=94083"}],"wp:term":[{"taxonomy":"category","embeddable":true,"href":"https:\/\/www.jornalja.com.br\/geral\/wp-json\/wp\/v2\/categories?post=94083"},{"taxonomy":"post_tag","embeddable":true,"href":"https:\/\/www.jornalja.com.br\/geral\/wp-json\/wp\/v2\/tags?post=94083"}],"curies":[{"name":"wp","href":"https:\/\/api.w.org\/{rel}","templated":true}]}}