{"id":94113,"date":"2022-10-24T00:07:15","date_gmt":"2022-10-24T03:07:15","guid":{"rendered":"https:\/\/www.jornalja.com.br\/geral\/?p=94113"},"modified":"2022-10-25T09:40:53","modified_gmt":"2022-10-25T12:40:53","slug":"frequentadores-organizam-movimento-contra-a-concessao-do-parque-da-redencao","status":"publish","type":"post","link":"https:\/\/www.jornalja.com.br\/geral\/frequentadores-organizam-movimento-contra-a-concessao-do-parque-da-redencao\/","title":{"rendered":"Frequentadores organizam movimento contra a concess\u00e3o do Parque da Reden\u00e7\u00e3o"},"content":{"rendered":"<div class=\"noticia\">\n<div>Aumentam as rea\u00e7\u00f5es ao projeto de concess\u00e3o do Parque da Reden\u00e7\u00e3o apresentado na semana passada pela prefeitura de Porto Alegre.<\/div>\n<div>Al\u00e9m de um abaixo-assinado virtual, v\u00e1rios atos p\u00fablicos t\u00eam sido promovidos por frequentadores, comerciantes e artistas, que buscam ades\u00e3o de mais pessoas.<\/div>\n<div>Na manh\u00e3 de s\u00e1bado, dia 22, o Coletivo Preserva Reden\u00e7\u00e3o, em parceria com a seccional ga\u00facha do Instituto de Arquitetos do Brasil (IAB-RS), promoveu uma roda de conversa sobre a concess\u00e3o de \u00e1reas p\u00fablicas\u00a0 pelo munic\u00edpio de Porto Alegre.<\/div>\n<div>\u201c(A concess\u00e3o) \u00e9 o esvaziamento de tudo o que \u00e9 comum; afasta a popula\u00e7\u00e3o que historicamente j\u00e1 \u00e9 afastada\u201d, disse\u00a0 Jos\u00e9 Damico, professor do departamento de Psican\u00e1lise no Instituto de Psicologia da Ufrgs.<\/div>\n<div>A avalia\u00e7\u00e3o\u00a0 de todos\u00a0 \u00e9 que a gest\u00e3o privada do parque tende a alterar o perfil de p\u00fablico, ao selecionar quem pode frequentar o espa\u00e7o de acordo com o poder aquisitivo dos servi\u00e7os a serem ofertados.<\/div>\n<div>\u201cEstamos falando de valores financeiros, mas tamb\u00e9m de coisas que importam para n\u00f3s\u201d, alertou o artista Felipe Felipsen.<\/div>\n<div>Cerca de 50 pessoas acompanharam a roda de conversa, que se estendeu das 9h30 at\u00e9 o meio-dia. Lidos pela presidente eleita do IAB, os termos do contrato que a prefeitura pretende firmar com investidor privado provocou muitas cr\u00edticas, principalmente a ideia de construir um estacionamento subterr\u00e2neo, na \u00e1rea do parque.<\/div>\n<h2><img decoding=\"async\" class=\"\" style=\"font-size: 1.5rem;font-weight: 400\" src=\"https:\/\/www.jornaldocomercio.com\/_midias\/jpg\/2022\/10\/23\/20221022_200415-9810442.jpg\" alt=\"{'nm_midia_inter_thumb1':'https:\/\/www.jornaldocomercio.com\/_midias\/jpg\/2022\/10\/23\/206x137\/1_20221022_200415-9810442.jpg', 'id_midia_tipo':'2', 'id_tetag_galer':'', 'id_midia':'6355b15a078a1', 'cd_midia':9810442, 'ds_midia_link': 'https:\/\/www.jornaldocomercio.com\/_midias\/jpg\/2022\/10\/23\/20221022_200415-9810442.jpg', 'ds_midia': 'Vig\u00edlia luminosa no Parque da Reden\u00e7\u00e3o.', 'ds_midia_credi': 'Bruna Suptitz\/Divulga\u00e7\u00e3o\/JC', 'ds_midia_titlo': 'Vig\u00edlia luminosa no Parque da Reden\u00e7\u00e3o.', 'cd_tetag': '1', 'cd_midia_w': '800', 'cd_midia_h': '450', 'align': 'Left'}\" width=\"100%\" align=\"middle\" \/><\/h2>\n<\/div>\n<div>\n<div><\/div>\n<div>Na noite do mesmo dia 22,\u00a0 um grupo de frequentadores promoveu uma &#8220;uma vig\u00edlia luminosa&#8221; em frente ao Monumento ao Expedicion\u00e1rio.<\/div>\n<div>Com velas ou lanternas, frequentadores permaneceram no local por cerca de uma hora ouvindo relatos e informa\u00e7\u00f5es sobre a hist\u00f3ria do Parque Farroupilha. Ao som de berimbau, encerraram o ato cantando \u201cviva a Reden\u00e7\u00e3o viva a Reden\u00e7\u00e3o, diga n\u00e3o \u00e0 privatiza\u00e7\u00e3o\u201d.<\/div>\n<\/div>\n<p>&nbsp;<\/p>\n<p><img decoding=\"async\" data-attachment-id=\"94110\" data-permalink=\"https:\/\/www.jornalja.com.br\/geral\/frequentadores-organizam-movimento-contra-a-concessao-do-parque-da-redencao\/whatsapp-image-2022-10-23-at-00-31-41\/\" data-orig-file=\"https:\/\/www.jornalja.com.br\/geral\/wp-content\/uploads\/sites\/4\/2022\/10\/whatsapp-image-2022-10-23-at-003141.jpeg\" data-orig-size=\"1599,1599\" data-comments-opened=\"1\" data-image-meta=\"{&quot;aperture&quot;:&quot;0&quot;,&quot;credit&quot;:&quot;&quot;,&quot;camera&quot;:&quot;&quot;,&quot;caption&quot;:&quot;&quot;,&quot;created_timestamp&quot;:&quot;0&quot;,&quot;copyright&quot;:&quot;&quot;,&quot;focal_length&quot;:&quot;0&quot;,&quot;iso&quot;:&quot;0&quot;,&quot;shutter_speed&quot;:&quot;0&quot;,&quot;title&quot;:&quot;&quot;,&quot;orientation&quot;:&quot;0&quot;}\" data-image-title=\"WhatsApp Image 2022-10-23 at 00.31.41\" data-image-description=\"\" data-image-caption=\"\" data-large-file=\"https:\/\/www.jornalja.com.br\/geral\/wp-content\/uploads\/sites\/4\/2022\/10\/whatsapp-image-2022-10-23-at-003141-900x900.jpeg\" class=\"alignnone size-medium wp-image-94110\" src=\"https:\/\/www.jornalja.com.br\/geral\/wp-content\/uploads\/sites\/4\/2022\/10\/whatsapp-image-2022-10-23-at-003141-450x450.jpeg\" alt=\"\" width=\"450\" height=\"450\" srcset=\"https:\/\/www.jornalja.com.br\/geral\/wp-content\/uploads\/sites\/4\/2022\/10\/whatsapp-image-2022-10-23-at-003141-450x450.jpeg 450w, https:\/\/www.jornalja.com.br\/geral\/wp-content\/uploads\/sites\/4\/2022\/10\/whatsapp-image-2022-10-23-at-003141-900x900.jpeg 900w, https:\/\/www.jornalja.com.br\/geral\/wp-content\/uploads\/sites\/4\/2022\/10\/whatsapp-image-2022-10-23-at-003141-250x250.jpeg 250w, https:\/\/www.jornalja.com.br\/geral\/wp-content\/uploads\/sites\/4\/2022\/10\/whatsapp-image-2022-10-23-at-003141-768x768.jpeg 768w, https:\/\/www.jornalja.com.br\/geral\/wp-content\/uploads\/sites\/4\/2022\/10\/whatsapp-image-2022-10-23-at-003141-1536x1536.jpeg 1536w, https:\/\/www.jornalja.com.br\/geral\/wp-content\/uploads\/sites\/4\/2022\/10\/whatsapp-image-2022-10-23-at-003141-1200x1200.jpeg 1200w, https:\/\/www.jornalja.com.br\/geral\/wp-content\/uploads\/sites\/4\/2022\/10\/whatsapp-image-2022-10-23-at-003141.jpeg 1599w\" sizes=\"(max-width: 450px) 100vw, 450px\" \/><\/p>\n<p><img decoding=\"async\" data-attachment-id=\"94111\" data-permalink=\"https:\/\/www.jornalja.com.br\/geral\/frequentadores-organizam-movimento-contra-a-concessao-do-parque-da-redencao\/whatsapp-image-2022-10-23-at-00-31-08\/\" data-orig-file=\"https:\/\/www.jornalja.com.br\/geral\/wp-content\/uploads\/sites\/4\/2022\/10\/whatsapp-image-2022-10-23-at-003108.jpeg\" data-orig-size=\"1599,1599\" data-comments-opened=\"1\" data-image-meta=\"{&quot;aperture&quot;:&quot;0&quot;,&quot;credit&quot;:&quot;&quot;,&quot;camera&quot;:&quot;&quot;,&quot;caption&quot;:&quot;&quot;,&quot;created_timestamp&quot;:&quot;0&quot;,&quot;copyright&quot;:&quot;&quot;,&quot;focal_length&quot;:&quot;0&quot;,&quot;iso&quot;:&quot;0&quot;,&quot;shutter_speed&quot;:&quot;0&quot;,&quot;title&quot;:&quot;&quot;,&quot;orientation&quot;:&quot;0&quot;}\" data-image-title=\"WhatsApp Image 2022-10-23 at 00.31.08\" data-image-description=\"\" data-image-caption=\"\" data-large-file=\"https:\/\/www.jornalja.com.br\/geral\/wp-content\/uploads\/sites\/4\/2022\/10\/whatsapp-image-2022-10-23-at-003108-900x900.jpeg\" class=\"alignnone size-medium wp-image-94111\" src=\"https:\/\/www.jornalja.com.br\/geral\/wp-content\/uploads\/sites\/4\/2022\/10\/whatsapp-image-2022-10-23-at-003108-450x450.jpeg\" alt=\"\" width=\"450\" height=\"450\" srcset=\"https:\/\/www.jornalja.com.br\/geral\/wp-content\/uploads\/sites\/4\/2022\/10\/whatsapp-image-2022-10-23-at-003108-450x450.jpeg 450w, https:\/\/www.jornalja.com.br\/geral\/wp-content\/uploads\/sites\/4\/2022\/10\/whatsapp-image-2022-10-23-at-003108-900x900.jpeg 900w, https:\/\/www.jornalja.com.br\/geral\/wp-content\/uploads\/sites\/4\/2022\/10\/whatsapp-image-2022-10-23-at-003108-250x250.jpeg 250w, https:\/\/www.jornalja.com.br\/geral\/wp-content\/uploads\/sites\/4\/2022\/10\/whatsapp-image-2022-10-23-at-003108-768x768.jpeg 768w, https:\/\/www.jornalja.com.br\/geral\/wp-content\/uploads\/sites\/4\/2022\/10\/whatsapp-image-2022-10-23-at-003108-1536x1536.jpeg 1536w, https:\/\/www.jornalja.com.br\/geral\/wp-content\/uploads\/sites\/4\/2022\/10\/whatsapp-image-2022-10-23-at-003108-1200x1200.jpeg 1200w, https:\/\/www.jornalja.com.br\/geral\/wp-content\/uploads\/sites\/4\/2022\/10\/whatsapp-image-2022-10-23-at-003108.jpeg 1599w\" sizes=\"(max-width: 450px) 100vw, 450px\" \/><\/p>\n<p><img decoding=\"async\" data-attachment-id=\"94107\" data-permalink=\"https:\/\/www.jornalja.com.br\/geral\/frequentadores-organizam-movimento-contra-a-concessao-do-parque-da-redencao\/whatsapp-image-2022-10-23-at-00-26-58\/\" data-orig-file=\"https:\/\/www.jornalja.com.br\/geral\/wp-content\/uploads\/sites\/4\/2022\/10\/whatsapp-image-2022-10-23-at-002658.jpeg\" data-orig-size=\"1280,1280\" data-comments-opened=\"1\" data-image-meta=\"{&quot;aperture&quot;:&quot;0&quot;,&quot;credit&quot;:&quot;&quot;,&quot;camera&quot;:&quot;&quot;,&quot;caption&quot;:&quot;&quot;,&quot;created_timestamp&quot;:&quot;0&quot;,&quot;copyright&quot;:&quot;&quot;,&quot;focal_length&quot;:&quot;0&quot;,&quot;iso&quot;:&quot;0&quot;,&quot;shutter_speed&quot;:&quot;0&quot;,&quot;title&quot;:&quot;&quot;,&quot;orientation&quot;:&quot;0&quot;}\" data-image-title=\"WhatsApp Image 2022-10-23 at 00.26.58\" data-image-description=\"\" data-image-caption=\"\" data-large-file=\"https:\/\/www.jornalja.com.br\/geral\/wp-content\/uploads\/sites\/4\/2022\/10\/whatsapp-image-2022-10-23-at-002658-900x900.jpeg\" class=\"alignnone size-medium wp-image-94107\" src=\"https:\/\/www.jornalja.com.br\/geral\/wp-content\/uploads\/sites\/4\/2022\/10\/whatsapp-image-2022-10-23-at-002658-450x450.jpeg\" alt=\"\" width=\"450\" height=\"450\" srcset=\"https:\/\/www.jornalja.com.br\/geral\/wp-content\/uploads\/sites\/4\/2022\/10\/whatsapp-image-2022-10-23-at-002658-450x450.jpeg 450w, https:\/\/www.jornalja.com.br\/geral\/wp-content\/uploads\/sites\/4\/2022\/10\/whatsapp-image-2022-10-23-at-002658-900x900.jpeg 900w, https:\/\/www.jornalja.com.br\/geral\/wp-content\/uploads\/sites\/4\/2022\/10\/whatsapp-image-2022-10-23-at-002658-250x250.jpeg 250w, https:\/\/www.jornalja.com.br\/geral\/wp-content\/uploads\/sites\/4\/2022\/10\/whatsapp-image-2022-10-23-at-002658-768x768.jpeg 768w, https:\/\/www.jornalja.com.br\/geral\/wp-content\/uploads\/sites\/4\/2022\/10\/whatsapp-image-2022-10-23-at-002658-1200x1200.jpeg 1200w, https:\/\/www.jornalja.com.br\/geral\/wp-content\/uploads\/sites\/4\/2022\/10\/whatsapp-image-2022-10-23-at-002658.jpeg 1280w\" sizes=\"(max-width: 450px) 100vw, 450px\" \/><\/p>\n<p><img decoding=\"async\" data-attachment-id=\"94105\" data-permalink=\"https:\/\/www.jornalja.com.br\/geral\/frequentadores-organizam-movimento-contra-a-concessao-do-parque-da-redencao\/whatsapp-image-2022-10-23-at-12-35-17\/\" data-orig-file=\"https:\/\/www.jornalja.com.br\/geral\/wp-content\/uploads\/sites\/4\/2022\/10\/whatsapp-image-2022-10-23-at-123517.jpeg\" data-orig-size=\"1280,1280\" data-comments-opened=\"1\" data-image-meta=\"{&quot;aperture&quot;:&quot;0&quot;,&quot;credit&quot;:&quot;&quot;,&quot;camera&quot;:&quot;&quot;,&quot;caption&quot;:&quot;&quot;,&quot;created_timestamp&quot;:&quot;0&quot;,&quot;copyright&quot;:&quot;&quot;,&quot;focal_length&quot;:&quot;0&quot;,&quot;iso&quot;:&quot;0&quot;,&quot;shutter_speed&quot;:&quot;0&quot;,&quot;title&quot;:&quot;&quot;,&quot;orientation&quot;:&quot;0&quot;}\" data-image-title=\"WhatsApp Image 2022-10-23 at 12.35.17\" data-image-description=\"\" data-image-caption=\"\" data-large-file=\"https:\/\/www.jornalja.com.br\/geral\/wp-content\/uploads\/sites\/4\/2022\/10\/whatsapp-image-2022-10-23-at-123517-900x900.jpeg\" class=\"alignnone size-medium wp-image-94105\" src=\"https:\/\/www.jornalja.com.br\/geral\/wp-content\/uploads\/sites\/4\/2022\/10\/whatsapp-image-2022-10-23-at-123517-450x450.jpeg\" alt=\"\" width=\"450\" height=\"450\" srcset=\"https:\/\/www.jornalja.com.br\/geral\/wp-content\/uploads\/sites\/4\/2022\/10\/whatsapp-image-2022-10-23-at-123517-450x450.jpeg 450w, https:\/\/www.jornalja.com.br\/geral\/wp-content\/uploads\/sites\/4\/2022\/10\/whatsapp-image-2022-10-23-at-123517-900x900.jpeg 900w, https:\/\/www.jornalja.com.br\/geral\/wp-content\/uploads\/sites\/4\/2022\/10\/whatsapp-image-2022-10-23-at-123517-250x250.jpeg 250w, https:\/\/www.jornalja.com.br\/geral\/wp-content\/uploads\/sites\/4\/2022\/10\/whatsapp-image-2022-10-23-at-123517-768x768.jpeg 768w, https:\/\/www.jornalja.com.br\/geral\/wp-content\/uploads\/sites\/4\/2022\/10\/whatsapp-image-2022-10-23-at-123517-1200x1200.jpeg 1200w, https:\/\/www.jornalja.com.br\/geral\/wp-content\/uploads\/sites\/4\/2022\/10\/whatsapp-image-2022-10-23-at-123517.jpeg 1280w\" sizes=\"(max-width: 450px) 100vw, 450px\" \/><\/p>\n<p>&nbsp;<\/p>\n","protected":false},"excerpt":{"rendered":"<p>Aumentam as rea\u00e7\u00f5es ao projeto de concess\u00e3o do Parque da Reden\u00e7\u00e3o apresentado na semana passada pela prefeitura de Porto Alegre. Al\u00e9m de um abaixo-assinado virtual, v\u00e1rios atos p\u00fablicos t\u00eam sido promovidos por frequentadores, comerciantes e artistas, que buscam ades\u00e3o de mais pessoas. Na manh\u00e3 de s\u00e1bado, dia 22, o Coletivo Preserva Reden\u00e7\u00e3o, em parceria com [&hellip;]<\/p>\n","protected":false},"author":4,"featured_media":94106,"comment_status":"open","ping_status":"open","sticky":false,"template":"","format":"standard","meta":{"jetpack_post_was_ever_published":false,"_jetpack_newsletter_access":"","_jetpack_dont_email_post_to_subs":false,"_jetpack_newsletter_tier_id":0,"_jetpack_memberships_contains_paywalled_content":false,"_jetpack_memberships_contains_paid_content":false,"footnotes":"","jetpack_publicize_message":"","jetpack_publicize_feature_enabled":true,"jetpack_social_post_already_shared":true,"jetpack_social_options":{"image_generator_settings":{"template":"highway","default_image_id":0,"font":"","enabled":false},"version":2}},"categories":[2],"tags":[238,460,534,132,300,267,335,488,479,486,15,149,95,162],"class_list":["post-94113","post","type-post","status-publish","format-standard","has-post-thumbnail","hentry","category-geral","tag-brasil","tag-ovid","tag-parque-farroupilha","tag-porto-alegre","tag-prefeitura","tag-prefeitura-de-porto-alegre","tag-privatizacao","tag-projeto","tag-red","tag-redencao","tag-rs","tag-sc","tag-sp","tag-ufrgs"],"aioseo_notices":[],"jetpack_publicize_connections":[],"jetpack_featured_media_url":"https:\/\/www.jornalja.com.br\/geral\/wp-content\/uploads\/sites\/4\/2022\/10\/whatsapp-image-2022-10-23-at-002419.jpeg","jetpack_shortlink":"https:\/\/wp.me\/pbKhrD-otX","jetpack-related-posts":[{"id":94374,"url":"https:\/\/www.jornalja.com.br\/geral\/projeto-preve-concessao-da-redencao-junto-com-calcadao-do-lami\/","url_meta":{"origin":94113,"position":0},"title":"Projeto prev\u00ea concess\u00e3o da Reden\u00e7\u00e3o junto com Cal\u00e7ad\u00e3o do Lami","author":"da Reda\u00e7\u00e3o","date":"23 de novembro de 2022","format":false,"excerpt":"Uma audi\u00eancia p\u00fablica \"extraordin\u00e1ria\" dar\u00e1 continuidade ao debate sobre a concess\u00e3o do Parque Farroupilha e do Cal\u00e7ad\u00e3o do Lami. Os dois espa\u00e7os comp\u00f5em o Lote 1 do programa de concess\u00f5es que envolve cinco parques de Porto Alegre.\u00a0 \u00a0Significa que ser\u00e3o concedidos num s\u00f3 edital. O cal\u00e7ad\u00e3o do Lami foi inclu\u00eddo\u2026","rel":"","context":"Em &quot;Geral-MAT\u00c9RIA&quot;","block_context":{"text":"Geral-MAT\u00c9RIA","link":"https:\/\/www.jornalja.com.br\/geral\/category\/geral\/"},"img":{"alt_text":"","src":"https:\/\/i0.wp.com\/www.jornalja.com.br\/geral\/wp-content\/uploads\/sites\/4\/2022\/11\/redencao-abraco-4-scaled.jpg?resize=350%2C200&ssl=1","width":350,"height":200,"srcset":"https:\/\/i0.wp.com\/www.jornalja.com.br\/geral\/wp-content\/uploads\/sites\/4\/2022\/11\/redencao-abraco-4-scaled.jpg?resize=350%2C200&ssl=1 1x, https:\/\/i0.wp.com\/www.jornalja.com.br\/geral\/wp-content\/uploads\/sites\/4\/2022\/11\/redencao-abraco-4-scaled.jpg?resize=525%2C300&ssl=1 1.5x, https:\/\/i0.wp.com\/www.jornalja.com.br\/geral\/wp-content\/uploads\/sites\/4\/2022\/11\/redencao-abraco-4-scaled.jpg?resize=700%2C400&ssl=1 2x, https:\/\/i0.wp.com\/www.jornalja.com.br\/geral\/wp-content\/uploads\/sites\/4\/2022\/11\/redencao-abraco-4-scaled.jpg?resize=1050%2C600&ssl=1 3x, https:\/\/i0.wp.com\/www.jornalja.com.br\/geral\/wp-content\/uploads\/sites\/4\/2022\/11\/redencao-abraco-4-scaled.jpg?resize=1400%2C800&ssl=1 4x"},"classes":[]},{"id":94397,"url":"https:\/\/www.jornalja.com.br\/geral\/defensores-da-redencao-publica-desafiam-o-prefeito-melo-nao-nao-nao-redencao-sem-concessao\/","url_meta":{"origin":94113,"position":1},"title":"Defensores da Reden\u00e7\u00e3o p\u00fablica desafiam o prefeito Melo: &#8220;N\u00e3o, n\u00e3o, n\u00e3o, Reden\u00e7\u00e3o sem concess\u00e3o&#8221;","author":"Elmar Bones","date":"23 de novembro de 2022","format":false,"excerpt":"A secret\u00e1ria Ana Pellini n\u00e3o conseguiu encerrar os trabalhos na audi\u00eancia p\u00fablica extraordin\u00e1ria sobre a concess\u00e3o da Reden\u00e7\u00e3o, na noite desta quarta-feira, 23, na C\u00e2mara Municipal de Porto Alegre. Foi reservado para a audi\u00eancia o audit\u00f3rio Ana Terra,\u00a0 que \u00e9 menor, com cerca de 100 lugares, e estava\u00a0 superlotado. Por\u2026","rel":"","context":"Em &quot;Geral-MAT\u00c9RIA&quot;","block_context":{"text":"Geral-MAT\u00c9RIA","link":"https:\/\/www.jornalja.com.br\/geral\/category\/geral\/"},"img":{"alt_text":"","src":"https:\/\/i0.wp.com\/www.jornalja.com.br\/geral\/wp-content\/uploads\/sites\/4\/2022\/11\/redencao-abraco-2-scaled.jpg?resize=350%2C200&ssl=1","width":350,"height":200,"srcset":"https:\/\/i0.wp.com\/www.jornalja.com.br\/geral\/wp-content\/uploads\/sites\/4\/2022\/11\/redencao-abraco-2-scaled.jpg?resize=350%2C200&ssl=1 1x, https:\/\/i0.wp.com\/www.jornalja.com.br\/geral\/wp-content\/uploads\/sites\/4\/2022\/11\/redencao-abraco-2-scaled.jpg?resize=525%2C300&ssl=1 1.5x, https:\/\/i0.wp.com\/www.jornalja.com.br\/geral\/wp-content\/uploads\/sites\/4\/2022\/11\/redencao-abraco-2-scaled.jpg?resize=700%2C400&ssl=1 2x, https:\/\/i0.wp.com\/www.jornalja.com.br\/geral\/wp-content\/uploads\/sites\/4\/2022\/11\/redencao-abraco-2-scaled.jpg?resize=1050%2C600&ssl=1 3x, https:\/\/i0.wp.com\/www.jornalja.com.br\/geral\/wp-content\/uploads\/sites\/4\/2022\/11\/redencao-abraco-2-scaled.jpg?resize=1400%2C800&ssl=1 4x"},"classes":[]},{"id":98558,"url":"https:\/\/www.jornalja.com.br\/geral\/empresa-que-vai-ocupar-terreno-junto-a-redencao-ja-tem-12-concessoes-em-porto-alegre\/","url_meta":{"origin":94113,"position":2},"title":"Empresa que vai ocupar terreno junto \u00e0 Reden\u00e7\u00e3o j\u00e1 tem 12 concess\u00f5es em Porto Alegre","author":"da Reda\u00e7\u00e3o","date":"26 de mar\u00e7o de 2025","format":false,"excerpt":"Um tapume de metal sinaliza, desde segunda-feira, a mudan\u00e7a que vai ocorrer num espa\u00e7o privilegiado em Porto Alegre, junto ao parque da Reden\u00e7\u00e3o, no largo Jos\u00e9 Lubianca, na conflu\u00eancia das avenidas Jos\u00e9 Bonif\u00e1cio com Oswaldo Aranha. \u00c9 um terreno triangular, de 462 m2, que em 1971, em plena ditadura, foi\u2026","rel":"","context":"Em &quot;Geral-MAT\u00c9RIA&quot;","block_context":{"text":"Geral-MAT\u00c9RIA","link":"https:\/\/www.jornalja.com.br\/geral\/category\/geral\/"},"img":{"alt_text":"","src":"https:\/\/i0.wp.com\/www.jornalja.com.br\/geral\/wp-content\/uploads\/sites\/4\/2025\/03\/redencao-area-cercada.jpg?resize=350%2C200&ssl=1","width":350,"height":200,"srcset":"https:\/\/i0.wp.com\/www.jornalja.com.br\/geral\/wp-content\/uploads\/sites\/4\/2025\/03\/redencao-area-cercada.jpg?resize=350%2C200&ssl=1 1x, https:\/\/i0.wp.com\/www.jornalja.com.br\/geral\/wp-content\/uploads\/sites\/4\/2025\/03\/redencao-area-cercada.jpg?resize=525%2C300&ssl=1 1.5x, https:\/\/i0.wp.com\/www.jornalja.com.br\/geral\/wp-content\/uploads\/sites\/4\/2025\/03\/redencao-area-cercada.jpg?resize=700%2C400&ssl=1 2x, https:\/\/i0.wp.com\/www.jornalja.com.br\/geral\/wp-content\/uploads\/sites\/4\/2025\/03\/redencao-area-cercada.jpg?resize=1050%2C600&ssl=1 3x, https:\/\/i0.wp.com\/www.jornalja.com.br\/geral\/wp-content\/uploads\/sites\/4\/2025\/03\/redencao-area-cercada.jpg?resize=1400%2C800&ssl=1 4x"},"classes":[]},{"id":89136,"url":"https:\/\/www.jornalja.com.br\/geral\/pronto-socorro-redencao-e-gasometro-na-lista-de-novas-concessoes-e-ppps-em-porto-alegre\/","url_meta":{"origin":94113,"position":3},"title":"Pronto Socorro, Reden\u00e7\u00e3o e Gas\u00f4metro na lista de novas concess\u00f5es e PPPs em Porto Alegre","author":"da Reda\u00e7\u00e3o","date":"5 de agosto de 2021","format":false,"excerpt":"A prefeitura de Porto Alegre vai encomendar estudos para oito novos projetos de parcerias privadas e a concess\u00e3o de quatro parques p\u00fablicos, incluindo a Reden\u00e7\u00e3o e o Parque Moinhos de Vento. Na lista das parcerias est\u00e3o o Hospital de Pronto Socorro, a Usina do Gas\u00f4metro e o Museu Joaquim Felizardo.\u2026","rel":"","context":"Em &quot;Geral-MAT\u00c9RIA&quot;","block_context":{"text":"Geral-MAT\u00c9RIA","link":"https:\/\/www.jornalja.com.br\/geral\/category\/geral\/"},"img":{"alt_text":"","src":"https:\/\/i0.wp.com\/www.jornalja.com.br\/geral\/wp-content\/uploads\/sites\/4\/2020\/12\/portoalegre-cristinerochol-pmpa.jpg?resize=350%2C200&ssl=1","width":350,"height":200,"srcset":"https:\/\/i0.wp.com\/www.jornalja.com.br\/geral\/wp-content\/uploads\/sites\/4\/2020\/12\/portoalegre-cristinerochol-pmpa.jpg?resize=350%2C200&ssl=1 1x, https:\/\/i0.wp.com\/www.jornalja.com.br\/geral\/wp-content\/uploads\/sites\/4\/2020\/12\/portoalegre-cristinerochol-pmpa.jpg?resize=525%2C300&ssl=1 1.5x, https:\/\/i0.wp.com\/www.jornalja.com.br\/geral\/wp-content\/uploads\/sites\/4\/2020\/12\/portoalegre-cristinerochol-pmpa.jpg?resize=700%2C400&ssl=1 2x, https:\/\/i0.wp.com\/www.jornalja.com.br\/geral\/wp-content\/uploads\/sites\/4\/2020\/12\/portoalegre-cristinerochol-pmpa.jpg?resize=1050%2C600&ssl=1 3x, https:\/\/i0.wp.com\/www.jornalja.com.br\/geral\/wp-content\/uploads\/sites\/4\/2020\/12\/portoalegre-cristinerochol-pmpa.jpg?resize=1400%2C800&ssl=1 4x"},"classes":[]},{"id":100773,"url":"https:\/\/www.jornalja.com.br\/geral\/cais-maua-dois-anos-depois-da-concessao-e-incerto-futuro-do-projeto\/","url_meta":{"origin":94113,"position":4},"title":"Cais Mau\u00e1: dois anos depois da concess\u00e3o, \u00e9 incerto futuro do projeto","author":"Elmar Bones","date":"18 de fevereiro de 2026","format":false,"excerpt":"Dois anos depois da concess\u00e3o do Cais Mau\u00e1 a um cons\u00f3rcio privado, \u00e9 incerto o futuro do projeto para devolver \u00e0 popula\u00e7\u00e3o aquela \u00e1rea simb\u00f3lica de Porto Alegre, abandonada h\u00e1 mais de 30 anos. Come\u00e7a que o contrato que formaliza a concess\u00e3o ainda n\u00e3o foi assinado. Em entrevista ao Jornal\u2026","rel":"","context":"Em &quot;Geral-MAT\u00c9RIA&quot;","block_context":{"text":"Geral-MAT\u00c9RIA","link":"https:\/\/www.jornalja.com.br\/geral\/category\/geral\/"},"img":{"alt_text":"","src":"https:\/\/i0.wp.com\/www.jornalja.com.br\/geral\/wp-content\/uploads\/sites\/4\/2026\/02\/cais-armazens2-scaled-1.jpeg?resize=350%2C200&ssl=1","width":350,"height":200,"srcset":"https:\/\/i0.wp.com\/www.jornalja.com.br\/geral\/wp-content\/uploads\/sites\/4\/2026\/02\/cais-armazens2-scaled-1.jpeg?resize=350%2C200&ssl=1 1x, https:\/\/i0.wp.com\/www.jornalja.com.br\/geral\/wp-content\/uploads\/sites\/4\/2026\/02\/cais-armazens2-scaled-1.jpeg?resize=525%2C300&ssl=1 1.5x, https:\/\/i0.wp.com\/www.jornalja.com.br\/geral\/wp-content\/uploads\/sites\/4\/2026\/02\/cais-armazens2-scaled-1.jpeg?resize=700%2C400&ssl=1 2x"},"classes":[]},{"id":98220,"url":"https:\/\/www.jornalja.com.br\/geral\/desde-que-concessao-foi-barrada-parque-da-redencao-vive-situacao-indefinida\/","url_meta":{"origin":94113,"position":5},"title":"Desde que concess\u00e3o foi barrada, parque da Reden\u00e7\u00e3o vive situa\u00e7\u00e3o indefinida","author":"Elmar Bones","date":"10 de dezembro de 2024","format":false,"excerpt":"O parque da Reden\u00e7\u00e3o\u00a0 estava no \"Lote 1\" do programa de concess\u00f5es divulgado em novembro de 2022 pela Prefeitura de Porto Alegre, envolvendo cinco parques da cidade, que seriam concedidos num s\u00f3 edital. Mais antigo e emblem\u00e1tico parque da cidade, seu caso era tamb\u00e9m o mais pol\u00eamico,\u00a0 previa inclusive um\u2026","rel":"","context":"Em &quot;Geral-MAT\u00c9RIA&quot;","block_context":{"text":"Geral-MAT\u00c9RIA","link":"https:\/\/www.jornalja.com.br\/geral\/category\/geral\/"},"img":{"alt_text":"","src":"https:\/\/i0.wp.com\/www.jornalja.com.br\/geral\/wp-content\/uploads\/sites\/4\/2024\/12\/redencao-sem-destino.png?resize=350%2C200&ssl=1","width":350,"height":200,"srcset":"https:\/\/i0.wp.com\/www.jornalja.com.br\/geral\/wp-content\/uploads\/sites\/4\/2024\/12\/redencao-sem-destino.png?resize=350%2C200&ssl=1 1x, https:\/\/i0.wp.com\/www.jornalja.com.br\/geral\/wp-content\/uploads\/sites\/4\/2024\/12\/redencao-sem-destino.png?resize=525%2C300&ssl=1 1.5x, https:\/\/i0.wp.com\/www.jornalja.com.br\/geral\/wp-content\/uploads\/sites\/4\/2024\/12\/redencao-sem-destino.png?resize=700%2C400&ssl=1 2x"},"classes":[]}],"jetpack_sharing_enabled":true,"_links":{"self":[{"href":"https:\/\/www.jornalja.com.br\/geral\/wp-json\/wp\/v2\/posts\/94113","targetHints":{"allow":["GET"]}}],"collection":[{"href":"https:\/\/www.jornalja.com.br\/geral\/wp-json\/wp\/v2\/posts"}],"about":[{"href":"https:\/\/www.jornalja.com.br\/geral\/wp-json\/wp\/v2\/types\/post"}],"author":[{"embeddable":true,"href":"https:\/\/www.jornalja.com.br\/geral\/wp-json\/wp\/v2\/users\/4"}],"replies":[{"embeddable":true,"href":"https:\/\/www.jornalja.com.br\/geral\/wp-json\/wp\/v2\/comments?post=94113"}],"version-history":[{"count":4,"href":"https:\/\/www.jornalja.com.br\/geral\/wp-json\/wp\/v2\/posts\/94113\/revisions"}],"predecessor-version":[{"id":94133,"href":"https:\/\/www.jornalja.com.br\/geral\/wp-json\/wp\/v2\/posts\/94113\/revisions\/94133"}],"wp:featuredmedia":[{"embeddable":true,"href":"https:\/\/www.jornalja.com.br\/geral\/wp-json\/wp\/v2\/media\/94106"}],"wp:attachment":[{"href":"https:\/\/www.jornalja.com.br\/geral\/wp-json\/wp\/v2\/media?parent=94113"}],"wp:term":[{"taxonomy":"category","embeddable":true,"href":"https:\/\/www.jornalja.com.br\/geral\/wp-json\/wp\/v2\/categories?post=94113"},{"taxonomy":"post_tag","embeddable":true,"href":"https:\/\/www.jornalja.com.br\/geral\/wp-json\/wp\/v2\/tags?post=94113"}],"curies":[{"name":"wp","href":"https:\/\/api.w.org\/{rel}","templated":true}]}}