{"id":94236,"date":"2022-11-06T19:30:41","date_gmt":"2022-11-06T22:30:41","guid":{"rendered":"https:\/\/www.jornalja.com.br\/geral\/?p=94236"},"modified":"2022-11-10T22:14:30","modified_gmt":"2022-11-11T01:14:30","slug":"compra-de-votos-por-que-a-reportagem-do-caco-barcellos-foi-ao-ar-depois-da-eleicao","status":"publish","type":"post","link":"https:\/\/www.jornalja.com.br\/geral\/compra-de-votos-por-que-a-reportagem-do-caco-barcellos-foi-ao-ar-depois-da-eleicao\/","title":{"rendered":"Compra de votos: por que a reportagem de Caco Barcellos foi ao ar depois da elei\u00e7\u00e3o?"},"content":{"rendered":"<p><img decoding=\"async\" data-attachment-id=\"94245\" data-permalink=\"https:\/\/www.jornalja.com.br\/geral\/compra-de-votos-por-que-a-reportagem-do-caco-barcellos-foi-ao-ar-depois-da-eleicao\/caco-barcelos-no-mais-voce\/\" data-orig-file=\"https:\/\/www.jornalja.com.br\/geral\/wp-content\/uploads\/sites\/4\/2022\/11\/caco-barcelos-no-mais-voce.png\" data-orig-size=\"676,498\" data-comments-opened=\"1\" data-image-meta=\"{&quot;aperture&quot;:&quot;0&quot;,&quot;credit&quot;:&quot;&quot;,&quot;camera&quot;:&quot;&quot;,&quot;caption&quot;:&quot;&quot;,&quot;created_timestamp&quot;:&quot;0&quot;,&quot;copyright&quot;:&quot;&quot;,&quot;focal_length&quot;:&quot;0&quot;,&quot;iso&quot;:&quot;0&quot;,&quot;shutter_speed&quot;:&quot;0&quot;,&quot;title&quot;:&quot;&quot;,&quot;orientation&quot;:&quot;0&quot;}\" data-image-title=\"Caco Barcelos no mais voc\u00ea\" data-image-description=\"\" data-image-caption=\"\" data-large-file=\"https:\/\/www.jornalja.com.br\/geral\/wp-content\/uploads\/sites\/4\/2022\/11\/caco-barcelos-no-mais-voce.png\" class=\"alignnone size-medium wp-image-94245\" src=\"https:\/\/www.jornalja.com.br\/geral\/wp-content\/uploads\/sites\/4\/2022\/11\/caco-barcelos-no-mais-voce-450x332.png\" alt=\"\" width=\"450\" height=\"332\" srcset=\"https:\/\/www.jornalja.com.br\/geral\/wp-content\/uploads\/sites\/4\/2022\/11\/caco-barcelos-no-mais-voce-450x332.png 450w, https:\/\/www.jornalja.com.br\/geral\/wp-content\/uploads\/sites\/4\/2022\/11\/caco-barcelos-no-mais-voce.png 676w\" sizes=\"(max-width: 450px) 100vw, 450px\" \/><\/p>\n<p>Na sexta-feira, 4, o rep\u00f3rter Caco Barcellos foi ao programa da Ana Maria Braga, uma das maiores audi\u00eancias da Globo.<\/p>\n<p>H\u00e1 tr\u00eas dias ele viralizava nas redes com a reportagem que, 48 horas antes da elei\u00e7\u00e3o, flagrou um esquema expl\u00edcito de ass\u00e9dio eleitoral, com claros ind\u00edcios de compra de votos em Coronel Sapucaia, no Mato Grosso do Sul.<\/p>\n<p>Mas o assunto n\u00e3o entrou na pauta do Mais Voce.<\/p>\n<p>A apresentadora levou para o terreno pessoal e acabou obtendo uma confiss\u00e3o do jornalista, que se separou recentemente. &#8220;Por um erro meu&#8221;, disse ele, declarando-se espera de uma decis\u00e3o da ex-companheira, a promotora Carla Tilley&#8230; e o tempo acabou.<\/p>\n<p>A reportagem que Caco Barcellos gravou em Coronel Sapucaia,\u00a0 dois dias antes do segundo tirno, \u00e9 o mais importante registro de toda a cobertura das elei\u00e7\u00f5es de 2022. E sobre ela ainda restam algumas interroga\u00e7\u00f5es.<\/p>\n<p>Segundo o G1, o rep\u00f3rter e o cinegrafista Chico Bahia, do programa Profiss\u00e3o Rep\u00f3rter,\u00a0 foram a coronel Sapucaia, cidade de 15 mil habitantes, do Mato Grosso do Sul,\u00a0 porque foi onde Lula e Bolsonaro empataram no primeiro turno:\u00a0 cada\u00a0 teve exatos 4.254 votos.<\/p>\n<p>A reportagem pretendia mostrar, depois da elei\u00e7\u00e3o, como se decidira o segundo turno na cidade, &#8220;um retrato da polariza\u00e7\u00e3o do pa\u00eds&#8221;.<\/p>\n<p>Logo na chegada, os rep\u00f3rteres deram num centro eventos, com muita gente reunida. As imagens e as entrevistas n\u00e3o deixam d\u00favida: um ass\u00e9dio eleitoral expl\u00edcito, com ind\u00edcios claros de compra de votos.<\/p>\n<p>A reuni\u00e3o se dispersou assim que a equipe de reportagem come\u00e7ou a fazer perguntas. Uma vizinha disse que as reuni\u00f5es come\u00e7aram na semana do segundo turno.<\/p>\n<p>Segundo ela, Rudi Paetzold, prefeito da cidade, daria R$ 50 para cada um dos presentes.<\/p>\n<p>Uma outra moradora da cidade relatou que durante a reuni\u00e3o os integrantes da prefeitura pediam aos participantes para dar o nome, documentos e telefone celular.<\/p>\n<p>\u201cEu fui na reuni\u00e3o, chegamos l\u00e1 e eles, sinceramente, falaram sobre o Auxilio Brasil, mas a outra parte foi s\u00f3 sobre pol\u00edtica, que teria que votar no 22 porque sen\u00e3o n\u00e3o teria mais verba para vir para c\u00e1, porque parariam com tudo, com o asfalto, as escolas. Voc\u00ea chega l\u00e1 e precisa do aux\u00edlio e o vale-renda para sobreviver, voc\u00ea muda o voto na hora para n\u00e3o perder o benef\u00edcio. Isso \u00e9 uma press\u00e3o sobre as pessoas\u201d, disse a mulher.<\/p>\n<p>Ap\u00f3s a realiza\u00e7\u00e3o das entrevistas, o jornalista da\u00a0TV Globo\u00a0recebeu uma liga\u00e7\u00e3o de um homem, que relatou, em tom de amea\u00e7a,\u00a0suposta preocupa\u00e7\u00e3o com a equipe de reportagem, dizendo que, caso eles continuassem, seria por \u201cconta e risco\u201d, e sugeriu\u00a0que eles deixassem a cidade por ser \u201cperigoso\u201d.<\/p>\n<p>No primeiro turno, Lula e Bolsonaro\u00a0tiveram o mesmo n\u00famero de votos\u00a0no munic\u00edpio: 4.254.<\/p>\n<p>No segundo turno, Bolsonaro ficou \u00e0 frente, com 4.530 votos, e Lula teve 4.090.<\/p>\n<p>Ou seja, enquanto Bolsonaro obteve 276 votos a mais,\u00a0 Lula perdeu 144 votos.<\/p>\n<p>Quanto disso resultou do ass\u00e9dio eleitoral ou da poss\u00edvel compra de votos? O senador Randolfe Rodrigues pediu uma investiga\u00e7\u00e3o sobre o caso de Sapucaia do Sul.<\/p>\n<p><span style=\"font-size: 1.5rem\">Bolsonaro teve 7 milh\u00f5es e tanto de votos a mais no segundo turno.\u00a0 Quantos foram obtidos em esquemas como o flagrado em Coronel Sapucaia?\u00a0<\/span><\/p>\n<p>Outra pergunta: por que a Globo s\u00f3 publicou a reportagem depois da elei\u00e7\u00e3o? Ela foi produzida para um programa da semana seguinte, mas o fato relevante se imp\u00f5e.<\/p>\n<p>Privar o p\u00fablico de uma informa\u00e7\u00e3o de relevante interesse\u00a0 n\u00e3o fere o C\u00f3digo de \u00c9tica do jornalismo?<\/p>\n","protected":false},"excerpt":{"rendered":"<p>Na sexta-feira, 4, o rep\u00f3rter Caco Barcellos foi ao programa da Ana Maria Braga, uma das maiores audi\u00eancias da Globo. H\u00e1 tr\u00eas dias ele viralizava nas redes com a reportagem que, 48 horas antes da elei\u00e7\u00e3o, flagrou um esquema expl\u00edcito de ass\u00e9dio eleitoral, com claros ind\u00edcios de compra de votos em Coronel Sapucaia, no Mato [&hellip;]<\/p>\n","protected":false},"author":5,"featured_media":94243,"comment_status":"open","ping_status":"open","sticky":false,"template":"","format":"standard","meta":{"jetpack_post_was_ever_published":false,"_jetpack_newsletter_access":"","_jetpack_dont_email_post_to_subs":false,"_jetpack_newsletter_tier_id":0,"_jetpack_memberships_contains_paywalled_content":false,"_jetpack_memberships_contains_paid_content":false,"footnotes":"","jetpack_publicize_message":"","jetpack_publicize_feature_enabled":true,"jetpack_social_post_already_shared":true,"jetpack_social_options":{"image_generator_settings":{"template":"highway","default_image_id":0,"font":"","enabled":false},"version":2}},"categories":[2],"tags":[87,89,238,261,298,524,158,247,300,479,15,149,95,509],"class_list":["post-94236","post","type-post","status-publish","format-standard","has-post-thumbnail","hentry","category-geral","tag-ari","tag-bolsonaro","tag-brasil","tag-eleicoes","tag-escolas","tag-jornalismo","tag-lula","tag-politica","tag-prefeitura","tag-red","tag-rs","tag-sc","tag-sp","tag-uniao"],"aioseo_notices":[],"jetpack_publicize_connections":[],"jetpack_featured_media_url":"https:\/\/www.jornalja.com.br\/geral\/wp-content\/uploads\/sites\/4\/2022\/11\/caco-barcelos-de-oculos.png","jetpack_shortlink":"https:\/\/wp.me\/pbKhrD-ovW","jetpack-related-posts":[{"id":100975,"url":"https:\/\/www.jornalja.com.br\/geral\/extinto-o-processo-que-pedia-falencia-do-jornal-ja\/","url_meta":{"origin":94236,"position":0},"title":"Extinto o processo que pedia fal\u00eancia do Jornal J\u00c1","author":"Elmar Bones","date":"31 de mar\u00e7o de 2026","format":false,"excerpt":"Foi extinto o processo judicial que o empres\u00e1rio Luiz Henrique Sanfelice movia contra o jornal J\u00c1 desde 2014. Sanfelice cobrava uma indeniza\u00e7\u00e3o por dano moral e desde mar\u00e7o do ano passado pedira a fal\u00eancia do jornal. Em fevereiro deste ano, o juiz Jo\u00e3o Garcez de Moraes Neto, expediu um \u201cMandado\u2026","rel":"","context":"Em &quot;Geral-MAT\u00c9RIA&quot;","block_context":{"text":"Geral-MAT\u00c9RIA","link":"https:\/\/www.jornalja.com.br\/geral\/category\/geral\/"},"img":{"alt_text":"","src":"https:\/\/i0.wp.com\/www.jornalja.com.br\/geral\/wp-content\/uploads\/sites\/4\/2026\/03\/sentenca-1.png?resize=350%2C200&ssl=1","width":350,"height":200,"srcset":"https:\/\/i0.wp.com\/www.jornalja.com.br\/geral\/wp-content\/uploads\/sites\/4\/2026\/03\/sentenca-1.png?resize=350%2C200&ssl=1 1x, https:\/\/i0.wp.com\/www.jornalja.com.br\/geral\/wp-content\/uploads\/sites\/4\/2026\/03\/sentenca-1.png?resize=525%2C300&ssl=1 1.5x, https:\/\/i0.wp.com\/www.jornalja.com.br\/geral\/wp-content\/uploads\/sites\/4\/2026\/03\/sentenca-1.png?resize=700%2C400&ssl=1 2x, https:\/\/i0.wp.com\/www.jornalja.com.br\/geral\/wp-content\/uploads\/sites\/4\/2026\/03\/sentenca-1.png?resize=1050%2C600&ssl=1 3x, https:\/\/i0.wp.com\/www.jornalja.com.br\/geral\/wp-content\/uploads\/sites\/4\/2026\/03\/sentenca-1.png?resize=1400%2C800&ssl=1 4x"},"classes":[]},{"id":97954,"url":"https:\/\/www.jornalja.com.br\/geral\/elecoes-2024-porque-sebastiao-melo-estava-inseguro-no-ultimo-debate\/","url_meta":{"origin":94236,"position":1},"title":"Ele\u00e7\u00f5es 2024: porque Sebasti\u00e3o Melo estava inseguro no \u00faltimo debate","author":"Elmar Bones","date":"4 de outubro de 2024","format":false,"excerpt":"Sebasti\u00e3o Melo, candidato \u00e0 reelei\u00e7\u00e3o em Porto Alegre, estava irreconhec\u00edvel no \u00faltimo debate na RBS, nesta quinta-feira, a quatro dias da elei\u00e7\u00e3o. Gaguejou, se mostrou inseguro, o que \u00e9 surpreendente num pol\u00edtico experiente como ele. Um sinal de que algo inesperado est\u00e1 acontecendo, \u00e9 a evolu\u00e7\u00e3o das pesquisas. Em levantamento\u2026","rel":"","context":"Em &quot;Geral-MAT\u00c9RIA&quot;","block_context":{"text":"Geral-MAT\u00c9RIA","link":"https:\/\/www.jornalja.com.br\/geral\/category\/geral\/"},"img":{"alt_text":"","src":"https:\/\/i0.wp.com\/www.jornalja.com.br\/geral\/wp-content\/uploads\/sites\/4\/2024\/10\/eleicoes-2024-desenho-melo-foto-felipe-hart.jpeg?resize=350%2C200&ssl=1","width":350,"height":200,"srcset":"https:\/\/i0.wp.com\/www.jornalja.com.br\/geral\/wp-content\/uploads\/sites\/4\/2024\/10\/eleicoes-2024-desenho-melo-foto-felipe-hart.jpeg?resize=350%2C200&ssl=1 1x, https:\/\/i0.wp.com\/www.jornalja.com.br\/geral\/wp-content\/uploads\/sites\/4\/2024\/10\/eleicoes-2024-desenho-melo-foto-felipe-hart.jpeg?resize=525%2C300&ssl=1 1.5x, https:\/\/i0.wp.com\/www.jornalja.com.br\/geral\/wp-content\/uploads\/sites\/4\/2024\/10\/eleicoes-2024-desenho-melo-foto-felipe-hart.jpeg?resize=700%2C400&ssl=1 2x"},"classes":[]},{"id":82514,"url":"https:\/\/www.jornalja.com.br\/geral\/1964-militares-tomam-o-poder-comeca-a-caca-aos-vencidos\/","url_meta":{"origin":94236,"position":2},"title":"1964: Militares tomam o poder, come\u00e7a a ca\u00e7a aos vencidos","author":"Elmar Bones","date":"1 de abril de 2020","format":false,"excerpt":"Consumado o golpe, o pais tinha um poder real, representado pelos chefes militares, e um poder formal encarnado pelo presidente do Congresso, Rainieri Mazzilli, que dava apar\u00eancia de normalidade pol\u00edtica ao processo. As \u201cinstitui\u00e7\u00f5es\u201d seguiam funcionando, como diziam. Os generais insistiam no discurso do \u201cgolpe preventivo\u201d e, por um certo\u2026","rel":"","context":"Em &quot;Geral-MAT\u00c9RIA&quot;","block_context":{"text":"Geral-MAT\u00c9RIA","link":"https:\/\/www.jornalja.com.br\/geral\/category\/geral\/"},"img":{"alt_text":"","src":"https:\/\/i0.wp.com\/www.jornalja.com.br\/geral\/wp-content\/uploads\/sites\/4\/2020\/04\/1964-Gregorio-Bezzera-preso-scaled.jpg?resize=350%2C200&ssl=1","width":350,"height":200,"srcset":"https:\/\/i0.wp.com\/www.jornalja.com.br\/geral\/wp-content\/uploads\/sites\/4\/2020\/04\/1964-Gregorio-Bezzera-preso-scaled.jpg?resize=350%2C200&ssl=1 1x, https:\/\/i0.wp.com\/www.jornalja.com.br\/geral\/wp-content\/uploads\/sites\/4\/2020\/04\/1964-Gregorio-Bezzera-preso-scaled.jpg?resize=525%2C300&ssl=1 1.5x, https:\/\/i0.wp.com\/www.jornalja.com.br\/geral\/wp-content\/uploads\/sites\/4\/2020\/04\/1964-Gregorio-Bezzera-preso-scaled.jpg?resize=700%2C400&ssl=1 2x"},"classes":[]},{"id":100403,"url":"https:\/\/www.jornalja.com.br\/geral\/plano-diretor-de-porto-alegre-mpc-pede-suspensao-do-projeto-em-votacao-na-camara\/","url_meta":{"origin":94236,"position":3},"title":"Plano Diretor de Porto Alegre: MPC pede suspens\u00e3o da vota\u00e7\u00e3o do projeto","author":"da Reda\u00e7\u00e3o","date":"17 de dezembro de 2025","format":false,"excerpt":"O Minist\u00e9rio P\u00fablico de Contas (MPC) pediu a suspens\u00e3o do projeto de lei que revisa o Plano Diretor de Porto Alegre, em tramita\u00e7\u00e3o na C\u00e2mara de Vereadores.. Ind\u00edcios de irregularidades na elei\u00e7\u00e3o do Conselho Municipal de Desenvolvimento Urbano e Ambiental (CMDUA) justificam o pedido. Na representa\u00e7\u00e3o, protocolada na sexta, 12\/12,\u2026","rel":"","context":"Em &quot;Geral-MAT\u00c9RIA&quot;","block_context":{"text":"Geral-MAT\u00c9RIA","link":"https:\/\/www.jornalja.com.br\/geral\/category\/geral\/"},"img":{"alt_text":"","src":"https:\/\/i0.wp.com\/www.jornalja.com.br\/geral\/wp-content\/uploads\/sites\/4\/2025\/12\/plano-diretor-forum.jpg?resize=350%2C200&ssl=1","width":350,"height":200,"srcset":"https:\/\/i0.wp.com\/www.jornalja.com.br\/geral\/wp-content\/uploads\/sites\/4\/2025\/12\/plano-diretor-forum.jpg?resize=350%2C200&ssl=1 1x, https:\/\/i0.wp.com\/www.jornalja.com.br\/geral\/wp-content\/uploads\/sites\/4\/2025\/12\/plano-diretor-forum.jpg?resize=525%2C300&ssl=1 1.5x"},"classes":[]},{"id":89812,"url":"https:\/\/www.jornalja.com.br\/geral\/7-de-setembro-empresarios-pedem-harmonia-entre-poderes-sem-criticas-a-bolsonaro\/","url_meta":{"origin":94236,"position":4},"title":"7 de Setembro: empres\u00e1rios pedem harmonia entre poderes, sem cr\u00edticas a Bolsonaro","author":"da Reda\u00e7\u00e3o","date":"6 de setembro de 2021","format":false,"excerpt":"Diz a nota da Federa\u00e7\u00e3o das Ind\u00fastrias do Rio Grande do Sul, divulgada no fim de semana: \u201cO dia 7 de Setembro \u00e9 o Dia da P\u00e1tria, uma data de celebra\u00e7\u00e3o, n\u00e3o de conflito. Uma data de uni\u00e3o dos Poderes da Rep\u00fablica, que devem trabalhar pelo povo e n\u00e3o tolher\u2026","rel":"","context":"Em &quot;Geral-MAT\u00c9RIA&quot;","block_context":{"text":"Geral-MAT\u00c9RIA","link":"https:\/\/www.jornalja.com.br\/geral\/category\/geral\/"},"img":{"alt_text":"","src":"https:\/\/i0.wp.com\/www.jornalja.com.br\/geral\/wp-content\/uploads\/sites\/4\/2021\/09\/stf-alexandre-moraes-450x213.png?resize=350%2C200&ssl=1","width":350,"height":200},"classes":[]},{"id":100227,"url":"https:\/\/www.jornalja.com.br\/geral\/investigacao-sobre-contrabando-de-armas-chega-as-conexoes-do-crime-organizado-com-a-politica-no-rio\/","url_meta":{"origin":94236,"position":5},"title":"Investiga\u00e7\u00e3o sobre contrabando de armas chega \u00e0s conex\u00f5es do crime organizado com a pol\u00edtica no Rio","author":"Elmar Bones","date":"16 de novembro de 2025","format":false,"excerpt":"Vai completar cinco anos neste 23 de novembro um inqu\u00e9rito da PF sobre o contrabando de armas que alimenta as fac\u00e7\u00f5es do crime organizado no Brasil. Uma opera\u00e7\u00e3o de rotina deu origem \u00e0s investiga\u00e7\u00f5es, em 2020. Um \u00f4nibus de turismo procedente de S\u00e3o Paulo, com destino a Po\u00e7\u00f5es no interior\u2026","rel":"","context":"Em &quot;Geral-MAT\u00c9RIA&quot;","block_context":{"text":"Geral-MAT\u00c9RIA","link":"https:\/\/www.jornalja.com.br\/geral\/category\/geral\/"},"img":{"alt_text":"","src":"https:\/\/i0.wp.com\/www.jornalja.com.br\/geral\/wp-content\/uploads\/sites\/4\/2025\/11\/rio-guerra-dep-th-joias.png?resize=350%2C200&ssl=1","width":350,"height":200,"srcset":"https:\/\/i0.wp.com\/www.jornalja.com.br\/geral\/wp-content\/uploads\/sites\/4\/2025\/11\/rio-guerra-dep-th-joias.png?resize=350%2C200&ssl=1 1x, https:\/\/i0.wp.com\/www.jornalja.com.br\/geral\/wp-content\/uploads\/sites\/4\/2025\/11\/rio-guerra-dep-th-joias.png?resize=525%2C300&ssl=1 1.5x"},"classes":[]}],"jetpack_sharing_enabled":true,"_links":{"self":[{"href":"https:\/\/www.jornalja.com.br\/geral\/wp-json\/wp\/v2\/posts\/94236","targetHints":{"allow":["GET"]}}],"collection":[{"href":"https:\/\/www.jornalja.com.br\/geral\/wp-json\/wp\/v2\/posts"}],"about":[{"href":"https:\/\/www.jornalja.com.br\/geral\/wp-json\/wp\/v2\/types\/post"}],"author":[{"embeddable":true,"href":"https:\/\/www.jornalja.com.br\/geral\/wp-json\/wp\/v2\/users\/5"}],"replies":[{"embeddable":true,"href":"https:\/\/www.jornalja.com.br\/geral\/wp-json\/wp\/v2\/comments?post=94236"}],"version-history":[{"count":5,"href":"https:\/\/www.jornalja.com.br\/geral\/wp-json\/wp\/v2\/posts\/94236\/revisions"}],"predecessor-version":[{"id":94258,"href":"https:\/\/www.jornalja.com.br\/geral\/wp-json\/wp\/v2\/posts\/94236\/revisions\/94258"}],"wp:featuredmedia":[{"embeddable":true,"href":"https:\/\/www.jornalja.com.br\/geral\/wp-json\/wp\/v2\/media\/94243"}],"wp:attachment":[{"href":"https:\/\/www.jornalja.com.br\/geral\/wp-json\/wp\/v2\/media?parent=94236"}],"wp:term":[{"taxonomy":"category","embeddable":true,"href":"https:\/\/www.jornalja.com.br\/geral\/wp-json\/wp\/v2\/categories?post=94236"},{"taxonomy":"post_tag","embeddable":true,"href":"https:\/\/www.jornalja.com.br\/geral\/wp-json\/wp\/v2\/tags?post=94236"}],"curies":[{"name":"wp","href":"https:\/\/api.w.org\/{rel}","templated":true}]}}