{"id":94284,"date":"2022-11-14T22:14:17","date_gmt":"2022-11-15T01:14:17","guid":{"rendered":"https:\/\/www.jornalja.com.br\/geral\/?p=94284"},"modified":"2022-11-17T12:26:25","modified_gmt":"2022-11-17T15:26:25","slug":"por-que-nao-um-teto-de-juros-para-a-divida-publica","status":"publish","type":"post","link":"https:\/\/www.jornalja.com.br\/geral\/por-que-nao-um-teto-de-juros-para-a-divida-publica\/","title":{"rendered":"Por que n\u00e3o um teto para os juros da d\u00edvida?"},"content":{"rendered":"<p>Em 2021, o governo federal gastou R$ 1,96 trilh\u00e3o (um trilh\u00e3o e 960 bilh\u00f5es) com juros e amortiza\u00e7\u00f5es da d\u00edvida p\u00fablica.<\/p>\n<p>Representa um aumento de 42% em rela\u00e7\u00e3o ao valor gasto em 2020, que por sua vez j\u00e1 tinha sido 33% superior a 2019.<\/p>\n<p>Portanto, nos \u00faltimos dois anos, os gastos financeiros com a d\u00edvida federal quase dobraram. Apesar desses vultosos pagamentos, em 2021 a D\u00edvida P\u00fablica Federal aumentou R$ 708 bilh\u00f5es: de R$ 6,935 trilh\u00f5es para R$ 7,643 trilh\u00f5es.<\/p>\n<p>Enquanto todos os outros investimentos necess\u00e1rios ao\u00a0 desenvolvimento socioecon\u00f4mico s\u00e3o deixados de lado, por falta de recursos, o Sistema da D\u00edvida \u00e9 intoc\u00e1vel.<\/p>\n<p>Recursos n\u00e3o faltam no Brasil.<\/p>\n<p>Al\u00e9m de cerca de R$ 5 trilh\u00f5es em caixa houve \u201cSuper\u00e1vit Prim\u00e1rio\u201d em 2021, no valor de R$ 64 bilh\u00f5es . Mas todo esse dinheiro est\u00e1 reservado para o rentismo!<\/p>\n<p>O gr\u00e1fico do Or\u00e7amento Federal Executado (pago) em 2021 evidencia o privil\u00e9gio do Sistema da D\u00edvida.<\/p>\n<p><strong>(Informa\u00e7\u00f5es da Auditoria Cidad\u00e3 da D\u00edvida)<\/strong><\/p>\n","protected":false},"excerpt":{"rendered":"<p>Em 2021, o governo federal gastou R$ 1,96 trilh\u00e3o (um trilh\u00e3o e 960 bilh\u00f5es) com juros e amortiza\u00e7\u00f5es da d\u00edvida p\u00fablica. Representa um aumento de 42% em rela\u00e7\u00e3o ao valor gasto em 2020, que por sua vez j\u00e1 tinha sido 33% superior a 2019. Portanto, nos \u00faltimos dois anos, os gastos financeiros com a d\u00edvida [&hellip;]<\/p>\n","protected":false},"author":4,"featured_media":94285,"comment_status":"open","ping_status":"open","sticky":false,"template":"","format":"standard","meta":{"jetpack_post_was_ever_published":false,"_jetpack_newsletter_access":"","_jetpack_dont_email_post_to_subs":false,"_jetpack_newsletter_tier_id":0,"_jetpack_memberships_contains_paywalled_content":false,"_jetpack_memberships_contains_paid_content":false,"footnotes":"","jetpack_publicize_message":"","jetpack_publicize_feature_enabled":true,"jetpack_social_post_already_shared":true,"jetpack_social_options":{"image_generator_settings":{"template":"highway","default_image_id":0,"font":"","enabled":false},"version":2}},"categories":[2],"tags":[238,256,138,29,236,15],"class_list":["post-94284","post","type-post","status-publish","format-standard","has-post-thumbnail","hentry","category-geral","tag-brasil","tag-desenvolvimento","tag-divida","tag-divida-publica","tag-governo","tag-rs"],"aioseo_notices":[],"jetpack_publicize_connections":[],"jetpack_featured_media_url":"https:\/\/www.jornalja.com.br\/geral\/wp-content\/uploads\/sites\/4\/2022\/11\/divida-grafico-ampliado.png","jetpack_shortlink":"https:\/\/wp.me\/pbKhrD-owI","jetpack-related-posts":[{"id":91664,"url":"https:\/\/www.jornalja.com.br\/geral\/divida-do-brasil-cresce-12-em-2021-e-chega-a-56-trilhoes-de-reais\/","url_meta":{"origin":94284,"position":0},"title":"D\u00edvida do Brasil cresce 12% em 2021 e chega a R$ 5,6 trilh\u00f5es","author":"da Reda\u00e7\u00e3o","date":"26 de janeiro de 2022","format":false,"excerpt":"A Secretaria do Tesouro Nacional divulgou nesta quarta-feira (26) o total que a d\u00edvida p\u00fablica federal atingiu em 31 de dezembro de 2021: R$ 5,6 trilh\u00f5es\u00a0\u00a0(Cinco trilh\u00f5es e seiscentos bilh\u00f5es de reais em n\u00fameros arredondados) O valor inclui os endividamentos do governo no Brasil e no exterior, com bancos e\u2026","rel":"","context":"Em &quot;Geral-MAT\u00c9RIA&quot;","block_context":{"text":"Geral-MAT\u00c9RIA","link":"https:\/\/www.jornalja.com.br\/geral\/category\/geral\/"},"img":{"alt_text":"","src":"https:\/\/i0.wp.com\/www.jornalja.com.br\/geral\/wp-content\/uploads\/sites\/4\/2022\/01\/divida-publica-grafico-dos-ultimos-anos.jpg?resize=350%2C200&ssl=1","width":350,"height":200,"srcset":"https:\/\/i0.wp.com\/www.jornalja.com.br\/geral\/wp-content\/uploads\/sites\/4\/2022\/01\/divida-publica-grafico-dos-ultimos-anos.jpg?resize=350%2C200&ssl=1 1x, https:\/\/i0.wp.com\/www.jornalja.com.br\/geral\/wp-content\/uploads\/sites\/4\/2022\/01\/divida-publica-grafico-dos-ultimos-anos.jpg?resize=525%2C300&ssl=1 1.5x"},"classes":[]},{"id":99254,"url":"https:\/\/www.jornalja.com.br\/geral\/discussao-sobre-equilibrio-fiscal-nao-inclui-a-divida-que-engole-quase-r-2-trilhoes-por-ano\/","url_meta":{"origin":94284,"position":1},"title":"Discuss\u00e3o sobre or\u00e7amento n\u00e3o inclui a d\u00edvida que engoliu quase R$ 2 trilh\u00f5es em 2024","author":"da Reda\u00e7\u00e3o","date":"27 de junho de 2025","format":false,"excerpt":"GERALDO HASSE O confronto entre o governo e o Congresso sobre a aplica\u00e7\u00e3o de recursos or\u00e7ament\u00e1rios est\u00e1 viciado e restrito a debates em torno de quest\u00f5es perif\u00e9ricas e verbas menores \u2013 por exemplo, os R$ 50 bilh\u00f5es pretendidos por deputados para emendas, uma merreca perto de outras verbas gigantescas votadas\u2026","rel":"","context":"Em &quot;Geral-MAT\u00c9RIA&quot;","block_context":{"text":"Geral-MAT\u00c9RIA","link":"https:\/\/www.jornalja.com.br\/geral\/category\/geral\/"},"img":{"alt_text":"","src":"https:\/\/i0.wp.com\/www.jornalja.com.br\/geral\/wp-content\/uploads\/sites\/4\/2025\/06\/camara-aprova-suspensao-do-iof.jpg?resize=350%2C200&ssl=1","width":350,"height":200,"srcset":"https:\/\/i0.wp.com\/www.jornalja.com.br\/geral\/wp-content\/uploads\/sites\/4\/2025\/06\/camara-aprova-suspensao-do-iof.jpg?resize=350%2C200&ssl=1 1x, https:\/\/i0.wp.com\/www.jornalja.com.br\/geral\/wp-content\/uploads\/sites\/4\/2025\/06\/camara-aprova-suspensao-do-iof.jpg?resize=525%2C300&ssl=1 1.5x"},"classes":[]},{"id":80977,"url":"https:\/\/www.jornalja.com.br\/geral\/orcamento-de-bolsonaro-preve-aumento-recorde-da-divida\/","url_meta":{"origin":94284,"position":2},"title":"Or\u00e7amento de Bolsonaro prev\u00ea aumento recorde das despesas com a d\u00edvida","author":"Elmar Bones","date":"5 de fevereiro de 2020","format":false,"excerpt":"O or\u00e7amento federal, aprovado pelo Congresso em dezembro, destina 1,9 trilh\u00e3o para\u00a0 \"rolagem, amortiza\u00e7\u00f5es e juros da d\u00edvida p\u00fablica brasileira\". Se o or\u00e7amento for executado dentro da previs\u00e3o, as despesas para atender \u00e0 d\u00edvida p\u00fablica nacional bater\u00e3o um record hist\u00f3rico, chegando a 50,7% de todas as despesas do governo previstas\u2026","rel":"","context":"Em &quot;Geral-MAT\u00c9RIA&quot;","block_context":{"text":"Geral-MAT\u00c9RIA","link":"https:\/\/www.jornalja.com.br\/geral\/category\/geral\/"},"img":{"alt_text":"","src":"https:\/\/i0.wp.com\/www.jornalja.com.br\/geral\/wp-content\/uploads\/sites\/4\/2020\/02\/Divida-orcamento_2020-2.png?resize=350%2C200&ssl=1","width":350,"height":200,"srcset":"https:\/\/i0.wp.com\/www.jornalja.com.br\/geral\/wp-content\/uploads\/sites\/4\/2020\/02\/Divida-orcamento_2020-2.png?resize=350%2C200&ssl=1 1x, https:\/\/i0.wp.com\/www.jornalja.com.br\/geral\/wp-content\/uploads\/sites\/4\/2020\/02\/Divida-orcamento_2020-2.png?resize=525%2C300&ssl=1 1.5x, https:\/\/i0.wp.com\/www.jornalja.com.br\/geral\/wp-content\/uploads\/sites\/4\/2020\/02\/Divida-orcamento_2020-2.png?resize=700%2C400&ssl=1 2x"},"classes":[]},{"id":86953,"url":"https:\/\/www.jornalja.com.br\/geral\/brasil-fecha-o-ano-devendo-mais-do-que-planejou\/","url_meta":{"origin":94284,"position":3},"title":"Brasil fecha o ano devendo mais do que planejou.","author":"da Reda\u00e7\u00e3o","date":"24 de dezembro de 2020","format":false,"excerpt":"\u00a0 O estoque da D\u00edvida P\u00fablica Federal vai fechar acima da meta de R$ 4,9 trilh\u00f5es estabelecida para 2020 , segundo) o coordenador Opera\u00e7\u00f5es da D\u00edvida P\u00fablica, Roberto Lobarinhas. Em agosto, o Tesouro Nacional tinha estabelecido que a DPF poderia fechar o ano entre R$ 4,6 trilh\u00f5es e R$ 4,9\u2026","rel":"","context":"Em &quot;Geral-NOTAS&quot;","block_context":{"text":"Geral-NOTAS","link":"https:\/\/www.jornalja.com.br\/geral\/category\/geral-notas\/"},"img":{"alt_text":"","src":"","width":0,"height":0},"classes":[]},{"id":73503,"url":"https:\/\/www.jornalja.com.br\/geral\/se-crescer-apenas-2-brasil-nao-sai-da-recessao-em-2019\/","url_meta":{"origin":94284,"position":4},"title":"Se crescer apenas 2% Brasil n\u00e3o sai da recess\u00e3o em 2019","author":"da Reda\u00e7\u00e3o","date":"27 de mar\u00e7o de 2019","format":false,"excerpt":"S\u00e9rgio Lagranha A previs\u00e3o do mercado para o Produto Interno Bruto (PIB) do Brasil \u00e9 de crescimento de 2% em 2019, segundo o boletim Focus desta semana. H\u00e1 um m\u00eas previa-se crescimento de 2,48% e, na semana passada, de 2,01%. No ano passado, o PIB brasileiro praticamente ficou em 1,1%,\u2026","rel":"","context":"Em &quot;Geral-MAT\u00c9RIA&quot;","block_context":{"text":"Geral-MAT\u00c9RIA","link":"https:\/\/www.jornalja.com.br\/geral\/category\/geral\/"},"img":{"alt_text":"","src":"","width":0,"height":0},"classes":[]},{"id":94335,"url":"https:\/\/www.jornalja.com.br\/geral\/economistas-a-lula-teto-de-gastos-e-falacia-problema-e-a-divida-que-esta-ausente-do-debate\/","url_meta":{"origin":94284,"position":5},"title":"Economistas a Lula: &#8220;teto de gastos \u00e9 fal\u00e1cia&#8221;, problema \u00e9 a d\u00edvida que &#8220;est\u00e1 ausente do debate&#8221;","author":"da Reda\u00e7\u00e3o","date":"20 de novembro de 2022","format":false,"excerpt":"A carta que tr\u00eas economistas - Pedro Malan, Arm\u00ednio Fraga e Edmar Bacha - enviaram a Lula advertindo para os riscos de abolir o \"teto de gastos\" para fazer pol\u00edticas sociais, gerou uma resposta de outros quatro economistas: Jos\u00e9 Luis Oreiro, Luiz Carlos Bresser-Pereira, Luiz Fernando Rodrigues de Paula, Kalinka\u2026","rel":"","context":"Em &quot;Geral-MAT\u00c9RIA&quot;","block_context":{"text":"Geral-MAT\u00c9RIA","link":"https:\/\/www.jornalja.com.br\/geral\/category\/geral\/"},"img":{"alt_text":"","src":"https:\/\/i0.wp.com\/www.jornalja.com.br\/geral\/wp-content\/uploads\/sites\/4\/2022\/11\/divida-grafico-ampliado.png?resize=350%2C200&ssl=1","width":350,"height":200,"srcset":"https:\/\/i0.wp.com\/www.jornalja.com.br\/geral\/wp-content\/uploads\/sites\/4\/2022\/11\/divida-grafico-ampliado.png?resize=350%2C200&ssl=1 1x, https:\/\/i0.wp.com\/www.jornalja.com.br\/geral\/wp-content\/uploads\/sites\/4\/2022\/11\/divida-grafico-ampliado.png?resize=525%2C300&ssl=1 1.5x, https:\/\/i0.wp.com\/www.jornalja.com.br\/geral\/wp-content\/uploads\/sites\/4\/2022\/11\/divida-grafico-ampliado.png?resize=700%2C400&ssl=1 2x"},"classes":[]}],"jetpack_sharing_enabled":true,"_links":{"self":[{"href":"https:\/\/www.jornalja.com.br\/geral\/wp-json\/wp\/v2\/posts\/94284","targetHints":{"allow":["GET"]}}],"collection":[{"href":"https:\/\/www.jornalja.com.br\/geral\/wp-json\/wp\/v2\/posts"}],"about":[{"href":"https:\/\/www.jornalja.com.br\/geral\/wp-json\/wp\/v2\/types\/post"}],"author":[{"embeddable":true,"href":"https:\/\/www.jornalja.com.br\/geral\/wp-json\/wp\/v2\/users\/4"}],"replies":[{"embeddable":true,"href":"https:\/\/www.jornalja.com.br\/geral\/wp-json\/wp\/v2\/comments?post=94284"}],"version-history":[{"count":5,"href":"https:\/\/www.jornalja.com.br\/geral\/wp-json\/wp\/v2\/posts\/94284\/revisions"}],"predecessor-version":[{"id":94313,"href":"https:\/\/www.jornalja.com.br\/geral\/wp-json\/wp\/v2\/posts\/94284\/revisions\/94313"}],"wp:featuredmedia":[{"embeddable":true,"href":"https:\/\/www.jornalja.com.br\/geral\/wp-json\/wp\/v2\/media\/94285"}],"wp:attachment":[{"href":"https:\/\/www.jornalja.com.br\/geral\/wp-json\/wp\/v2\/media?parent=94284"}],"wp:term":[{"taxonomy":"category","embeddable":true,"href":"https:\/\/www.jornalja.com.br\/geral\/wp-json\/wp\/v2\/categories?post=94284"},{"taxonomy":"post_tag","embeddable":true,"href":"https:\/\/www.jornalja.com.br\/geral\/wp-json\/wp\/v2\/tags?post=94284"}],"curies":[{"name":"wp","href":"https:\/\/api.w.org\/{rel}","templated":true}]}}