{"id":94344,"date":"2022-11-20T18:06:18","date_gmt":"2022-11-20T21:06:18","guid":{"rendered":"https:\/\/www.jornalja.com.br\/geral\/?p=94344"},"modified":"2022-11-23T13:12:23","modified_gmt":"2022-11-23T16:12:23","slug":"frequentadores-enfrentam-sol-de-35-graus-para-abracar-o-parque-redencao-sem-concessao","status":"publish","type":"post","link":"https:\/\/www.jornalja.com.br\/geral\/frequentadores-enfrentam-sol-de-35-graus-para-abracar-o-parque-redencao-sem-concessao\/","title":{"rendered":"Frequentadores enfrentam sol de 35 graus para abra\u00e7ar o parque: &#8220;Reden\u00e7\u00e3o sem concess\u00e3o&#8221;"},"content":{"rendered":"<p>&#8220;Reden\u00e7\u00e3o sem concess\u00e3o&#8221; foi o grito de guerra dos manifestantes que se mobilizam para barrar o projeto do prefeito Sebasti\u00e3o Melo de conceder o parque mais querido da cidade a uma empresa privada,<\/p>\n<p><img decoding=\"async\" data-attachment-id=\"94346\" data-permalink=\"https:\/\/www.jornalja.com.br\/geral\/frequentadores-enfrentam-sol-de-35-graus-para-abracar-o-parque-redencao-sem-concessao\/redencao-abraco-2\/\" data-orig-file=\"https:\/\/www.jornalja.com.br\/geral\/wp-content\/uploads\/sites\/4\/2022\/11\/redencao-abraco-2-scaled.jpg\" data-orig-size=\"2560,1703\" data-comments-opened=\"1\" data-image-meta=\"{&quot;aperture&quot;:&quot;0&quot;,&quot;credit&quot;:&quot;&quot;,&quot;camera&quot;:&quot;&quot;,&quot;caption&quot;:&quot;&quot;,&quot;created_timestamp&quot;:&quot;0&quot;,&quot;copyright&quot;:&quot;&quot;,&quot;focal_length&quot;:&quot;0&quot;,&quot;iso&quot;:&quot;0&quot;,&quot;shutter_speed&quot;:&quot;0&quot;,&quot;title&quot;:&quot;&quot;,&quot;orientation&quot;:&quot;1&quot;}\" data-image-title=\"Reden\u00e7\u00e3o abra\u00e7o 2\" data-image-description=\"\" data-image-caption=\"&lt;p&gt;O abra\u00e7o \u00e0 Reden\u00e7\u00e3o, no domingo, 20, foi promovido pelo coletivo Preserva Reden\u00e7\u00e3o, que aglutina mais de 80 entidades \/ Ramiro Sanchez\/J\u00c1&lt;\/p&gt;\n\" data-large-file=\"https:\/\/www.jornalja.com.br\/geral\/wp-content\/uploads\/sites\/4\/2022\/11\/redencao-abraco-2-900x599.jpg\" class=\"alignnone size-medium wp-image-94346\" src=\"https:\/\/www.jornalja.com.br\/geral\/wp-content\/uploads\/sites\/4\/2022\/11\/redencao-abraco-2-450x299.jpg\" alt=\"\" width=\"450\" height=\"299\" srcset=\"https:\/\/www.jornalja.com.br\/geral\/wp-content\/uploads\/sites\/4\/2022\/11\/redencao-abraco-2-450x299.jpg 450w, https:\/\/www.jornalja.com.br\/geral\/wp-content\/uploads\/sites\/4\/2022\/11\/redencao-abraco-2-900x599.jpg 900w, https:\/\/www.jornalja.com.br\/geral\/wp-content\/uploads\/sites\/4\/2022\/11\/redencao-abraco-2-768x511.jpg 768w, https:\/\/www.jornalja.com.br\/geral\/wp-content\/uploads\/sites\/4\/2022\/11\/redencao-abraco-2-1536x1022.jpg 1536w, https:\/\/www.jornalja.com.br\/geral\/wp-content\/uploads\/sites\/4\/2022\/11\/redencao-abraco-2-2048x1363.jpg 2048w, https:\/\/www.jornalja.com.br\/geral\/wp-content\/uploads\/sites\/4\/2022\/11\/redencao-abraco-2-1200x798.jpg 1200w\" sizes=\"(max-width: 450px) 100vw, 450px\" \/> <img decoding=\"async\" data-attachment-id=\"94347\" data-permalink=\"https:\/\/www.jornalja.com.br\/geral\/frequentadores-enfrentam-sol-de-35-graus-para-abracar-o-parque-redencao-sem-concessao\/redencao-abraco-6\/\" data-orig-file=\"https:\/\/www.jornalja.com.br\/geral\/wp-content\/uploads\/sites\/4\/2022\/11\/redencao-abraco-6-scaled.jpg\" data-orig-size=\"2560,1703\" data-comments-opened=\"1\" data-image-meta=\"{&quot;aperture&quot;:&quot;0&quot;,&quot;credit&quot;:&quot;&quot;,&quot;camera&quot;:&quot;&quot;,&quot;caption&quot;:&quot;&quot;,&quot;created_timestamp&quot;:&quot;0&quot;,&quot;copyright&quot;:&quot;&quot;,&quot;focal_length&quot;:&quot;0&quot;,&quot;iso&quot;:&quot;0&quot;,&quot;shutter_speed&quot;:&quot;0&quot;,&quot;title&quot;:&quot;&quot;,&quot;orientation&quot;:&quot;0&quot;}\" data-image-title=\"Reden\u00e7\u00e3o abra\u00e7o 6\" data-image-description=\"\" data-image-caption=\"\" data-large-file=\"https:\/\/www.jornalja.com.br\/geral\/wp-content\/uploads\/sites\/4\/2022\/11\/redencao-abraco-6-900x599.jpg\" class=\"alignnone size-medium wp-image-94347\" src=\"https:\/\/www.jornalja.com.br\/geral\/wp-content\/uploads\/sites\/4\/2022\/11\/redencao-abraco-6-450x299.jpg\" alt=\"\" width=\"450\" height=\"299\" srcset=\"https:\/\/www.jornalja.com.br\/geral\/wp-content\/uploads\/sites\/4\/2022\/11\/redencao-abraco-6-450x299.jpg 450w, https:\/\/www.jornalja.com.br\/geral\/wp-content\/uploads\/sites\/4\/2022\/11\/redencao-abraco-6-900x599.jpg 900w, https:\/\/www.jornalja.com.br\/geral\/wp-content\/uploads\/sites\/4\/2022\/11\/redencao-abraco-6-768x511.jpg 768w, https:\/\/www.jornalja.com.br\/geral\/wp-content\/uploads\/sites\/4\/2022\/11\/redencao-abraco-6-1536x1022.jpg 1536w, https:\/\/www.jornalja.com.br\/geral\/wp-content\/uploads\/sites\/4\/2022\/11\/redencao-abraco-6-2048x1363.jpg 2048w, https:\/\/www.jornalja.com.br\/geral\/wp-content\/uploads\/sites\/4\/2022\/11\/redencao-abraco-6-1200x798.jpg 1200w\" sizes=\"(max-width: 450px) 100vw, 450px\" \/> <img decoding=\"async\" data-attachment-id=\"94348\" data-permalink=\"https:\/\/www.jornalja.com.br\/geral\/frequentadores-enfrentam-sol-de-35-graus-para-abracar-o-parque-redencao-sem-concessao\/redencao-abraco-1\/\" data-orig-file=\"https:\/\/www.jornalja.com.br\/geral\/wp-content\/uploads\/sites\/4\/2022\/11\/redencao-abraco-1-scaled.jpg\" data-orig-size=\"2560,1703\" data-comments-opened=\"1\" data-image-meta=\"{&quot;aperture&quot;:&quot;0&quot;,&quot;credit&quot;:&quot;&quot;,&quot;camera&quot;:&quot;&quot;,&quot;caption&quot;:&quot;&quot;,&quot;created_timestamp&quot;:&quot;0&quot;,&quot;copyright&quot;:&quot;&quot;,&quot;focal_length&quot;:&quot;0&quot;,&quot;iso&quot;:&quot;0&quot;,&quot;shutter_speed&quot;:&quot;0&quot;,&quot;title&quot;:&quot;&quot;,&quot;orientation&quot;:&quot;0&quot;}\" data-image-title=\"Reden\u00e7\u00e3o abra\u00e7o 1\" data-image-description=\"\" data-image-caption=\"\" data-large-file=\"https:\/\/www.jornalja.com.br\/geral\/wp-content\/uploads\/sites\/4\/2022\/11\/redencao-abraco-1-900x599.jpg\" class=\"alignnone size-medium wp-image-94348\" src=\"https:\/\/www.jornalja.com.br\/geral\/wp-content\/uploads\/sites\/4\/2022\/11\/redencao-abraco-1-450x299.jpg\" alt=\"\" width=\"450\" height=\"299\" srcset=\"https:\/\/www.jornalja.com.br\/geral\/wp-content\/uploads\/sites\/4\/2022\/11\/redencao-abraco-1-450x299.jpg 450w, https:\/\/www.jornalja.com.br\/geral\/wp-content\/uploads\/sites\/4\/2022\/11\/redencao-abraco-1-900x599.jpg 900w, https:\/\/www.jornalja.com.br\/geral\/wp-content\/uploads\/sites\/4\/2022\/11\/redencao-abraco-1-768x511.jpg 768w, https:\/\/www.jornalja.com.br\/geral\/wp-content\/uploads\/sites\/4\/2022\/11\/redencao-abraco-1-1536x1022.jpg 1536w, https:\/\/www.jornalja.com.br\/geral\/wp-content\/uploads\/sites\/4\/2022\/11\/redencao-abraco-1-2048x1363.jpg 2048w, https:\/\/www.jornalja.com.br\/geral\/wp-content\/uploads\/sites\/4\/2022\/11\/redencao-abraco-1-1200x798.jpg 1200w\" sizes=\"(max-width: 450px) 100vw, 450px\" \/> <img decoding=\"async\" data-attachment-id=\"94349\" data-permalink=\"https:\/\/www.jornalja.com.br\/geral\/frequentadores-enfrentam-sol-de-35-graus-para-abracar-o-parque-redencao-sem-concessao\/redencao-abraco-3\/\" data-orig-file=\"https:\/\/www.jornalja.com.br\/geral\/wp-content\/uploads\/sites\/4\/2022\/11\/redencao-abraco-3-scaled.jpg\" data-orig-size=\"2560,1703\" data-comments-opened=\"1\" data-image-meta=\"{&quot;aperture&quot;:&quot;0&quot;,&quot;credit&quot;:&quot;&quot;,&quot;camera&quot;:&quot;&quot;,&quot;caption&quot;:&quot;&quot;,&quot;created_timestamp&quot;:&quot;0&quot;,&quot;copyright&quot;:&quot;&quot;,&quot;focal_length&quot;:&quot;0&quot;,&quot;iso&quot;:&quot;0&quot;,&quot;shutter_speed&quot;:&quot;0&quot;,&quot;title&quot;:&quot;&quot;,&quot;orientation&quot;:&quot;1&quot;}\" data-image-title=\"Reden\u00e7\u00e3o abra\u00e7o 3\" data-image-description=\"\" data-image-caption=\"\" data-large-file=\"https:\/\/www.jornalja.com.br\/geral\/wp-content\/uploads\/sites\/4\/2022\/11\/redencao-abraco-3-900x599.jpg\" class=\"alignnone size-medium wp-image-94349\" src=\"https:\/\/www.jornalja.com.br\/geral\/wp-content\/uploads\/sites\/4\/2022\/11\/redencao-abraco-3-450x299.jpg\" alt=\"\" width=\"450\" height=\"299\" srcset=\"https:\/\/www.jornalja.com.br\/geral\/wp-content\/uploads\/sites\/4\/2022\/11\/redencao-abraco-3-450x299.jpg 450w, https:\/\/www.jornalja.com.br\/geral\/wp-content\/uploads\/sites\/4\/2022\/11\/redencao-abraco-3-900x599.jpg 900w, https:\/\/www.jornalja.com.br\/geral\/wp-content\/uploads\/sites\/4\/2022\/11\/redencao-abraco-3-768x511.jpg 768w, https:\/\/www.jornalja.com.br\/geral\/wp-content\/uploads\/sites\/4\/2022\/11\/redencao-abraco-3-1536x1022.jpg 1536w, https:\/\/www.jornalja.com.br\/geral\/wp-content\/uploads\/sites\/4\/2022\/11\/redencao-abraco-3-2048x1363.jpg 2048w, https:\/\/www.jornalja.com.br\/geral\/wp-content\/uploads\/sites\/4\/2022\/11\/redencao-abraco-3-1200x798.jpg 1200w\" sizes=\"(max-width: 450px) 100vw, 450px\" \/> <img decoding=\"async\" data-attachment-id=\"94350\" data-permalink=\"https:\/\/www.jornalja.com.br\/geral\/frequentadores-enfrentam-sol-de-35-graus-para-abracar-o-parque-redencao-sem-concessao\/redencao-abraco-4\/\" data-orig-file=\"https:\/\/www.jornalja.com.br\/geral\/wp-content\/uploads\/sites\/4\/2022\/11\/redencao-abraco-4-scaled.jpg\" data-orig-size=\"2560,1920\" data-comments-opened=\"1\" data-image-meta=\"{&quot;aperture&quot;:&quot;0&quot;,&quot;credit&quot;:&quot;&quot;,&quot;camera&quot;:&quot;&quot;,&quot;caption&quot;:&quot;&quot;,&quot;created_timestamp&quot;:&quot;0&quot;,&quot;copyright&quot;:&quot;&quot;,&quot;focal_length&quot;:&quot;0&quot;,&quot;iso&quot;:&quot;0&quot;,&quot;shutter_speed&quot;:&quot;0&quot;,&quot;title&quot;:&quot;&quot;,&quot;orientation&quot;:&quot;0&quot;}\" data-image-title=\"Reden\u00e7\u00e3o abra\u00e7o 4\" data-image-description=\"\" data-image-caption=\"&lt;p&gt;Frequentadores promoveram um &amp;#8220;abra\u00e7o na Reden\u00e7\u00e3o&amp;#8221;, como protesto contra a privatiza\u00e7\u00e3o do parque \/ Ramiro Sanchez\/J\u00c1&lt;\/p&gt;\n\" data-large-file=\"https:\/\/www.jornalja.com.br\/geral\/wp-content\/uploads\/sites\/4\/2022\/11\/redencao-abraco-4-900x675.jpg\" class=\"alignnone size-medium wp-image-94350\" src=\"https:\/\/www.jornalja.com.br\/geral\/wp-content\/uploads\/sites\/4\/2022\/11\/redencao-abraco-4-450x338.jpg\" alt=\"\" width=\"450\" height=\"338\" srcset=\"https:\/\/www.jornalja.com.br\/geral\/wp-content\/uploads\/sites\/4\/2022\/11\/redencao-abraco-4-450x338.jpg 450w, https:\/\/www.jornalja.com.br\/geral\/wp-content\/uploads\/sites\/4\/2022\/11\/redencao-abraco-4-900x675.jpg 900w, https:\/\/www.jornalja.com.br\/geral\/wp-content\/uploads\/sites\/4\/2022\/11\/redencao-abraco-4-768x576.jpg 768w, https:\/\/www.jornalja.com.br\/geral\/wp-content\/uploads\/sites\/4\/2022\/11\/redencao-abraco-4-1536x1152.jpg 1536w, https:\/\/www.jornalja.com.br\/geral\/wp-content\/uploads\/sites\/4\/2022\/11\/redencao-abraco-4-2048x1536.jpg 2048w, https:\/\/www.jornalja.com.br\/geral\/wp-content\/uploads\/sites\/4\/2022\/11\/redencao-abraco-4-1200x900.jpg 1200w\" sizes=\"(max-width: 450px) 100vw, 450px\" \/><img decoding=\"async\" data-attachment-id=\"94349\" data-permalink=\"https:\/\/www.jornalja.com.br\/geral\/frequentadores-enfrentam-sol-de-35-graus-para-abracar-o-parque-redencao-sem-concessao\/redencao-abraco-3\/\" data-orig-file=\"https:\/\/www.jornalja.com.br\/geral\/wp-content\/uploads\/sites\/4\/2022\/11\/redencao-abraco-3-scaled.jpg\" data-orig-size=\"2560,1703\" data-comments-opened=\"1\" data-image-meta=\"{&quot;aperture&quot;:&quot;0&quot;,&quot;credit&quot;:&quot;&quot;,&quot;camera&quot;:&quot;&quot;,&quot;caption&quot;:&quot;&quot;,&quot;created_timestamp&quot;:&quot;0&quot;,&quot;copyright&quot;:&quot;&quot;,&quot;focal_length&quot;:&quot;0&quot;,&quot;iso&quot;:&quot;0&quot;,&quot;shutter_speed&quot;:&quot;0&quot;,&quot;title&quot;:&quot;&quot;,&quot;orientation&quot;:&quot;1&quot;}\" data-image-title=\"Reden\u00e7\u00e3o abra\u00e7o 3\" data-image-description=\"\" data-image-caption=\"\" data-large-file=\"https:\/\/www.jornalja.com.br\/geral\/wp-content\/uploads\/sites\/4\/2022\/11\/redencao-abraco-3-900x599.jpg\" class=\"alignnone size-medium wp-image-94349\" src=\"https:\/\/www.jornalja.com.br\/geral\/wp-content\/uploads\/sites\/4\/2022\/11\/redencao-abraco-3-450x299.jpg\" alt=\"\" width=\"450\" height=\"299\" srcset=\"https:\/\/www.jornalja.com.br\/geral\/wp-content\/uploads\/sites\/4\/2022\/11\/redencao-abraco-3-450x299.jpg 450w, https:\/\/www.jornalja.com.br\/geral\/wp-content\/uploads\/sites\/4\/2022\/11\/redencao-abraco-3-900x599.jpg 900w, https:\/\/www.jornalja.com.br\/geral\/wp-content\/uploads\/sites\/4\/2022\/11\/redencao-abraco-3-768x511.jpg 768w, https:\/\/www.jornalja.com.br\/geral\/wp-content\/uploads\/sites\/4\/2022\/11\/redencao-abraco-3-1536x1022.jpg 1536w, https:\/\/www.jornalja.com.br\/geral\/wp-content\/uploads\/sites\/4\/2022\/11\/redencao-abraco-3-2048x1363.jpg 2048w, https:\/\/www.jornalja.com.br\/geral\/wp-content\/uploads\/sites\/4\/2022\/11\/redencao-abraco-3-1200x798.jpg 1200w\" sizes=\"(max-width: 450px) 100vw, 450px\" \/><img decoding=\"async\" data-attachment-id=\"94347\" data-permalink=\"https:\/\/www.jornalja.com.br\/geral\/frequentadores-enfrentam-sol-de-35-graus-para-abracar-o-parque-redencao-sem-concessao\/redencao-abraco-6\/\" data-orig-file=\"https:\/\/www.jornalja.com.br\/geral\/wp-content\/uploads\/sites\/4\/2022\/11\/redencao-abraco-6-scaled.jpg\" data-orig-size=\"2560,1703\" data-comments-opened=\"1\" data-image-meta=\"{&quot;aperture&quot;:&quot;0&quot;,&quot;credit&quot;:&quot;&quot;,&quot;camera&quot;:&quot;&quot;,&quot;caption&quot;:&quot;&quot;,&quot;created_timestamp&quot;:&quot;0&quot;,&quot;copyright&quot;:&quot;&quot;,&quot;focal_length&quot;:&quot;0&quot;,&quot;iso&quot;:&quot;0&quot;,&quot;shutter_speed&quot;:&quot;0&quot;,&quot;title&quot;:&quot;&quot;,&quot;orientation&quot;:&quot;0&quot;}\" data-image-title=\"Reden\u00e7\u00e3o abra\u00e7o 6\" data-image-description=\"\" data-image-caption=\"\" data-large-file=\"https:\/\/www.jornalja.com.br\/geral\/wp-content\/uploads\/sites\/4\/2022\/11\/redencao-abraco-6-900x599.jpg\" class=\"alignnone size-medium wp-image-94347\" src=\"https:\/\/www.jornalja.com.br\/geral\/wp-content\/uploads\/sites\/4\/2022\/11\/redencao-abraco-6-450x299.jpg\" alt=\"\" width=\"450\" height=\"299\" srcset=\"https:\/\/www.jornalja.com.br\/geral\/wp-content\/uploads\/sites\/4\/2022\/11\/redencao-abraco-6-450x299.jpg 450w, https:\/\/www.jornalja.com.br\/geral\/wp-content\/uploads\/sites\/4\/2022\/11\/redencao-abraco-6-900x599.jpg 900w, https:\/\/www.jornalja.com.br\/geral\/wp-content\/uploads\/sites\/4\/2022\/11\/redencao-abraco-6-768x511.jpg 768w, https:\/\/www.jornalja.com.br\/geral\/wp-content\/uploads\/sites\/4\/2022\/11\/redencao-abraco-6-1536x1022.jpg 1536w, https:\/\/www.jornalja.com.br\/geral\/wp-content\/uploads\/sites\/4\/2022\/11\/redencao-abraco-6-2048x1363.jpg 2048w, https:\/\/www.jornalja.com.br\/geral\/wp-content\/uploads\/sites\/4\/2022\/11\/redencao-abraco-6-1200x798.jpg 1200w\" sizes=\"(max-width: 450px) 100vw, 450px\" \/><\/p>\n<p>Bloco da Laje, com seus tambores e seus sopros, fez o esquenta enquanto o p\u00fablico ia se reunindo no entorno do monumento ao Expedicion\u00e1rio, na \u00e1rea central do parque.\u00a0 O sol forte\u00a0 (quase 35 graus) no inicio da tarde de domingo n\u00e3o impediu uma pequena multid\u00e3o de abra\u00e7ar o parque em protesto<\/p>\n<p>A manifesta\u00e7\u00e3o foi organizada pelo coletivo Preserva Reden\u00e7\u00e3o, que reune 40 entidades da sociedade civil e j\u00e1 colhei quase mais de 25 mil assinaturas\u00a0 contra o projeto do prefeito. (continua)<\/p>\n","protected":false},"excerpt":{"rendered":"<p>&#8220;Reden\u00e7\u00e3o sem concess\u00e3o&#8221; foi o grito de guerra dos manifestantes que se mobilizam para barrar o projeto do prefeito Sebasti\u00e3o Melo de conceder o parque mais querido da cidade a uma empresa privada, Bloco da Laje, com seus tambores e seus sopros, fez o esquenta enquanto o p\u00fablico ia se reunindo no entorno do monumento [&hellip;]<\/p>\n","protected":false},"author":4,"featured_media":94346,"comment_status":"open","ping_status":"open","sticky":false,"template":"","format":"standard","meta":{"jetpack_post_was_ever_published":false,"_jetpack_newsletter_access":"","_jetpack_dont_email_post_to_subs":false,"_jetpack_newsletter_tier_id":0,"_jetpack_memberships_contains_paywalled_content":false,"_jetpack_memberships_contains_paid_content":false,"footnotes":"","jetpack_publicize_message":"","jetpack_publicize_feature_enabled":true,"jetpack_social_post_already_shared":true,"jetpack_social_options":{"image_generator_settings":{"template":"highway","default_image_id":0,"font":"","enabled":false},"version":2}},"categories":[2],"tags":[356,489,488,475,479,486],"class_list":["post-94344","post","type-post","status-publish","format-standard","has-post-thumbnail","hentry","category-geral","tag-mel","tag-melo","tag-projeto","tag-protesto","tag-red","tag-redencao"],"aioseo_notices":[],"jetpack_publicize_connections":[],"jetpack_featured_media_url":"https:\/\/www.jornalja.com.br\/geral\/wp-content\/uploads\/sites\/4\/2022\/11\/redencao-abraco-2-scaled.jpg","jetpack_shortlink":"https:\/\/wp.me\/pbKhrD-oxG","jetpack-related-posts":[{"id":94397,"url":"https:\/\/www.jornalja.com.br\/geral\/defensores-da-redencao-publica-desafiam-o-prefeito-melo-nao-nao-nao-redencao-sem-concessao\/","url_meta":{"origin":94344,"position":0},"title":"Defensores da Reden\u00e7\u00e3o p\u00fablica desafiam o prefeito Melo: &#8220;N\u00e3o, n\u00e3o, n\u00e3o, Reden\u00e7\u00e3o sem concess\u00e3o&#8221;","author":"Elmar Bones","date":"23 de novembro de 2022","format":false,"excerpt":"A secret\u00e1ria Ana Pellini n\u00e3o conseguiu encerrar os trabalhos na audi\u00eancia p\u00fablica extraordin\u00e1ria sobre a concess\u00e3o da Reden\u00e7\u00e3o, na noite desta quarta-feira, 23, na C\u00e2mara Municipal de Porto Alegre. Foi reservado para a audi\u00eancia o audit\u00f3rio Ana Terra,\u00a0 que \u00e9 menor, com cerca de 100 lugares, e estava\u00a0 superlotado. Por\u2026","rel":"","context":"Em &quot;Geral-MAT\u00c9RIA&quot;","block_context":{"text":"Geral-MAT\u00c9RIA","link":"https:\/\/www.jornalja.com.br\/geral\/category\/geral\/"},"img":{"alt_text":"","src":"https:\/\/i0.wp.com\/www.jornalja.com.br\/geral\/wp-content\/uploads\/sites\/4\/2022\/11\/redencao-abraco-2-scaled.jpg?resize=350%2C200&ssl=1","width":350,"height":200,"srcset":"https:\/\/i0.wp.com\/www.jornalja.com.br\/geral\/wp-content\/uploads\/sites\/4\/2022\/11\/redencao-abraco-2-scaled.jpg?resize=350%2C200&ssl=1 1x, https:\/\/i0.wp.com\/www.jornalja.com.br\/geral\/wp-content\/uploads\/sites\/4\/2022\/11\/redencao-abraco-2-scaled.jpg?resize=525%2C300&ssl=1 1.5x, https:\/\/i0.wp.com\/www.jornalja.com.br\/geral\/wp-content\/uploads\/sites\/4\/2022\/11\/redencao-abraco-2-scaled.jpg?resize=700%2C400&ssl=1 2x, https:\/\/i0.wp.com\/www.jornalja.com.br\/geral\/wp-content\/uploads\/sites\/4\/2022\/11\/redencao-abraco-2-scaled.jpg?resize=1050%2C600&ssl=1 3x, https:\/\/i0.wp.com\/www.jornalja.com.br\/geral\/wp-content\/uploads\/sites\/4\/2022\/11\/redencao-abraco-2-scaled.jpg?resize=1400%2C800&ssl=1 4x"},"classes":[]},{"id":98220,"url":"https:\/\/www.jornalja.com.br\/geral\/desde-que-concessao-foi-barrada-parque-da-redencao-vive-situacao-indefinida\/","url_meta":{"origin":94344,"position":1},"title":"Desde que concess\u00e3o foi barrada, parque da Reden\u00e7\u00e3o vive situa\u00e7\u00e3o indefinida","author":"Elmar Bones","date":"10 de dezembro de 2024","format":false,"excerpt":"O parque da Reden\u00e7\u00e3o\u00a0 estava no \"Lote 1\" do programa de concess\u00f5es divulgado em novembro de 2022 pela Prefeitura de Porto Alegre, envolvendo cinco parques da cidade, que seriam concedidos num s\u00f3 edital. Mais antigo e emblem\u00e1tico parque da cidade, seu caso era tamb\u00e9m o mais pol\u00eamico,\u00a0 previa inclusive um\u2026","rel":"","context":"Em &quot;Geral-MAT\u00c9RIA&quot;","block_context":{"text":"Geral-MAT\u00c9RIA","link":"https:\/\/www.jornalja.com.br\/geral\/category\/geral\/"},"img":{"alt_text":"","src":"https:\/\/i0.wp.com\/www.jornalja.com.br\/geral\/wp-content\/uploads\/sites\/4\/2024\/12\/redencao-sem-destino.png?resize=350%2C200&ssl=1","width":350,"height":200,"srcset":"https:\/\/i0.wp.com\/www.jornalja.com.br\/geral\/wp-content\/uploads\/sites\/4\/2024\/12\/redencao-sem-destino.png?resize=350%2C200&ssl=1 1x, https:\/\/i0.wp.com\/www.jornalja.com.br\/geral\/wp-content\/uploads\/sites\/4\/2024\/12\/redencao-sem-destino.png?resize=525%2C300&ssl=1 1.5x, https:\/\/i0.wp.com\/www.jornalja.com.br\/geral\/wp-content\/uploads\/sites\/4\/2024\/12\/redencao-sem-destino.png?resize=700%2C400&ssl=1 2x"},"classes":[]},{"id":94374,"url":"https:\/\/www.jornalja.com.br\/geral\/projeto-preve-concessao-da-redencao-junto-com-calcadao-do-lami\/","url_meta":{"origin":94344,"position":2},"title":"Projeto prev\u00ea concess\u00e3o da Reden\u00e7\u00e3o junto com Cal\u00e7ad\u00e3o do Lami","author":"da Reda\u00e7\u00e3o","date":"23 de novembro de 2022","format":false,"excerpt":"Uma audi\u00eancia p\u00fablica \"extraordin\u00e1ria\" dar\u00e1 continuidade ao debate sobre a concess\u00e3o do Parque Farroupilha e do Cal\u00e7ad\u00e3o do Lami. Os dois espa\u00e7os comp\u00f5em o Lote 1 do programa de concess\u00f5es que envolve cinco parques de Porto Alegre.\u00a0 \u00a0Significa que ser\u00e3o concedidos num s\u00f3 edital. O cal\u00e7ad\u00e3o do Lami foi inclu\u00eddo\u2026","rel":"","context":"Em &quot;Geral-MAT\u00c9RIA&quot;","block_context":{"text":"Geral-MAT\u00c9RIA","link":"https:\/\/www.jornalja.com.br\/geral\/category\/geral\/"},"img":{"alt_text":"","src":"https:\/\/i0.wp.com\/www.jornalja.com.br\/geral\/wp-content\/uploads\/sites\/4\/2022\/11\/redencao-abraco-4-scaled.jpg?resize=350%2C200&ssl=1","width":350,"height":200,"srcset":"https:\/\/i0.wp.com\/www.jornalja.com.br\/geral\/wp-content\/uploads\/sites\/4\/2022\/11\/redencao-abraco-4-scaled.jpg?resize=350%2C200&ssl=1 1x, https:\/\/i0.wp.com\/www.jornalja.com.br\/geral\/wp-content\/uploads\/sites\/4\/2022\/11\/redencao-abraco-4-scaled.jpg?resize=525%2C300&ssl=1 1.5x, https:\/\/i0.wp.com\/www.jornalja.com.br\/geral\/wp-content\/uploads\/sites\/4\/2022\/11\/redencao-abraco-4-scaled.jpg?resize=700%2C400&ssl=1 2x, https:\/\/i0.wp.com\/www.jornalja.com.br\/geral\/wp-content\/uploads\/sites\/4\/2022\/11\/redencao-abraco-4-scaled.jpg?resize=1050%2C600&ssl=1 3x, https:\/\/i0.wp.com\/www.jornalja.com.br\/geral\/wp-content\/uploads\/sites\/4\/2022\/11\/redencao-abraco-4-scaled.jpg?resize=1400%2C800&ssl=1 4x"},"classes":[]},{"id":89136,"url":"https:\/\/www.jornalja.com.br\/geral\/pronto-socorro-redencao-e-gasometro-na-lista-de-novas-concessoes-e-ppps-em-porto-alegre\/","url_meta":{"origin":94344,"position":3},"title":"Pronto Socorro, Reden\u00e7\u00e3o e Gas\u00f4metro na lista de novas concess\u00f5es e PPPs em Porto Alegre","author":"da Reda\u00e7\u00e3o","date":"5 de agosto de 2021","format":false,"excerpt":"A prefeitura de Porto Alegre vai encomendar estudos para oito novos projetos de parcerias privadas e a concess\u00e3o de quatro parques p\u00fablicos, incluindo a Reden\u00e7\u00e3o e o Parque Moinhos de Vento. Na lista das parcerias est\u00e3o o Hospital de Pronto Socorro, a Usina do Gas\u00f4metro e o Museu Joaquim Felizardo.\u2026","rel":"","context":"Em &quot;Geral-MAT\u00c9RIA&quot;","block_context":{"text":"Geral-MAT\u00c9RIA","link":"https:\/\/www.jornalja.com.br\/geral\/category\/geral\/"},"img":{"alt_text":"","src":"https:\/\/i0.wp.com\/www.jornalja.com.br\/geral\/wp-content\/uploads\/sites\/4\/2020\/12\/portoalegre-cristinerochol-pmpa.jpg?resize=350%2C200&ssl=1","width":350,"height":200,"srcset":"https:\/\/i0.wp.com\/www.jornalja.com.br\/geral\/wp-content\/uploads\/sites\/4\/2020\/12\/portoalegre-cristinerochol-pmpa.jpg?resize=350%2C200&ssl=1 1x, https:\/\/i0.wp.com\/www.jornalja.com.br\/geral\/wp-content\/uploads\/sites\/4\/2020\/12\/portoalegre-cristinerochol-pmpa.jpg?resize=525%2C300&ssl=1 1.5x, https:\/\/i0.wp.com\/www.jornalja.com.br\/geral\/wp-content\/uploads\/sites\/4\/2020\/12\/portoalegre-cristinerochol-pmpa.jpg?resize=700%2C400&ssl=1 2x, https:\/\/i0.wp.com\/www.jornalja.com.br\/geral\/wp-content\/uploads\/sites\/4\/2020\/12\/portoalegre-cristinerochol-pmpa.jpg?resize=1050%2C600&ssl=1 3x, https:\/\/i0.wp.com\/www.jornalja.com.br\/geral\/wp-content\/uploads\/sites\/4\/2020\/12\/portoalegre-cristinerochol-pmpa.jpg?resize=1400%2C800&ssl=1 4x"},"classes":[]},{"id":94113,"url":"https:\/\/www.jornalja.com.br\/geral\/frequentadores-organizam-movimento-contra-a-concessao-do-parque-da-redencao\/","url_meta":{"origin":94344,"position":4},"title":"Frequentadores organizam movimento contra a concess\u00e3o do Parque da Reden\u00e7\u00e3o","author":"da Reda\u00e7\u00e3o","date":"24 de outubro de 2022","format":false,"excerpt":"Aumentam as rea\u00e7\u00f5es ao projeto de concess\u00e3o do Parque da Reden\u00e7\u00e3o apresentado na semana passada pela prefeitura de Porto Alegre. Al\u00e9m de um abaixo-assinado virtual, v\u00e1rios atos p\u00fablicos t\u00eam sido promovidos por frequentadores, comerciantes e artistas, que buscam ades\u00e3o de mais pessoas. Na manh\u00e3 de s\u00e1bado, dia 22, o Coletivo\u2026","rel":"","context":"Em &quot;Geral-MAT\u00c9RIA&quot;","block_context":{"text":"Geral-MAT\u00c9RIA","link":"https:\/\/www.jornalja.com.br\/geral\/category\/geral\/"},"img":{"alt_text":"","src":"https:\/\/i0.wp.com\/www.jornalja.com.br\/geral\/wp-content\/uploads\/sites\/4\/2022\/10\/whatsapp-image-2022-10-23-at-002419.jpeg?resize=350%2C200&ssl=1","width":350,"height":200,"srcset":"https:\/\/i0.wp.com\/www.jornalja.com.br\/geral\/wp-content\/uploads\/sites\/4\/2022\/10\/whatsapp-image-2022-10-23-at-002419.jpeg?resize=350%2C200&ssl=1 1x, https:\/\/i0.wp.com\/www.jornalja.com.br\/geral\/wp-content\/uploads\/sites\/4\/2022\/10\/whatsapp-image-2022-10-23-at-002419.jpeg?resize=525%2C300&ssl=1 1.5x, https:\/\/i0.wp.com\/www.jornalja.com.br\/geral\/wp-content\/uploads\/sites\/4\/2022\/10\/whatsapp-image-2022-10-23-at-002419.jpeg?resize=700%2C400&ssl=1 2x, https:\/\/i0.wp.com\/www.jornalja.com.br\/geral\/wp-content\/uploads\/sites\/4\/2022\/10\/whatsapp-image-2022-10-23-at-002419.jpeg?resize=1050%2C600&ssl=1 3x"},"classes":[]},{"id":94415,"url":"https:\/\/www.jornalja.com.br\/geral\/projeto-preve-corte-de-400-arvores-na-redencao-e-um-erro-diz-a-secretaria\/","url_meta":{"origin":94344,"position":5},"title":"Projeto prev\u00ea corte de 400 \u00e1rvores na Reden\u00e7\u00e3o. &#8220;\u00c9 um erro&#8221;, diz a secret\u00e1ria","author":"Elmar Bones","date":"24 de novembro de 2022","format":false,"excerpt":"A tens\u00e3o chegou ao m\u00e1ximo na audi\u00eancia p\u00fablica sobre a concess\u00e3o da Reden\u00e7\u00e3o quando o professor Heitor Campanha trouxe a informa\u00e7\u00e3o de que o projeto prev\u00ea o corte de 400 \u00e1rvores no parque, ao custo estimado de R$ 1.372 por \u00e1rvore, num total de R$ 548.800. As vaias explodiram, em\u2026","rel":"","context":"Em &quot;Geral-MAT\u00c9RIA&quot;","block_context":{"text":"Geral-MAT\u00c9RIA","link":"https:\/\/www.jornalja.com.br\/geral\/category\/geral\/"},"img":{"alt_text":"","src":"https:\/\/i0.wp.com\/www.jornalja.com.br\/geral\/wp-content\/uploads\/sites\/4\/2022\/11\/redencao-eduardo-beleske-pmpa.jpg?resize=350%2C200&ssl=1","width":350,"height":200,"srcset":"https:\/\/i0.wp.com\/www.jornalja.com.br\/geral\/wp-content\/uploads\/sites\/4\/2022\/11\/redencao-eduardo-beleske-pmpa.jpg?resize=350%2C200&ssl=1 1x, https:\/\/i0.wp.com\/www.jornalja.com.br\/geral\/wp-content\/uploads\/sites\/4\/2022\/11\/redencao-eduardo-beleske-pmpa.jpg?resize=525%2C300&ssl=1 1.5x, https:\/\/i0.wp.com\/www.jornalja.com.br\/geral\/wp-content\/uploads\/sites\/4\/2022\/11\/redencao-eduardo-beleske-pmpa.jpg?resize=700%2C400&ssl=1 2x"},"classes":[]}],"jetpack_sharing_enabled":true,"_links":{"self":[{"href":"https:\/\/www.jornalja.com.br\/geral\/wp-json\/wp\/v2\/posts\/94344","targetHints":{"allow":["GET"]}}],"collection":[{"href":"https:\/\/www.jornalja.com.br\/geral\/wp-json\/wp\/v2\/posts"}],"about":[{"href":"https:\/\/www.jornalja.com.br\/geral\/wp-json\/wp\/v2\/types\/post"}],"author":[{"embeddable":true,"href":"https:\/\/www.jornalja.com.br\/geral\/wp-json\/wp\/v2\/users\/4"}],"replies":[{"embeddable":true,"href":"https:\/\/www.jornalja.com.br\/geral\/wp-json\/wp\/v2\/comments?post=94344"}],"version-history":[{"count":1,"href":"https:\/\/www.jornalja.com.br\/geral\/wp-json\/wp\/v2\/posts\/94344\/revisions"}],"predecessor-version":[{"id":94351,"href":"https:\/\/www.jornalja.com.br\/geral\/wp-json\/wp\/v2\/posts\/94344\/revisions\/94351"}],"wp:featuredmedia":[{"embeddable":true,"href":"https:\/\/www.jornalja.com.br\/geral\/wp-json\/wp\/v2\/media\/94346"}],"wp:attachment":[{"href":"https:\/\/www.jornalja.com.br\/geral\/wp-json\/wp\/v2\/media?parent=94344"}],"wp:term":[{"taxonomy":"category","embeddable":true,"href":"https:\/\/www.jornalja.com.br\/geral\/wp-json\/wp\/v2\/categories?post=94344"},{"taxonomy":"post_tag","embeddable":true,"href":"https:\/\/www.jornalja.com.br\/geral\/wp-json\/wp\/v2\/tags?post=94344"}],"curies":[{"name":"wp","href":"https:\/\/api.w.org\/{rel}","templated":true}]}}