{"id":94384,"date":"2022-11-23T00:29:53","date_gmt":"2022-11-23T03:29:53","guid":{"rendered":"https:\/\/www.jornalja.com.br\/geral\/?p=94384"},"modified":"2022-11-24T11:38:11","modified_gmt":"2022-11-24T14:38:11","slug":"nardes-o-homem-das-pedaladas-esta-de-volta","status":"publish","type":"post","link":"https:\/\/www.jornalja.com.br\/geral\/nardes-o-homem-das-pedaladas-esta-de-volta\/","title":{"rendered":"Nardes, o homem das pedaladas, est\u00e1 de volta"},"content":{"rendered":"<p>Augusto Nardes, ministro do Tribunal de Contas da Uni\u00e3o foi o relator do processo que acusou a presidente Dilma Rousseff pelas &#8220;pedaladas&#8221; no or\u00e7amento.<\/p>\n<p>Seu relat\u00f3rio, na m\u00e3o de Eduardo Cunha, deu base ao impeachment de Dilma, em 2016.<\/p>\n<p>Nardes voltou \u00e0 cena h\u00e1 poucos dias, quando mensagens suas referindo-se a um golpe militar em andamento &#8220;vazaram&#8221; nas redes sociais.<\/p>\n<p>Logo surgiram informa\u00e7\u00f5es de que a NPC Mineradora e Incorporadora Ltda, ligada \u00e0 fam\u00edlia de Jo\u00e3o Augusto Ribeiro Nardes, conseguiu quatro autoriza\u00e7\u00f5es para pesquisar diamantes em uma \u00e1rea de 1.260 hectares na regi\u00e3o de Monte Alegre do Piau\u00ed (PI), no sul do Estado.<\/p>\n<p>As duas \u00faltimas foram concedidas em 2019, j\u00e1 na gest\u00e3o de Jair Bolsonaro (PL), de quem o ministro e ex-presidente do Tribunal de Contas da Uni\u00e3o (TCU) \u00e9 pr\u00f3ximo.<\/p>\n<p>Nardes voltou aos holofotes no domingo (20), ap\u00f3s a divulga\u00e7\u00e3o, pela Folha, de um \u00e1udio de teor golpista contra o presidente eleito Luiz In\u00e1cio Lula da Silva (PT), no qual dizia a interlocutores do agroneg\u00f3cio haver \u201cmovimento forte nas casernas\u201d e que o \u201cdesenlace\u201d ocorreria em breve.<\/p>\n<p>No dia seguinte ao vazamento, ele primeiro tentou se retratar e depois protocolou um pedido de licen\u00e7a m\u00e9dica de suas fun\u00e7\u00f5es.<\/p>\n<p>Os s\u00f3cios da NPC s\u00e3o Adriane Beatriz Freder, esposa do ministro, e Igor Alexandre Copetti, r\u00e9u na Opera\u00e7\u00e3o Zelotes, que investigou um esquema de corrup\u00e7\u00e3o no Conselho Administrativo de Recursos Fiscais (Carf). Carlos Juliano Nardes, sobrinho do magistrado, tamb\u00e9m foi denunciado, acusado de corrup\u00e7\u00e3o ativa e passiva, al\u00e9m de lavagem de dinheiro.<\/p>\n<div class=\"contentAd contentAd--noBackground marginBottom30\">\n<div class=\"marginTop10 adBackground\"><em>(Com informa\u00e7\u00f5es do 247)<\/em><\/div>\n<\/div>\n","protected":false},"excerpt":{"rendered":"<p>Augusto Nardes, ministro do Tribunal de Contas da Uni\u00e3o foi o relator do processo que acusou a presidente Dilma Rousseff pelas &#8220;pedaladas&#8221; no or\u00e7amento. Seu relat\u00f3rio, na m\u00e3o de Eduardo Cunha, deu base ao impeachment de Dilma, em 2016. Nardes voltou \u00e0 cena h\u00e1 poucos dias, quando mensagens suas referindo-se a um golpe militar em [&hellip;]<\/p>\n","protected":false},"author":5,"featured_media":94385,"comment_status":"open","ping_status":"open","sticky":false,"template":"","format":"standard","meta":{"jetpack_post_was_ever_published":false,"_jetpack_newsletter_access":"","_jetpack_dont_email_post_to_subs":false,"_jetpack_newsletter_tier_id":0,"_jetpack_memberships_contains_paywalled_content":false,"_jetpack_memberships_contains_paid_content":false,"footnotes":"","jetpack_publicize_message":"","jetpack_publicize_feature_enabled":true,"jetpack_social_post_already_shared":true,"jetpack_social_options":{"image_generator_settings":{"template":"highway","default_image_id":0,"font":"","enabled":false},"version":2}},"categories":[2],"tags":[89,318,274,430,477,25,5,158,161,479,15,149,95,112,509],"class_list":["post-94384","post","type-post","status-publish","format-standard","has-post-thumbnail","hentry","category-geral","tag-bolsonaro","tag-carf","tag-corrupcao","tag-dilma","tag-golpe","tag-impeachment","tag-jair-bolsonaro","tag-lula","tag-pt","tag-red","tag-rs","tag-sc","tag-sp","tag-tribunal-de-contas","tag-uniao"],"aioseo_notices":[],"jetpack_publicize_connections":[],"jetpack_featured_media_url":"https:\/\/www.jornalja.com.br\/geral\/wp-content\/uploads\/sites\/4\/2022\/11\/nardes-augusto.png","jetpack_shortlink":"https:\/\/wp.me\/pbKhrD-oyk","jetpack-related-posts":[{"id":100277,"url":"https:\/\/www.jornalja.com.br\/geral\/unanimidade-stf-mantem-prisao-preventiva-do-ex-presidente-jair-bolsonaro\/","url_meta":{"origin":94384,"position":0},"title":"Unanimidade:  STF mant\u00e9m pris\u00e3o preventiva do ex-presidente Jair Bolsonaro","author":"da Reda\u00e7\u00e3o","date":"24 de novembro de 2025","format":false,"excerpt":"Por unanimidade, a Primeira Turma do Supremo Tribunal Federal (STF) manteve, nesta segunda-feira (24), a decis\u00e3o do ministro Alexandre de Moraes que decretou a pris\u00e3o preventiva do ex-presidente da Rep\u00fablica Jair Bolsonaro. A medida foi analisada em sess\u00e3o extraordin\u00e1ria virtual,\u00a0 com encerramento \u00e0s 20h, mas no fim da manh\u00e3 todos\u2026","rel":"","context":"Em &quot;Geral-MAT\u00c9RIA&quot;","block_context":{"text":"Geral-MAT\u00c9RIA","link":"https:\/\/www.jornalja.com.br\/geral\/category\/geral\/"},"img":{"alt_text":"","src":"https:\/\/i0.wp.com\/www.jornalja.com.br\/geral\/wp-content\/uploads\/sites\/4\/2025\/11\/bolsonaro-stf-mantem-prisao.jpg?resize=350%2C200&ssl=1","width":350,"height":200,"srcset":"https:\/\/i0.wp.com\/www.jornalja.com.br\/geral\/wp-content\/uploads\/sites\/4\/2025\/11\/bolsonaro-stf-mantem-prisao.jpg?resize=350%2C200&ssl=1 1x, https:\/\/i0.wp.com\/www.jornalja.com.br\/geral\/wp-content\/uploads\/sites\/4\/2025\/11\/bolsonaro-stf-mantem-prisao.jpg?resize=525%2C300&ssl=1 1.5x, https:\/\/i0.wp.com\/www.jornalja.com.br\/geral\/wp-content\/uploads\/sites\/4\/2025\/11\/bolsonaro-stf-mantem-prisao.jpg?resize=700%2C400&ssl=1 2x, https:\/\/i0.wp.com\/www.jornalja.com.br\/geral\/wp-content\/uploads\/sites\/4\/2025\/11\/bolsonaro-stf-mantem-prisao.jpg?resize=1050%2C600&ssl=1 3x, https:\/\/i0.wp.com\/www.jornalja.com.br\/geral\/wp-content\/uploads\/sites\/4\/2025\/11\/bolsonaro-stf-mantem-prisao.jpg?resize=1400%2C800&ssl=1 4x"},"classes":[]},{"id":100261,"url":"https:\/\/www.jornalja.com.br\/geral\/elevado-risco-de-fuga-diz-alexandre-de-moraes-ao-decretar-a-prisao-de-bolsonaro\/","url_meta":{"origin":94384,"position":1},"title":"&#8220;Elevado risco de fuga&#8221;, diz Alexandre de Moraes ao decretar a pris\u00e3o de Bolsonaro","author":"da Reda\u00e7\u00e3o","date":"22 de novembro de 2025","format":false,"excerpt":"O ex-presidente Jair Bolsonaro foi preso por volta das seis horas da manh\u00e3 deste s\u00e1bado (22). Em nota, a Pol\u00edcia Federal informou que cumpriu um mandado de pris\u00e3o preventiva expedido pelo Supremo Tribunal Federal (STF). Na sexta-feira (21) o senador Fl\u00e1vio Bolsonaro (PL) convocou, pelas redes sociais uma vig\u00edlia de\u2026","rel":"","context":"Em &quot;Geral-MAT\u00c9RIA&quot;","block_context":{"text":"Geral-MAT\u00c9RIA","link":"https:\/\/www.jornalja.com.br\/geral\/category\/geral\/"},"img":{"alt_text":"","src":"https:\/\/i0.wp.com\/www.jornalja.com.br\/geral\/wp-content\/uploads\/sites\/4\/2025\/11\/bolsonaro-preso-2.png?resize=350%2C200&ssl=1","width":350,"height":200,"srcset":"https:\/\/i0.wp.com\/www.jornalja.com.br\/geral\/wp-content\/uploads\/sites\/4\/2025\/11\/bolsonaro-preso-2.png?resize=350%2C200&ssl=1 1x, https:\/\/i0.wp.com\/www.jornalja.com.br\/geral\/wp-content\/uploads\/sites\/4\/2025\/11\/bolsonaro-preso-2.png?resize=525%2C300&ssl=1 1.5x"},"classes":[]},{"id":100289,"url":"https:\/\/www.jornalja.com.br\/geral\/stf-encerra-julgamento-de-bolsonaro-27-anos-e-seis-meses-de-prisao\/","url_meta":{"origin":94384,"position":2},"title":"STF encerra julgamento de Bolsonaro: 27 anos e tr\u00eas meses de pris\u00e3o","author":"da Reda\u00e7\u00e3o","date":"25 de novembro de 2025","format":false,"excerpt":"O Supremo Tribunal Federal (STF) considerou que o processo do ex-presidente Jair Bolsonaro por golpe de Estado transitou em julgado. Ou seja: n\u00e3o cabem mais recursos. A decis\u00e3o foi anunciada no in\u00edcio da tarde desta ter\u00e7a-feira, 25 de novembro Al\u00e9m de Bolsonaro,\u00a0 foi concluso tamb\u00e9m julgamento de Alexandre Ramagem (PL-RJ),\u2026","rel":"","context":"Em &quot;Geral-MAT\u00c9RIA&quot;","block_context":{"text":"Geral-MAT\u00c9RIA","link":"https:\/\/www.jornalja.com.br\/geral\/category\/geral\/"},"img":{"alt_text":"","src":"https:\/\/i0.wp.com\/www.jornalja.com.br\/geral\/wp-content\/uploads\/sites\/4\/2025\/11\/bolsonaro-preso-2.png?resize=350%2C200&ssl=1","width":350,"height":200,"srcset":"https:\/\/i0.wp.com\/www.jornalja.com.br\/geral\/wp-content\/uploads\/sites\/4\/2025\/11\/bolsonaro-preso-2.png?resize=350%2C200&ssl=1 1x, https:\/\/i0.wp.com\/www.jornalja.com.br\/geral\/wp-content\/uploads\/sites\/4\/2025\/11\/bolsonaro-preso-2.png?resize=525%2C300&ssl=1 1.5x"},"classes":[]},{"id":100233,"url":"https:\/\/www.jornalja.com.br\/geral\/100233-2\/","url_meta":{"origin":94384,"position":3},"title":"STF publica ac\u00f3rd\u00e3o do julgamento que manteve condena\u00e7\u00e3o; Bolsonaro ainda tem cinco dias para recorrer","author":"da Reda\u00e7\u00e3o","date":"17 de novembro de 2025","format":false,"excerpt":"Est\u00e1 publicado no \"Di\u00e1rio de Justi\u00e7a Eletr\u00f4nico\" desta ter\u00e7a-feira, 18,\u00a0 o ac\u00f3rd\u00e3o do julgamento em que o STF rejeitou os recursos do ex-presidente Jair Bolsonaro e mais seis r\u00e9us condenados pela tentativa de golpe de Estados. Com a publica\u00e7\u00e3o do ac\u00f3rd\u00e3o (o resultado do julgamento), correm os prazos para a\u2026","rel":"","context":"Em &quot;Geral-MAT\u00c9RIA&quot;","block_context":{"text":"Geral-MAT\u00c9RIA","link":"https:\/\/www.jornalja.com.br\/geral\/category\/geral\/"},"img":{"alt_text":"","src":"https:\/\/i0.wp.com\/www.jornalja.com.br\/geral\/wp-content\/uploads\/sites\/4\/2025\/09\/bolsonaro-julgameto.png?resize=350%2C200&ssl=1","width":350,"height":200},"classes":[]},{"id":92373,"url":"https:\/\/www.jornalja.com.br\/geral\/dilma-diz-que-foi-alvo-de-crime-e-que-justica-escondeu-o-cadaver\/","url_meta":{"origin":94384,"position":4},"title":"Dilma diz que foi v\u00edtima de crime e que Justi\u00e7a escondeu o cad\u00e1ver","author":"Elmar Bones","date":"27 de abril de 2022","format":false,"excerpt":"A ex-presidente Dilma Rousseff disse em palestra na Assembl\u00e9ia do Rio Grande do Sul que o impeachment contra ela foi um \"ataque \u00e0 \"Constitui\u00e7\u00e3o\" e o STF n\u00e3o quis ver. \"No m\u00e9rito foi um crime contra uma presidente legitimamente eleita\". Dilma falou num painel sobre \"V\u00edtimas do Sistema de Justi\u00e7a\",\u2026","rel":"","context":"Em &quot;Geral-MAT\u00c9RIA&quot;","block_context":{"text":"Geral-MAT\u00c9RIA","link":"https:\/\/www.jornalja.com.br\/geral\/category\/geral\/"},"img":{"alt_text":"","src":"https:\/\/i0.wp.com\/www.jornalja.com.br\/geral\/wp-content\/uploads\/sites\/4\/2022\/04\/dilma-rousseff-no-forum-social.jpg?resize=350%2C200&ssl=1","width":350,"height":200,"srcset":"https:\/\/i0.wp.com\/www.jornalja.com.br\/geral\/wp-content\/uploads\/sites\/4\/2022\/04\/dilma-rousseff-no-forum-social.jpg?resize=350%2C200&ssl=1 1x, https:\/\/i0.wp.com\/www.jornalja.com.br\/geral\/wp-content\/uploads\/sites\/4\/2022\/04\/dilma-rousseff-no-forum-social.jpg?resize=525%2C300&ssl=1 1.5x"},"classes":[]},{"id":100576,"url":"https:\/\/www.jornalja.com.br\/geral\/ministro-da-justica-nomeado-por-lula-ficou-14-dias-no-cargo-no-governo-dilma\/","url_meta":{"origin":94384,"position":5},"title":"Ministro da Justi\u00e7a nomeado por Lula ficou 14 dias no cargo no governo Dilma","author":"da Reda\u00e7\u00e3o","date":"13 de janeiro de 2026","format":false,"excerpt":"Wellington C\u00e9sar Lima e Silva, nomeado pelo presidente Lula para o Minist\u00e9rio da Justi\u00e7a, j\u00e1 exerceu o cargo no governo de Dilma Rousseff . Foi nomeado em mar\u00e7o de 2016 e ficou apenas 14 dias no cargo. O Supremo Tribunal Federal (STF) decidiu que integrantes do Minist\u00e9rio P\u00fablico ( Wellington\u2026","rel":"","context":"Em &quot;MANCHETE do Site&quot;","block_context":{"text":"MANCHETE do Site","link":"https:\/\/www.jornalja.com.br\/geral\/category\/manchete-do-site\/"},"img":{"alt_text":"","src":"https:\/\/i0.wp.com\/www.jornalja.com.br\/geral\/wp-content\/uploads\/sites\/4\/2026\/01\/lula-e-o-novo-ministro-da-justica.png?resize=350%2C200&ssl=1","width":350,"height":200},"classes":[]}],"jetpack_sharing_enabled":true,"_links":{"self":[{"href":"https:\/\/www.jornalja.com.br\/geral\/wp-json\/wp\/v2\/posts\/94384","targetHints":{"allow":["GET"]}}],"collection":[{"href":"https:\/\/www.jornalja.com.br\/geral\/wp-json\/wp\/v2\/posts"}],"about":[{"href":"https:\/\/www.jornalja.com.br\/geral\/wp-json\/wp\/v2\/types\/post"}],"author":[{"embeddable":true,"href":"https:\/\/www.jornalja.com.br\/geral\/wp-json\/wp\/v2\/users\/5"}],"replies":[{"embeddable":true,"href":"https:\/\/www.jornalja.com.br\/geral\/wp-json\/wp\/v2\/comments?post=94384"}],"version-history":[{"count":3,"href":"https:\/\/www.jornalja.com.br\/geral\/wp-json\/wp\/v2\/posts\/94384\/revisions"}],"predecessor-version":[{"id":94425,"href":"https:\/\/www.jornalja.com.br\/geral\/wp-json\/wp\/v2\/posts\/94384\/revisions\/94425"}],"wp:featuredmedia":[{"embeddable":true,"href":"https:\/\/www.jornalja.com.br\/geral\/wp-json\/wp\/v2\/media\/94385"}],"wp:attachment":[{"href":"https:\/\/www.jornalja.com.br\/geral\/wp-json\/wp\/v2\/media?parent=94384"}],"wp:term":[{"taxonomy":"category","embeddable":true,"href":"https:\/\/www.jornalja.com.br\/geral\/wp-json\/wp\/v2\/categories?post=94384"},{"taxonomy":"post_tag","embeddable":true,"href":"https:\/\/www.jornalja.com.br\/geral\/wp-json\/wp\/v2\/tags?post=94384"}],"curies":[{"name":"wp","href":"https:\/\/api.w.org\/{rel}","templated":true}]}}