{"id":94591,"date":"2022-12-20T17:46:58","date_gmt":"2022-12-20T20:46:58","guid":{"rendered":"https:\/\/www.jornalja.com.br\/colunas\/?p=83841"},"modified":"2022-12-20T17:49:50","modified_gmt":"2022-12-20T20:49:50","slug":"vamos-anular-esse-leilao-diz-presidente-do-sindiagua","status":"publish","type":"post","link":"https:\/\/www.jornalja.com.br\/geral\/vamos-anular-esse-leilao-diz-presidente-do-sindiagua\/","title":{"rendered":"\u201cVamos anular esse leil\u00e3o\u201d, diz presidente do Sindi\u00e1gua"},"content":{"rendered":"<p>\u201cA \u00e1gua \u00e9 p\u00fablica e n\u00e3o pode ser privatizada. Vamos anular esse leil\u00e3o\u201d, declarou Arilson W\u00fcnsch, presidente do Sindicato dos Trabalhadores nas Ind\u00fastrias da Purifica\u00e7\u00e3o e Distribui\u00e7\u00e3o de \u00c1gua e em Servi\u00e7os de Esgoto do Estado do Rio Grande do Sul (Sindi\u00e1gua), ap\u00f3s o leil\u00e3o da Companhia Riograndense de Saneamento (Corsan) realizado na manh\u00e3 de ter\u00e7a-feira (20\/12) na Bolsa de Valores B3 de S\u00e3o Paulo.<\/p>\n<p>A afirma\u00e7\u00e3o est\u00e1 baseada na ofensiva judicial que o Sindicato tem empreendido nas diferentes esferas.<br \/>\n\u201cH\u00e1 quatro medidas liminares que pro\u00edbem a assinatura do contrato com a arrematante exatamente porque afloram ind\u00edcios de irregularidades neste processo. Agora vamos comprovar que essas irregularidades s\u00e3o reais e causam um enorme preju\u00edzo ao Estado e ao povo do Rio Grande do Sul\u201d, declarou o dirigente.<\/p>\n<p>A assinatura do contrato est\u00e1 prevista para 20 de mar\u00e7o de 2023, mas est\u00e1 proibida pela Justi\u00e7a de ocorrer antes do julgamento de m\u00e9rito das a\u00e7\u00f5es em andamento.<br \/>\nApenas uma empresa \u2013 a Aegea &#8211; se apresentou para arrematar a estatal pelo valor de R$ 4.151.508.819,45, com \u00e1gio de 1,1% sobre o valor m\u00ednimo exigido de R$ 4,1 bilh\u00e3o.<\/p>\n<p>No dia 16\/12 o Sindi\u00e1gua registrou em cart\u00f3rio prevendo justamente a Aegea como vencedora a partir de suspeitas de favorecimento. O faturamento anual da Corsan \u00e9 superior a R$ 3,1 bilh\u00f5es.<br \/>\n\u201cA companhia foi vendida por pre\u00e7o p\u00edfio, a um \u00fanico licitante, que era de todos conhecido muito antes sequer da publica\u00e7\u00e3o do Edital. \u00c9 a leg\u00edtima cr\u00f4nica de um preju\u00edzo anunciado\u201d, registrou o dirigente que estima o valor patrimonial da companhia em R$ 120 bilh\u00f5es.<br \/>\n\u201cEntregar a Corsan pelo pre\u00e7o pago pela Aegea \u00e9 um presente de Natal do Governo do Estado aos empres\u00e1rios privados. O Sindi\u00e1gua vai provar que o valor pago, fica abaixo do valor real da companhia\u201d, completa W\u00fcnsch.<br \/>\nSegundo o Sindi\u00e1gua, &#8220;a ofensiva privatista se desenrola na contram\u00e3o do movimento mundial de reestatiza\u00e7\u00f5es de servi\u00e7os p\u00fablicos&#8221;. Estudo recente demonstra 1.607 casos em 71 pa\u00edses ao redor do mundo de reestatiza\u00e7\u00e3o de servi\u00e7os essenciais, especialmente na Europa e Estados Unidos (https:\/\/cee.fiocruz.br\/?q=Privatizacoes-revertidas).<\/p>\n<p><strong>Aumento de tarifa<\/strong><br \/>\nDurante coletiva ap\u00f3s o leil\u00e3o, os dirigentes da Aegea informaram que o cons\u00f3rcio que arremetou a Corsan projeta investir R$ 16 bilh\u00f5es. O presidente da Corsan, Roberto Barbutti, declarou aos jornalistas que a \u201crevis\u00e3o tarif\u00e1ria deve incorporar os investimentos da empresa\u201d, confirmando a amplia\u00e7\u00e3o das tarifas.<br \/>\nO compromisso \u00e9 manter a tarifa at\u00e9 2027 nos 74 munic\u00edpios que assinaram contrato com o Governo do Estado, aderindo aos termos da privatiza\u00e7\u00e3o.<br \/>\n]<\/p>\n","protected":false},"excerpt":{"rendered":"<p>\u201cA \u00e1gua \u00e9 p\u00fablica e n\u00e3o pode ser privatizada. Vamos anular esse leil\u00e3o\u201d, declarou Arilson W\u00fcnsch, presidente do Sindicato dos Trabalhadores nas Ind\u00fastrias da Purifica\u00e7\u00e3o e Distribui\u00e7\u00e3o de \u00c1gua e em Servi\u00e7os de Esgoto do Estado do Rio Grande do Sul (Sindi\u00e1gua), ap\u00f3s o leil\u00e3o da Companhia Riograndense de Saneamento (Corsan) realizado na manh\u00e3 de [&hellip;]<\/p>\n","protected":false},"author":5,"featured_media":94594,"comment_status":"open","ping_status":"open","sticky":false,"template":"","format":"standard","meta":{"jetpack_post_was_ever_published":false,"_jetpack_newsletter_access":"","_jetpack_dont_email_post_to_subs":false,"_jetpack_newsletter_tier_id":0,"_jetpack_memberships_contains_paywalled_content":false,"_jetpack_memberships_contains_paid_content":false,"footnotes":"","jetpack_publicize_message":"","jetpack_publicize_feature_enabled":true,"jetpack_social_post_already_shared":true,"jetpack_social_options":{"image_generator_settings":{"template":"highway","default_image_id":0,"font":"","enabled":false},"version":2}},"categories":[2],"tags":[87,372,236,283,6,373,57,152,335,479,14,15,374,186,149,95,530,20],"class_list":["post-94591","post","type-post","status-publish","format-standard","has-post-thumbnail","hentry","category-geral","tag-ari","tag-corsan","tag-governo","tag-governo-do-estado","tag-jornalistas","tag-leilao","tag-natal","tag-prejuizo","tag-privatizacao","tag-red","tag-rio-grande-do-sul","tag-rs","tag-saneamento","tag-sao-paulo","tag-sc","tag-sp","tag-stu","tag-sus"],"aioseo_notices":[],"jetpack_publicize_connections":[],"jetpack_featured_media_url":"https:\/\/www.jornalja.com.br\/geral\/wp-content\/uploads\/sites\/4\/2022\/12\/corsan-privatizacao.jpg","jetpack_shortlink":"https:\/\/wp.me\/pbKhrD-oBF","jetpack-related-posts":[{"id":94600,"url":"https:\/\/www.jornalja.com.br\/geral\/corsan-arrematada-por-r-41-bilhoes-mas-acoes-ainda-impedem-assinatura-do-contrato\/","url_meta":{"origin":94591,"position":0},"title":"Corsan arrematada por R$ 4,1 bilh\u00f5es mas a\u00e7\u00f5es na Justi\u00e7a ainda impedem assinatura do contrato","author":"da Reda\u00e7\u00e3o","date":"20 de dezembro de 2022","format":false,"excerpt":"Com decis\u00e3o judicial que derrubou liminar na v\u00e9spera, a Companhia Riograndense de Saneamento (Corsan) foi a leil\u00e3o na bolsa de valores de S\u00e3o Paulo, na manh\u00e3 desta ter\u00e7a-feira (20). Um \u00fanico interessado se apresentou: um cons\u00f3rcio liderado pelo grupo \u00a0Aegea que rematou a empresa por R$ 4,151 bilh\u00f5es, pouco mais\u2026","rel":"","context":"Em &quot;Geral-MAT\u00c9RIA&quot;","block_context":{"text":"Geral-MAT\u00c9RIA","link":"https:\/\/www.jornalja.com.br\/geral\/category\/geral\/"},"img":{"alt_text":"","src":"https:\/\/i0.wp.com\/www.jornalja.com.br\/geral\/wp-content\/uploads\/sites\/4\/2022\/12\/corsao-leilao-em-sp.jpg?resize=350%2C200&ssl=1","width":350,"height":200,"srcset":"https:\/\/i0.wp.com\/www.jornalja.com.br\/geral\/wp-content\/uploads\/sites\/4\/2022\/12\/corsao-leilao-em-sp.jpg?resize=350%2C200&ssl=1 1x, https:\/\/i0.wp.com\/www.jornalja.com.br\/geral\/wp-content\/uploads\/sites\/4\/2022\/12\/corsao-leilao-em-sp.jpg?resize=525%2C300&ssl=1 1.5x, https:\/\/i0.wp.com\/www.jornalja.com.br\/geral\/wp-content\/uploads\/sites\/4\/2022\/12\/corsao-leilao-em-sp.jpg?resize=700%2C400&ssl=1 2x"},"classes":[]},{"id":94512,"url":"https:\/\/www.jornalja.com.br\/geral\/com-mercadante-na-presidencia-bndes-vai-rever-programa-de-privatizacoes\/","url_meta":{"origin":94591,"position":1},"title":"Corsan e Cais Mau\u00e1: os maiores projetos de privatiza\u00e7\u00e3o no RS com financiamento do BNDES","author":"da Reda\u00e7\u00e3o","date":"12 de dezembro de 2022","format":false,"excerpt":"A prioridade do novo presidente do BNDES, Alo\u00edsio Mercadante,\u00a0 ser\u00e1 uma\u00a0 revis\u00e3o do Programa de privatiza\u00e7\u00f5es, atrav\u00e9s do qual o banco\u00a0 estatal financia empresas privadas em concess\u00f5es de servi\u00e7os ou compra de ativos p\u00fablicos. O novo presidente ainda n\u00e3o se manifestou publicamente, mas \u00e9 o que se deduz de seus\u2026","rel":"","context":"Em &quot;Geral-MAT\u00c9RIA&quot;","block_context":{"text":"Geral-MAT\u00c9RIA","link":"https:\/\/www.jornalja.com.br\/geral\/category\/geral\/"},"img":{"alt_text":"","src":"https:\/\/i0.wp.com\/www.jornalja.com.br\/geral\/wp-content\/uploads\/sites\/4\/2022\/05\/cais-maua-docas-em-cascata.png?resize=350%2C200&ssl=1","width":350,"height":200,"srcset":"https:\/\/i0.wp.com\/www.jornalja.com.br\/geral\/wp-content\/uploads\/sites\/4\/2022\/05\/cais-maua-docas-em-cascata.png?resize=350%2C200&ssl=1 1x, https:\/\/i0.wp.com\/www.jornalja.com.br\/geral\/wp-content\/uploads\/sites\/4\/2022\/05\/cais-maua-docas-em-cascata.png?resize=525%2C300&ssl=1 1.5x, https:\/\/i0.wp.com\/www.jornalja.com.br\/geral\/wp-content\/uploads\/sites\/4\/2022\/05\/cais-maua-docas-em-cascata.png?resize=700%2C400&ssl=1 2x"},"classes":[]},{"id":94561,"url":"https:\/\/www.jornalja.com.br\/geral\/com-leilao-suspenso-privatizacao-da-corsan-e-incerta\/","url_meta":{"origin":94591,"position":2},"title":"Com leil\u00e3o suspenso, privatiza\u00e7\u00e3o da Corsan \u00e9 incerta","author":"Elmar Bones","date":"19 de dezembro de 2022","format":false,"excerpt":"Marcado para esta ter\u00e7a-feira, 20\/12, o leil\u00e3o de privatiza\u00e7\u00e3o da Companhia Riograndense de Saneamento (Corsan), \u00e9 incerto. Uma decis\u00e3o judicial suspendeu o leil\u00e3o na quinta-feira, 15, mas\u00a0 o governo recorre para manter a data. O impasse, por\u00e9m, j\u00e1 afasta investidores estrangeiros, segundo o notici\u00e1rio. Se n\u00e3o conseguir concluir a privatiza\u00e7\u00e3o\u2026","rel":"","context":"Em &quot;Geral-MAT\u00c9RIA&quot;","block_context":{"text":"Geral-MAT\u00c9RIA","link":"https:\/\/www.jornalja.com.br\/geral\/category\/geral\/"},"img":{"alt_text":"","src":"https:\/\/i0.wp.com\/www.jornalja.com.br\/geral\/wp-content\/uploads\/sites\/4\/2022\/12\/privatizacao-da-corsan-e-dmae-1.jpeg?resize=350%2C200&ssl=1","width":350,"height":200,"srcset":"https:\/\/i0.wp.com\/www.jornalja.com.br\/geral\/wp-content\/uploads\/sites\/4\/2022\/12\/privatizacao-da-corsan-e-dmae-1.jpeg?resize=350%2C200&ssl=1 1x, https:\/\/i0.wp.com\/www.jornalja.com.br\/geral\/wp-content\/uploads\/sites\/4\/2022\/12\/privatizacao-da-corsan-e-dmae-1.jpeg?resize=525%2C300&ssl=1 1.5x, https:\/\/i0.wp.com\/www.jornalja.com.br\/geral\/wp-content\/uploads\/sites\/4\/2022\/12\/privatizacao-da-corsan-e-dmae-1.jpeg?resize=700%2C400&ssl=1 2x, https:\/\/i0.wp.com\/www.jornalja.com.br\/geral\/wp-content\/uploads\/sites\/4\/2022\/12\/privatizacao-da-corsan-e-dmae-1.jpeg?resize=1050%2C600&ssl=1 3x, https:\/\/i0.wp.com\/www.jornalja.com.br\/geral\/wp-content\/uploads\/sites\/4\/2022\/12\/privatizacao-da-corsan-e-dmae-1.jpeg?resize=1400%2C800&ssl=1 4x"},"classes":[]},{"id":100908,"url":"https:\/\/www.jornalja.com.br\/geral\/com-pressao-de-cpi-e-auditoria-do-tce-governo-leite-adia-leilao-para-concessao-de-rodovias\/","url_meta":{"origin":94591,"position":3},"title":"Com press\u00e3o de CPI e auditoria do TCE, governo Leite adia leil\u00e3o para concess\u00e3o de rodovias","author":"da Reda\u00e7\u00e3o","date":"3 de mar\u00e7o de 2026","format":false,"excerpt":"O governador Eduardo Leite, em coletiva de imprensa realizada no Pal\u00e1cio Piratini nesta ter\u00e7a-feira (3\/3), prometeu uma redu\u00e7\u00e3o da tarifa e mudan\u00e7a na data do leil\u00e3o do Bloco 2 de rodovias no Estado. O bloco envolve estradas localizadas no Vale do Taquari e Norte do Rio Grande Sul. A tarifa\u2026","rel":"","context":"Em &quot;Geral-MAT\u00c9RIA&quot;","block_context":{"text":"Geral-MAT\u00c9RIA","link":"https:\/\/www.jornalja.com.br\/geral\/category\/geral\/"},"img":{"alt_text":"","src":"https:\/\/i0.wp.com\/www.jornalja.com.br\/geral\/wp-content\/uploads\/sites\/4\/2026\/03\/leite-faz-anuncio-no-palacio-piratini-sobre-bloco-2-de-rodovias-fev26.jpg?resize=350%2C200&ssl=1","width":350,"height":200,"srcset":"https:\/\/i0.wp.com\/www.jornalja.com.br\/geral\/wp-content\/uploads\/sites\/4\/2026\/03\/leite-faz-anuncio-no-palacio-piratini-sobre-bloco-2-de-rodovias-fev26.jpg?resize=350%2C200&ssl=1 1x, https:\/\/i0.wp.com\/www.jornalja.com.br\/geral\/wp-content\/uploads\/sites\/4\/2026\/03\/leite-faz-anuncio-no-palacio-piratini-sobre-bloco-2-de-rodovias-fev26.jpg?resize=525%2C300&ssl=1 1.5x, https:\/\/i0.wp.com\/www.jornalja.com.br\/geral\/wp-content\/uploads\/sites\/4\/2026\/03\/leite-faz-anuncio-no-palacio-piratini-sobre-bloco-2-de-rodovias-fev26.jpg?resize=700%2C400&ssl=1 2x, https:\/\/i0.wp.com\/www.jornalja.com.br\/geral\/wp-content\/uploads\/sites\/4\/2026\/03\/leite-faz-anuncio-no-palacio-piratini-sobre-bloco-2-de-rodovias-fev26.jpg?resize=1050%2C600&ssl=1 3x, https:\/\/i0.wp.com\/www.jornalja.com.br\/geral\/wp-content\/uploads\/sites\/4\/2026\/03\/leite-faz-anuncio-no-palacio-piratini-sobre-bloco-2-de-rodovias-fev26.jpg?resize=1400%2C800&ssl=1 4x"},"classes":[]},{"id":79605,"url":"https:\/\/www.jornalja.com.br\/geral\/consorcio-aegea-vence-leilao-do-saneamento-da-corsan-a-maior-ppp-do-pais\/","url_meta":{"origin":94591,"position":4},"title":"Cons\u00f3rcio Aegea vence leil\u00e3o do saneamento da Corsan, a maior PPP do pa\u00eds","author":"da Reda\u00e7\u00e3o","date":"29 de novembro de 2019","format":false,"excerpt":"O Cons\u00f3rcio Aegea foi o vencedor do leil\u00e3o da parceria p\u00fablico-privada (PPP) da Companhia Riograndense de Saneamento (Corsan). Com uma proposta de R$ 2,40 por metro c\u00fabico de esgoto faturado, com des\u00e1gio de 37,92%, o cons\u00f3rcio dever\u00e1 ampliar a cobertura de esgoto de aproximadamente 14% para 87,3%, em at\u00e9 11\u2026","rel":"","context":"Em &quot;Geral-MAT\u00c9RIA&quot;","block_context":{"text":"Geral-MAT\u00c9RIA","link":"https:\/\/www.jornalja.com.br\/geral\/category\/geral\/"},"img":{"alt_text":"","src":"","width":0,"height":0},"classes":[]},{"id":100399,"url":"https:\/\/www.jornalja.com.br\/geral\/pt-e-pp-terao-maioria-na-cpi-dos-pedagios-leite-diz-que-governo-nao-se-acovardara\/","url_meta":{"origin":94591,"position":5},"title":"PT e PP ter\u00e3o maioria na CPI dos Ped\u00e1gios; Leite diz que governo &#8220;n\u00e3o se acovardar\u00e1&#8221;","author":"da Reda\u00e7\u00e3o","date":"15 de dezembro de 2025","format":false,"excerpt":"Ser\u00e1 instalada nesta ter\u00e7a-feira,\u00a0 CPI dos Ped\u00e1gios, para investigar os contratos de concess\u00e3o de rodovias pelo governo do Estado do Rio Grande do Sul. O in\u00edcio efetivo das atividades ser\u00e1 na sexta-feira (19), quando os titulares se re\u00fanem pela primeira vez para definir o relator, o vice-presidente e o plano\u2026","rel":"","context":"Em &quot;Geral-MAT\u00c9RIA&quot;","block_context":{"text":"Geral-MAT\u00c9RIA","link":"https:\/\/www.jornalja.com.br\/geral\/category\/geral\/"},"img":{"alt_text":"","src":"https:\/\/i0.wp.com\/www.jornalja.com.br\/geral\/wp-content\/uploads\/sites\/4\/2025\/12\/eduardo-leite-pedagios.jpeg?resize=350%2C200&ssl=1","width":350,"height":200,"srcset":"https:\/\/i0.wp.com\/www.jornalja.com.br\/geral\/wp-content\/uploads\/sites\/4\/2025\/12\/eduardo-leite-pedagios.jpeg?resize=350%2C200&ssl=1 1x, https:\/\/i0.wp.com\/www.jornalja.com.br\/geral\/wp-content\/uploads\/sites\/4\/2025\/12\/eduardo-leite-pedagios.jpeg?resize=525%2C300&ssl=1 1.5x, https:\/\/i0.wp.com\/www.jornalja.com.br\/geral\/wp-content\/uploads\/sites\/4\/2025\/12\/eduardo-leite-pedagios.jpeg?resize=700%2C400&ssl=1 2x"},"classes":[]}],"jetpack_sharing_enabled":true,"_links":{"self":[{"href":"https:\/\/www.jornalja.com.br\/geral\/wp-json\/wp\/v2\/posts\/94591","targetHints":{"allow":["GET"]}}],"collection":[{"href":"https:\/\/www.jornalja.com.br\/geral\/wp-json\/wp\/v2\/posts"}],"about":[{"href":"https:\/\/www.jornalja.com.br\/geral\/wp-json\/wp\/v2\/types\/post"}],"author":[{"embeddable":true,"href":"https:\/\/www.jornalja.com.br\/geral\/wp-json\/wp\/v2\/users\/5"}],"replies":[{"embeddable":true,"href":"https:\/\/www.jornalja.com.br\/geral\/wp-json\/wp\/v2\/comments?post=94591"}],"version-history":[{"count":3,"href":"https:\/\/www.jornalja.com.br\/geral\/wp-json\/wp\/v2\/posts\/94591\/revisions"}],"predecessor-version":[{"id":94598,"href":"https:\/\/www.jornalja.com.br\/geral\/wp-json\/wp\/v2\/posts\/94591\/revisions\/94598"}],"wp:featuredmedia":[{"embeddable":true,"href":"https:\/\/www.jornalja.com.br\/geral\/wp-json\/wp\/v2\/media\/94594"}],"wp:attachment":[{"href":"https:\/\/www.jornalja.com.br\/geral\/wp-json\/wp\/v2\/media?parent=94591"}],"wp:term":[{"taxonomy":"category","embeddable":true,"href":"https:\/\/www.jornalja.com.br\/geral\/wp-json\/wp\/v2\/categories?post=94591"},{"taxonomy":"post_tag","embeddable":true,"href":"https:\/\/www.jornalja.com.br\/geral\/wp-json\/wp\/v2\/tags?post=94591"}],"curies":[{"name":"wp","href":"https:\/\/api.w.org\/{rel}","templated":true}]}}