{"id":94646,"date":"2022-12-26T11:30:52","date_gmt":"2022-12-26T14:30:52","guid":{"rendered":"https:\/\/www.jornalja.com.br\/geral\/?p=94646"},"modified":"2022-12-28T11:17:33","modified_gmt":"2022-12-28T14:17:33","slug":"aumenta-a-tensao-em-brasilia-com-explosivos-descobertos-e-novas-prisoes","status":"publish","type":"post","link":"https:\/\/www.jornalja.com.br\/geral\/aumenta-a-tensao-em-brasilia-com-explosivos-descobertos-e-novas-prisoes\/","title":{"rendered":"Aumenta a tens\u00e3o em Brasilia com descoberta de explosivos e novas pris\u00f5es"},"content":{"rendered":"<p>Uma den\u00fancia an\u00f4nima levou a Policia Militar do Distrito Federal a encontrar cerca de 40 kg de explosivos\u00a0 em \u00e1rea de mata, nos arredores da capital, na noite de domingo (25).<br \/>\nSegundo a PM,\u00a0 al\u00e9m dos artefatos, 13 coletes \u00e0 prova de balas e cinco capas de coletes foram localizados durante a opera\u00e7\u00e3o e v\u00e3o passar por per\u00edcia.<\/p>\n<figure id=\"attachment_94647\" aria-describedby=\"caption-attachment-94647\" style=\"width: 450px\" class=\"wp-caption alignnone\"><img decoding=\"async\" data-attachment-id=\"94647\" data-permalink=\"https:\/\/www.jornalja.com.br\/geral\/aumenta-a-tensao-em-brasilia-com-explosivos-descobertos-e-novas-prisoes\/explosivos-em-basilia\/\" data-orig-file=\"https:\/\/www.jornalja.com.br\/geral\/wp-content\/uploads\/sites\/4\/2022\/12\/explosivos-em-basilia.png\" data-orig-size=\"617,466\" data-comments-opened=\"1\" data-image-meta=\"{&quot;aperture&quot;:&quot;0&quot;,&quot;credit&quot;:&quot;&quot;,&quot;camera&quot;:&quot;&quot;,&quot;caption&quot;:&quot;&quot;,&quot;created_timestamp&quot;:&quot;0&quot;,&quot;copyright&quot;:&quot;&quot;,&quot;focal_length&quot;:&quot;0&quot;,&quot;iso&quot;:&quot;0&quot;,&quot;shutter_speed&quot;:&quot;0&quot;,&quot;title&quot;:&quot;&quot;,&quot;orientation&quot;:&quot;0&quot;}\" data-image-title=\"Explosivos em Basilia\" data-image-description=\"\" data-image-caption=\"&lt;p&gt;Coletes \u00e0 prova de bala e explosivos foram encontrados pela pol\u00edcia, ap\u00f3s denuncia. Foto: Divulga\u00e7\u00e3o PMDF&lt;\/p&gt;\n\" data-large-file=\"https:\/\/www.jornalja.com.br\/geral\/wp-content\/uploads\/sites\/4\/2022\/12\/explosivos-em-basilia.png\" class=\"size-medium wp-image-94647\" src=\"https:\/\/www.jornalja.com.br\/geral\/wp-content\/uploads\/sites\/4\/2022\/12\/explosivos-em-basilia-450x340.png\" alt=\"\" width=\"450\" height=\"340\" srcset=\"https:\/\/www.jornalja.com.br\/geral\/wp-content\/uploads\/sites\/4\/2022\/12\/explosivos-em-basilia-450x340.png 450w, https:\/\/www.jornalja.com.br\/geral\/wp-content\/uploads\/sites\/4\/2022\/12\/explosivos-em-basilia.png 617w\" sizes=\"(max-width: 450px) 100vw, 450px\" \/><figcaption id=\"caption-attachment-94647\" class=\"wp-caption-text\">Coletes \u00e0 prova de bala e explosivos foram encontrados pela pol\u00edcia, ap\u00f3s denuncia. Foto: Divulga\u00e7\u00e3o PMDF<\/figcaption><\/figure>\n<p>&nbsp;<\/p>\n<p>Por volta das 23h, o esquadr\u00e3o anti-bombas conseguiu neutralizar os explosivos e fez uma detona\u00e7\u00e3o controlada do material.<br \/>\nO material foi encontrado um dia ap\u00f3s a pris\u00e3o do bolsonarista\u00a0George Washington de Oliveira Sousa, que\u00a0confessou ter montado uma bomba instalada em um caminh\u00e3o perto do Aeroporto de Bras\u00edlia. O explosivo chegou a ser acionado, mas n\u00e3o explodiu.<br \/>\nAt\u00e9 agora, a pol\u00edcia n\u00e3o conseguiu estabelecer uma\u00a0rela\u00e7\u00e3o direta entre os dois casos.\u00a0O bolsonarista foi autuado por terrorismo e a Justi\u00e7a determinou a pris\u00e3o dele por tempo indeterminado.<\/p>\n<p>Tamb\u00e9m na noite de domingo, um grupo de dez manifestantes foi preso pela Pol\u00edcia Militar do Distrito Federal (PCDF), ao ser flagrado com estilingues, bolas de gude e r\u00e1dios transmissores. Os suspeitos disseram \u00e0 pol\u00edcia que iriam participar de um protesto em frente ao Supremo Tribunal Federal (STF).<\/p>\n<p>Segundo a PM, s\u00e3o moradores de S\u00e3o Paulo e do Par\u00e1, que\u00a0 foram a Bras\u00edlia participar dos protestos em frente ao Quartel-General do Ex\u00e9rcito.<\/p>\n<p>O grupo soube, por meio de uma live nas redes sociais, que ind\u00edgenas invadiram a \u00e1rea do STF para pedir a soltura do cacique Jos\u00e9 Ac\u00e1cio Tsere Xavante, preso por atos antidemocr\u00e1ticos. Decidiram se juntar ao grupo.\u00a0 Com eles, a pol\u00edcia encontrou estilingues, r\u00e1dios transmissores e bolas de gude. No carro de um deles, foi apreendida uma faca. Todos foram conduzidos \u00e0 5\u00aa Delegacia de Pol\u00edcia (\u00e1rea central) e assinaram um termo circunstanciado de ocorr\u00eancia por porte de arma branca.<\/p>\n","protected":false},"excerpt":{"rendered":"<p>Uma den\u00fancia an\u00f4nima levou a Policia Militar do Distrito Federal a encontrar cerca de 40 kg de explosivos\u00a0 em \u00e1rea de mata, nos arredores da capital, na noite de domingo (25). Segundo a PM,\u00a0 al\u00e9m dos artefatos, 13 coletes \u00e0 prova de balas e cinco capas de coletes foram localizados durante a opera\u00e7\u00e3o e v\u00e3o [&hellip;]<\/p>\n","protected":false},"author":4,"featured_media":94648,"comment_status":"open","ping_status":"open","sticky":false,"template":"","format":"standard","meta":{"jetpack_post_was_ever_published":false,"_jetpack_newsletter_access":"","_jetpack_dont_email_post_to_subs":false,"_jetpack_newsletter_tier_id":0,"_jetpack_memberships_contains_paywalled_content":false,"_jetpack_memberships_contains_paid_content":false,"footnotes":"","jetpack_publicize_message":"","jetpack_publicize_feature_enabled":true,"jetpack_social_post_already_shared":true,"jetpack_social_options":{"image_generator_settings":{"template":"highway","default_image_id":0,"font":"","enabled":false},"version":2}},"categories":[2],"tags":[87,238,439,329,160,475,161,479,186,149,95,444,20],"class_list":["post-94646","post","type-post","status-publish","format-standard","has-post-thumbnail","hentry","category-geral","tag-ari","tag-brasil","tag-policia","tag-policia-militar","tag-prisao","tag-protesto","tag-pt","tag-red","tag-sao-paulo","tag-sc","tag-sp","tag-stf","tag-sus"],"aioseo_notices":[],"jetpack_publicize_connections":[],"jetpack_featured_media_url":"https:\/\/www.jornalja.com.br\/geral\/wp-content\/uploads\/sites\/4\/2022\/12\/explosivos-em-brasilia-policia-prende-manifestantes.jpeg","jetpack_shortlink":"https:\/\/wp.me\/pbKhrD-oCy","jetpack-related-posts":[{"id":95723,"url":"https:\/\/www.jornalja.com.br\/geral\/policia-federal-busca-financiadores-do-atentado-no-aeroporto-de-brasilia\/","url_meta":{"origin":94646,"position":0},"title":"Pol\u00edcia Federal busca financiadores do atentado no aeroporto de Bras\u00edlia","author":"da Reda\u00e7\u00e3o","date":"6 de julho de 2023","format":false,"excerpt":"O assunto saiu do notici\u00e1rio,\u00a0 mas a Pol\u00edcia Federal ao que tudo indica n\u00e3o parou de investigar. Na manh\u00e3 desta quinta-feira, 06, a PF anunciou a Opera\u00e7\u00e3o Embarque Negado, \"para chegar aos financiadores do atentado a bomba nas proximidades do Aeroporto Internacional Juscelino Kubitschek, em Bras\u00edlia, em dezembro de 2022\".\u2026","rel":"","context":"Em &quot;Geral-MAT\u00c9RIA&quot;","block_context":{"text":"Geral-MAT\u00c9RIA","link":"https:\/\/www.jornalja.com.br\/geral\/category\/geral\/"},"img":{"alt_text":"","src":"https:\/\/i0.wp.com\/www.jornalja.com.br\/geral\/wp-content\/uploads\/sites\/4\/2023\/07\/atentado-em-brasilia.jpg?resize=350%2C200&ssl=1","width":350,"height":200,"srcset":"https:\/\/i0.wp.com\/www.jornalja.com.br\/geral\/wp-content\/uploads\/sites\/4\/2023\/07\/atentado-em-brasilia.jpg?resize=350%2C200&ssl=1 1x, https:\/\/i0.wp.com\/www.jornalja.com.br\/geral\/wp-content\/uploads\/sites\/4\/2023\/07\/atentado-em-brasilia.jpg?resize=525%2C300&ssl=1 1.5x"},"classes":[]},{"id":75375,"url":"https:\/\/www.jornalja.com.br\/geral\/contrabandistas-de-armas-tinham-ate-missil-para-vender\/","url_meta":{"origin":94646,"position":1},"title":"Contrabandistas de armas tinham at\u00e9 m\u00edssil para vender","author":"da Reda\u00e7\u00e3o","date":"16 de julho de 2019","format":false,"excerpt":"A pol\u00edcia do norte da It\u00e1lia prendeu tr\u00eas homens, incluindo um ligado a um partido pol\u00edtico neofascista italiano, depois de descobrir um enorme estoque de armas autom\u00e1ticas, material com s\u00edmbolos nazistas e um m\u00edssil de tr\u00eas metros. A pol\u00edcia disse que as descobertas resultaram de uma investiga\u00e7\u00e3o anterior sobre os\u2026","rel":"","context":"Em &quot;Geral-MAT\u00c9RIA&quot;","block_context":{"text":"Geral-MAT\u00c9RIA","link":"https:\/\/www.jornalja.com.br\/geral\/category\/geral\/"},"img":{"alt_text":"","src":"","width":0,"height":0},"classes":[]},{"id":86700,"url":"https:\/\/www.jornalja.com.br\/geral\/o-ataque-a-criciuma-e-o-novo-cangaco\/","url_meta":{"origin":94646,"position":2},"title":"O ataque a Crici\u00fama e o &#8220;Novo Canga\u00e7o&#8221;","author":"da Reda\u00e7\u00e3o","date":"1 de dezembro de 2020","format":false,"excerpt":"A a\u00e7\u00e3o durou uma hora e quarenta e cinco minutos. Pelo menos 30 homens participaram da opera\u00e7\u00e3o, na madrugada da segunda-feira. Foram usados dez ve\u00edculos e armamento pesado: fuzis de alto calibre , uma metralhadora .50, de uso restrito das for\u00e7as armadas, \"capaz de perfurar blindados e derrubar pequenas aeronaves\".\u2026","rel":"","context":"Em &quot;Geral-MAT\u00c9RIA&quot;","block_context":{"text":"Geral-MAT\u00c9RIA","link":"https:\/\/www.jornalja.com.br\/geral\/category\/geral\/"},"img":{"alt_text":"","src":"https:\/\/i0.wp.com\/www.jornalja.com.br\/geral\/wp-content\/uploads\/sites\/4\/2020\/12\/asssalto-em-criciuma-banco.jpg?resize=350%2C200&ssl=1","width":350,"height":200,"srcset":"https:\/\/i0.wp.com\/www.jornalja.com.br\/geral\/wp-content\/uploads\/sites\/4\/2020\/12\/asssalto-em-criciuma-banco.jpg?resize=350%2C200&ssl=1 1x, https:\/\/i0.wp.com\/www.jornalja.com.br\/geral\/wp-content\/uploads\/sites\/4\/2020\/12\/asssalto-em-criciuma-banco.jpg?resize=525%2C300&ssl=1 1.5x"},"classes":[]},{"id":83650,"url":"https:\/\/www.jornalja.com.br\/geral\/policia-militar-confirma-que-empresario-pediu-protecao-antes-de-denuncia\/","url_meta":{"origin":94646,"position":3},"title":"Pol\u00edcia Militar confirma que empres\u00e1rio pediu prote\u00e7\u00e3o antes de den\u00fancia","author":"da Reda\u00e7\u00e3o","date":"18 de maio de 2020","format":false,"excerpt":"O G1 publicou nesta segunda a foto de uma viatura policial na frente da resid\u00eancia do empres\u00e1rio\u00a0 Paulo Marinho, que denunciou vazamento da Pol\u00edcia Federal para alertar Fl\u00e1vio Bolsonaro sobre investiga\u00e7\u00f5es. A PM confirmou ao portal que \"refor\u00e7ou o policiamento nas proximidades da resid\u00eancia de Marinho\", no Rio de Janeiro.\u2026","rel":"","context":"Em &quot;Geral-MAT\u00c9RIA&quot;","block_context":{"text":"Geral-MAT\u00c9RIA","link":"https:\/\/www.jornalja.com.br\/geral\/category\/geral\/"},"img":{"alt_text":"","src":"https:\/\/i0.wp.com\/www.jornalja.com.br\/geral\/wp-content\/uploads\/sites\/4\/2020\/05\/Paulo-Marinho-tem-a-seguran%C3%A7a-refor%C3%A7ada.jpg?resize=350%2C200&ssl=1","width":350,"height":200,"srcset":"https:\/\/i0.wp.com\/www.jornalja.com.br\/geral\/wp-content\/uploads\/sites\/4\/2020\/05\/Paulo-Marinho-tem-a-seguran%C3%A7a-refor%C3%A7ada.jpg?resize=350%2C200&ssl=1 1x, https:\/\/i0.wp.com\/www.jornalja.com.br\/geral\/wp-content\/uploads\/sites\/4\/2020\/05\/Paulo-Marinho-tem-a-seguran%C3%A7a-refor%C3%A7ada.jpg?resize=525%2C300&ssl=1 1.5x"},"classes":[]},{"id":89633,"url":"https:\/\/www.jornalja.com.br\/geral\/seis-mortes-em-assalto-a-banco-no-interior-de-sao-paulo\/","url_meta":{"origin":94646,"position":4},"title":"Tr\u00eas mortes em mega-assalto a banco no interior de S\u00e3o Paulo","author":"da Reda\u00e7\u00e3o","date":"30 de agosto de 2021","format":false,"excerpt":"Criminosos com armamento pesado e explosivos atacaram tr\u00eas ag\u00eancias banc\u00e1rias no Centro de Ara\u00e7atuba\u00a0(SP), no in\u00edcio da madrugada desta segunda-feira (30). Eles chegaram \u00e0 cidade por volta da 1 h da madrugada. Seriam pelo menos mais de 20 homens em dez carros.\u00a0 Inclusive drones foram usados para monitorar a a\u00e7\u00e3o.\u2026","rel":"","context":"Em &quot;Geral-MAT\u00c9RIA&quot;","block_context":{"text":"Geral-MAT\u00c9RIA","link":"https:\/\/www.jornalja.com.br\/geral\/category\/geral\/"},"img":{"alt_text":"","src":"https:\/\/i0.wp.com\/www.jornalja.com.br\/geral\/wp-content\/uploads\/sites\/4\/2021\/08\/aracatuba-3.png?resize=350%2C200&ssl=1","width":350,"height":200,"srcset":"https:\/\/i0.wp.com\/www.jornalja.com.br\/geral\/wp-content\/uploads\/sites\/4\/2021\/08\/aracatuba-3.png?resize=350%2C200&ssl=1 1x, https:\/\/i0.wp.com\/www.jornalja.com.br\/geral\/wp-content\/uploads\/sites\/4\/2021\/08\/aracatuba-3.png?resize=525%2C300&ssl=1 1.5x, https:\/\/i0.wp.com\/www.jornalja.com.br\/geral\/wp-content\/uploads\/sites\/4\/2021\/08\/aracatuba-3.png?resize=700%2C400&ssl=1 2x"},"classes":[]},{"id":97005,"url":"https:\/\/www.jornalja.com.br\/geral\/matador-de-marielle-vai-falar-pf-espera-que-ele-entregue-os-mandantes-do-crime\/","url_meta":{"origin":94646,"position":5},"title":"Matador de Marielle vai falar: PF espera que ele entregue os mandantes do crime","author":"da Reda\u00e7\u00e3o","date":"22 de janeiro de 2024","format":false,"excerpt":"Uma fonte n\u00e3o identificada confirmou ao rep\u00f3rter Lauro Jardim, do jornal O Globo, que o ex-sargento da Pol\u00edcia Militar, Ronnie Lessa, fechou acordo de dela\u00e7\u00e3o premiada com a Pol\u00edcia Federal. A informa\u00e7\u00e3o foi postada neste domingo \u00e0s 15h33 no site do jornal, mas n\u00e3o est\u00e1 na capa da edi\u00e7\u00e3o impressa\u2026","rel":"","context":"Em &quot;Geral-MAT\u00c9RIA&quot;","block_context":{"text":"Geral-MAT\u00c9RIA","link":"https:\/\/www.jornalja.com.br\/geral\/category\/geral\/"},"img":{"alt_text":"","src":"https:\/\/i0.wp.com\/www.jornalja.com.br\/geral\/wp-content\/uploads\/sites\/4\/2024\/01\/caso-marielle-ronnie-lessa.png?resize=350%2C200&ssl=1","width":350,"height":200},"classes":[]}],"jetpack_sharing_enabled":true,"_links":{"self":[{"href":"https:\/\/www.jornalja.com.br\/geral\/wp-json\/wp\/v2\/posts\/94646","targetHints":{"allow":["GET"]}}],"collection":[{"href":"https:\/\/www.jornalja.com.br\/geral\/wp-json\/wp\/v2\/posts"}],"about":[{"href":"https:\/\/www.jornalja.com.br\/geral\/wp-json\/wp\/v2\/types\/post"}],"author":[{"embeddable":true,"href":"https:\/\/www.jornalja.com.br\/geral\/wp-json\/wp\/v2\/users\/4"}],"replies":[{"embeddable":true,"href":"https:\/\/www.jornalja.com.br\/geral\/wp-json\/wp\/v2\/comments?post=94646"}],"version-history":[{"count":4,"href":"https:\/\/www.jornalja.com.br\/geral\/wp-json\/wp\/v2\/posts\/94646\/revisions"}],"predecessor-version":[{"id":94657,"href":"https:\/\/www.jornalja.com.br\/geral\/wp-json\/wp\/v2\/posts\/94646\/revisions\/94657"}],"wp:featuredmedia":[{"embeddable":true,"href":"https:\/\/www.jornalja.com.br\/geral\/wp-json\/wp\/v2\/media\/94648"}],"wp:attachment":[{"href":"https:\/\/www.jornalja.com.br\/geral\/wp-json\/wp\/v2\/media?parent=94646"}],"wp:term":[{"taxonomy":"category","embeddable":true,"href":"https:\/\/www.jornalja.com.br\/geral\/wp-json\/wp\/v2\/categories?post=94646"},{"taxonomy":"post_tag","embeddable":true,"href":"https:\/\/www.jornalja.com.br\/geral\/wp-json\/wp\/v2\/tags?post=94646"}],"curies":[{"name":"wp","href":"https:\/\/api.w.org\/{rel}","templated":true}]}}