{"id":94940,"date":"2023-01-21T10:10:39","date_gmt":"2023-01-21T13:10:39","guid":{"rendered":"https:\/\/www.jornalja.com.br\/geral\/?p=94940"},"modified":"2023-01-21T10:16:53","modified_gmt":"2023-01-21T13:16:53","slug":"viagem-de-lula-pimenta-anuncia-convenio-com-estatal-das-comunicacoes-da-argentina","status":"publish","type":"post","link":"https:\/\/www.jornalja.com.br\/geral\/viagem-de-lula-pimenta-anuncia-convenio-com-estatal-das-comunicacoes-da-argentina\/","title":{"rendered":"Viagem de Lula: Pimenta anuncia conv\u00eanio com estatal das comunica\u00e7\u00f5es da Argentina"},"content":{"rendered":"<p>O ministro-chefe da Secretaria de Comunica\u00e7\u00e3o Social da Presid\u00eancia da Rep\u00fablica, Paulo Pimenta, visitou hoje (20) as instala\u00e7\u00f5es da TV P\u00fablica da Argentina (TVP), em Buenos Aires. Ele est\u00e1 na\u00a0capital argentina para encontros pr\u00e9vios \u00e0 viagem do presidente Luiz In\u00e1cio Lula da Silva, que embarca para a Argentina no pr\u00f3ximo domingo (22) para a primeira viagem internacional do novo mandato.<\/p>\n<p>Ap\u00f3s a visita, em entrevista \u00e0\u00a0TV Brasil, da\u00a0Empresa Brasil de Comunica\u00e7\u00e3o (EBC), e \u00e0 TVP, Pimenta afirmou que pretende assinar um termo de coopera\u00e7\u00e3o entre os dois canais para a troca de experi\u00eancias.<\/p>\n<p>&#8220;O trabalho de comunica\u00e7\u00e3o p\u00fablica da Argentina \u00e9 \u00a0muito conhecido e respeitado. Na TV p\u00fablica, nas r\u00e1dios, na ag\u00eancia de not\u00edcias&#8221;, destacou.<\/p>\n<p>\u201cQueremos que o primeiro conv\u00eanio da\u00a0Empresa Brasil de Comunica\u00e7\u00e3o, a\u00a0EBC, agora no governo Lula, seja firmado com a TV p\u00fablica da Argentina, com os meios de comunica\u00e7\u00e3o p\u00fablicos argentinos&#8221;, acrescentou.<\/p>\n<p>A TVP \u00e9 uma emissora da R\u00e1dio e Televis\u00e3o Argentina (RTA), uma empresa p\u00fablica respons\u00e1vel pela gest\u00e3o da TV p\u00fablica, da R\u00e1dio Nacional, Canal 12, TV P\u00fablica Regional e do Servi\u00e7o de Radiodifus\u00e3o Argentina no Exterior. Foi criada pela Lei de Servi\u00e7os de Comunica\u00e7\u00e3o Audiovisual, de 2009.<\/p>\n<p>A empresa tamb\u00e9m faz a gest\u00e3o da ag\u00eancia de not\u00edcias (T\u00e9lam) e do Canal Encontro (Encuentro), que oferece uma programa\u00e7\u00e3o de document\u00e1rios, programas de debate e produ\u00e7\u00f5es independentes.<\/p>\n<p><strong>Transi\u00e7\u00e3o\u00a0<\/strong><br \/>\nO ministro Paulo Pimenta tamb\u00e9m comentou as recentes\u00a0mudan\u00e7as no comando da\u00a0EBC, com a destitui\u00e7\u00e3o da antiga diretoria e a nomea\u00e7\u00e3o de um comando provis\u00f3rio formado por empregados concursados e representantes da sociedade civil e do governo.<\/p>\n<p>&#8220;Constitu\u00edmos uma dire\u00e7\u00e3o provis\u00f3ria, com representantes dos servidores, da sociedade civil, e vamos, agora, nos pr\u00f3ximos dias, indicar os nomes que v\u00e3o compor a nova empresa, que ser\u00e3o respons\u00e1veis por essa nova fase da comunica\u00e7\u00e3o p\u00fablica no Brasil&#8221;, disse.<\/p>\n<p><strong>Viagem de Lula<\/strong><br \/>\nA ida de\u00a0Lula \u00e0 Argentina\u00a0inaugura uma s\u00e9rie de viagens internacionais do presidente em seu terceiro mandato \u00e0 frente do governo brasileiro. Al\u00e9m de visitar a Argentina, Lula ainda ir\u00e1 ao Uruguai e, no m\u00eas que vem, aos Estados Unidos. Tamb\u00e9m est\u00e1 confirmada uma viagem \u00e0 China, em mar\u00e7o.<\/p>\n<p>Al\u00e9m da agenda bilateral na Argentina, na segunda-feira (23), Lula participar\u00e1 da reuni\u00e3o de c\u00fapula da Comunidade de Estados Latino-Americanos e do Caribe (Celac), colegiado do qual o Brasil voltou a participar, ap\u00f3s ter se retirado durante o governo de Jair Bolsonaro.<\/p>\n<p>Este encontro ocorre na ter\u00e7a-feira (24). No dia seguinte, o presidente faz uma visita ao Uruguai e, em seguida, retorna ao Brasil.<\/p>\n<p>Segundo Paulo Pimenta, a expectativa da visita \u00e9 a assinatura de um amplo acordo envolvendo diferentes \u00e1reas da rela\u00e7\u00e3o bilateral.<\/p>\n<p>&#8220;Ser\u00e1 o mais importante acordo de parcerias firmado at\u00e9 hoje entre Brasil e Argentina&#8221;, enfatizou. Ele destacou o simbolismo do destino da primeira viagem internacional de Lula neste mandato.<\/p>\n<p>&#8220;\u00c9 tamb\u00e9m uma demonstra\u00e7\u00e3o do respeito e do reconhecimento do que significa para n\u00f3s a parceria com a Argentina, e especialmente um projeto para toda a Am\u00e9rica do Sul e Am\u00e9rica Latina&#8221;, disse.<\/p>\n<p>&nbsp;<\/p>\n","protected":false},"excerpt":{"rendered":"<p>O ministro-chefe da Secretaria de Comunica\u00e7\u00e3o Social da Presid\u00eancia da Rep\u00fablica, Paulo Pimenta, visitou hoje (20) as instala\u00e7\u00f5es da TV P\u00fablica da Argentina (TVP), em Buenos Aires. Ele est\u00e1 na\u00a0capital argentina para encontros pr\u00e9vios \u00e0 viagem do presidente Luiz In\u00e1cio Lula da Silva, que embarca para a Argentina no pr\u00f3ximo domingo (22) para a primeira [&hellip;]<\/p>\n","protected":false},"author":4,"featured_media":0,"comment_status":"open","ping_status":"open","sticky":false,"template":"","format":"standard","meta":{"jetpack_post_was_ever_published":false,"_jetpack_newsletter_access":"","_jetpack_dont_email_post_to_subs":false,"_jetpack_newsletter_tier_id":0,"_jetpack_memberships_contains_paywalled_content":false,"_jetpack_memberships_contains_paid_content":false,"footnotes":"","jetpack_publicize_message":"","jetpack_publicize_feature_enabled":true,"jetpack_social_post_already_shared":true,"jetpack_social_options":{"image_generator_settings":{"template":"highway","default_image_id":0,"font":"","enabled":false},"version":2}},"categories":[28],"tags":[260,87,89,238,418,236,5,158,488,15,149,95,509],"class_list":["post-94940","post","type-post","status-publish","format-standard","hentry","category-geral-notas","tag-argentina","tag-ari","tag-bolsonaro","tag-brasil","tag-china","tag-governo","tag-jair-bolsonaro","tag-lula","tag-projeto","tag-rs","tag-sc","tag-sp","tag-uniao"],"aioseo_notices":[],"jetpack_publicize_connections":[],"jetpack_featured_media_url":"","jetpack_shortlink":"https:\/\/wp.me\/pbKhrD-oHi","jetpack-related-posts":[{"id":100728,"url":"https:\/\/www.jornalja.com.br\/geral\/caminhos-da-ditadura-em-porto-alegre-cruza-a-fronteira-e-vai-a-argentina\/","url_meta":{"origin":94940,"position":0},"title":"Caminhos da Ditadura em Porto Alegre cruza a fronteira e vai \u00e0 Argentina","author":"da Reda\u00e7\u00e3o","date":"10 de fevereiro de 2026","format":false,"excerpt":"M\u00e1rcia Turcato A iniciativa Caminhos da Ditadura em Porto Alegre completa 10 anos. O projeto come\u00e7ou a ser constru\u00eddo em 2016 por estudantes do curso de Hist\u00f3ria da Universidade Federal do Rio Grande do Sul (UFRGS). Em janeiro de 2026, o Caminhos cruzou a fronteira e foi at\u00e9 Buenos Aires,\u2026","rel":"","context":"Em &quot;Geral-MAT\u00c9RIA&quot;","block_context":{"text":"Geral-MAT\u00c9RIA","link":"https:\/\/www.jornalja.com.br\/geral\/category\/geral\/"},"img":{"alt_text":"","src":"https:\/\/i0.wp.com\/www.jornalja.com.br\/geral\/wp-content\/uploads\/sites\/4\/2026\/02\/caminhos-da-ditadura1.jpeg?resize=350%2C200&ssl=1","width":350,"height":200,"srcset":"https:\/\/i0.wp.com\/www.jornalja.com.br\/geral\/wp-content\/uploads\/sites\/4\/2026\/02\/caminhos-da-ditadura1.jpeg?resize=350%2C200&ssl=1 1x, https:\/\/i0.wp.com\/www.jornalja.com.br\/geral\/wp-content\/uploads\/sites\/4\/2026\/02\/caminhos-da-ditadura1.jpeg?resize=525%2C300&ssl=1 1.5x, https:\/\/i0.wp.com\/www.jornalja.com.br\/geral\/wp-content\/uploads\/sites\/4\/2026\/02\/caminhos-da-ditadura1.jpeg?resize=700%2C400&ssl=1 2x, https:\/\/i0.wp.com\/www.jornalja.com.br\/geral\/wp-content\/uploads\/sites\/4\/2026\/02\/caminhos-da-ditadura1.jpeg?resize=1050%2C600&ssl=1 3x, https:\/\/i0.wp.com\/www.jornalja.com.br\/geral\/wp-content\/uploads\/sites\/4\/2026\/02\/caminhos-da-ditadura1.jpeg?resize=1400%2C800&ssl=1 4x"},"classes":[]},{"id":100261,"url":"https:\/\/www.jornalja.com.br\/geral\/elevado-risco-de-fuga-diz-alexandre-de-moraes-ao-decretar-a-prisao-de-bolsonaro\/","url_meta":{"origin":94940,"position":1},"title":"&#8220;Elevado risco de fuga&#8221;, diz Alexandre de Moraes ao decretar a pris\u00e3o de Bolsonaro","author":"da Reda\u00e7\u00e3o","date":"22 de novembro de 2025","format":false,"excerpt":"O ex-presidente Jair Bolsonaro foi preso por volta das seis horas da manh\u00e3 deste s\u00e1bado (22). Em nota, a Pol\u00edcia Federal informou que cumpriu um mandado de pris\u00e3o preventiva expedido pelo Supremo Tribunal Federal (STF). Na sexta-feira (21) o senador Fl\u00e1vio Bolsonaro (PL) convocou, pelas redes sociais uma vig\u00edlia de\u2026","rel":"","context":"Em &quot;Geral-MAT\u00c9RIA&quot;","block_context":{"text":"Geral-MAT\u00c9RIA","link":"https:\/\/www.jornalja.com.br\/geral\/category\/geral\/"},"img":{"alt_text":"","src":"https:\/\/i0.wp.com\/www.jornalja.com.br\/geral\/wp-content\/uploads\/sites\/4\/2025\/11\/bolsonaro-preso-2.png?resize=350%2C200&ssl=1","width":350,"height":200,"srcset":"https:\/\/i0.wp.com\/www.jornalja.com.br\/geral\/wp-content\/uploads\/sites\/4\/2025\/11\/bolsonaro-preso-2.png?resize=350%2C200&ssl=1 1x, https:\/\/i0.wp.com\/www.jornalja.com.br\/geral\/wp-content\/uploads\/sites\/4\/2025\/11\/bolsonaro-preso-2.png?resize=525%2C300&ssl=1 1.5x"},"classes":[]},{"id":100519,"url":"https:\/\/www.jornalja.com.br\/geral\/brasil-recebeu-92-milhoes-de-turistas-estrangeiros-em-2025-record-historico-foi-noticia-ate-na-china\/","url_meta":{"origin":94940,"position":2},"title":"Brasil recebeu 9,2 milh\u00f5es de turistas estrangeiros em 2025; record hist\u00f3rico foi not\u00edcia at\u00e9 na China","author":"da Reda\u00e7\u00e3o","date":"7 de janeiro de 2026","format":false,"excerpt":"S\u00e3o Paulo, Rio de Janeiro e Rio Grande do Sul concentraram os principais pontos de entrada de turistas. Argentina, Chile e Estados Unidos foram os maiores pa\u00edses de origem dos visitantes. A ag\u00eancia estatal chinesa Xinhua destacou o fato.\u00a0 O Brasil registrou a entrada 9.287.196 turistas estrangeiros no pais em\u2026","rel":"","context":"Em &quot;Geral-MAT\u00c9RIA&quot;","block_context":{"text":"Geral-MAT\u00c9RIA","link":"https:\/\/www.jornalja.com.br\/geral\/category\/geral\/"},"img":{"alt_text":"","src":"https:\/\/i0.wp.com\/www.jornalja.com.br\/geral\/wp-content\/uploads\/sites\/4\/2026\/01\/turismo.png?resize=350%2C200&ssl=1","width":350,"height":200,"srcset":"https:\/\/i0.wp.com\/www.jornalja.com.br\/geral\/wp-content\/uploads\/sites\/4\/2026\/01\/turismo.png?resize=350%2C200&ssl=1 1x, https:\/\/i0.wp.com\/www.jornalja.com.br\/geral\/wp-content\/uploads\/sites\/4\/2026\/01\/turismo.png?resize=525%2C300&ssl=1 1.5x, https:\/\/i0.wp.com\/www.jornalja.com.br\/geral\/wp-content\/uploads\/sites\/4\/2026\/01\/turismo.png?resize=700%2C400&ssl=1 2x"},"classes":[]},{"id":100494,"url":"https:\/\/www.jornalja.com.br\/geral\/lula-adia-vinda-a-rio-grande-para-retomada-das-obras-do-polo-naval\/","url_meta":{"origin":94940,"position":3},"title":"Lula adia viagem a Rio Grande para retomada das obras do Polo Naval","author":"da Reda\u00e7\u00e3o","date":"4 de janeiro de 2026","format":false,"excerpt":"O presidente Lula decidiu adiar sua viagem\u00a0 a Rio Grande, onde pretendia, junto com a ex-presidente Dilma Rousseff assinalar a retomada do Polo Naval, na ter\u00e7a-feira, 7. Segundo a assessoria de imprensa do Pal\u00e1cio do Planalto,\u00a0 nova data ser\u00e1 definida nos pr\u00f3ximos dias. O motivo do adiamento \u00e9 a crise\u2026","rel":"","context":"Em &quot;Geral-MAT\u00c9RIA&quot;","block_context":{"text":"Geral-MAT\u00c9RIA","link":"https:\/\/www.jornalja.com.br\/geral\/category\/geral\/"},"img":{"alt_text":"","src":"https:\/\/i0.wp.com\/www.jornalja.com.br\/geral\/wp-content\/uploads\/sites\/4\/2025\/12\/lula-e-dilma-vale-essa.png?resize=350%2C200&ssl=1","width":350,"height":200},"classes":[]},{"id":100532,"url":"https:\/\/www.jornalja.com.br\/geral\/veto-a-dosimetria-manifestacoess-contra-anistia-a-golpistas-pesaram-na-decisao-de-lula\/","url_meta":{"origin":94940,"position":4},"title":"Veto \u00e0 dosimetria: manifesta\u00e7\u00f5es contra anistia a golpistas pesaram na decis\u00e3o de Lula","author":"Elmar Bones","date":"9 de janeiro de 2026","format":false,"excerpt":"Tr\u00eas anos depois do ataque golpista \u00e0 democracia em 2023, o dia 08 de janeiro \u00e9 marcado por manifesta\u00e7\u00f5es populares em todo o pa\u00eds em defesa da soberania do Brasil e que tamb\u00e9m exigiram o cumprimento da pena dos condenados pela tentativa de golpe de Estado, tentativa de aboli\u00e7\u00e3o violenta\u2026","rel":"","context":"Em &quot;Geral-MAT\u00c9RIA&quot;","block_context":{"text":"Geral-MAT\u00c9RIA","link":"https:\/\/www.jornalja.com.br\/geral\/category\/geral\/"},"img":{"alt_text":"","src":"https:\/\/i0.wp.com\/www.jornalja.com.br\/geral\/wp-content\/uploads\/sites\/4\/2026\/01\/dosimetria-fora-bozo.png?resize=350%2C200&ssl=1","width":350,"height":200,"srcset":"https:\/\/i0.wp.com\/www.jornalja.com.br\/geral\/wp-content\/uploads\/sites\/4\/2026\/01\/dosimetria-fora-bozo.png?resize=350%2C200&ssl=1 1x, https:\/\/i0.wp.com\/www.jornalja.com.br\/geral\/wp-content\/uploads\/sites\/4\/2026\/01\/dosimetria-fora-bozo.png?resize=525%2C300&ssl=1 1.5x"},"classes":[]},{"id":101078,"url":"https:\/\/www.jornalja.com.br\/geral\/como-foi-costurado-o-acordo-que-fez-o-pt-apoiar-juliana-brizola\/","url_meta":{"origin":94940,"position":5},"title":"Como foi costurado o acordo que fez o PT apoiar Juliana Brizola","author":"da Reda\u00e7\u00e3o","date":"17 de abril de 2026","format":false,"excerpt":"O PDT foi o partido que mais perdeu representantes na \u201cjanela partid\u00e1ria\u201d que fechou em 3 de abril. Tinha tr\u00eas senadores, ficou com dois. Tinha 17 deputados federais, caiu para 11. Perdeu tamb\u00e9m 9 dos 43 deputados estaduais que elegeu em 2022. No \u00e2mbito municipal, o PDT tem prefeitos em\u2026","rel":"","context":"Em &quot;Geral-MAT\u00c9RIA&quot;","block_context":{"text":"Geral-MAT\u00c9RIA","link":"https:\/\/www.jornalja.com.br\/geral\/category\/geral\/"},"img":{"alt_text":"","src":"https:\/\/www.jornalja.com.br\/geral\/wp-content\/uploads\/sites\/4\/2026\/04\/pdt-lupi-juliana-e-lula.avif","width":350,"height":200,"srcset":"https:\/\/www.jornalja.com.br\/geral\/wp-content\/uploads\/sites\/4\/2026\/04\/pdt-lupi-juliana-e-lula.avif 1x, https:\/\/www.jornalja.com.br\/geral\/wp-content\/uploads\/sites\/4\/2026\/04\/pdt-lupi-juliana-e-lula.avif 1.5x, https:\/\/www.jornalja.com.br\/geral\/wp-content\/uploads\/sites\/4\/2026\/04\/pdt-lupi-juliana-e-lula.avif 2x"},"classes":[]}],"jetpack_sharing_enabled":true,"_links":{"self":[{"href":"https:\/\/www.jornalja.com.br\/geral\/wp-json\/wp\/v2\/posts\/94940","targetHints":{"allow":["GET"]}}],"collection":[{"href":"https:\/\/www.jornalja.com.br\/geral\/wp-json\/wp\/v2\/posts"}],"about":[{"href":"https:\/\/www.jornalja.com.br\/geral\/wp-json\/wp\/v2\/types\/post"}],"author":[{"embeddable":true,"href":"https:\/\/www.jornalja.com.br\/geral\/wp-json\/wp\/v2\/users\/4"}],"replies":[{"embeddable":true,"href":"https:\/\/www.jornalja.com.br\/geral\/wp-json\/wp\/v2\/comments?post=94940"}],"version-history":[{"count":2,"href":"https:\/\/www.jornalja.com.br\/geral\/wp-json\/wp\/v2\/posts\/94940\/revisions"}],"predecessor-version":[{"id":94946,"href":"https:\/\/www.jornalja.com.br\/geral\/wp-json\/wp\/v2\/posts\/94940\/revisions\/94946"}],"wp:attachment":[{"href":"https:\/\/www.jornalja.com.br\/geral\/wp-json\/wp\/v2\/media?parent=94940"}],"wp:term":[{"taxonomy":"category","embeddable":true,"href":"https:\/\/www.jornalja.com.br\/geral\/wp-json\/wp\/v2\/categories?post=94940"},{"taxonomy":"post_tag","embeddable":true,"href":"https:\/\/www.jornalja.com.br\/geral\/wp-json\/wp\/v2\/tags?post=94940"}],"curies":[{"name":"wp","href":"https:\/\/api.w.org\/{rel}","templated":true}]}}