{"id":94951,"date":"2023-01-22T23:18:35","date_gmt":"2023-01-23T02:18:35","guid":{"rendered":"https:\/\/www.jornalja.com.br\/geral\/?p=94951"},"modified":"2023-01-25T16:13:59","modified_gmt":"2023-01-25T19:13:59","slug":"parque-saint-hilaire-dividido-82-para-viamao-18-para-porto-alegre","status":"publish","type":"post","link":"https:\/\/www.jornalja.com.br\/geral\/parque-saint-hilaire-dividido-82-para-viamao-18-para-porto-alegre\/","title":{"rendered":"Parque Saint&#8217;Hilaire dividido: 82% para Viam\u00e3o, 18% para Porto Alegre"},"content":{"rendered":"<p class=\"assina\">Cleber Dioni Tentardini<\/p>\n<p>Est\u00e1 conclu\u00eddo o processo de divis\u00e3o administrativa do parque Saint&#8217;Hilaire, uma das principais reservas ambientais da Regi\u00e3o Metropolitana, com 1.088 hectares de mata nativa.<\/p>\n<p>O Saint&#8217;Hilaire tem hoje pouco mais de 82% de sua \u00e1rea no munic\u00edpio de Viam\u00e3o e o restante no munic\u00edpio de Porto Alegre.<\/p>\n<p>Desde 1944, no entanto, por conv\u00eanio entre as duas prefeituras, o parque era uma unidade gerida pela prefeitura de Capital<\/p>\n<p>A mudan\u00e7a come\u00e7ou em janeiro de 2022 quando C\u00e2mara Municipal de Viam\u00e3o aprovou uma lei autorizando a prefeitura a assumir a gest\u00e3o da parte do parque \u00a0que corresponde ao seu munic\u00edpio, cerca de 908 hectares da \u00e1rea total.<\/p>\n<p>Foi conclu\u00edda no final de dezembro de 2022, quando a C\u00e2mara Municipal de Porto Alegre aprovou a transfer\u00eancia da gest\u00e3o do parque para o munic\u00edpio vizinho, ficando respons\u00e1vel apenas pela parte da \u00e1rea em seu territ\u00f3rio.<\/p>\n<p>Juridicamente, existir\u00e3o dois parques.<\/p>\n<p>E ser\u00e3o necess\u00e1rios novos Planos de Manejo para redefinir as \u00e1reas de preserva\u00e7\u00e3o e de acesso p\u00fablico.<\/p>\n<p>Originalmente, o Saint\u2019Hilaire possu\u00eda 1.148 hectares. Nos \u00faltimo 20 anos perdeu pelo menos 60 hectares: 10 hectares doados ao governo do Estado para instalar uma Unidade de Pronto Atendimento (UPA) \u00a0e outros 50 hectares de \u00e1reas invadidas para habita\u00e7\u00e3o. As ocupa\u00e7\u00f5es irregulares come\u00e7aram nos anos de 1940.<\/p>\n<p>Nesse novo mapa do parque de Viam\u00e3o, a Prefeitura j\u00e1 deixou fora essa \u00e1rea ocupada por moradias. Do total, restaram 1.088ha.<\/p>\n<p>\u201c\u00c9 indiscut\u00edvel a import\u00e2ncia de ter uma unidade de conserva\u00e7\u00e3o com mais de mil hectares na Regi\u00e3o Metropolitana. \u00c9 um ref\u00fagio\u201d, diz o engenheiro florestal Gerson Mainardi, respons\u00e1vel t\u00e9cnico pelo Parque.<\/p>\n<p>A vegeta\u00e7\u00e3o \u00e9 composta por 450 ha de mata nativa, associado ao Bioma Mata Atl\u00e2ntica, e cerca de 300ha de campo nativo, incluindo \u00e1reas de butiazais e banhados. O butiazal \u00e9 uma forma\u00e7\u00e3o altamente amea\u00e7ada de extin\u00e7\u00e3o no Rio Grande do Sul, devido \u00e0 expans\u00e3o urbana, agr\u00edcola e pecu\u00e1ria.<\/p>\n<p>Operacionalmente, por enquanto, nada aconteceu. A administra\u00e7\u00e3o do parque continua a cargo de uma equipe da Secretaria de Meio Ambiente de Porto Alegre. Mas os funcion\u00e1rios j\u00e1 se preparam para deixar a sede, que ser\u00e1 ocupada por funcion\u00e1rios da Prefeitura de Viam\u00e3o. Na parte que toca a Porto Alegre, provavelmente, ter\u00e1 que ser constru\u00edda uma sede administrativa.<\/p>\n","protected":false},"excerpt":{"rendered":"<p>Cleber Dioni Tentardini Est\u00e1 conclu\u00eddo o processo de divis\u00e3o administrativa do parque Saint&#8217;Hilaire, uma das principais reservas ambientais da Regi\u00e3o Metropolitana, com 1.088 hectares de mata nativa. O Saint&#8217;Hilaire tem hoje pouco mais de 82% de sua \u00e1rea no munic\u00edpio de Viam\u00e3o e o restante no munic\u00edpio de Porto Alegre. Desde 1944, no entanto, por [&hellip;]<\/p>\n","protected":false},"author":2,"featured_media":94953,"comment_status":"open","ping_status":"open","sticky":false,"template":"","format":"standard","meta":{"jetpack_post_was_ever_published":false,"_jetpack_newsletter_access":"","_jetpack_dont_email_post_to_subs":false,"_jetpack_newsletter_tier_id":0,"_jetpack_memberships_contains_paywalled_content":false,"_jetpack_memberships_contains_paid_content":false,"footnotes":"","jetpack_publicize_message":"","jetpack_publicize_feature_enabled":true,"jetpack_social_post_already_shared":true,"jetpack_social_options":{"image_generator_settings":{"template":"highway","default_image_id":0,"font":"","enabled":false},"version":2}},"categories":[2],"tags":[87,240,347,236,283,355,287,254,542,296,132,300,267,479,14,15,149,95],"class_list":["post-94951","post","type-post","status-publish","format-standard","has-post-thumbnail","hentry","category-geral","tag-ari","tag-camara","tag-camara-municipal-de-porto-alegre","tag-governo","tag-governo-do-estado","tag-meio-ambiente","tag-moradia","tag-moradias","tag-parques","tag-pecuaria","tag-porto-alegre","tag-prefeitura","tag-prefeitura-de-porto-alegre","tag-red","tag-rio-grande-do-sul","tag-rs","tag-sc","tag-sp"],"aioseo_notices":[],"jetpack_publicize_connections":[],"jetpack_featured_media_url":"https:\/\/www.jornalja.com.br\/geral\/wp-content\/uploads\/sites\/4\/2023\/01\/parque-saint-hilaire-foto.png","jetpack_shortlink":"https:\/\/wp.me\/pbKhrD-oHt","jetpack-related-posts":[{"id":94582,"url":"https:\/\/www.jornalja.com.br\/geral\/porto-alegre-e-viamao-dividem-parque-saint-hilaire-transicao-esta-indefinida\/","url_meta":{"origin":94951,"position":0},"title":"Porto Alegre e Viam\u00e3o dividem Parque Saint Hilaire: transi\u00e7\u00e3o est\u00e1 indefinida","author":"Elmar Bones","date":"20 de dezembro de 2022","format":false,"excerpt":"Em fase final, mas ainda com muitas indefini\u00e7\u00f5es, uma longa negocia\u00e7\u00e3o entre as prefeituras de Porto Alegre e Viam\u00e3o sobre a gest\u00e3o do Parque Saint Hilaire, a maior reserva ambiental da Regi\u00e3o Metropolitana, que tem parte (menos de 15%) de sua \u00e1rea no munic\u00edpio da capital e o restante no\u2026","rel":"","context":"Em &quot;Geral-MAT\u00c9RIA&quot;","block_context":{"text":"Geral-MAT\u00c9RIA","link":"https:\/\/www.jornalja.com.br\/geral\/category\/geral\/"},"img":{"alt_text":"","src":"https:\/\/i0.wp.com\/www.jornalja.com.br\/geral\/wp-content\/uploads\/sites\/4\/2022\/12\/saint-hilaire-melo-e-bonato.jpeg?resize=350%2C200&ssl=1","width":350,"height":200,"srcset":"https:\/\/i0.wp.com\/www.jornalja.com.br\/geral\/wp-content\/uploads\/sites\/4\/2022\/12\/saint-hilaire-melo-e-bonato.jpeg?resize=350%2C200&ssl=1 1x, https:\/\/i0.wp.com\/www.jornalja.com.br\/geral\/wp-content\/uploads\/sites\/4\/2022\/12\/saint-hilaire-melo-e-bonato.jpeg?resize=525%2C300&ssl=1 1.5x, https:\/\/i0.wp.com\/www.jornalja.com.br\/geral\/wp-content\/uploads\/sites\/4\/2022\/12\/saint-hilaire-melo-e-bonato.jpeg?resize=700%2C400&ssl=1 2x"},"classes":[]},{"id":100243,"url":"https:\/\/www.jornalja.com.br\/geral\/governo-federal-financia-compra-de-100-onibus-eletricos-para-porto-alegre\/","url_meta":{"origin":94951,"position":1},"title":"Governo federal financia compra de 100 \u00f4nibus el\u00e9tricos para Porto Alegre","author":"Elmar Bones","date":"18 de novembro de 2025","format":false,"excerpt":"O Banco Nacional de Desenvolvimento Econ\u00f4mico vai financiar a compra de 100 \u00f4nibus el\u00e9tricos para o transporte coletivo de Porto Alegre. A C\u00e2mara Municipal autorizou nesta segunda-feira o prefeito Sebasti\u00e3o Melo a contratar o financiamento no valor de R$ 447 milh\u00f5es com o banco estatal. O financiamento integra o programa\u2026","rel":"","context":"Em &quot;Geral-MAT\u00c9RIA&quot;","block_context":{"text":"Geral-MAT\u00c9RIA","link":"https:\/\/www.jornalja.com.br\/geral\/category\/geral\/"},"img":{"alt_text":"","src":"","width":0,"height":0},"classes":[]},{"id":97978,"url":"https:\/\/www.jornalja.com.br\/geral\/97978-2\/","url_meta":{"origin":94951,"position":2},"title":"Paulo Brack defende a suspens\u00e3o\u2026","author":"da Reda\u00e7\u00e3o","date":"7 de outubro de 2024","format":false,"excerpt":"Paulo Brack defende a suspens\u00e3o das obras no Parque Saint\u2019 Hilaire e apura\u00e7\u00e3o de crime ambiental Ap\u00f3s visitar \u00e1reas da Unidade de Conserva\u00e7\u00e3o chamada Parque Natural Municipal Saint\u2019 Hilaire, pertencente a Porto Alegre e cedida para uso por 30 anos \u00e0 Prefeitura de Viam\u00e3o, o Prof. Dr. Paulo Brack constatou\u2026","rel":"","context":"Em &quot;Geral-MAT\u00c9RIA&quot;","block_context":{"text":"Geral-MAT\u00c9RIA","link":"https:\/\/www.jornalja.com.br\/geral\/category\/geral\/"},"img":{"alt_text":"","src":"","width":0,"height":0},"classes":[]},{"id":101090,"url":"https:\/\/www.jornalja.com.br\/geral\/camara-de-porto-alegre-anuncia-votacao-de-plano-diretor-para-o-dia-23-de-abril\/","url_meta":{"origin":94951,"position":3},"title":"C\u00e2mara de Porto Alegre anuncia vota\u00e7\u00e3o de Plano Diretor para o dia 23 de abril","author":"da Reda\u00e7\u00e3o","date":"16 de abril de 2026","format":false,"excerpt":"A C\u00e2mara Municipal de Porto Alegre definiu que a vota\u00e7\u00e3o final do Plano Diretor Urbano Sustent\u00e1vel (PDUS) ocorrer\u00e1 no pr\u00f3ximo dia 23 de abril. O encerramento da an\u00e1lise das emendas est\u00e1 previsto para a sess\u00e3o do dia 22, conforme acordo firmado entre l\u00edderes da base governista e da oposi\u00e7\u00e3o, antecipando\u2026","rel":"","context":"Em &quot;Geral-MAT\u00c9RIA&quot;","block_context":{"text":"Geral-MAT\u00c9RIA","link":"https:\/\/www.jornalja.com.br\/geral\/category\/geral\/"},"img":{"alt_text":"","src":"https:\/\/i0.wp.com\/www.jornalja.com.br\/geral\/wp-content\/uploads\/sites\/4\/2026\/04\/ede-5907-foto-ederson-nunescmpa.jpg?resize=350%2C200&ssl=1","width":350,"height":200,"srcset":"https:\/\/i0.wp.com\/www.jornalja.com.br\/geral\/wp-content\/uploads\/sites\/4\/2026\/04\/ede-5907-foto-ederson-nunescmpa.jpg?resize=350%2C200&ssl=1 1x, https:\/\/i0.wp.com\/www.jornalja.com.br\/geral\/wp-content\/uploads\/sites\/4\/2026\/04\/ede-5907-foto-ederson-nunescmpa.jpg?resize=525%2C300&ssl=1 1.5x, https:\/\/i0.wp.com\/www.jornalja.com.br\/geral\/wp-content\/uploads\/sites\/4\/2026\/04\/ede-5907-foto-ederson-nunescmpa.jpg?resize=700%2C400&ssl=1 2x, https:\/\/i0.wp.com\/www.jornalja.com.br\/geral\/wp-content\/uploads\/sites\/4\/2026\/04\/ede-5907-foto-ederson-nunescmpa.jpg?resize=1050%2C600&ssl=1 3x, https:\/\/i0.wp.com\/www.jornalja.com.br\/geral\/wp-content\/uploads\/sites\/4\/2026\/04\/ede-5907-foto-ederson-nunescmpa.jpg?resize=1400%2C800&ssl=1 4x"},"classes":[]},{"id":100403,"url":"https:\/\/www.jornalja.com.br\/geral\/plano-diretor-de-porto-alegre-mpc-pede-suspensao-do-projeto-em-votacao-na-camara\/","url_meta":{"origin":94951,"position":4},"title":"Plano Diretor de Porto Alegre: MPC pede suspens\u00e3o da vota\u00e7\u00e3o do projeto","author":"da Reda\u00e7\u00e3o","date":"17 de dezembro de 2025","format":false,"excerpt":"O Minist\u00e9rio P\u00fablico de Contas (MPC) pediu a suspens\u00e3o do projeto de lei que revisa o Plano Diretor de Porto Alegre, em tramita\u00e7\u00e3o na C\u00e2mara de Vereadores.. Ind\u00edcios de irregularidades na elei\u00e7\u00e3o do Conselho Municipal de Desenvolvimento Urbano e Ambiental (CMDUA) justificam o pedido. Na representa\u00e7\u00e3o, protocolada na sexta, 12\/12,\u2026","rel":"","context":"Em &quot;Geral-MAT\u00c9RIA&quot;","block_context":{"text":"Geral-MAT\u00c9RIA","link":"https:\/\/www.jornalja.com.br\/geral\/category\/geral\/"},"img":{"alt_text":"","src":"https:\/\/i0.wp.com\/www.jornalja.com.br\/geral\/wp-content\/uploads\/sites\/4\/2025\/12\/plano-diretor-forum.jpg?resize=350%2C200&ssl=1","width":350,"height":200,"srcset":"https:\/\/i0.wp.com\/www.jornalja.com.br\/geral\/wp-content\/uploads\/sites\/4\/2025\/12\/plano-diretor-forum.jpg?resize=350%2C200&ssl=1 1x, https:\/\/i0.wp.com\/www.jornalja.com.br\/geral\/wp-content\/uploads\/sites\/4\/2025\/12\/plano-diretor-forum.jpg?resize=525%2C300&ssl=1 1.5x"},"classes":[]},{"id":100965,"url":"https:\/\/www.jornalja.com.br\/geral\/debate-o-novo-plano-diretor-respeita-o-direito-a-cidade\/","url_meta":{"origin":94951,"position":5},"title":"Debate: &#8220;O Novo Plano Diretor Respeita o Direito \u00e0 Cidade?&#8221;","author":"da Reda\u00e7\u00e3o","date":"30 de mar\u00e7o de 2026","format":false,"excerpt":"Sul21, Brasil de Fato e IAB-RS promovem um debate sobre o Plano Diretor de Porto Alegre, no dia 30 de mar\u00e7o. O evento \u201cO Novo Plano Diretor Respeita o Direito \u00e0 Cidade?\u201d ser\u00e1 realizado a partir das 19h30, no solar do IAB, que fica na Rua General Canabarro, n\u00ba 363,\u2026","rel":"","context":"Em &quot;Geral-MAT\u00c9RIA&quot;","block_context":{"text":"Geral-MAT\u00c9RIA","link":"https:\/\/www.jornalja.com.br\/geral\/category\/geral\/"},"img":{"alt_text":"","src":"https:\/\/i0.wp.com\/www.jornalja.com.br\/geral\/wp-content\/uploads\/sites\/4\/2026\/03\/ede-8942.jpg?resize=350%2C200&ssl=1","width":350,"height":200,"srcset":"https:\/\/i0.wp.com\/www.jornalja.com.br\/geral\/wp-content\/uploads\/sites\/4\/2026\/03\/ede-8942.jpg?resize=350%2C200&ssl=1 1x, https:\/\/i0.wp.com\/www.jornalja.com.br\/geral\/wp-content\/uploads\/sites\/4\/2026\/03\/ede-8942.jpg?resize=525%2C300&ssl=1 1.5x, https:\/\/i0.wp.com\/www.jornalja.com.br\/geral\/wp-content\/uploads\/sites\/4\/2026\/03\/ede-8942.jpg?resize=700%2C400&ssl=1 2x, https:\/\/i0.wp.com\/www.jornalja.com.br\/geral\/wp-content\/uploads\/sites\/4\/2026\/03\/ede-8942.jpg?resize=1050%2C600&ssl=1 3x, https:\/\/i0.wp.com\/www.jornalja.com.br\/geral\/wp-content\/uploads\/sites\/4\/2026\/03\/ede-8942.jpg?resize=1400%2C800&ssl=1 4x"},"classes":[]}],"jetpack_sharing_enabled":true,"_links":{"self":[{"href":"https:\/\/www.jornalja.com.br\/geral\/wp-json\/wp\/v2\/posts\/94951","targetHints":{"allow":["GET"]}}],"collection":[{"href":"https:\/\/www.jornalja.com.br\/geral\/wp-json\/wp\/v2\/posts"}],"about":[{"href":"https:\/\/www.jornalja.com.br\/geral\/wp-json\/wp\/v2\/types\/post"}],"author":[{"embeddable":true,"href":"https:\/\/www.jornalja.com.br\/geral\/wp-json\/wp\/v2\/users\/2"}],"replies":[{"embeddable":true,"href":"https:\/\/www.jornalja.com.br\/geral\/wp-json\/wp\/v2\/comments?post=94951"}],"version-history":[{"count":5,"href":"https:\/\/www.jornalja.com.br\/geral\/wp-json\/wp\/v2\/posts\/94951\/revisions"}],"predecessor-version":[{"id":94988,"href":"https:\/\/www.jornalja.com.br\/geral\/wp-json\/wp\/v2\/posts\/94951\/revisions\/94988"}],"wp:featuredmedia":[{"embeddable":true,"href":"https:\/\/www.jornalja.com.br\/geral\/wp-json\/wp\/v2\/media\/94953"}],"wp:attachment":[{"href":"https:\/\/www.jornalja.com.br\/geral\/wp-json\/wp\/v2\/media?parent=94951"}],"wp:term":[{"taxonomy":"category","embeddable":true,"href":"https:\/\/www.jornalja.com.br\/geral\/wp-json\/wp\/v2\/categories?post=94951"},{"taxonomy":"post_tag","embeddable":true,"href":"https:\/\/www.jornalja.com.br\/geral\/wp-json\/wp\/v2\/tags?post=94951"}],"curies":[{"name":"wp","href":"https:\/\/api.w.org\/{rel}","templated":true}]}}