{"id":94975,"date":"2023-01-23T19:56:40","date_gmt":"2023-01-23T22:56:40","guid":{"rendered":"https:\/\/www.jornalja.com.br\/geral\/?p=94975"},"modified":"2023-01-24T13:05:42","modified_gmt":"2023-01-24T16:05:42","slug":"yanomamis-recebem-alimentos","status":"publish","type":"post","link":"https:\/\/www.jornalja.com.br\/geral\/yanomamis-recebem-alimentos\/","title":{"rendered":"Yanomamis recebem alimentos"},"content":{"rendered":"<p>A For\u00e7a A\u00e9rea Brasileira (FAB) transportou, no fim de semana, cerca de 4 toneladas de alimentos para serem distribu\u00eddos a uma comunidade da Terra Ind\u00edgena Yanomami, em Roraima.<img decoding=\"async\" src=\"https:\/\/agenciabrasil.ebc.com.br\/ebc.png?id=1505627&amp;o=node\" \/><img decoding=\"async\" src=\"https:\/\/agenciabrasil.ebc.com.br\/ebc.gif?id=1505627&amp;o=node\" \/><\/p>\n<p>A a\u00e7\u00e3o do governo federal \u00e9 uma resposta emergencial \u00e0 crise sanit\u00e1ria que motivou o Minist\u00e9rio da Sa\u00fade a declarar, na \u00faltima sexta-feira (20), Emerg\u00eancia em Sa\u00fade P\u00fablica de Import\u00e2ncia Nacional, o que permite ao Poder Executivo adotar, em car\u00e1ter de urg\u00eancia, medidas de \u201cpreven\u00e7\u00e3o, controle e conten\u00e7\u00e3o de riscos, danos e agravos \u00e0 sa\u00fade p\u00fablica\u201d.<\/p>\n<p>Segundo a Aeron\u00e1utica, j\u00e1 no s\u00e1bado (21), dia em que o presidente Luiz In\u00e1cio Lula da Silva visitou Boa Vista, capital de Roraima, foi transportado o equivalente a 1,26 tonelada de alimentos a serem distribu\u00eddos para a comunidade da Kataroa, na regi\u00e3o conhecida como Surucucu. No domingo (22), foram mais 2,50 toneladas.<\/p>\n<p>De acordo com o Minist\u00e9rio da Sa\u00fade, os suprimentos fazem parte das cerca de 5 mil cestas b\u00e1sicas que estavam armazenadas na sede da coordena\u00e7\u00e3o regional da Funda\u00e7\u00e3o Nacional dos Povos Ind\u00edgenas (Funai), em Boa Vista. Do total j\u00e1 dispon\u00edvel, 4 mil cestas ser\u00e3o destinadas \u00e0 Terra Ind\u00edgena Yanomami e mil ir\u00e3o para outras comunidades. Al\u00e9m disso, o governo federal anunciou a entrega de 200 latas de suplemento alimentar para crian\u00e7as de v\u00e1rias idades.<\/p>\n<p>O ministro do Desenvolvimento e Assist\u00eancia Social, Fam\u00edlia e Combate \u00e0 Fome, Wellington Dias, informou que as 5 mil cestas b\u00e1sicas foram adquiridas por meio de parceria com o Minist\u00e9rio da Gest\u00e3o e Inova\u00e7\u00e3o em Servi\u00e7os P\u00fablicos, Funai, Minist\u00e9rio dos Povos Ind\u00edgenas, Minist\u00e9rio da Sa\u00fade e For\u00e7as Armadas e transportadas do Amap\u00e1 em aeronaves da FAB.<\/p>\n<div class=\"dnd-widget-wrapper context-cheio_8colunas type-image\">\n<div class=\"dnd-atom-rendered\">\n<div class=\"shadow overflow-hidden rounded-lg d-block zoom-on-hover-sm shadow-hover w-100\"><img decoding=\"async\" class=\"flex-fill img-cover\" title=\"Twitter For\u00e7a A\u00e9rea Brasilia\" src=\"https:\/\/imagens.ebc.com.br\/9BtDrrLxbEgI-D-wS5b2RdAKr-c=\/754x0\/smart\/https:\/\/agenciabrasil.ebc.com.br\/sites\/default\/files\/thumbnails\/image\/fab01.jpg?itok=tSZVSCje\" alt=\"FAB transportou mais de 2,5 toneladas de alimentos para brasileiros na Terra Ind\u00edgena Yanomami (Roraima)\" \/><\/div>\n<\/div>\n<div class=\"dnd-caption-wrapper\">\n<div class=\"meta\">Aeronaves da FAB levaram mais de 2,5 toneladas de alimentos para a Terra Ind\u00edgena Yanomami<\/div>\n<\/div>\n<\/div>\n<p>Como o aeroporto de Surucucu est\u00e1 em obras, as primeiras cestas b\u00e1sicas tiveram que ser transportadas a bordo de aeronaves militares \u2013 uma de transporte de m\u00e9dio porte, a C 98 Caravan, e um helic\u00f3ptero utilit\u00e1rio modelo H-60L Black Hawk \u2013 que levam cerca de duas horas para percorrer a dist\u00e2ncia entre Boa Vista e Surucucu.<\/p>\n<p>Em nota divulgada no s\u00e1bado, o Minist\u00e9rio da Sa\u00fade estimava que, nestas condi\u00e7\u00f5es, ser\u00e3o necess\u00e1rios cerca de 50 voos para dar conta de levar comida at\u00e9 a terra ind\u00edgena e, na volta, transportar os yanomami que precisem receber atendimento m\u00e9dico na capital. No domingo (22), 21 \u00edndios foram levados para Boa Vista.<\/p>\n<p>Segundo o governo federal, mais de 30,4 mil ind\u00edgenas vivem na \u00e1rea que a Uni\u00e3o destina ao usufruto exclusivo dos yanomami. Motivado por den\u00fancias de que a atividade ilegal de garimpeiros est\u00e1 contaminando os rios que abastecem as comunidades locais, destruindo a floresta e afetando as condi\u00e7\u00f5es de sobreviv\u00eancia das popula\u00e7\u00f5es, o governo federal enviou para a Terra Ind\u00edgena Yanomami, no in\u00edcio da semana passada, t\u00e9cnicos do Minist\u00e9rio da Sa\u00fade que encontraram crian\u00e7as e idosos desnutridos, muitos pesando menos que o m\u00ednimo recomend\u00e1vel. Havia tamb\u00e9m pessoas com mal\u00e1ria, infec\u00e7\u00e3o respirat\u00f3ria aguda e outras doen\u00e7as, sem receber qualquer tipo de assist\u00eancia m\u00e9dica.<\/p>\n<p>(<strong>Com Informa\u00e7\u00f5es da Ag\u00eancia Brasil)<\/strong><\/p>\n","protected":false},"excerpt":{"rendered":"<p>A For\u00e7a A\u00e9rea Brasileira (FAB) transportou, no fim de semana, cerca de 4 toneladas de alimentos para serem distribu\u00eddos a uma comunidade da Terra Ind\u00edgena Yanomami, em Roraima. A a\u00e7\u00e3o do governo federal \u00e9 uma resposta emergencial \u00e0 crise sanit\u00e1ria que motivou o Minist\u00e9rio da Sa\u00fade a declarar, na \u00faltima sexta-feira (20), Emerg\u00eancia em Sa\u00fade [&hellip;]<\/p>\n","protected":false},"author":4,"featured_media":94977,"comment_status":"open","ping_status":"open","sticky":false,"template":"","format":"standard","meta":{"jetpack_post_was_ever_published":false,"_jetpack_newsletter_access":"","_jetpack_dont_email_post_to_subs":false,"_jetpack_newsletter_tier_id":0,"_jetpack_memberships_contains_paywalled_content":false,"_jetpack_memberships_contains_paid_content":false,"footnotes":"","jetpack_publicize_message":"","jetpack_publicize_feature_enabled":true,"jetpack_social_post_already_shared":true,"jetpack_social_options":{"image_generator_settings":{"template":"highway","default_image_id":0,"font":"","enabled":false},"version":2}},"categories":[2,28],"tags":[87,238,256,507,426,236,158,434,120,474,161,38,149,95,196,509],"class_list":["post-94975","post","type-post","status-publish","format-standard","has-post-thumbnail","hentry","category-geral","category-geral-notas","tag-ari","tag-brasil","tag-desenvolvimento","tag-fome","tag-forcas-armadas","tag-governo","tag-lula","tag-militares","tag-obras","tag-povos-indigenas","tag-pt","tag-saude","tag-sc","tag-sp","tag-twitter","tag-uniao"],"aioseo_notices":[],"jetpack_publicize_connections":[],"jetpack_featured_media_url":"https:\/\/www.jornalja.com.br\/geral\/wp-content\/uploads\/sites\/4\/2023\/01\/yanomamis-recebem-comida.jpg","jetpack_shortlink":"https:\/\/wp.me\/pbKhrD-oHR","jetpack-related-posts":[{"id":95023,"url":"https:\/\/www.jornalja.com.br\/geral\/yanomamis-stj-manteve-decisao-de-genocidio-ao-julgar-massacre-em-2000\/","url_meta":{"origin":94975,"position":0},"title":"Yanomamis: STJ manteve decis\u00e3o de genoc\u00eddio ao julgar massacre em 2000","author":"da Reda\u00e7\u00e3o","date":"31 de janeiro de 2023","format":false,"excerpt":"Por M\u00e1rcia Turcato*, de Bras\u00edlia O que acontece no territ\u00f3rio Yanomami \u00e9 a instala\u00e7\u00e3o do crime organizado com a coniv\u00eancia das institui\u00e7\u00f5es p\u00fablicas e suporte empresarial\u00a0 transnacional. H\u00e1 tamb\u00e9m o crime ambiental e a viol\u00eancia contra os ind\u00edgenas, resultado das atividades predat\u00f3rias do garimpo ilegal que atua em parceria com\u2026","rel":"","context":"Em &quot;Geral-MAT\u00c9RIA&quot;","block_context":{"text":"Geral-MAT\u00c9RIA","link":"https:\/\/www.jornalja.com.br\/geral\/category\/geral\/"},"img":{"alt_text":"","src":"https:\/\/i0.wp.com\/www.jornalja.com.br\/geral\/wp-content\/uploads\/sites\/4\/2023\/01\/yanomamis-criancas.png?resize=350%2C200&ssl=1","width":350,"height":200,"srcset":"https:\/\/i0.wp.com\/www.jornalja.com.br\/geral\/wp-content\/uploads\/sites\/4\/2023\/01\/yanomamis-criancas.png?resize=350%2C200&ssl=1 1x, https:\/\/i0.wp.com\/www.jornalja.com.br\/geral\/wp-content\/uploads\/sites\/4\/2023\/01\/yanomamis-criancas.png?resize=525%2C300&ssl=1 1.5x"},"classes":[]},{"id":95259,"url":"https:\/\/www.jornalja.com.br\/geral\/presidente-lula-oficializa-demarcacao-de-areas-indigenas\/","url_meta":{"origin":94975,"position":1},"title":"Lula retoma demarca\u00e7\u00f5es de \u00e1reas ind\u00edgenas suspensas desde 2018","author":"da Reda\u00e7\u00e3o","date":"28 de abril de 2023","format":false,"excerpt":"M\u00e1rcia Turcato, de Bras\u00edlia O presidente Lula retomou hoje (28) a pol\u00edtica de demarca\u00e7\u00e3o de terras ind\u00edgenas em ato que reuniu cerca de cinco mil ind\u00edgenas de diversas etnias, no Acampamento Terra Livre (ATL), em Bras\u00edlia. A retomada das demarca\u00e7\u00f5es \u00e9 parte de um conjunto de medidas para reconstruir as\u2026","rel":"","context":"Em &quot;Geral-MAT\u00c9RIA&quot;","block_context":{"text":"Geral-MAT\u00c9RIA","link":"https:\/\/www.jornalja.com.br\/geral\/category\/geral\/"},"img":{"alt_text":"","src":"","width":0,"height":0},"classes":[]},{"id":100444,"url":"https:\/\/www.jornalja.com.br\/geral\/ano-comeca-com-lula-e-dilma-na-retomada-do-polo-naval-de-rio-gramde\/","url_meta":{"origin":94975,"position":2},"title":"Ano come\u00e7a com Lula e Dilma na retomada do Polo Naval de Rio Grande","author":"da Reda\u00e7\u00e3o","date":"23 de dezembro de 2025","format":false,"excerpt":"Um ano depois da assinatura do primeiro contrato que marca a retomada do Polo Naval, em Rio Grande, o presidente Lula volta \u00e0 cidade neste 7 de janeiro,\u00a0 dando partida \u00e0 constru\u00e7\u00e3o de quatro navios\u00a0 encomendados pela Transpetro. Da primeira vez, em fevereiro de 2025, ele trouxe o vice-presidente Geraldo\u00a0\u2026","rel":"","context":"Em &quot;Geral-MAT\u00c9RIA&quot;","block_context":{"text":"Geral-MAT\u00c9RIA","link":"https:\/\/www.jornalja.com.br\/geral\/category\/geral\/"},"img":{"alt_text":"","src":"https:\/\/i0.wp.com\/www.jornalja.com.br\/geral\/wp-content\/uploads\/sites\/4\/2025\/12\/polo-naval-no-auge-construcao-de-plataformas.png?resize=350%2C200&ssl=1","width":350,"height":200},"classes":[]},{"id":84583,"url":"https:\/\/www.jornalja.com.br\/geral\/mst-doa-15-toneladas-de-alimentos-na-regiao-metropolitana-de-porto-alegre\/","url_meta":{"origin":94975,"position":3},"title":"MST doa 15 toneladas de alimentos na regi\u00e3o Metropolitana de Porto Alegre","author":"da Reda\u00e7\u00e3o","date":"10 de julho de 2020","format":false,"excerpt":"O Movimento dos Trabalhadores Rurais Sem Terra realizou a doa\u00e7\u00e3o de alimentos agroecol\u00f3gicos, nesta sexta-feira, 10\/07. Foram entregues mais de 15 toneladas de produtos produzidos por assentados do Rio Grande do Sul. \u201cHoje entregamos essas cestas em nome de todos os camponeses e camponesas que est\u00e3o em seus territ\u00f3rios produzindo\u2026","rel":"","context":"Em &quot;Geral-NOTAS&quot;","block_context":{"text":"Geral-NOTAS","link":"https:\/\/www.jornalja.com.br\/geral\/category\/geral-notas\/"},"img":{"alt_text":"","src":"https:\/\/i0.wp.com\/www.jornalja.com.br\/geral\/wp-content\/uploads\/sites\/4\/2020\/07\/comunidades-de-viamao-e-da-capital-foram-contempladas-com-kits-de-alimentos-saudaveis-foto-leandro-molina-11-scaled.jpg?resize=350%2C200&ssl=1","width":350,"height":200,"srcset":"https:\/\/i0.wp.com\/www.jornalja.com.br\/geral\/wp-content\/uploads\/sites\/4\/2020\/07\/comunidades-de-viamao-e-da-capital-foram-contempladas-com-kits-de-alimentos-saudaveis-foto-leandro-molina-11-scaled.jpg?resize=350%2C200&ssl=1 1x, https:\/\/i0.wp.com\/www.jornalja.com.br\/geral\/wp-content\/uploads\/sites\/4\/2020\/07\/comunidades-de-viamao-e-da-capital-foram-contempladas-com-kits-de-alimentos-saudaveis-foto-leandro-molina-11-scaled.jpg?resize=525%2C300&ssl=1 1.5x, https:\/\/i0.wp.com\/www.jornalja.com.br\/geral\/wp-content\/uploads\/sites\/4\/2020\/07\/comunidades-de-viamao-e-da-capital-foram-contempladas-com-kits-de-alimentos-saudaveis-foto-leandro-molina-11-scaled.jpg?resize=700%2C400&ssl=1 2x"},"classes":[]},{"id":100336,"url":"https:\/\/www.jornalja.com.br\/geral\/pl-da-devastacao-em-retaliacao-ao-governo-oposicao-pode-derrubar-vetos-de-lula\/","url_meta":{"origin":94975,"position":4},"title":"Em retalia\u00e7\u00e3o ao governo, oposi\u00e7\u00e3o derruba vetos de Lula e restabelece o &#8220;PL da Devasta\u00e7\u00e3o&#8221;.","author":"da Reda\u00e7\u00e3o","date":"2 de novembro de 2025","format":false,"excerpt":"Em vota\u00e7\u00e3o conjunta no Congresso Nacional, na quinta-feira (27), foram derrubados\u00a0 os vetos do presidente Lula \u00e0 Lei Geral do Licenciamento Ambiental (Lei n\u00ba 15.190\/2025),\u00a0 o chamado\u00a0 \u201cPL da Devasta\u00e7\u00e3o\u201d. Aconteceu o que as organiza\u00e7\u00f5es de defesa ambiental temiam: a reabilita\u00e7\u00e3o dos dispositivos que autorizam autolicenciamento amplo, emiss\u00e3o autom\u00e1tica de\u2026","rel":"","context":"Em &quot;Geral-MAT\u00c9RIA&quot;","block_context":{"text":"Geral-MAT\u00c9RIA","link":"https:\/\/www.jornalja.com.br\/geral\/category\/geral\/"},"img":{"alt_text":"","src":"https:\/\/i0.wp.com\/www.jornalja.com.br\/geral\/wp-content\/uploads\/sites\/4\/2025\/11\/iotti-pl-devastaccao-scaled.jpg?resize=350%2C200&ssl=1","width":350,"height":200,"srcset":"https:\/\/i0.wp.com\/www.jornalja.com.br\/geral\/wp-content\/uploads\/sites\/4\/2025\/11\/iotti-pl-devastaccao-scaled.jpg?resize=350%2C200&ssl=1 1x, https:\/\/i0.wp.com\/www.jornalja.com.br\/geral\/wp-content\/uploads\/sites\/4\/2025\/11\/iotti-pl-devastaccao-scaled.jpg?resize=525%2C300&ssl=1 1.5x, https:\/\/i0.wp.com\/www.jornalja.com.br\/geral\/wp-content\/uploads\/sites\/4\/2025\/11\/iotti-pl-devastaccao-scaled.jpg?resize=700%2C400&ssl=1 2x, https:\/\/i0.wp.com\/www.jornalja.com.br\/geral\/wp-content\/uploads\/sites\/4\/2025\/11\/iotti-pl-devastaccao-scaled.jpg?resize=1050%2C600&ssl=1 3x, https:\/\/i0.wp.com\/www.jornalja.com.br\/geral\/wp-content\/uploads\/sites\/4\/2025\/11\/iotti-pl-devastaccao-scaled.jpg?resize=1400%2C800&ssl=1 4x"},"classes":[]},{"id":100198,"url":"https:\/\/www.jornalja.com.br\/geral\/tornado-deixou-seis-mortos-no-parana-32-pessoas-seguem-internadas\/","url_meta":{"origin":94975,"position":5},"title":"Tornado deixou seis mortos no Paran\u00e1; 32 pessoas seguem internadas","author":"Elmar Bones","date":"10 de novembro de 2025","format":false,"excerpt":"Ainda n\u00e3o h\u00e1 um balan\u00e7o dos preju\u00edzos causados em Rio Bonito do Igua\u00e7u (PR), a mais afetada entre as 11 cidades de regi\u00e3o centro-sul paranaense, atingidas por um tornado na madrugada da \u00faltima sexta-feira, 7\/11. De acordo com a Defesa Civil, 90% da \u00e1rea urbana de Rio Bonito do Igua\u00e7u\u2026","rel":"","context":"Em &quot;Geral-MAT\u00c9RIA&quot;","block_context":{"text":"Geral-MAT\u00c9RIA","link":"https:\/\/www.jornalja.com.br\/geral\/category\/geral\/"},"img":{"alt_text":"","src":"https:\/\/i0.wp.com\/www.jornalja.com.br\/geral\/wp-content\/uploads\/sites\/4\/2025\/11\/tornado-1.png?resize=350%2C200&ssl=1","width":350,"height":200,"srcset":"https:\/\/i0.wp.com\/www.jornalja.com.br\/geral\/wp-content\/uploads\/sites\/4\/2025\/11\/tornado-1.png?resize=350%2C200&ssl=1 1x, https:\/\/i0.wp.com\/www.jornalja.com.br\/geral\/wp-content\/uploads\/sites\/4\/2025\/11\/tornado-1.png?resize=525%2C300&ssl=1 1.5x"},"classes":[]}],"jetpack_sharing_enabled":true,"_links":{"self":[{"href":"https:\/\/www.jornalja.com.br\/geral\/wp-json\/wp\/v2\/posts\/94975","targetHints":{"allow":["GET"]}}],"collection":[{"href":"https:\/\/www.jornalja.com.br\/geral\/wp-json\/wp\/v2\/posts"}],"about":[{"href":"https:\/\/www.jornalja.com.br\/geral\/wp-json\/wp\/v2\/types\/post"}],"author":[{"embeddable":true,"href":"https:\/\/www.jornalja.com.br\/geral\/wp-json\/wp\/v2\/users\/4"}],"replies":[{"embeddable":true,"href":"https:\/\/www.jornalja.com.br\/geral\/wp-json\/wp\/v2\/comments?post=94975"}],"version-history":[{"count":4,"href":"https:\/\/www.jornalja.com.br\/geral\/wp-json\/wp\/v2\/posts\/94975\/revisions"}],"predecessor-version":[{"id":94981,"href":"https:\/\/www.jornalja.com.br\/geral\/wp-json\/wp\/v2\/posts\/94975\/revisions\/94981"}],"wp:featuredmedia":[{"embeddable":true,"href":"https:\/\/www.jornalja.com.br\/geral\/wp-json\/wp\/v2\/media\/94977"}],"wp:attachment":[{"href":"https:\/\/www.jornalja.com.br\/geral\/wp-json\/wp\/v2\/media?parent=94975"}],"wp:term":[{"taxonomy":"category","embeddable":true,"href":"https:\/\/www.jornalja.com.br\/geral\/wp-json\/wp\/v2\/categories?post=94975"},{"taxonomy":"post_tag","embeddable":true,"href":"https:\/\/www.jornalja.com.br\/geral\/wp-json\/wp\/v2\/tags?post=94975"}],"curies":[{"name":"wp","href":"https:\/\/api.w.org\/{rel}","templated":true}]}}