{"id":95002,"date":"2023-01-27T02:17:57","date_gmt":"2023-01-27T05:17:57","guid":{"rendered":"https:\/\/www.jornalja.com.br\/geral\/?p=95002"},"modified":"2023-01-31T17:31:49","modified_gmt":"2023-01-31T20:31:49","slug":"operacao-fim-de-mundo-puxa-fio-do-novelo-da-lavagem-de-dinheiro-no-mercado-imobiliario","status":"publish","type":"post","link":"https:\/\/www.jornalja.com.br\/geral\/operacao-fim-de-mundo-puxa-fio-do-novelo-da-lavagem-de-dinheiro-no-mercado-imobiliario\/","title":{"rendered":"Opera\u00e7\u00e3o &#8220;Fim de Mundo&#8221; puxa fio do novelo da lavagem de dinheiro no mercado imobili\u00e1rio"},"content":{"rendered":"<p>Dez pessoas foram presas nesta quinta-feira, 26\/01, na opera\u00e7\u00e3o &#8220;Fim de Mundo&#8221;, que resulta de uma investiga\u00e7\u00e3o iniciada em maio de 2020, sobre a lavagem de dinheiro do tr\u00e1fico de drogas e armas\u00a0 atrav\u00e9s de investimentos no mercado de im\u00f3veis.<\/p>\n<p>Pol\u00edcia Federal e Minist\u00e9rio P\u00fablico do Rio de Janeiro atuaram em conjunto na opera\u00e7\u00e3o.<\/p>\n<p>Cerca de cem policiais federais cumpriram\u00a0 18 mandados de pris\u00e3o preventiva e 31 mandados de busca e apreens\u00e3o nos estados do Rio de Janeiro, S\u00e3o Paulo e Santa Catarina.<\/p>\n<p>O alvo eram tr\u00eas grupos criminosos que, juntos, movimentaram mais de R$ 100 milh\u00f5es, nos \u00faltimos tr\u00eas anos.<\/p>\n<p>Durante a opera\u00e7\u00e3o, foram apreendidos 15 im\u00f3veis, 19 autom\u00f3veis e duas embarca\u00e7\u00f5es, nos munic\u00edpios do Rio de Janeiro, Mangaratiba (RJ), Angra dos Reis (RJ), Balne\u00e1rio Cambori\u00fa (SC) e Foz do Igua\u00e7u (PR).<\/p>\n<p>Al\u00e9m disso, foram bloqueadas mais de 30 contas banc\u00e1rias vinculadas \u00e0 organiza\u00e7\u00e3o criminosa, num total de mais de R$ 22 milh\u00f5es.<br \/>\nA investiga\u00e7\u00e3o, iniciada em 2020,\u00a0 identificou tr\u00eas grupos\u00a0 da mesma fac\u00e7\u00e3o criminosa, que buscavam &#8220;lavar&#8221; o dinheiro obtido no crime.<br \/>\nO primeiro deles \u2013 liderado por dois irm\u00e3os, respons\u00e1veis pela inser\u00e7\u00e3o de drogas e armas nas comunidades do Rio \u2013 utilizava o lucro da atividade criminosa para adquirir im\u00f3veis de alto padr\u00e3o, no munic\u00edpio de Balne\u00e1rio Cambori\u00fa, em nome de terceiros, com aux\u00edlio de um casal de corretores catarinenses.<\/p>\n<p>O segundo grupo, respons\u00e1vel pela inser\u00e7\u00e3o de drogas no Rio de Janeiro e Belo Horizonte (MG), utilizava-se dos valores obtidos com o tr\u00e1fico de drogas para adquirir autom\u00f3veis de luxo e im\u00f3veis em condom\u00ednios de alto poder aquisitivo.<\/p>\n<p>Durante a investiga\u00e7\u00e3o, foram identificados im\u00f3veis em Angra dos Reis, Mangaratiba e Recreio dos Bandeirantes, todos apreendidos por meio de ordem judicial.<br \/>\n<img decoding=\"async\" data-attachment-id=\"95004\" data-permalink=\"https:\/\/www.jornalja.com.br\/geral\/operacao-fim-de-mundo-puxa-fio-do-novelo-da-lavagem-de-dinheiro-no-mercado-imobiliario\/balneario-camboriu-lavagem-iate-aprendido\/\" data-orig-file=\"https:\/\/www.jornalja.com.br\/geral\/wp-content\/uploads\/sites\/4\/2023\/01\/balneario-camboriu-lavagem-iate-aprendido.jpg\" data-orig-size=\"700,525\" data-comments-opened=\"1\" data-image-meta=\"{&quot;aperture&quot;:&quot;0&quot;,&quot;credit&quot;:&quot;&quot;,&quot;camera&quot;:&quot;&quot;,&quot;caption&quot;:&quot;&quot;,&quot;created_timestamp&quot;:&quot;0&quot;,&quot;copyright&quot;:&quot;&quot;,&quot;focal_length&quot;:&quot;0&quot;,&quot;iso&quot;:&quot;0&quot;,&quot;shutter_speed&quot;:&quot;0&quot;,&quot;title&quot;:&quot;&quot;,&quot;orientation&quot;:&quot;0&quot;}\" data-image-title=\"Balneario Camboriu Lavagem Iate aprendido\" data-image-description=\"\" data-image-caption=\"\" data-large-file=\"https:\/\/www.jornalja.com.br\/geral\/wp-content\/uploads\/sites\/4\/2023\/01\/balneario-camboriu-lavagem-iate-aprendido.jpg\" class=\"alignnone size-medium wp-image-95004\" src=\"https:\/\/www.jornalja.com.br\/geral\/wp-content\/uploads\/sites\/4\/2023\/01\/balneario-camboriu-lavagem-iate-aprendido-450x338.jpg\" alt=\"\" width=\"450\" height=\"338\" srcset=\"https:\/\/www.jornalja.com.br\/geral\/wp-content\/uploads\/sites\/4\/2023\/01\/balneario-camboriu-lavagem-iate-aprendido-450x338.jpg 450w, https:\/\/www.jornalja.com.br\/geral\/wp-content\/uploads\/sites\/4\/2023\/01\/balneario-camboriu-lavagem-iate-aprendido.jpg 700w\" sizes=\"(max-width: 450px) 100vw, 450px\" \/><\/p>\n<p>Iate apreendido na Opera\u00e7\u00e3o.<\/p>\n<p>&nbsp;<\/p>\n","protected":false},"excerpt":{"rendered":"<p>Dez pessoas foram presas nesta quinta-feira, 26\/01, na opera\u00e7\u00e3o &#8220;Fim de Mundo&#8221;, que resulta de uma investiga\u00e7\u00e3o iniciada em maio de 2020, sobre a lavagem de dinheiro do tr\u00e1fico de drogas e armas\u00a0 atrav\u00e9s de investimentos no mercado de im\u00f3veis. Pol\u00edcia Federal e Minist\u00e9rio P\u00fablico do Rio de Janeiro atuaram em conjunto na opera\u00e7\u00e3o. Cerca [&hellip;]<\/p>\n","protected":false},"author":4,"featured_media":95005,"comment_status":"open","ping_status":"open","sticky":false,"template":"","format":"standard","meta":{"jetpack_post_was_ever_published":false,"_jetpack_newsletter_access":"","_jetpack_dont_email_post_to_subs":false,"_jetpack_newsletter_tier_id":0,"_jetpack_memberships_contains_paywalled_content":false,"_jetpack_memberships_contains_paid_content":false,"footnotes":"","jetpack_publicize_message":"","jetpack_publicize_feature_enabled":true,"jetpack_social_post_already_shared":true,"jetpack_social_options":{"image_generator_settings":{"template":"highway","default_image_id":0,"font":"","enabled":false},"version":2}},"categories":[2],"tags":[87,447,439,422,160,308,30,186,149,95],"class_list":["post-95002","post","type-post","status-publish","format-standard","has-post-thumbnail","hentry","category-geral","tag-ari","tag-ministerio-publico","tag-policia","tag-policia-federal","tag-prisao","tag-rio-de-janeiro","tag-rj","tag-sao-paulo","tag-sc","tag-sp"],"aioseo_notices":[],"jetpack_publicize_connections":[],"jetpack_featured_media_url":"https:\/\/www.jornalja.com.br\/geral\/wp-content\/uploads\/sites\/4\/2023\/01\/camboriu-degrau-na-praia.png","jetpack_shortlink":"https:\/\/wp.me\/pbKhrD-oIi","jetpack-related-posts":[{"id":100589,"url":"https:\/\/www.jornalja.com.br\/geral\/fraudes-do-banco-master-podem-chegar-a-17-bilhoes-em-titulos-falsos\/","url_meta":{"origin":95002,"position":0},"title":"Fraudes do Banco Master podem chegar a R$ 17 bilh\u00f5es em t\u00edtulos falsos","author":"Elmar Bones","date":"14 de janeiro de 2026","format":false,"excerpt":"A Pol\u00edcia Federal realiza nesta manh\u00e3 de quarta-feira (14) a segunda fase da Opera\u00e7\u00e3o Compliance Zero para investigar, novamente, o Banco Master do empres\u00e1rio Daniel Vorcaro. As autoridades apuram pr\u00e1tica de crimes de organiza\u00e7\u00e3o criminosa, gest\u00e3o fraudulenta de institui\u00e7\u00e3o financeira, manipula\u00e7\u00e3o de mercado e lavagem de dinheiro. Ao todo, 42\u2026","rel":"","context":"Em &quot;Geral-MAT\u00c9RIA&quot;","block_context":{"text":"Geral-MAT\u00c9RIA","link":"https:\/\/www.jornalja.com.br\/geral\/category\/geral\/"},"img":{"alt_text":"","src":"https:\/\/i0.wp.com\/www.jornalja.com.br\/geral\/wp-content\/uploads\/sites\/4\/2026\/01\/master-foto-fachada.png?resize=350%2C200&ssl=1","width":350,"height":200,"srcset":"https:\/\/i0.wp.com\/www.jornalja.com.br\/geral\/wp-content\/uploads\/sites\/4\/2026\/01\/master-foto-fachada.png?resize=350%2C200&ssl=1 1x, https:\/\/i0.wp.com\/www.jornalja.com.br\/geral\/wp-content\/uploads\/sites\/4\/2026\/01\/master-foto-fachada.png?resize=525%2C300&ssl=1 1.5x"},"classes":[]},{"id":100738,"url":"https:\/\/www.jornalja.com.br\/geral\/dinheiro-pela-janela-investigacao-sobre-fraudes-do-banco-master-chega-a-balneario-camboriu\/","url_meta":{"origin":95002,"position":1},"title":"Dinheiro pela janela: investiga\u00e7\u00e3o sobre fraudes do Banco Master chega a Balne\u00e1rio Cambori\u00fa","author":"da Reda\u00e7\u00e3o","date":"12 de fevereiro de 2026","format":false,"excerpt":"Chegou a Balne\u00e1rio Cambori\u00fa a terceira fase da Opera\u00e7\u00e3o Barco de Papel, que investiga crimes contra o sistema financeiro relacionados ao banco Master. Segundo a PF, ao chegarem para cumprir mandado de busca e apreens\u00e3o em um im\u00f3vel em Balne\u00e1rio Cambori\u00fa, em Santa Catarina, um dos ocupantes do apartamento, no\u2026","rel":"","context":"Em &quot;Geral-MAT\u00c9RIA&quot;","block_context":{"text":"Geral-MAT\u00c9RIA","link":"https:\/\/www.jornalja.com.br\/geral\/category\/geral\/"},"img":{"alt_text":"","src":"https:\/\/i0.wp.com\/www.jornalja.com.br\/geral\/wp-content\/uploads\/sites\/4\/2026\/02\/185a1837-3fc4-4b1f-b396-5bfc87c8d964.jpg?resize=350%2C200&ssl=1","width":350,"height":200,"srcset":"https:\/\/i0.wp.com\/www.jornalja.com.br\/geral\/wp-content\/uploads\/sites\/4\/2026\/02\/185a1837-3fc4-4b1f-b396-5bfc87c8d964.jpg?resize=350%2C200&ssl=1 1x, https:\/\/i0.wp.com\/www.jornalja.com.br\/geral\/wp-content\/uploads\/sites\/4\/2026\/02\/185a1837-3fc4-4b1f-b396-5bfc87c8d964.jpg?resize=525%2C300&ssl=1 1.5x, https:\/\/i0.wp.com\/www.jornalja.com.br\/geral\/wp-content\/uploads\/sites\/4\/2026\/02\/185a1837-3fc4-4b1f-b396-5bfc87c8d964.jpg?resize=700%2C400&ssl=1 2x"},"classes":[]},{"id":90158,"url":"https:\/\/www.jornalja.com.br\/geral\/policia-do-rio-faz-operacao-contra-milicias-12-pessoas-ja-foram-presas\/","url_meta":{"origin":95002,"position":2},"title":"Pol\u00edcia do Rio faz opera\u00e7\u00e3o contra milicias; 12 pessoas j\u00e1 foram presas","author":"da Reda\u00e7\u00e3o","date":"23 de setembro de 2021","format":false,"excerpt":"A Pol\u00edcia Civil faz hoje (23) uma a\u00e7\u00e3o contra suspeitos de envolvimento com uma mil\u00edcia que atua nas comunidades de Rio das Pedras e Muzema, na zona oeste \u00a0do Rio de Janeiro. A opera\u00e7\u00e3o\u00a0Blood Money\u00a0[dinheiro sujo] cumpre 23 mandados de pris\u00e3o tempor\u00e1ria e 63 de busca e apreens\u00e3o. At\u00e9 as\u2026","rel":"","context":"Em &quot;Geral-MAT\u00c9RIA&quot;","block_context":{"text":"Geral-MAT\u00c9RIA","link":"https:\/\/www.jornalja.com.br\/geral\/category\/geral\/"},"img":{"alt_text":"","src":"https:\/\/i0.wp.com\/www.jornalja.com.br\/geral\/wp-content\/uploads\/sites\/4\/2021\/09\/milicias-operacao-no-rio.jpg?resize=350%2C200&ssl=1","width":350,"height":200,"srcset":"https:\/\/i0.wp.com\/www.jornalja.com.br\/geral\/wp-content\/uploads\/sites\/4\/2021\/09\/milicias-operacao-no-rio.jpg?resize=350%2C200&ssl=1 1x, https:\/\/i0.wp.com\/www.jornalja.com.br\/geral\/wp-content\/uploads\/sites\/4\/2021\/09\/milicias-operacao-no-rio.jpg?resize=525%2C300&ssl=1 1.5x, https:\/\/i0.wp.com\/www.jornalja.com.br\/geral\/wp-content\/uploads\/sites\/4\/2021\/09\/milicias-operacao-no-rio.jpg?resize=700%2C400&ssl=1 2x, https:\/\/i0.wp.com\/www.jornalja.com.br\/geral\/wp-content\/uploads\/sites\/4\/2021\/09\/milicias-operacao-no-rio.jpg?resize=1050%2C600&ssl=1 3x"},"classes":[]},{"id":85061,"url":"https:\/\/www.jornalja.com.br\/geral\/stj-afasta-governador-witzel-e-prende-seis-investigados-por-irregularidades-na-saude-do-rio-de-janeiro\/","url_meta":{"origin":95002,"position":3},"title":"STJ afasta governador Witzel e prende seis investigados por irregularidades na Sa\u00fade do Rio de Janeiro","author":"da Reda\u00e7\u00e3o","date":"28 de agosto de 2020","format":false,"excerpt":"Em decis\u00e3o monocr\u00e1tica, o ministro Benedito Gon\u00e7alves, do Superior Tribunal de Justi\u00e7a (STJ), determinou o afastamento de Wilson Witzel do cargo de governador do Rio de Janeiro por 180 dias. A decis\u00e3o ainda pro\u00edbe o acesso de Witzel \u00e0s depend\u00eancias do governo do estado e a sua comunica\u00e7\u00e3o com funcion\u00e1rios\u2026","rel":"","context":"Em &quot;Geral-MAT\u00c9RIA&quot;","block_context":{"text":"Geral-MAT\u00c9RIA","link":"https:\/\/www.jornalja.com.br\/geral\/category\/geral\/"},"img":{"alt_text":"","src":"https:\/\/i0.wp.com\/www.jornalja.com.br\/geral\/wp-content\/uploads\/sites\/4\/2020\/08\/witizel-696x416-1.jpg?resize=350%2C200&ssl=1","width":350,"height":200,"srcset":"https:\/\/i0.wp.com\/www.jornalja.com.br\/geral\/wp-content\/uploads\/sites\/4\/2020\/08\/witizel-696x416-1.jpg?resize=350%2C200&ssl=1 1x, https:\/\/i0.wp.com\/www.jornalja.com.br\/geral\/wp-content\/uploads\/sites\/4\/2020\/08\/witizel-696x416-1.jpg?resize=525%2C300&ssl=1 1.5x"},"classes":[]},{"id":85430,"url":"https:\/\/www.jornalja.com.br\/geral\/operacao-do-mp-contra-a-milicia-do-rio-das-pedras\/","url_meta":{"origin":95002,"position":4},"title":"Opera\u00e7\u00e3o do MP contra a mil\u00edcia do Rio das Pedras","author":"da Reda\u00e7\u00e3o","date":"2 de setembro de 2020","format":false,"excerpt":"O Minist\u00e9rio P\u00fablico do Estado do Rio de Janeiro (MPRJ) cumpre hoje (2) tr\u00eas mandados de pris\u00e3o preventiva e 14 de busca e apreens\u00e3o contra acusados de integrar a mil\u00edcia que controla a regi\u00e3o de Rio das Pedras, na zona oeste da cidade do Rio. Al\u00e9m dos tr\u00eas alvos com\u2026","rel":"","context":"Em &quot;Geral-NOTAS&quot;","block_context":{"text":"Geral-NOTAS","link":"https:\/\/www.jornalja.com.br\/geral\/category\/geral-notas\/"},"img":{"alt_text":"","src":"","width":0,"height":0},"classes":[]},{"id":84104,"url":"https:\/\/www.jornalja.com.br\/geral\/queiroz-mandou-recado-aos-bolsonaro-todos-vao-dancar\/","url_meta":{"origin":95002,"position":5},"title":"Queiroz mandou recado aos Bolsonaro: &#8220;Todos v\u00e3o dan\u00e7ar&#8221;","author":"da Reda\u00e7\u00e3o","date":"18 de junho de 2020","format":false,"excerpt":"A pris\u00e3o de Fabr\u00edcio Queiroz na primeira hora desta quinta-feira\u00a0 \u00e9 o mais duro golpe na fam\u00edlia Bolsonaro e atinge tamb\u00e9m o presidente. Amigo da fam\u00edlia h\u00e1 mais de 30 anos e ex-assessor de Fl\u00e1vio Bolsonaro, Queiroz era o articulador do esquema de \"rachadinha\" no gabinete de Fl\u00e1vio durante o\u2026","rel":"","context":"Em &quot;Geral-MAT\u00c9RIA&quot;","block_context":{"text":"Geral-MAT\u00c9RIA","link":"https:\/\/www.jornalja.com.br\/geral\/category\/geral\/"},"img":{"alt_text":"","src":"https:\/\/i0.wp.com\/www.jornalja.com.br\/geral\/wp-content\/uploads\/sites\/4\/2020\/06\/Queroz-dan%C3%A7a-nohosptal-video-gravado-por-uma-filha..jpg?resize=350%2C200&ssl=1","width":350,"height":200,"srcset":"https:\/\/i0.wp.com\/www.jornalja.com.br\/geral\/wp-content\/uploads\/sites\/4\/2020\/06\/Queroz-dan%C3%A7a-nohosptal-video-gravado-por-uma-filha..jpg?resize=350%2C200&ssl=1 1x, https:\/\/i0.wp.com\/www.jornalja.com.br\/geral\/wp-content\/uploads\/sites\/4\/2020\/06\/Queroz-dan%C3%A7a-nohosptal-video-gravado-por-uma-filha..jpg?resize=525%2C300&ssl=1 1.5x, https:\/\/i0.wp.com\/www.jornalja.com.br\/geral\/wp-content\/uploads\/sites\/4\/2020\/06\/Queroz-dan%C3%A7a-nohosptal-video-gravado-por-uma-filha..jpg?resize=700%2C400&ssl=1 2x"},"classes":[]}],"jetpack_sharing_enabled":true,"_links":{"self":[{"href":"https:\/\/www.jornalja.com.br\/geral\/wp-json\/wp\/v2\/posts\/95002","targetHints":{"allow":["GET"]}}],"collection":[{"href":"https:\/\/www.jornalja.com.br\/geral\/wp-json\/wp\/v2\/posts"}],"about":[{"href":"https:\/\/www.jornalja.com.br\/geral\/wp-json\/wp\/v2\/types\/post"}],"author":[{"embeddable":true,"href":"https:\/\/www.jornalja.com.br\/geral\/wp-json\/wp\/v2\/users\/4"}],"replies":[{"embeddable":true,"href":"https:\/\/www.jornalja.com.br\/geral\/wp-json\/wp\/v2\/comments?post=95002"}],"version-history":[{"count":3,"href":"https:\/\/www.jornalja.com.br\/geral\/wp-json\/wp\/v2\/posts\/95002\/revisions"}],"predecessor-version":[{"id":95010,"href":"https:\/\/www.jornalja.com.br\/geral\/wp-json\/wp\/v2\/posts\/95002\/revisions\/95010"}],"wp:featuredmedia":[{"embeddable":true,"href":"https:\/\/www.jornalja.com.br\/geral\/wp-json\/wp\/v2\/media\/95005"}],"wp:attachment":[{"href":"https:\/\/www.jornalja.com.br\/geral\/wp-json\/wp\/v2\/media?parent=95002"}],"wp:term":[{"taxonomy":"category","embeddable":true,"href":"https:\/\/www.jornalja.com.br\/geral\/wp-json\/wp\/v2\/categories?post=95002"},{"taxonomy":"post_tag","embeddable":true,"href":"https:\/\/www.jornalja.com.br\/geral\/wp-json\/wp\/v2\/tags?post=95002"}],"curies":[{"name":"wp","href":"https:\/\/api.w.org\/{rel}","templated":true}]}}